{"id":66609,"date":"2012-12-08T17:55:54","date_gmt":"2012-12-08T16:55:54","guid":{"rendered":"http:\/\/www.visit-ulcinj.com\/blog\/?p=66609"},"modified":"2012-12-10T11:32:28","modified_gmt":"2012-12-10T10:32:28","slug":"ne-ulqin-dhuna-ndaj-grave-ne-rritje","status":"publish","type":"post","link":"https:\/\/www.visit-ulcinj.com\/blog\/2012\/12\/08\/ne-ulqin-dhuna-ndaj-grave-ne-rritje\/","title":{"rendered":"N\u00eb Ulqin dhuna ndaj grave n\u00eb rritje"},"content":{"rendered":"<p><strong><a href=\"http:\/\/www.visit-ulcinj.com\/blog\/wp-content\/uploads\/2012\/12\/Stop-dhun\u00ebs-ndaj-gruas.jpg\"><img loading=\"lazy\" class=\"alignleft  wp-image-66610\" title=\"Stop dhun\u00ebs ndaj gruas\" src=\"http:\/\/www.visit-ulcinj.com\/blog\/wp-content\/uploads\/2012\/12\/Stop-dhun\u00ebs-ndaj-gruas.jpg\" alt=\"\" width=\"508\" height=\"360\" \/><\/a>Qasje m\u00eb serioze ndaj problemit t\u00eb dhun\u00ebs n\u00eb familje<\/strong><br \/>\nMe 27 korrik t\u00eb vitit 2010 \u00ebsht\u00eb sjellur ligji p\u00ebr mbrojtjen nga dhuna n\u00eb familje ,I cili ka hyr\u00eb n\u00eb fuqi n\u00eb gusht t\u00eb vitit 2010.Karakteristika e tij \u00ebsht\u00eb parandalimi dhe lufta kund\u00ebr dhun\u00ebs familjare.<br \/>\nPa dyshim q\u00eb sjellja e ligjit ka ngritur duksh\u00ebm nd\u00ebrgjegj\u00ebsimin dhe vet\u00ebdinjesim e femrave p\u00ebr t\u00eb paraqitur dhun\u00ebn,dhe p\u00ebr t\u00eb luftuar t\u00eb dal\u00eb nga situate n\u00eb t\u00eb cil\u00ebn shumica e grave kan\u00eb q\u00ebndruar koh\u00eb t\u00eb gjat\u00eb. Statistikat q\u00eb posedon \u201cSOS telefoni p\u00ebr femra dhe fij\u00eb viktima t\u00eb dhun\u00ebs \u201cn\u00eb Ulqin tregojn\u00eb q\u00eb femrat t\u00eb cilat kan\u00eb jetuar n\u00eb bashk\u00ebsi kan\u00eb qen\u00eb m\u00eb shum\u00eb t\u00eb n\u00ebnshtruara dhun\u00ebs,dhe habit fati q\u00eb n\u00eb shumic\u00ebn e rasteve t\u00eb paraqitura , deri tek divorci i tyre vjen n\u00eb p\u00ebrgjith\u00ebsi pas 15-20 viteve martes\u00eb.<br \/>\nZbatimi i ligjit mbetet i mang\u00ebt,dita dit\u00ebs kemi raste ku nuk zbatohen vendimet e gjygjit,nuk ju lejohet n\u00ebnave t\u00eb kan\u00eb kurr\u00ebfar\u00eb kontakti me f\u00ebmij\u00ebt e tyre,madje edhe me asistenc\u00ebn e pun\u00ebtor\u00ebve t\u00eb Qendr\u00ebs Sociale.<br \/>\nN\u00eb k\u00ebto raste meshkujt keq\u00ebp\u00ebrdorin n\u00eb maksimum ndijeshm\u00ebrin\u00eb e femr\u00ebs,n\u00eb fakt n\u00ebn\u00ebs s\u00eb f\u00ebmij\u00ebve t\u00eb tyre .Masat e p\u00ebrkohshme q\u00eb duhet sipas ligjit t\u00eb nd\u00ebrmerren n\u00eb hapat e para t\u00eb procedures s\u00eb divorcit,n\u00eb shumic\u00ebn e rasteve nuk zbatohen,f\u00ebmij\u00ebt mbesin tek babai deri n\u00eb p\u00ebrfundimin e procesit gjygj\u00ebsor.<br \/>\n\u00c7far\u00eb ndodh?Gjat\u00eb k\u00ebsaj kohe babai,dhe an\u00ebtar\u00ebt tjer\u00eb t\u00eb familjes punojn\u00eb me f\u00ebm\u00ebj\u00ebt minoritar\u00eb duke i helmuar ato me fjal\u00ebt m\u00eb n\u00ebn\u00e7muese p\u00ebr nj\u00eb n\u00ebn\u00eb,p\u00ebrdoren metodat nga m\u00eb t\u00eb ndryshmet,dhe p\u00ebr fakt t\u00eb keq n\u00eb shumic\u00ebn e rasteve ato kan\u00eb sukses,f\u00ebmija ftofet nga n\u00ebna dhe nuk pranon t\u00eb kontaktojn\u00eb me t\u00eb.<br \/>\nDuhet potencuar se n\u00eb k\u00ebt\u00eb vit sipas t\u00eb gjitha statistikave q\u00eb kemi edhe nga policia,Qendra p\u00ebr pun\u00eb Sociale , Gjygji si dhe t\u00eb dh\u00ebnat e shoqat\u00ebs ton\u00eb dhuna n\u00eb familje ka sh\u00ebnuar rritje p\u00ebr gati 100%.<br \/>\n<a href=\"http:\/\/www.visit-ulcinj.com\/blog\/wp-content\/uploads\/2012\/12\/SOS-TELEFONI-PER-GRA-ULQIN-ULQINI.jpg\"><img loading=\"lazy\" class=\"alignleft  wp-image-66611\" title=\"SOS TELEFONI PER GRA ULQIN-ULQINI\" src=\"http:\/\/www.visit-ulcinj.com\/blog\/wp-content\/uploads\/2012\/12\/SOS-TELEFONI-PER-GRA-ULQIN-ULQINI.jpg\" alt=\"\" width=\"508\" height=\"300\" \/><\/a><br \/>\nInstitucionet relevante duhet t\u00eb p\u00ebrpiqen q\u00eb m\u00eb seriozisht ti qasen k\u00ebsaj problematike,se pik\u00ebrisht n\u00eb shumic\u00ebn e rasteve f\u00ebmij\u00ebt jan\u00eb ata q\u00eb vuajn\u00eb d\u00ebnimin e grindjes q\u00eb kan\u00eb prind\u00ebrit e tyre,pra zbatimi I ligjit \u00ebsht\u00eb I mang\u00ebt.<br \/>\nShoqata jon\u00eb tash 12 vite merret me k\u00ebt\u00eb problematik\u00eb,dhe numri I tel 030,411\/700 \u00ebsht\u00eb i hapur 24 or\u00eb.Tani kemi nj\u00eb grup m\u00eb t\u00eb zgj\u00ebruar t\u00eb femrave, q\u00eb dit\u00eb m\u00eb pare fal\u00eb projektit \u201eVendosja e trajtimit efikas p\u00ebr mbrojtjen e femrave dhe f\u00ebmij\u00ebve viktima t\u00eb dhun\u00ebs\u201d financuar nga CRVNO (Qendra p\u00ebr zhvillimin e shoqatava joqeveritare) ka arritur t\u00eb p\u00ebrforcoj\u00eb me kuadro t\u00eb reja t\u00eb profileve t\u00eb ndryshme shoqat\u00ebn.N\u00eb t\u00eb nj\u00ebjt\u00ebn koh\u00eb jemi duke realizuar edhe nj\u00eb projekt tjet\u00ebr q\u00eb ka financuar UNDP \u2013ja \u201cSh\u00ebrbim vet\u00ebmb\u00ebshtetjeje p\u00ebr femrat q\u00eb kan\u00eb p\u00ebrjetuar dhun\u00eb \u201cPra kjo shoqat\u00eb me kapacitetet e veta njer\u00ebzore q\u00eb ka tani \u00ebsht\u00eb qasur me nj\u00eb seriozitet m\u00eb t\u00eb madh t\u00eb hulumtimit t\u00eb rasteve q\u00eb me vite kan\u00eb mbetur n\u00eb m\u00ebshir\u00eb t\u00eb fatit,pa u zgjedhur dhe pa u zbatuar vendimet e sjelluara nga institucionet p\u00ebrkat\u00ebse.<br \/>\nShpesh na vehet pyetja pse grat\u00eb durojn\u00eb me vite dhun\u00ebn?Shoqeria patriarkale e detyron gruan t\u00eb jetoj\u00eb n\u00eb dhun\u00eb edhe pse kjo mund t\u00eb p\u00ebrballet me rreziqe shum\u00eb t\u00eb m\u00ebdha. Presioni i rrethit familjar \u00ebsht\u00eb i natyr\u00ebs s\u00eb till\u00eb q\u00eb gruaja duhet ti n\u00ebnshtrohet burrit, se kjo nuk ka mund\u00ebsi t\u00eb jetoj vet\u00ebm, se m\u00ebnyra e jet\u00ebs s\u00eb till \u00ebsht\u00eb &#8220;m\u00eb e mir\u00eb&#8221; p\u00ebr f\u00ebmijet, se ekonomikisht nuk \u00ebsht\u00eb n\u00eb gjendje t\u00eb jetoj\u00eb,<br \/>\nT\u00eb gjitha t\u00eb dh\u00ebnat tregojn\u00eb se kjo dukuri e sh\u00ebmtuar \u00ebsht\u00eb n\u00eb rritje,dhe se dita dit\u00ebs guximi I grave p\u00ebr t\u00eb paraqitur dhun\u00ebn vjen e rritet, shum\u00eb shpesh dhe ajo mbulohet\/fshihet ose indirekt justifikohet.<br \/>\nMendoj se situata e r\u00ebnd\u00eb ekonomike ka sjellur edhe \u00e7rregullime t\u00eb tjera n\u00eb familje,aty mashkulli m\u00eb s\u00eb lehti shp\u00ebrthen dhe p\u00ebr \u00e7do gj\u00eb fajtore \u00ebsht\u00eb gruaja.<br \/>\nGj\u00ebja m\u00eb me r\u00ebnd\u00ebsi p\u00ebr ne \u00ebsht\u00eb q\u00eb gruan ta fuqizojm\u00eb n\u00eb aso forme q\u00eb ajo vet\u00eb t\u00eb merr vendime.<br \/>\nN\u00eb k\u00ebto 16 dit\u00eb aktiviz\u00ebm kund\u00ebr dhun\u00ebs n\u00eb familje \u00ebsht\u00eb rritur duksh\u00ebm edhe numri i paraqitjes s\u00eb rasteve n\u00eb Shoqat\u00ebn ton\u00eb,q\u00eb tregon qart\u00eb q\u00eb fushatat jan\u00eb shum\u00eb senzibiluese dhe nxisin femrat t\u00eb flasin p\u00ebr problemin e tyre.<\/p>\n<p><strong> Hatixhe Neljaj<\/strong><br \/>\n<strong> Drejtoresh e SOS telefonit-Ulqin<\/strong><\/p>\n","protected":false},"excerpt":{"rendered":"<p>Qasje m\u00eb serioze ndaj problemit t\u00eb dhun\u00ebs n\u00eb familje Me 27 korrik t\u00eb vitit 2010 \u00ebsht\u00eb sjellur ligji p\u00ebr mbrojtjen nga dhuna n\u00eb familje ,I cili ka hyr\u00eb n\u00eb fuqi n\u00eb gusht t\u00eb vitit 2010.Karakteristika e tij \u00ebsht\u00eb parandalimi dhe lufta kund\u00ebr dhun\u00ebs familjare. Pa dyshim q\u00eb sjellja e ligjit ka ngritur duksh\u00ebm nd\u00ebrgjegj\u00ebsimin dhe [&hellip;]<\/p>\n","protected":false},"author":1,"featured_media":0,"comment_status":"closed","ping_status":"closed","sticky":false,"template":"","format":"standard","meta":{"spay_email":"","jetpack_publicize_message":"","jetpack_is_tweetstorm":false,"jetpack_publicize_feature_enabled":true},"categories":[1,13],"tags":[5688,297,18231,16348,5684,18],"jetpack_publicize_connections":[],"yoast_head":"<!-- This site is optimized with the Yoast SEO plugin v19.1 - https:\/\/yoast.com\/wordpress\/plugins\/seo\/ -->\n<title>N\u00eb Ulqin dhuna ndaj grave n\u00eb rritje - Lajme nga Ulqini<\/title>\n<meta name=\"description\" content=\"Qasje m\u00eb serioze ndaj problemit t\u00eb dhun\u00ebs n\u00eb familje Me 27 korrik t\u00eb vitit 2010 \u00ebsht\u00eb sjellur ligji p\u00ebr mbrojtjen nga dhuna n\u00eb familje ,I cili ka hyr\u00eb n\u00eb\" \/>\n<meta name=\"robots\" content=\"index, follow, max-snippet:-1, max-image-preview:large, max-video-preview:-1\" \/>\n<link rel=\"canonical\" href=\"https:\/\/www.visit-ulcinj.com\/blog\/2012\/12\/08\/ne-ulqin-dhuna-ndaj-grave-ne-rritje\/\" \/>\n<meta property=\"og:locale\" content=\"en_US\" \/>\n<meta property=\"og:type\" content=\"article\" \/>\n<meta property=\"og:title\" content=\"N\u00eb Ulqin dhuna ndaj grave n\u00eb rritje - Lajme nga Ulqini\" \/>\n<meta property=\"og:description\" content=\"Qasje m\u00eb serioze ndaj problemit t\u00eb dhun\u00ebs n\u00eb familje Me 27 korrik t\u00eb vitit 2010 \u00ebsht\u00eb sjellur ligji p\u00ebr mbrojtjen nga dhuna n\u00eb familje ,I cili ka hyr\u00eb n\u00eb\" \/>\n<meta property=\"og:url\" content=\"https:\/\/www.visit-ulcinj.com\/blog\/2012\/12\/08\/ne-ulqin-dhuna-ndaj-grave-ne-rritje\/\" \/>\n<meta property=\"og:site_name\" content=\"Lajme nga Ulqini\" \/>\n<meta property=\"article:published_time\" content=\"2012-12-08T16:55:54+00:00\" \/>\n<meta property=\"article:modified_time\" content=\"2012-12-10T10:32:28+00:00\" \/>\n<meta property=\"og:image\" content=\"http:\/\/www.visit-ulcinj.com\/blog\/wp-content\/uploads\/2012\/12\/SOS-TELEFONI-PER-GRA-ULQIN-ULQINI.jpg\" \/>\n<meta name=\"twitter:label1\" content=\"Written by\" \/>\n\t<meta name=\"twitter:data1\" content=\"ulqini\" \/>\n\t<meta name=\"twitter:label2\" content=\"Est. reading time\" \/>\n\t<meta name=\"twitter:data2\" content=\"4 minutes\" \/>\n<script type=\"application\/ld+json\" class=\"yoast-schema-graph\">{\"@context\":\"https:\/\/schema.org\",\"@graph\":[{\"@type\":\"WebSite\",\"@id\":\"https:\/\/www.visit-ulcinj.com\/blog\/#website\",\"url\":\"https:\/\/www.visit-ulcinj.com\/blog\/\",\"name\":\"Lajme nga Ulqini\",\"description\":\"Lajme,Vijesti,Ulqini,Ulqin,Crna Gora,Mali i Zi\",\"potentialAction\":[{\"@type\":\"SearchAction\",\"target\":{\"@type\":\"EntryPoint\",\"urlTemplate\":\"https:\/\/www.visit-ulcinj.com\/blog\/?s={search_term_string}\"},\"query-input\":\"required name=search_term_string\"}],\"inLanguage\":\"en-US\"},{\"@type\":\"ImageObject\",\"inLanguage\":\"en-US\",\"@id\":\"https:\/\/www.visit-ulcinj.com\/blog\/2012\/12\/08\/ne-ulqin-dhuna-ndaj-grave-ne-rritje\/#primaryimage\",\"url\":\"https:\/\/www.visit-ulcinj.com\/blog\/wp-content\/uploads\/2012\/12\/SOS-TELEFONI-PER-GRA-ULQIN-ULQINI.jpg\",\"contentUrl\":\"https:\/\/www.visit-ulcinj.com\/blog\/wp-content\/uploads\/2012\/12\/SOS-TELEFONI-PER-GRA-ULQIN-ULQINI.jpg\",\"width\":\"1000\",\"height\":\"750\"},{\"@type\":\"WebPage\",\"@id\":\"https:\/\/www.visit-ulcinj.com\/blog\/2012\/12\/08\/ne-ulqin-dhuna-ndaj-grave-ne-rritje\/#webpage\",\"url\":\"https:\/\/www.visit-ulcinj.com\/blog\/2012\/12\/08\/ne-ulqin-dhuna-ndaj-grave-ne-rritje\/\",\"name\":\"N\u00eb Ulqin dhuna ndaj grave n\u00eb rritje - Lajme nga Ulqini\",\"isPartOf\":{\"@id\":\"https:\/\/www.visit-ulcinj.com\/blog\/#website\"},\"primaryImageOfPage\":{\"@id\":\"https:\/\/www.visit-ulcinj.com\/blog\/2012\/12\/08\/ne-ulqin-dhuna-ndaj-grave-ne-rritje\/#primaryimage\"},\"datePublished\":\"2012-12-08T16:55:54+00:00\",\"dateModified\":\"2012-12-10T10:32:28+00:00\",\"author\":{\"@id\":\"https:\/\/www.visit-ulcinj.com\/blog\/#\/schema\/person\/dcab619c614d3038751c63bc2aadc06d\"},\"description\":\"Qasje m\u00eb serioze ndaj problemit t\u00eb dhun\u00ebs n\u00eb familje Me 27 korrik t\u00eb vitit 2010 \u00ebsht\u00eb sjellur ligji p\u00ebr mbrojtjen nga dhuna n\u00eb familje ,I cili ka hyr\u00eb n\u00eb\",\"breadcrumb\":{\"@id\":\"https:\/\/www.visit-ulcinj.com\/blog\/2012\/12\/08\/ne-ulqin-dhuna-ndaj-grave-ne-rritje\/#breadcrumb\"},\"inLanguage\":\"en-US\",\"potentialAction\":[{\"@type\":\"ReadAction\",\"target\":[\"https:\/\/www.visit-ulcinj.com\/blog\/2012\/12\/08\/ne-ulqin-dhuna-ndaj-grave-ne-rritje\/\"]}]},{\"@type\":\"BreadcrumbList\",\"@id\":\"https:\/\/www.visit-ulcinj.com\/blog\/2012\/12\/08\/ne-ulqin-dhuna-ndaj-grave-ne-rritje\/#breadcrumb\",\"itemListElement\":[{\"@type\":\"ListItem\",\"position\":1,\"name\":\"N\u00eb Ulqin dhuna ndaj grave n\u00eb rritje\"}]},{\"@type\":\"Person\",\"@id\":\"https:\/\/www.visit-ulcinj.com\/blog\/#\/schema\/person\/dcab619c614d3038751c63bc2aadc06d\",\"name\":\"ulqini\",\"sameAs\":[\"http:\/\/www.visit-ulcinj.com\"],\"url\":\"https:\/\/www.visit-ulcinj.com\/blog\/author\/admin\/\"}]}<\/script>\n<!-- \/ Yoast SEO plugin. -->","yoast_head_json":{"title":"N\u00eb Ulqin dhuna ndaj grave n\u00eb rritje - Lajme nga Ulqini","description":"Qasje m\u00eb serioze ndaj problemit t\u00eb dhun\u00ebs n\u00eb familje Me 27 korrik t\u00eb vitit 2010 \u00ebsht\u00eb sjellur ligji p\u00ebr mbrojtjen nga dhuna n\u00eb familje ,I cili ka hyr\u00eb n\u00eb","robots":{"index":"index","follow":"follow","max-snippet":"max-snippet:-1","max-image-preview":"max-image-preview:large","max-video-preview":"max-video-preview:-1"},"canonical":"https:\/\/www.visit-ulcinj.com\/blog\/2012\/12\/08\/ne-ulqin-dhuna-ndaj-grave-ne-rritje\/","og_locale":"en_US","og_type":"article","og_title":"N\u00eb Ulqin dhuna ndaj grave n\u00eb rritje - Lajme nga Ulqini","og_description":"Qasje m\u00eb serioze ndaj problemit t\u00eb dhun\u00ebs n\u00eb familje Me 27 korrik t\u00eb vitit 2010 \u00ebsht\u00eb sjellur ligji p\u00ebr mbrojtjen nga dhuna n\u00eb familje ,I cili ka hyr\u00eb n\u00eb","og_url":"https:\/\/www.visit-ulcinj.com\/blog\/2012\/12\/08\/ne-ulqin-dhuna-ndaj-grave-ne-rritje\/","og_site_name":"Lajme nga Ulqini","article_published_time":"2012-12-08T16:55:54+00:00","article_modified_time":"2012-12-10T10:32:28+00:00","og_image":[{"url":"http:\/\/www.visit-ulcinj.com\/blog\/wp-content\/uploads\/2012\/12\/SOS-TELEFONI-PER-GRA-ULQIN-ULQINI.jpg"}],"twitter_misc":{"Written by":"ulqini","Est. reading time":"4 minutes"},"schema":{"@context":"https:\/\/schema.org","@graph":[{"@type":"WebSite","@id":"https:\/\/www.visit-ulcinj.com\/blog\/#website","url":"https:\/\/www.visit-ulcinj.com\/blog\/","name":"Lajme nga Ulqini","description":"Lajme,Vijesti,Ulqini,Ulqin,Crna Gora,Mali i Zi","potentialAction":[{"@type":"SearchAction","target":{"@type":"EntryPoint","urlTemplate":"https:\/\/www.visit-ulcinj.com\/blog\/?s={search_term_string}"},"query-input":"required name=search_term_string"}],"inLanguage":"en-US"},{"@type":"ImageObject","inLanguage":"en-US","@id":"https:\/\/www.visit-ulcinj.com\/blog\/2012\/12\/08\/ne-ulqin-dhuna-ndaj-grave-ne-rritje\/#primaryimage","url":"https:\/\/www.visit-ulcinj.com\/blog\/wp-content\/uploads\/2012\/12\/SOS-TELEFONI-PER-GRA-ULQIN-ULQINI.jpg","contentUrl":"https:\/\/www.visit-ulcinj.com\/blog\/wp-content\/uploads\/2012\/12\/SOS-TELEFONI-PER-GRA-ULQIN-ULQINI.jpg","width":"1000","height":"750"},{"@type":"WebPage","@id":"https:\/\/www.visit-ulcinj.com\/blog\/2012\/12\/08\/ne-ulqin-dhuna-ndaj-grave-ne-rritje\/#webpage","url":"https:\/\/www.visit-ulcinj.com\/blog\/2012\/12\/08\/ne-ulqin-dhuna-ndaj-grave-ne-rritje\/","name":"N\u00eb Ulqin dhuna ndaj grave n\u00eb rritje - Lajme nga Ulqini","isPartOf":{"@id":"https:\/\/www.visit-ulcinj.com\/blog\/#website"},"primaryImageOfPage":{"@id":"https:\/\/www.visit-ulcinj.com\/blog\/2012\/12\/08\/ne-ulqin-dhuna-ndaj-grave-ne-rritje\/#primaryimage"},"datePublished":"2012-12-08T16:55:54+00:00","dateModified":"2012-12-10T10:32:28+00:00","author":{"@id":"https:\/\/www.visit-ulcinj.com\/blog\/#\/schema\/person\/dcab619c614d3038751c63bc2aadc06d"},"description":"Qasje m\u00eb serioze ndaj problemit t\u00eb dhun\u00ebs n\u00eb familje Me 27 korrik t\u00eb vitit 2010 \u00ebsht\u00eb sjellur ligji p\u00ebr mbrojtjen nga dhuna n\u00eb familje ,I cili ka hyr\u00eb n\u00eb","breadcrumb":{"@id":"https:\/\/www.visit-ulcinj.com\/blog\/2012\/12\/08\/ne-ulqin-dhuna-ndaj-grave-ne-rritje\/#breadcrumb"},"inLanguage":"en-US","potentialAction":[{"@type":"ReadAction","target":["https:\/\/www.visit-ulcinj.com\/blog\/2012\/12\/08\/ne-ulqin-dhuna-ndaj-grave-ne-rritje\/"]}]},{"@type":"BreadcrumbList","@id":"https:\/\/www.visit-ulcinj.com\/blog\/2012\/12\/08\/ne-ulqin-dhuna-ndaj-grave-ne-rritje\/#breadcrumb","itemListElement":[{"@type":"ListItem","position":1,"name":"N\u00eb Ulqin dhuna ndaj grave n\u00eb rritje"}]},{"@type":"Person","@id":"https:\/\/www.visit-ulcinj.com\/blog\/#\/schema\/person\/dcab619c614d3038751c63bc2aadc06d","name":"ulqini","sameAs":["http:\/\/www.visit-ulcinj.com"],"url":"https:\/\/www.visit-ulcinj.com\/blog\/author\/admin\/"}]}},"jetpack_featured_media_url":"","jetpack_sharing_enabled":true,"jetpack_shortlink":"https:\/\/wp.me\/pe6lTn-hkl","_links":{"self":[{"href":"https:\/\/www.visit-ulcinj.com\/blog\/wp-json\/wp\/v2\/posts\/66609"}],"collection":[{"href":"https:\/\/www.visit-ulcinj.com\/blog\/wp-json\/wp\/v2\/posts"}],"about":[{"href":"https:\/\/www.visit-ulcinj.com\/blog\/wp-json\/wp\/v2\/types\/post"}],"author":[{"embeddable":true,"href":"https:\/\/www.visit-ulcinj.com\/blog\/wp-json\/wp\/v2\/users\/1"}],"replies":[{"embeddable":true,"href":"https:\/\/www.visit-ulcinj.com\/blog\/wp-json\/wp\/v2\/comments?post=66609"}],"version-history":[{"count":3,"href":"https:\/\/www.visit-ulcinj.com\/blog\/wp-json\/wp\/v2\/posts\/66609\/revisions"}],"predecessor-version":[{"id":66647,"href":"https:\/\/www.visit-ulcinj.com\/blog\/wp-json\/wp\/v2\/posts\/66609\/revisions\/66647"}],"wp:attachment":[{"href":"https:\/\/www.visit-ulcinj.com\/blog\/wp-json\/wp\/v2\/media?parent=66609"}],"wp:term":[{"taxonomy":"category","embeddable":true,"href":"https:\/\/www.visit-ulcinj.com\/blog\/wp-json\/wp\/v2\/categories?post=66609"},{"taxonomy":"post_tag","embeddable":true,"href":"https:\/\/www.visit-ulcinj.com\/blog\/wp-json\/wp\/v2\/tags?post=66609"}],"curies":[{"name":"wp","href":"https:\/\/api.w.org\/{rel}","templated":true}]}}