{"id":66629,"date":"2012-12-08T19:37:09","date_gmt":"2012-12-08T18:37:09","guid":{"rendered":"http:\/\/www.visit-ulcinj.com\/blog\/?p=66629"},"modified":"2012-12-08T19:37:09","modified_gmt":"2012-12-08T18:37:09","slug":"linda-planifikon-ta-beje-dasmen-ne-jaht-ne-xhamajka","status":"publish","type":"post","link":"https:\/\/www.visit-ulcinj.com\/blog\/2012\/12\/08\/linda-planifikon-ta-beje-dasmen-ne-jaht-ne-xhamajka\/","title":{"rendered":"Linda planifikon ta b\u00ebj\u00eb dasm\u00ebn n\u00eb jaht, n\u00eb Xhamajka"},"content":{"rendered":"<p><a href=\"http:\/\/www.visit-ulcinj.com\/blog\/wp-content\/uploads\/2012\/12\/Linda-Halimi.2.jpg\"><img loading=\"lazy\" class=\"alignleft  wp-image-66630\" title=\"Linda Halimi.2\" src=\"http:\/\/www.visit-ulcinj.com\/blog\/wp-content\/uploads\/2012\/12\/Linda-Halimi.2.jpg\" alt=\"\" width=\"508\" height=\"360\" \/><\/a>Ka or\u00eb q\u00eb ka aderuar n\u00eb vendin q\u00eb e deshi aq shum\u00eb. Por, p\u00ebrkund\u00ebr k\u00ebsaj k\u00ebng\u00ebtarja Linda Halimi ka nis t\u00eb ndjej mall p\u00ebr vendlindjen e saj.<\/p>\n<p>I ka ndodhur edhe m\u00eb her\u00ebt t\u00eb largohet nga Kosova, por gjithnj\u00eb \u00ebsht\u00eb kthyer prej nga \u00ebsht\u00eb nisur. E tani, gj\u00ebrat kan\u00eb ndryshuar.<\/p>\n<p>\u201cDo t\u00eb jet\u00eb vizit\u00eb pune por edhe jetese. Tani do t\u00eb jetoj n\u00eb Amerik\u00eb, bashk\u00eb me bashk\u00ebshortin tim!\u201d, k\u00ebshtu thekson mes tjerash gjat\u00eb nj\u00eb interviste p\u00ebr \u201cTribuna Shqiptare\u201d k\u00ebng\u00ebtarja Linda Halimi.<\/p>\n<p>E pyetur p\u00ebr dasm\u00ebn, Linda ka th\u00ebn\u00eb se ajo dhe Big D. planifikojn\u00eb ta martohen n\u00eb nj\u00eb jaht n\u00eb Xhamajka.<\/p>\n<p>\u201cN\u00eb ishull do t\u00eb jet\u00eb. Planet i kemi filluar\u2026 jemi duke kontaktuar pronar\u00eb q\u00eb japin me qira jaht e ishalla haj\u00ebr. Ende nuk e kemi p\u00ebrcaktuar t\u00ebr\u00ebsisht, por dua q\u00eb t\u00eb jet\u00eb dita m\u00eb e ve\u00e7ant\u00eb e jet\u00ebs sime. \u00cbnd\u00ebrr e \u00e7do femre\u201d, ka th\u00ebn\u00eb Linda.<\/p>\n<p><br \/>\n<iframe loading=\"lazy\" width=\"508\" height=\"360\" src=\"http:\/\/www.youtube.com\/embed\/qScbiy8ebxg?rel=0\" frameborder=\"0\" allowfullscreen><\/iframe><\/p>\n","protected":false},"excerpt":{"rendered":"<p>Ka or\u00eb q\u00eb ka aderuar n\u00eb vendin q\u00eb e deshi aq shum\u00eb. Por, p\u00ebrkund\u00ebr k\u00ebsaj k\u00ebng\u00ebtarja Linda Halimi ka nis t\u00eb ndjej mall p\u00ebr vendlindjen e saj. I ka ndodhur edhe m\u00eb her\u00ebt t\u00eb largohet nga Kosova, por gjithnj\u00eb \u00ebsht\u00eb kthyer prej nga \u00ebsht\u00eb nisur. E tani, gj\u00ebrat kan\u00eb ndryshuar. \u201cDo t\u00eb jet\u00eb vizit\u00eb pune [&hellip;]<\/p>\n","protected":false},"author":1,"featured_media":0,"comment_status":"open","ping_status":"closed","sticky":false,"template":"","format":"standard","meta":{"spay_email":"","jetpack_publicize_message":"","jetpack_is_tweetstorm":false,"jetpack_publicize_feature_enabled":true},"categories":[1],"tags":[16376],"jetpack_publicize_connections":[],"yoast_head":"<!-- This site is optimized with the Yoast SEO plugin v19.1 - https:\/\/yoast.com\/wordpress\/plugins\/seo\/ -->\n<title>Linda planifikon ta b\u00ebj\u00eb dasm\u00ebn n\u00eb jaht, n\u00eb Xhamajka - Lajme nga Ulqini<\/title>\n<meta name=\"description\" content=\"Ka or\u00eb q\u00eb ka aderuar n\u00eb vendin q\u00eb e deshi aq shum\u00eb. Por, p\u00ebrkund\u00ebr k\u00ebsaj k\u00ebng\u00ebtarja Linda Halimi ka nis t\u00eb ndjej mall p\u00ebr vendlindjen e saj. I ka ndodhur\" \/>\n<meta name=\"robots\" content=\"index, follow, max-snippet:-1, max-image-preview:large, max-video-preview:-1\" \/>\n<link rel=\"canonical\" href=\"https:\/\/www.visit-ulcinj.com\/blog\/2012\/12\/08\/linda-planifikon-ta-beje-dasmen-ne-jaht-ne-xhamajka\/\" \/>\n<meta property=\"og:locale\" content=\"en_US\" \/>\n<meta property=\"og:type\" content=\"article\" \/>\n<meta property=\"og:title\" content=\"Linda planifikon ta b\u00ebj\u00eb dasm\u00ebn n\u00eb jaht, n\u00eb Xhamajka - Lajme nga Ulqini\" \/>\n<meta property=\"og:description\" content=\"Ka or\u00eb q\u00eb ka aderuar n\u00eb vendin q\u00eb e deshi aq shum\u00eb. Por, p\u00ebrkund\u00ebr k\u00ebsaj k\u00ebng\u00ebtarja Linda Halimi ka nis t\u00eb ndjej mall p\u00ebr vendlindjen e saj. I ka ndodhur\" \/>\n<meta property=\"og:url\" content=\"https:\/\/www.visit-ulcinj.com\/blog\/2012\/12\/08\/linda-planifikon-ta-beje-dasmen-ne-jaht-ne-xhamajka\/\" \/>\n<meta property=\"og:site_name\" content=\"Lajme nga Ulqini\" \/>\n<meta property=\"article:published_time\" content=\"2012-12-08T18:37:09+00:00\" \/>\n<meta property=\"og:image\" content=\"https:\/\/www.visit-ulcinj.com\/blog\/wp-content\/uploads\/2012\/12\/Linda-Halimi.2-150x150.jpg\" \/>\n<meta name=\"twitter:label1\" content=\"Written by\" \/>\n\t<meta name=\"twitter:data1\" content=\"ulqini\" \/>\n\t<meta name=\"twitter:label2\" content=\"Est. reading time\" \/>\n\t<meta name=\"twitter:data2\" content=\"1 minute\" \/>\n<script type=\"application\/ld+json\" class=\"yoast-schema-graph\">{\"@context\":\"https:\/\/schema.org\",\"@graph\":[{\"@type\":\"WebSite\",\"@id\":\"https:\/\/www.visit-ulcinj.com\/blog\/#website\",\"url\":\"https:\/\/www.visit-ulcinj.com\/blog\/\",\"name\":\"Lajme nga Ulqini\",\"description\":\"Lajme,Vijesti,Ulqini,Ulqin,Crna Gora,Mali i Zi\",\"potentialAction\":[{\"@type\":\"SearchAction\",\"target\":{\"@type\":\"EntryPoint\",\"urlTemplate\":\"https:\/\/www.visit-ulcinj.com\/blog\/?s={search_term_string}\"},\"query-input\":\"required name=search_term_string\"}],\"inLanguage\":\"en-US\"},{\"@type\":\"ImageObject\",\"inLanguage\":\"en-US\",\"@id\":\"https:\/\/www.visit-ulcinj.com\/blog\/2012\/12\/08\/linda-planifikon-ta-beje-dasmen-ne-jaht-ne-xhamajka\/#primaryimage\",\"url\":\"http:\/\/www.visit-ulcinj.com\/blog\/wp-content\/uploads\/2012\/12\/Linda-Halimi.2.jpg\",\"contentUrl\":\"http:\/\/www.visit-ulcinj.com\/blog\/wp-content\/uploads\/2012\/12\/Linda-Halimi.2.jpg\"},{\"@type\":\"WebPage\",\"@id\":\"https:\/\/www.visit-ulcinj.com\/blog\/2012\/12\/08\/linda-planifikon-ta-beje-dasmen-ne-jaht-ne-xhamajka\/#webpage\",\"url\":\"https:\/\/www.visit-ulcinj.com\/blog\/2012\/12\/08\/linda-planifikon-ta-beje-dasmen-ne-jaht-ne-xhamajka\/\",\"name\":\"Linda planifikon ta b\u00ebj\u00eb dasm\u00ebn n\u00eb jaht, n\u00eb Xhamajka - Lajme nga Ulqini\",\"isPartOf\":{\"@id\":\"https:\/\/www.visit-ulcinj.com\/blog\/#website\"},\"primaryImageOfPage\":{\"@id\":\"https:\/\/www.visit-ulcinj.com\/blog\/2012\/12\/08\/linda-planifikon-ta-beje-dasmen-ne-jaht-ne-xhamajka\/#primaryimage\"},\"datePublished\":\"2012-12-08T18:37:09+00:00\",\"dateModified\":\"2012-12-08T18:37:09+00:00\",\"author\":{\"@id\":\"https:\/\/www.visit-ulcinj.com\/blog\/#\/schema\/person\/dcab619c614d3038751c63bc2aadc06d\"},\"description\":\"Ka or\u00eb q\u00eb ka aderuar n\u00eb vendin q\u00eb e deshi aq shum\u00eb. Por, p\u00ebrkund\u00ebr k\u00ebsaj k\u00ebng\u00ebtarja Linda Halimi ka nis t\u00eb ndjej mall p\u00ebr vendlindjen e saj. I ka ndodhur\",\"breadcrumb\":{\"@id\":\"https:\/\/www.visit-ulcinj.com\/blog\/2012\/12\/08\/linda-planifikon-ta-beje-dasmen-ne-jaht-ne-xhamajka\/#breadcrumb\"},\"inLanguage\":\"en-US\",\"potentialAction\":[{\"@type\":\"ReadAction\",\"target\":[\"https:\/\/www.visit-ulcinj.com\/blog\/2012\/12\/08\/linda-planifikon-ta-beje-dasmen-ne-jaht-ne-xhamajka\/\"]}]},{\"@type\":\"BreadcrumbList\",\"@id\":\"https:\/\/www.visit-ulcinj.com\/blog\/2012\/12\/08\/linda-planifikon-ta-beje-dasmen-ne-jaht-ne-xhamajka\/#breadcrumb\",\"itemListElement\":[{\"@type\":\"ListItem\",\"position\":1,\"name\":\"Linda planifikon ta b\u00ebj\u00eb dasm\u00ebn n\u00eb jaht, n\u00eb Xhamajka\"}]},{\"@type\":\"Person\",\"@id\":\"https:\/\/www.visit-ulcinj.com\/blog\/#\/schema\/person\/dcab619c614d3038751c63bc2aadc06d\",\"name\":\"ulqini\",\"sameAs\":[\"http:\/\/www.visit-ulcinj.com\"],\"url\":\"https:\/\/www.visit-ulcinj.com\/blog\/author\/admin\/\"}]}<\/script>\n<!-- \/ Yoast SEO plugin. -->","yoast_head_json":{"title":"Linda planifikon ta b\u00ebj\u00eb dasm\u00ebn n\u00eb jaht, n\u00eb Xhamajka - Lajme nga Ulqini","description":"Ka or\u00eb q\u00eb ka aderuar n\u00eb vendin q\u00eb e deshi aq shum\u00eb. Por, p\u00ebrkund\u00ebr k\u00ebsaj k\u00ebng\u00ebtarja Linda Halimi ka nis t\u00eb ndjej mall p\u00ebr vendlindjen e saj. I ka ndodhur","robots":{"index":"index","follow":"follow","max-snippet":"max-snippet:-1","max-image-preview":"max-image-preview:large","max-video-preview":"max-video-preview:-1"},"canonical":"https:\/\/www.visit-ulcinj.com\/blog\/2012\/12\/08\/linda-planifikon-ta-beje-dasmen-ne-jaht-ne-xhamajka\/","og_locale":"en_US","og_type":"article","og_title":"Linda planifikon ta b\u00ebj\u00eb dasm\u00ebn n\u00eb jaht, n\u00eb Xhamajka - Lajme nga Ulqini","og_description":"Ka or\u00eb q\u00eb ka aderuar n\u00eb vendin q\u00eb e deshi aq shum\u00eb. Por, p\u00ebrkund\u00ebr k\u00ebsaj k\u00ebng\u00ebtarja Linda Halimi ka nis t\u00eb ndjej mall p\u00ebr vendlindjen e saj. I ka ndodhur","og_url":"https:\/\/www.visit-ulcinj.com\/blog\/2012\/12\/08\/linda-planifikon-ta-beje-dasmen-ne-jaht-ne-xhamajka\/","og_site_name":"Lajme nga Ulqini","article_published_time":"2012-12-08T18:37:09+00:00","og_image":[{"url":"https:\/\/www.visit-ulcinj.com\/blog\/wp-content\/uploads\/2012\/12\/Linda-Halimi.2-150x150.jpg"}],"twitter_misc":{"Written by":"ulqini","Est. reading time":"1 minute"},"schema":{"@context":"https:\/\/schema.org","@graph":[{"@type":"WebSite","@id":"https:\/\/www.visit-ulcinj.com\/blog\/#website","url":"https:\/\/www.visit-ulcinj.com\/blog\/","name":"Lajme nga Ulqini","description":"Lajme,Vijesti,Ulqini,Ulqin,Crna Gora,Mali i Zi","potentialAction":[{"@type":"SearchAction","target":{"@type":"EntryPoint","urlTemplate":"https:\/\/www.visit-ulcinj.com\/blog\/?s={search_term_string}"},"query-input":"required name=search_term_string"}],"inLanguage":"en-US"},{"@type":"ImageObject","inLanguage":"en-US","@id":"https:\/\/www.visit-ulcinj.com\/blog\/2012\/12\/08\/linda-planifikon-ta-beje-dasmen-ne-jaht-ne-xhamajka\/#primaryimage","url":"http:\/\/www.visit-ulcinj.com\/blog\/wp-content\/uploads\/2012\/12\/Linda-Halimi.2.jpg","contentUrl":"http:\/\/www.visit-ulcinj.com\/blog\/wp-content\/uploads\/2012\/12\/Linda-Halimi.2.jpg"},{"@type":"WebPage","@id":"https:\/\/www.visit-ulcinj.com\/blog\/2012\/12\/08\/linda-planifikon-ta-beje-dasmen-ne-jaht-ne-xhamajka\/#webpage","url":"https:\/\/www.visit-ulcinj.com\/blog\/2012\/12\/08\/linda-planifikon-ta-beje-dasmen-ne-jaht-ne-xhamajka\/","name":"Linda planifikon ta b\u00ebj\u00eb dasm\u00ebn n\u00eb jaht, n\u00eb Xhamajka - Lajme nga Ulqini","isPartOf":{"@id":"https:\/\/www.visit-ulcinj.com\/blog\/#website"},"primaryImageOfPage":{"@id":"https:\/\/www.visit-ulcinj.com\/blog\/2012\/12\/08\/linda-planifikon-ta-beje-dasmen-ne-jaht-ne-xhamajka\/#primaryimage"},"datePublished":"2012-12-08T18:37:09+00:00","dateModified":"2012-12-08T18:37:09+00:00","author":{"@id":"https:\/\/www.visit-ulcinj.com\/blog\/#\/schema\/person\/dcab619c614d3038751c63bc2aadc06d"},"description":"Ka or\u00eb q\u00eb ka aderuar n\u00eb vendin q\u00eb e deshi aq shum\u00eb. Por, p\u00ebrkund\u00ebr k\u00ebsaj k\u00ebng\u00ebtarja Linda Halimi ka nis t\u00eb ndjej mall p\u00ebr vendlindjen e saj. I ka ndodhur","breadcrumb":{"@id":"https:\/\/www.visit-ulcinj.com\/blog\/2012\/12\/08\/linda-planifikon-ta-beje-dasmen-ne-jaht-ne-xhamajka\/#breadcrumb"},"inLanguage":"en-US","potentialAction":[{"@type":"ReadAction","target":["https:\/\/www.visit-ulcinj.com\/blog\/2012\/12\/08\/linda-planifikon-ta-beje-dasmen-ne-jaht-ne-xhamajka\/"]}]},{"@type":"BreadcrumbList","@id":"https:\/\/www.visit-ulcinj.com\/blog\/2012\/12\/08\/linda-planifikon-ta-beje-dasmen-ne-jaht-ne-xhamajka\/#breadcrumb","itemListElement":[{"@type":"ListItem","position":1,"name":"Linda planifikon ta b\u00ebj\u00eb dasm\u00ebn n\u00eb jaht, n\u00eb Xhamajka"}]},{"@type":"Person","@id":"https:\/\/www.visit-ulcinj.com\/blog\/#\/schema\/person\/dcab619c614d3038751c63bc2aadc06d","name":"ulqini","sameAs":["http:\/\/www.visit-ulcinj.com"],"url":"https:\/\/www.visit-ulcinj.com\/blog\/author\/admin\/"}]}},"jetpack_featured_media_url":"","jetpack_sharing_enabled":true,"jetpack_shortlink":"https:\/\/wp.me\/pe6lTn-hkF","_links":{"self":[{"href":"https:\/\/www.visit-ulcinj.com\/blog\/wp-json\/wp\/v2\/posts\/66629"}],"collection":[{"href":"https:\/\/www.visit-ulcinj.com\/blog\/wp-json\/wp\/v2\/posts"}],"about":[{"href":"https:\/\/www.visit-ulcinj.com\/blog\/wp-json\/wp\/v2\/types\/post"}],"author":[{"embeddable":true,"href":"https:\/\/www.visit-ulcinj.com\/blog\/wp-json\/wp\/v2\/users\/1"}],"replies":[{"embeddable":true,"href":"https:\/\/www.visit-ulcinj.com\/blog\/wp-json\/wp\/v2\/comments?post=66629"}],"version-history":[{"count":1,"href":"https:\/\/www.visit-ulcinj.com\/blog\/wp-json\/wp\/v2\/posts\/66629\/revisions"}],"predecessor-version":[{"id":66633,"href":"https:\/\/www.visit-ulcinj.com\/blog\/wp-json\/wp\/v2\/posts\/66629\/revisions\/66633"}],"wp:attachment":[{"href":"https:\/\/www.visit-ulcinj.com\/blog\/wp-json\/wp\/v2\/media?parent=66629"}],"wp:term":[{"taxonomy":"category","embeddable":true,"href":"https:\/\/www.visit-ulcinj.com\/blog\/wp-json\/wp\/v2\/categories?post=66629"},{"taxonomy":"post_tag","embeddable":true,"href":"https:\/\/www.visit-ulcinj.com\/blog\/wp-json\/wp\/v2\/tags?post=66629"}],"curies":[{"name":"wp","href":"https:\/\/api.w.org\/{rel}","templated":true}]}}