{"id":66634,"date":"2012-12-08T20:33:59","date_gmt":"2012-12-08T19:33:59","guid":{"rendered":"http:\/\/www.visit-ulcinj.com\/blog\/?p=66634"},"modified":"2012-12-08T20:33:59","modified_gmt":"2012-12-08T19:33:59","slug":"sup-te-gjithe-e-thyem-ligjin","status":"publish","type":"post","link":"https:\/\/www.visit-ulcinj.com\/blog\/2012\/12\/08\/sup-te-gjithe-e-thyem-ligjin\/","title":{"rendered":"SUP: T\u00eb gjith\u00eb e \u201cThyem\u201d ligjin!"},"content":{"rendered":"<p><a href=\"http:\/\/www.visit-ulcinj.com\/blog\/wp-content\/uploads\/2012\/12\/Student\u00ebt-e-Ulqinit-n\u00eb-Prishtin\u00eb.jpg\"><img loading=\"lazy\" class=\"alignleft  wp-image-66635\" title=\"Student\u00ebt e Ulqinit n\u00eb Prishtin\u00eb\" src=\"http:\/\/www.visit-ulcinj.com\/blog\/wp-content\/uploads\/2012\/12\/Student\u00ebt-e-Ulqinit-n\u00eb-Prishtin\u00eb.jpg\" alt=\"\" width=\"508\" height=\"360\" \/><\/a>SUP, n\u00eb emrin e tyre dhe t\u00eb t\u00eb gjith\u00eb p\u00ebrkrah\u00ebsve t\u00eb tjer\u00eb, u del n\u00eb p\u00ebrkrahje maturant\u00ebve, t\u00eb cil\u00ebt me 28 n\u00ebntor kan\u00eb b\u00ebr\u00eb at\u00eb \u00e7ka kan\u00eb ndjer\u00eb. Kan\u00eb festuar e k\u00ebnduar p\u00ebr t\u00eb par\u00ebt, p\u00ebr flamurin e kombin e tyre, pa prishur qet\u00ebsin\u00eb e rehatin\u00eb e askujt dhe asnj\u00ebrit.<br \/>\nSUP kritikon ashp\u00ebr nisjen e aktit t\u00eb penalizimit t\u00eb shoqeve e shok\u00ebve, motrave e v\u00ebllez\u00ebrve n\u00eb vendlindje, vet\u00ebm se k\u00ebta t\u00eb fundit jan\u00eb sjellur natyrsh\u00ebm n\u00eb nj\u00eb dit\u00eb feste komb\u00ebtare.<br \/>\nSUP ndan\u00eb bindjen q\u00eb t\u00eb till\u00eb veprime bien ndesh r\u00ebnd\u00eb me lirin\u00eb dhe t\u00eb drejt\u00ebn themelore t\u00eb njeriut si dhe me q\u00ebllimet q\u00eb n\u00eb shtetin e ri t\u00eb Malit t\u00eb Zi t\u00eb gjith\u00eb t\u00eb ndihen t\u00eb barabart\u00eb, pavar\u00ebsisht kombit, fes\u00eb apo bindjeve partiake.<br \/>\nN\u00eb k\u00ebto kushte, SUP k\u00ebrkon hetim ndaj t\u00eb gjith\u00eb pjes\u00ebtareve t\u00eb grupit te vet, p\u00ebrkrah\u00ebsve t\u00eb ideve t\u00eb tyre si dhe familjar\u00ebve e dashamir\u00ebve t\u00eb tjer\u00eb, t\u00eb cil\u00ebt po n\u00eb k\u00ebt\u00eb dit\u00eb b\u00ebn\u00eb t\u00eb nj\u00ebjt\u00ebn gj\u00eb si\u00e7 edhe maturant\u00ebt e v\u00ebn\u00eb para ligjit, festuan me dinjitet nj\u00eb fest\u00eb komb\u00ebtare.<br \/>\nN\u00ebse kjo \u00ebsht\u00eb e denueshme, l\u00eb t\u00eb denohemi t\u00eb gjith\u00eb!<\/p>\n<p><strong><a id=\"js_1\" href=\"https:\/\/www.facebook.com\/pages\/Student%C3%ABt-e-Ulqinit-n%C3%AB-Prishtin%C3%AB\/372112942844008\" data-hovercard=\"\/ajax\/hovercard\/page.php?id=372112942844008\">Student\u00ebt e Ulqinit n\u00eb Prishtin\u00eb<\/a> Facebook<\/strong><\/p>\n<p>&nbsp;<\/p>\n","protected":false},"excerpt":{"rendered":"<p>SUP, n\u00eb emrin e tyre dhe t\u00eb t\u00eb gjith\u00eb p\u00ebrkrah\u00ebsve t\u00eb tjer\u00eb, u del n\u00eb p\u00ebrkrahje maturant\u00ebve, t\u00eb cil\u00ebt me 28 n\u00ebntor kan\u00eb b\u00ebr\u00eb at\u00eb \u00e7ka kan\u00eb ndjer\u00eb. Kan\u00eb festuar e k\u00ebnduar p\u00ebr t\u00eb par\u00ebt, p\u00ebr flamurin e kombin e tyre, pa prishur qet\u00ebsin\u00eb e rehatin\u00eb e askujt dhe asnj\u00ebrit. SUP kritikon ashp\u00ebr nisjen e [&hellip;]<\/p>\n","protected":false},"author":1,"featured_media":0,"comment_status":"open","ping_status":"closed","sticky":false,"template":"","format":"standard","meta":{"spay_email":"","jetpack_publicize_message":"","jetpack_is_tweetstorm":false,"jetpack_publicize_feature_enabled":true},"categories":[11],"tags":[21172],"jetpack_publicize_connections":[],"yoast_head":"<!-- This site is optimized with the Yoast SEO plugin v19.1 - https:\/\/yoast.com\/wordpress\/plugins\/seo\/ -->\n<title>SUP: T\u00eb gjith\u00eb e \u201cThyem\u201d ligjin! - Lajme nga Ulqini<\/title>\n<meta name=\"description\" content=\"SUP, n\u00eb emrin e tyre dhe t\u00eb t\u00eb gjith\u00eb p\u00ebrkrah\u00ebsve t\u00eb tjer\u00eb, u del n\u00eb p\u00ebrkrahje maturant\u00ebve, t\u00eb cil\u00ebt me 28 n\u00ebntor kan\u00eb b\u00ebr\u00eb at\u00eb \u00e7ka kan\u00eb ndjer\u00eb. Kan\u00eb\" \/>\n<meta name=\"robots\" content=\"index, follow, max-snippet:-1, max-image-preview:large, max-video-preview:-1\" \/>\n<link rel=\"canonical\" href=\"https:\/\/www.visit-ulcinj.com\/blog\/2012\/12\/08\/sup-te-gjithe-e-thyem-ligjin\/\" \/>\n<meta property=\"og:locale\" content=\"en_US\" \/>\n<meta property=\"og:type\" content=\"article\" \/>\n<meta property=\"og:title\" content=\"SUP: T\u00eb gjith\u00eb e \u201cThyem\u201d ligjin! - Lajme nga Ulqini\" \/>\n<meta property=\"og:description\" content=\"SUP, n\u00eb emrin e tyre dhe t\u00eb t\u00eb gjith\u00eb p\u00ebrkrah\u00ebsve t\u00eb tjer\u00eb, u del n\u00eb p\u00ebrkrahje maturant\u00ebve, t\u00eb cil\u00ebt me 28 n\u00ebntor kan\u00eb b\u00ebr\u00eb at\u00eb \u00e7ka kan\u00eb ndjer\u00eb. Kan\u00eb\" \/>\n<meta property=\"og:url\" content=\"https:\/\/www.visit-ulcinj.com\/blog\/2012\/12\/08\/sup-te-gjithe-e-thyem-ligjin\/\" \/>\n<meta property=\"og:site_name\" content=\"Lajme nga Ulqini\" \/>\n<meta property=\"article:published_time\" content=\"2012-12-08T19:33:59+00:00\" \/>\n<meta name=\"twitter:label1\" content=\"Written by\" \/>\n\t<meta name=\"twitter:data1\" content=\"ulqini\" \/>\n\t<meta name=\"twitter:label2\" content=\"Est. reading time\" \/>\n\t<meta name=\"twitter:data2\" content=\"1 minute\" \/>\n<script type=\"application\/ld+json\" class=\"yoast-schema-graph\">{\"@context\":\"https:\/\/schema.org\",\"@graph\":[{\"@type\":\"WebSite\",\"@id\":\"https:\/\/www.visit-ulcinj.com\/blog\/#website\",\"url\":\"https:\/\/www.visit-ulcinj.com\/blog\/\",\"name\":\"Lajme nga Ulqini\",\"description\":\"Lajme,Vijesti,Ulqini,Ulqin,Crna Gora,Mali i Zi\",\"potentialAction\":[{\"@type\":\"SearchAction\",\"target\":{\"@type\":\"EntryPoint\",\"urlTemplate\":\"https:\/\/www.visit-ulcinj.com\/blog\/?s={search_term_string}\"},\"query-input\":\"required name=search_term_string\"}],\"inLanguage\":\"en-US\"},{\"@type\":\"WebPage\",\"@id\":\"https:\/\/www.visit-ulcinj.com\/blog\/2012\/12\/08\/sup-te-gjithe-e-thyem-ligjin\/#webpage\",\"url\":\"https:\/\/www.visit-ulcinj.com\/blog\/2012\/12\/08\/sup-te-gjithe-e-thyem-ligjin\/\",\"name\":\"SUP: T\u00eb gjith\u00eb e \u201cThyem\u201d ligjin! - Lajme nga Ulqini\",\"isPartOf\":{\"@id\":\"https:\/\/www.visit-ulcinj.com\/blog\/#website\"},\"datePublished\":\"2012-12-08T19:33:59+00:00\",\"dateModified\":\"2012-12-08T19:33:59+00:00\",\"author\":{\"@id\":\"https:\/\/www.visit-ulcinj.com\/blog\/#\/schema\/person\/dcab619c614d3038751c63bc2aadc06d\"},\"description\":\"SUP, n\u00eb emrin e tyre dhe t\u00eb t\u00eb gjith\u00eb p\u00ebrkrah\u00ebsve t\u00eb tjer\u00eb, u del n\u00eb p\u00ebrkrahje maturant\u00ebve, t\u00eb cil\u00ebt me 28 n\u00ebntor kan\u00eb b\u00ebr\u00eb at\u00eb \u00e7ka kan\u00eb ndjer\u00eb. Kan\u00eb\",\"breadcrumb\":{\"@id\":\"https:\/\/www.visit-ulcinj.com\/blog\/2012\/12\/08\/sup-te-gjithe-e-thyem-ligjin\/#breadcrumb\"},\"inLanguage\":\"en-US\",\"potentialAction\":[{\"@type\":\"ReadAction\",\"target\":[\"https:\/\/www.visit-ulcinj.com\/blog\/2012\/12\/08\/sup-te-gjithe-e-thyem-ligjin\/\"]}]},{\"@type\":\"BreadcrumbList\",\"@id\":\"https:\/\/www.visit-ulcinj.com\/blog\/2012\/12\/08\/sup-te-gjithe-e-thyem-ligjin\/#breadcrumb\",\"itemListElement\":[{\"@type\":\"ListItem\",\"position\":1,\"name\":\"SUP: T\u00eb gjith\u00eb e \u201cThyem\u201d ligjin!\"}]},{\"@type\":\"Person\",\"@id\":\"https:\/\/www.visit-ulcinj.com\/blog\/#\/schema\/person\/dcab619c614d3038751c63bc2aadc06d\",\"name\":\"ulqini\",\"sameAs\":[\"http:\/\/www.visit-ulcinj.com\"],\"url\":\"https:\/\/www.visit-ulcinj.com\/blog\/author\/admin\/\"}]}<\/script>\n<!-- \/ Yoast SEO plugin. -->","yoast_head_json":{"title":"SUP: T\u00eb gjith\u00eb e \u201cThyem\u201d ligjin! - Lajme nga Ulqini","description":"SUP, n\u00eb emrin e tyre dhe t\u00eb t\u00eb gjith\u00eb p\u00ebrkrah\u00ebsve t\u00eb tjer\u00eb, u del n\u00eb p\u00ebrkrahje maturant\u00ebve, t\u00eb cil\u00ebt me 28 n\u00ebntor kan\u00eb b\u00ebr\u00eb at\u00eb \u00e7ka kan\u00eb ndjer\u00eb. Kan\u00eb","robots":{"index":"index","follow":"follow","max-snippet":"max-snippet:-1","max-image-preview":"max-image-preview:large","max-video-preview":"max-video-preview:-1"},"canonical":"https:\/\/www.visit-ulcinj.com\/blog\/2012\/12\/08\/sup-te-gjithe-e-thyem-ligjin\/","og_locale":"en_US","og_type":"article","og_title":"SUP: T\u00eb gjith\u00eb e \u201cThyem\u201d ligjin! - Lajme nga Ulqini","og_description":"SUP, n\u00eb emrin e tyre dhe t\u00eb t\u00eb gjith\u00eb p\u00ebrkrah\u00ebsve t\u00eb tjer\u00eb, u del n\u00eb p\u00ebrkrahje maturant\u00ebve, t\u00eb cil\u00ebt me 28 n\u00ebntor kan\u00eb b\u00ebr\u00eb at\u00eb \u00e7ka kan\u00eb ndjer\u00eb. Kan\u00eb","og_url":"https:\/\/www.visit-ulcinj.com\/blog\/2012\/12\/08\/sup-te-gjithe-e-thyem-ligjin\/","og_site_name":"Lajme nga Ulqini","article_published_time":"2012-12-08T19:33:59+00:00","twitter_misc":{"Written by":"ulqini","Est. reading time":"1 minute"},"schema":{"@context":"https:\/\/schema.org","@graph":[{"@type":"WebSite","@id":"https:\/\/www.visit-ulcinj.com\/blog\/#website","url":"https:\/\/www.visit-ulcinj.com\/blog\/","name":"Lajme nga Ulqini","description":"Lajme,Vijesti,Ulqini,Ulqin,Crna Gora,Mali i Zi","potentialAction":[{"@type":"SearchAction","target":{"@type":"EntryPoint","urlTemplate":"https:\/\/www.visit-ulcinj.com\/blog\/?s={search_term_string}"},"query-input":"required name=search_term_string"}],"inLanguage":"en-US"},{"@type":"WebPage","@id":"https:\/\/www.visit-ulcinj.com\/blog\/2012\/12\/08\/sup-te-gjithe-e-thyem-ligjin\/#webpage","url":"https:\/\/www.visit-ulcinj.com\/blog\/2012\/12\/08\/sup-te-gjithe-e-thyem-ligjin\/","name":"SUP: T\u00eb gjith\u00eb e \u201cThyem\u201d ligjin! - Lajme nga Ulqini","isPartOf":{"@id":"https:\/\/www.visit-ulcinj.com\/blog\/#website"},"datePublished":"2012-12-08T19:33:59+00:00","dateModified":"2012-12-08T19:33:59+00:00","author":{"@id":"https:\/\/www.visit-ulcinj.com\/blog\/#\/schema\/person\/dcab619c614d3038751c63bc2aadc06d"},"description":"SUP, n\u00eb emrin e tyre dhe t\u00eb t\u00eb gjith\u00eb p\u00ebrkrah\u00ebsve t\u00eb tjer\u00eb, u del n\u00eb p\u00ebrkrahje maturant\u00ebve, t\u00eb cil\u00ebt me 28 n\u00ebntor kan\u00eb b\u00ebr\u00eb at\u00eb \u00e7ka kan\u00eb ndjer\u00eb. Kan\u00eb","breadcrumb":{"@id":"https:\/\/www.visit-ulcinj.com\/blog\/2012\/12\/08\/sup-te-gjithe-e-thyem-ligjin\/#breadcrumb"},"inLanguage":"en-US","potentialAction":[{"@type":"ReadAction","target":["https:\/\/www.visit-ulcinj.com\/blog\/2012\/12\/08\/sup-te-gjithe-e-thyem-ligjin\/"]}]},{"@type":"BreadcrumbList","@id":"https:\/\/www.visit-ulcinj.com\/blog\/2012\/12\/08\/sup-te-gjithe-e-thyem-ligjin\/#breadcrumb","itemListElement":[{"@type":"ListItem","position":1,"name":"SUP: T\u00eb gjith\u00eb e \u201cThyem\u201d ligjin!"}]},{"@type":"Person","@id":"https:\/\/www.visit-ulcinj.com\/blog\/#\/schema\/person\/dcab619c614d3038751c63bc2aadc06d","name":"ulqini","sameAs":["http:\/\/www.visit-ulcinj.com"],"url":"https:\/\/www.visit-ulcinj.com\/blog\/author\/admin\/"}]}},"jetpack_featured_media_url":"","jetpack_sharing_enabled":true,"jetpack_shortlink":"https:\/\/wp.me\/pe6lTn-hkK","_links":{"self":[{"href":"https:\/\/www.visit-ulcinj.com\/blog\/wp-json\/wp\/v2\/posts\/66634"}],"collection":[{"href":"https:\/\/www.visit-ulcinj.com\/blog\/wp-json\/wp\/v2\/posts"}],"about":[{"href":"https:\/\/www.visit-ulcinj.com\/blog\/wp-json\/wp\/v2\/types\/post"}],"author":[{"embeddable":true,"href":"https:\/\/www.visit-ulcinj.com\/blog\/wp-json\/wp\/v2\/users\/1"}],"replies":[{"embeddable":true,"href":"https:\/\/www.visit-ulcinj.com\/blog\/wp-json\/wp\/v2\/comments?post=66634"}],"version-history":[{"count":1,"href":"https:\/\/www.visit-ulcinj.com\/blog\/wp-json\/wp\/v2\/posts\/66634\/revisions"}],"predecessor-version":[{"id":66636,"href":"https:\/\/www.visit-ulcinj.com\/blog\/wp-json\/wp\/v2\/posts\/66634\/revisions\/66636"}],"wp:attachment":[{"href":"https:\/\/www.visit-ulcinj.com\/blog\/wp-json\/wp\/v2\/media?parent=66634"}],"wp:term":[{"taxonomy":"category","embeddable":true,"href":"https:\/\/www.visit-ulcinj.com\/blog\/wp-json\/wp\/v2\/categories?post=66634"},{"taxonomy":"post_tag","embeddable":true,"href":"https:\/\/www.visit-ulcinj.com\/blog\/wp-json\/wp\/v2\/tags?post=66634"}],"curies":[{"name":"wp","href":"https:\/\/api.w.org\/{rel}","templated":true}]}}