{"id":66637,"date":"2012-12-08T21:36:28","date_gmt":"2012-12-08T20:36:28","guid":{"rendered":"http:\/\/www.visit-ulcinj.com\/blog\/?p=66637"},"modified":"2012-12-13T10:16:01","modified_gmt":"2012-12-13T09:16:01","slug":"stari-grad-svac-veo-misterije-trazi-dalja-istrazivanja","status":"publish","type":"post","link":"https:\/\/www.visit-ulcinj.com\/blog\/2012\/12\/08\/stari-grad-svac-veo-misterije-trazi-dalja-istrazivanja\/","title":{"rendered":"Stari grad Sva\u010d: Veo misterije tra\u017ei dalja istra\u017eivanja"},"content":{"rendered":"<p><strong>ULCINJ &#8211;\u00a0 <\/strong><strong>Zavr\u0161eno je \u0161ezdesetodnevno istra\u017eivanje arheolo\u0161kog lokaliteta Sva\u010d kod Ulcinja. Iskopavanja, koja su vo\u0111ena u okviru projekta \u201ePutevi kontinuiteta\u201c, \u010diji je finansijer <\/strong><strong>\u00a0<\/strong><strong>Ministarstvo kulture Crne Gore a organizator Narodni muzej Crne Gore, <\/strong><strong>bila su vi\u0161e nego uspje\u0161na.<\/strong><\/p>\n<div id=\"attachment_66638\" style=\"width: 518px\" class=\"wp-caption alignleft\"><a href=\"http:\/\/www.visit-ulcinj.com\/blog\/wp-content\/uploads\/2012\/12\/Stari-grad-Svac_arheolozi-svac.jpg\"><img aria-describedby=\"caption-attachment-66638\" loading=\"lazy\" class=\" wp-image-66638\" title=\"Stari grad Svac_arheolozi-svac\" src=\"http:\/\/www.visit-ulcinj.com\/blog\/wp-content\/uploads\/2012\/12\/Stari-grad-Svac_arheolozi-svac.jpg\" alt=\"\" width=\"508\" height=\"360\" \/><\/a><p id=\"caption-attachment-66638\" class=\"wp-caption-text\">Foto:Pobjeda<\/p><\/div>\n<p>&#8211; Ovo je po\u010detak pri\u010de o Sva\u010du, kao jednom od sjedi\u0161ta Slovenskog kraljevstva tokom srednjevizantijskog perioda, odnosno od perioda od arhonta Dokleje do kraljeva Mihajla i Bodina i poslije \u2013 kazao je za Pobjedu rukovodilac istra\u017eivanja arheolog Mladen Zagar\u010danin.<\/p>\n<p>&nbsp;<\/p>\n<p><strong>Najzna\u010dajniji nalaz <\/strong><\/p>\n<p>Najzna\u010dajniji nalaz ovogodi\u0161nje kampanje je ostatak manastira iz perioda od\u00a0 9.do 11. vijeka (napravljen na ostacima neke gra\u0111evine iz 6. vijeka), koji je uni\u0161ten u mongolskom napadu1242. a mo\u017eda i prije. Ru\u0161evine nekada impozantne kapije- zvonika (ili kule), sa sve\u010danim ulazom, svjedo\u010de o do sada nepoznatom manastirskom kompleksu koji se nalazio u zapadnom dijelu Podgra\u0111a.<\/p>\n<p>&#8211; Sama gra\u0111evina koja je imala preko 15 metara visine .Sada je o\u010duvana i do visine od dva metara. Prostirala se prema jugozapadnom dijelu Pogra\u0111a, a od zidova konaka i ostalih prostorija o\u010duvalo se veoma malo, jer je materijal upotrijebljen za izgradnju objekata nakon nasilnog stradanja \u2013 ka\u017ee Zagar\u010danin.<\/p>\n<p>Ispred poru\u0161enog manastirskog kompleksa, arheolozi su prona\u0161li veliko groblje koje su istra\u017eili u planiranom obimu. Na prostoru od oko 30 kvadrata otkopano je oko 50 grobova u kojima je najvi\u0161e bilo djece (odoj\u010dadi prije svega).<\/p>\n<p>&#8211; Me\u0111u grobovima su i oni masovnog tipa (kosturnice i masovni ukopi), sa vi\u0161e pokojnika u jednoj raki, ponegdje i sa strijelama u predjelu tijela. Vrijedno je ista\u0107i da su svi grobovi ukopani u pod objekata u unutra\u0161njosti manastira, to zna\u010di da se groblje formira nakon ru\u0161enja kule-kapije, \u010diji je ulaz freskodekorisan.Grobovi su pokriveni slojem 12-13. vijeka. U jednom trenutku, nakon ru\u0161enja ovog objekta prostor se niveli\u0161e i gradi se palisadno utvr\u0111enje. Da li su se gra\u0111ani Sva\u010da spremali za neki napad, nemo\u017eemo kazati. Ali je evidentno da je anga\u017eovan prili\u010dno veliki broj ljudi koji su obezbijedili dva prstena odbrane u liniji koja se nalazi prije zaravnjenog prostora Podgra\u0111a \u2013 isti\u010de Zagar\u010danin.<strong><\/strong><\/p>\n<p><strong>Tragovi stradanja<\/strong><\/p>\n<p>On vjeruje da je prona\u0111ena kapija-kula, bila dio manastirskog kompleksa, ali i vladarskog dvora, koji se vjerovatno nalazi ispod kulturnih slojeva u zapadnom dijelu.<\/p>\n<p>&#8211; Sve je zapreteno velom tajne, iako imamo prili\u010dno dosta arheolo\u0161kih podataka istra\u017eivanja se moraju nastaviti \u0161to prije, jer izgubiti kontinuitet sa istra\u017eivanjem zna\u010dilo bi kao da ni\u0161ta nismo radili jer indicija imamo i samo je potrebno da dalja istra\u017eivanja potvrde na\u0161e navode. Posljednji dani istra\u017eivanja su pokazali da je kula stradala nasilno, da je poru\u0161ena i izgorela, a sli\u010dne slojeve sa paljevinom nalazimo i na drugim mjestima, prvenstveno oko crkve B. Ova kapela imala je kriptu, u kojoj je bio smje\u0161ten grob neke aristokratske familije, ili episkopa \u2013 ka\u017ee Zagar\u010danin.<\/p>\n<p>Kapela je napravljena na mjestu koje dominira. Sa manastirskim zdanjem povezana je zidom koji se prati sve do kapije. Istra\u017eivanjem je dokazano da je Crkva B je u drugoj fazi dobila pripratu. Zatim je do\u0161lo do nekog stradanja.<\/p>\n<p>&#8211; Sloj gari i \u0161uta svjedo\u010di o velikom ru\u0161enju, a materijal pokazuje da se to desilo negdje oko sredine 13. vijeka, \u0161to bi mogli povezati sa Mongolima premda ostaje mnogo prostora za razli\u010dite interpretacije. U ovom sloju ru\u0161enja prona\u0161li smo nesahranjeni ljudski skelet koji je jednostavno zatrpan i ostavljen na bok u zgr\u010denom plo\u017eaju, bez hri\u0161\u0107anskog obreda. Prona\u0111ena je jo\u0161 jedna takva kapela, na 50 metara od grada, a situacija je gotovo identi\u010dna sa situacijom kod crkve B: nasilno stradanje, formiranje sloja ru\u0161enja, ista grn\u010darija itd. Tre\u0107u crkvu smo otkopali ispred kompleksa. Prema preliminarnim istra\u017eivanjima crkva priprada ranoj romani\u010dkoj epohi i ne bi trebalo da se datuje poslije 11-12. vijeka. Radi se po prelijepoj crkvi sa velikim prostorom za bogoslu\u017eenje, grobovima u unutra\u0161njosti i djelimi\u010dno o\u010duvanom \u010dasnom trepezom, kubi\u010dnog oblika \u2013 nagla\u0161ava Zagar\u010danin.<\/p>\n<p>Tako\u0111e, osim istra\u017eivanja sakralnih objekata i arhitekture povezane sa mona\u0161kim zajednicama, tim ne \u010dijem je \u010delu Zagar\u010danin zapo\u010deo je iskopavanje jedne velike zgrade koja je uni\u0161tena u 8-9. vijeku. Prona\u0161li su\u00a0 slovenske strijele tipa \u201elastin rep\u201c. To svjedo\u010di o nasilnom zauzimanju grada od slovenske populacije koja je\u00a0 uni\u0161tila i jednu vizantijsku kapelu na drugom kraju Podgra\u0111a.<\/p>\n<div id=\"attachment_66639\" style=\"width: 518px\" class=\"wp-caption alignleft\"><a href=\"http:\/\/www.visit-ulcinj.com\/blog\/wp-content\/uploads\/2012\/12\/Stari-grad-Svac_arheolozi-svac.1.jpg\"><img aria-describedby=\"caption-attachment-66639\" loading=\"lazy\" class=\" wp-image-66639\" title=\"Stari grad Svac_arheolozi-svac.1\" src=\"http:\/\/www.visit-ulcinj.com\/blog\/wp-content\/uploads\/2012\/12\/Stari-grad-Svac_arheolozi-svac.1.jpg\" alt=\"\" width=\"508\" height=\"300\" \/><\/a><p id=\"caption-attachment-66639\" class=\"wp-caption-text\">Foto:Pobjeda<\/p><\/div>\n<p>&nbsp;<\/p>\n<p><strong>Najve\u0107a misterija<\/strong><\/p>\n<p>Najve\u0107e iznena\u0111enje u ovoj kampanji je postojanje jednog \u201emisterioznog\u201c naselja koje se formira na velikoj povr\u0161ini sa isto\u010dne i zapadne strane.<\/p>\n<p>&#8211; Kada ka\u017eem misterioznog svakako ne mislim da provu\u010dem jednu populisti\u010dku crtu koja tra\u017ei senzaciju. \u017delim da uka\u017eem na pojavu koja nije zabilje\u017eena kod na\u0161ih srednjovijekovnih gradova. Ovo stani\u0161te je svakako do sada bilo potpuno neopa\u017eeno, i pravo je \u010dudo \u0161to dosada niko nije obratio pa\u017enju na arhitekturu ovih objekata. Naime, radi se o kompleksu utvr\u0111enja i zgrada koje su nikle negdje nakon 13 vijeka, a koje svjedo\u010de o nekoj za sada nepoznatoj populaciji, koja ima svjstvenu graditeljsku koncepciju, druga\u010diju od one zate\u010dene u Podgra\u0111u ili one koja je do kasnog srednjeg vijeka postojala ( i jo\u0161 je uvjek postoji) u Gornjem gradu i prema jezeru \u2013 ka\u017ee Zagar\u010danin,<\/p>\n<p>Zidovi su ra\u0111eni od velikih gromada odlomljenog kamenja. Spajani su izuzetno znala\u010dki. Utvr\u0111eno je nekoliko destina ku\u0107i\u0161ta, manji trgovi koji se obrazuju oko crkvi, terasasti platoi ogra\u0111eni velikim uredno pore\u0111anim stijenama, \u010ditav defanzivni sistem koji je branio grad sa istoka, pa onda jo\u0161 jedan koji je naselje branio sa zapada, veliki palisadni zid\u2026<\/p>\n<p>-Na prostoru Crne Gore nije evidentirano ni\u0161ta sli\u010dno, makar u istra\u017eenim cjelinama. Da li su ovo naseljenici nakon mongolskog napada ili se radi o poznijem stani\u0161tu, te\u0161ko je re\u0107i. U svakom slu\u010daju, iako ku\u0107i\u0161ta imaju ruralan izgled kao i sam tip zgrada ra\u0111enih bez upotrebe maltera, radi se o izuzetno organizovanoj etni\u010dkoj grupi koja dolazi u napu\u0161tene djelove grada ali koristi svoj mudus vivere. Isklju\u010dujemo mogu\u0107nost da ovo pripada praistorijskoj epohi, a zato postoji sijaset dokaza. Nije nemogu\u0107e da je na\u010din \u201ehelenisti\u010dkog graditeljstva\u201c uticao na graditeljski koncept, ali svakako je da ove ku\u0107e nastaju u srednjem vijeku \u2013 zaklju\u010duje Zagar\u010danin.<strong><\/strong><\/p>\n<p><strong>Timski rad<\/strong><\/p>\n<p>Sumiraju\u0107u rezulate ovogodi\u0161nje kampanje arheolo\u0161kih istra\u017eivanja u starom gradu Sva\u010du,osim Dejanu Dra\u0161kovi\u0107u i Milo\u0161u \u017divanovi\u0107u, odaje priznanje\u00a0 i konzervatoru Centra za konzervaciju i arheologiju na Cetinju \u017deljku \u010celebi\u0107u. On je tokom velikog vremenskog perioda radio na \u010di\u0161\u0107enju fresaka, keramike i metala, a pomagao je i da se izvr\u0161e manje intervencije na nekim lo\u0161e stoje\u0107im objektima. Po rije\u010dima Mladena Zagar\u010danina,\u00a0 izuzetnu pomo\u0107 je pru\u017eili su i arheolzi Anton Ljulj\u0111uraj iz Muzeja u Ulcinju,\u00a0 Dragan Radovi\u0107 iz Muzeja u Podgorici\u00a0 i Barbana Draga iz Sukobina.<strong><\/strong><\/p>\n<p><strong>Keramika i grn\u010darija lokalne romejske i slovenske proizvodnje<\/strong><\/p>\n<p>Milo\u0161 \u017divanovi\u0107 i Dejan Dra\u0161kovi\u0107 otkopali dio kapele iz ranovizantijskog perioda i mo\u0107an sloj iz perioda od 8.do 9. vijeka.<\/p>\n<p>-Na hiljade fragmenata keramike i grn\u010darije lokalne romejske i slovenske proizvodnje ukazuju na ritual da\u0107e, odnosno trizne-svakako slovenskog karaktera, jer je grn\u010darija pomje\u0161ana sa relativno velikom koli\u010dinom \u017eivotinjskih kostiju me\u0111u kojima ima skoro svih lokalnih vrsta divlja\u010di i doma\u0107ih \u017eivotinja. Ovako izmije\u0161an materijal govori o svetkovinama u slavu pokojnika sahranjenih u kapeli iz 6 vijeka koja je stradala nasilno negdje u periodu 8-9. vijeka. Predstoje C14 datovanja \u2013 ka\u017ee Zagar\u010danin.<\/p>\n<p><a href=\"http:\/\/www.pobjeda.me\/2012\/12\/05\/stari-grad-svac-veo-misterije-trazi-dalja-istrazivanja\/\" target=\"_blank\"><strong>Izvor: Pobjeda<\/strong><\/a><\/p>\n","protected":false},"excerpt":{"rendered":"<p>ULCINJ &#8211;\u00a0 Zavr\u0161eno je \u0161ezdesetodnevno istra\u017eivanje arheolo\u0161kog lokaliteta Sva\u010d kod Ulcinja. Iskopavanja, koja su vo\u0111ena u okviru projekta \u201ePutevi kontinuiteta\u201c, \u010diji je finansijer \u00a0Ministarstvo kulture Crne Gore a organizator Narodni muzej Crne Gore, bila su vi\u0161e nego uspje\u0161na. &#8211; Ovo je po\u010detak pri\u010de o Sva\u010du, kao jednom od sjedi\u0161ta Slovenskog kraljevstva tokom srednjevizantijskog perioda, odnosno [&hellip;]<\/p>\n","protected":false},"author":1,"featured_media":0,"comment_status":"open","ping_status":"closed","sticky":false,"template":"","format":"standard","meta":{"spay_email":"","jetpack_publicize_message":"","jetpack_is_tweetstorm":false,"jetpack_publicize_feature_enabled":true},"categories":[8337],"tags":[21599,19],"jetpack_publicize_connections":[],"yoast_head":"<!-- This site is optimized with the Yoast SEO plugin v19.1 - https:\/\/yoast.com\/wordpress\/plugins\/seo\/ -->\n<title>Stari grad Sva\u010d: Veo misterije tra\u017ei dalja istra\u017eivanja - Lajme nga Ulqini<\/title>\n<meta name=\"description\" content=\"ULCINJ -\u00a0 Zavr\u0161eno je \u0161ezdesetodnevno istra\u017eivanje arheolo\u0161kog lokaliteta Sva\u010d kod Ulcinja. Iskopavanja, koja su vo\u0111ena u okviru projekta \u201ePutevi\" \/>\n<meta name=\"robots\" content=\"index, follow, max-snippet:-1, max-image-preview:large, max-video-preview:-1\" \/>\n<link rel=\"canonical\" href=\"https:\/\/www.visit-ulcinj.com\/blog\/2012\/12\/08\/stari-grad-svac-veo-misterije-trazi-dalja-istrazivanja\/\" \/>\n<meta property=\"og:locale\" content=\"en_US\" \/>\n<meta property=\"og:type\" content=\"article\" \/>\n<meta property=\"og:title\" content=\"Stari grad Sva\u010d: Veo misterije tra\u017ei dalja istra\u017eivanja - Lajme nga Ulqini\" \/>\n<meta property=\"og:description\" content=\"ULCINJ -\u00a0 Zavr\u0161eno je \u0161ezdesetodnevno istra\u017eivanje arheolo\u0161kog lokaliteta Sva\u010d kod Ulcinja. Iskopavanja, koja su vo\u0111ena u okviru projekta \u201ePutevi\" \/>\n<meta property=\"og:url\" content=\"https:\/\/www.visit-ulcinj.com\/blog\/2012\/12\/08\/stari-grad-svac-veo-misterije-trazi-dalja-istrazivanja\/\" \/>\n<meta property=\"og:site_name\" content=\"Lajme nga Ulqini\" \/>\n<meta property=\"article:published_time\" content=\"2012-12-08T20:36:28+00:00\" \/>\n<meta property=\"article:modified_time\" content=\"2012-12-13T09:16:01+00:00\" \/>\n<meta property=\"og:image\" content=\"http:\/\/www.visit-ulcinj.com\/blog\/wp-content\/uploads\/2012\/12\/Stari-grad-Svac_arheolozi-svac.jpg\" \/>\n<meta name=\"twitter:label1\" content=\"Written by\" \/>\n\t<meta name=\"twitter:data1\" content=\"ulqini\" \/>\n\t<meta name=\"twitter:label2\" content=\"Est. reading time\" \/>\n\t<meta name=\"twitter:data2\" content=\"7 minutes\" \/>\n<script type=\"application\/ld+json\" class=\"yoast-schema-graph\">{\"@context\":\"https:\/\/schema.org\",\"@graph\":[{\"@type\":\"WebSite\",\"@id\":\"https:\/\/www.visit-ulcinj.com\/blog\/#website\",\"url\":\"https:\/\/www.visit-ulcinj.com\/blog\/\",\"name\":\"Lajme nga Ulqini\",\"description\":\"Lajme,Vijesti,Ulqini,Ulqin,Crna Gora,Mali i Zi\",\"potentialAction\":[{\"@type\":\"SearchAction\",\"target\":{\"@type\":\"EntryPoint\",\"urlTemplate\":\"https:\/\/www.visit-ulcinj.com\/blog\/?s={search_term_string}\"},\"query-input\":\"required name=search_term_string\"}],\"inLanguage\":\"en-US\"},{\"@type\":\"ImageObject\",\"inLanguage\":\"en-US\",\"@id\":\"https:\/\/www.visit-ulcinj.com\/blog\/2012\/12\/08\/stari-grad-svac-veo-misterije-trazi-dalja-istrazivanja\/#primaryimage\",\"url\":\"https:\/\/www.visit-ulcinj.com\/blog\/wp-content\/uploads\/2012\/12\/Stari-grad-Svac_arheolozi-svac.jpg\",\"contentUrl\":\"https:\/\/www.visit-ulcinj.com\/blog\/wp-content\/uploads\/2012\/12\/Stari-grad-Svac_arheolozi-svac.jpg\",\"width\":\"640\",\"height\":\"480\"},{\"@type\":\"WebPage\",\"@id\":\"https:\/\/www.visit-ulcinj.com\/blog\/2012\/12\/08\/stari-grad-svac-veo-misterije-trazi-dalja-istrazivanja\/#webpage\",\"url\":\"https:\/\/www.visit-ulcinj.com\/blog\/2012\/12\/08\/stari-grad-svac-veo-misterije-trazi-dalja-istrazivanja\/\",\"name\":\"Stari grad Sva\u010d: Veo misterije tra\u017ei dalja istra\u017eivanja - Lajme nga Ulqini\",\"isPartOf\":{\"@id\":\"https:\/\/www.visit-ulcinj.com\/blog\/#website\"},\"primaryImageOfPage\":{\"@id\":\"https:\/\/www.visit-ulcinj.com\/blog\/2012\/12\/08\/stari-grad-svac-veo-misterije-trazi-dalja-istrazivanja\/#primaryimage\"},\"datePublished\":\"2012-12-08T20:36:28+00:00\",\"dateModified\":\"2012-12-13T09:16:01+00:00\",\"author\":{\"@id\":\"https:\/\/www.visit-ulcinj.com\/blog\/#\/schema\/person\/dcab619c614d3038751c63bc2aadc06d\"},\"description\":\"ULCINJ -\u00a0 Zavr\u0161eno je \u0161ezdesetodnevno istra\u017eivanje arheolo\u0161kog lokaliteta Sva\u010d kod Ulcinja. Iskopavanja, koja su vo\u0111ena u okviru projekta \u201ePutevi\",\"breadcrumb\":{\"@id\":\"https:\/\/www.visit-ulcinj.com\/blog\/2012\/12\/08\/stari-grad-svac-veo-misterije-trazi-dalja-istrazivanja\/#breadcrumb\"},\"inLanguage\":\"en-US\",\"potentialAction\":[{\"@type\":\"ReadAction\",\"target\":[\"https:\/\/www.visit-ulcinj.com\/blog\/2012\/12\/08\/stari-grad-svac-veo-misterije-trazi-dalja-istrazivanja\/\"]}]},{\"@type\":\"BreadcrumbList\",\"@id\":\"https:\/\/www.visit-ulcinj.com\/blog\/2012\/12\/08\/stari-grad-svac-veo-misterije-trazi-dalja-istrazivanja\/#breadcrumb\",\"itemListElement\":[{\"@type\":\"ListItem\",\"position\":1,\"name\":\"Stari grad Sva\u010d: Veo misterije tra\u017ei dalja istra\u017eivanja\"}]},{\"@type\":\"Person\",\"@id\":\"https:\/\/www.visit-ulcinj.com\/blog\/#\/schema\/person\/dcab619c614d3038751c63bc2aadc06d\",\"name\":\"ulqini\",\"sameAs\":[\"http:\/\/www.visit-ulcinj.com\"],\"url\":\"https:\/\/www.visit-ulcinj.com\/blog\/author\/admin\/\"}]}<\/script>\n<!-- \/ Yoast SEO plugin. -->","yoast_head_json":{"title":"Stari grad Sva\u010d: Veo misterije tra\u017ei dalja istra\u017eivanja - Lajme nga Ulqini","description":"ULCINJ -\u00a0 Zavr\u0161eno je \u0161ezdesetodnevno istra\u017eivanje arheolo\u0161kog lokaliteta Sva\u010d kod Ulcinja. Iskopavanja, koja su vo\u0111ena u okviru projekta \u201ePutevi","robots":{"index":"index","follow":"follow","max-snippet":"max-snippet:-1","max-image-preview":"max-image-preview:large","max-video-preview":"max-video-preview:-1"},"canonical":"https:\/\/www.visit-ulcinj.com\/blog\/2012\/12\/08\/stari-grad-svac-veo-misterije-trazi-dalja-istrazivanja\/","og_locale":"en_US","og_type":"article","og_title":"Stari grad Sva\u010d: Veo misterije tra\u017ei dalja istra\u017eivanja - Lajme nga Ulqini","og_description":"ULCINJ -\u00a0 Zavr\u0161eno je \u0161ezdesetodnevno istra\u017eivanje arheolo\u0161kog lokaliteta Sva\u010d kod Ulcinja. Iskopavanja, koja su vo\u0111ena u okviru projekta \u201ePutevi","og_url":"https:\/\/www.visit-ulcinj.com\/blog\/2012\/12\/08\/stari-grad-svac-veo-misterije-trazi-dalja-istrazivanja\/","og_site_name":"Lajme nga Ulqini","article_published_time":"2012-12-08T20:36:28+00:00","article_modified_time":"2012-12-13T09:16:01+00:00","og_image":[{"url":"http:\/\/www.visit-ulcinj.com\/blog\/wp-content\/uploads\/2012\/12\/Stari-grad-Svac_arheolozi-svac.jpg"}],"twitter_misc":{"Written by":"ulqini","Est. reading time":"7 minutes"},"schema":{"@context":"https:\/\/schema.org","@graph":[{"@type":"WebSite","@id":"https:\/\/www.visit-ulcinj.com\/blog\/#website","url":"https:\/\/www.visit-ulcinj.com\/blog\/","name":"Lajme nga Ulqini","description":"Lajme,Vijesti,Ulqini,Ulqin,Crna Gora,Mali i Zi","potentialAction":[{"@type":"SearchAction","target":{"@type":"EntryPoint","urlTemplate":"https:\/\/www.visit-ulcinj.com\/blog\/?s={search_term_string}"},"query-input":"required name=search_term_string"}],"inLanguage":"en-US"},{"@type":"ImageObject","inLanguage":"en-US","@id":"https:\/\/www.visit-ulcinj.com\/blog\/2012\/12\/08\/stari-grad-svac-veo-misterije-trazi-dalja-istrazivanja\/#primaryimage","url":"https:\/\/www.visit-ulcinj.com\/blog\/wp-content\/uploads\/2012\/12\/Stari-grad-Svac_arheolozi-svac.jpg","contentUrl":"https:\/\/www.visit-ulcinj.com\/blog\/wp-content\/uploads\/2012\/12\/Stari-grad-Svac_arheolozi-svac.jpg","width":"640","height":"480"},{"@type":"WebPage","@id":"https:\/\/www.visit-ulcinj.com\/blog\/2012\/12\/08\/stari-grad-svac-veo-misterije-trazi-dalja-istrazivanja\/#webpage","url":"https:\/\/www.visit-ulcinj.com\/blog\/2012\/12\/08\/stari-grad-svac-veo-misterije-trazi-dalja-istrazivanja\/","name":"Stari grad Sva\u010d: Veo misterije tra\u017ei dalja istra\u017eivanja - Lajme nga Ulqini","isPartOf":{"@id":"https:\/\/www.visit-ulcinj.com\/blog\/#website"},"primaryImageOfPage":{"@id":"https:\/\/www.visit-ulcinj.com\/blog\/2012\/12\/08\/stari-grad-svac-veo-misterije-trazi-dalja-istrazivanja\/#primaryimage"},"datePublished":"2012-12-08T20:36:28+00:00","dateModified":"2012-12-13T09:16:01+00:00","author":{"@id":"https:\/\/www.visit-ulcinj.com\/blog\/#\/schema\/person\/dcab619c614d3038751c63bc2aadc06d"},"description":"ULCINJ -\u00a0 Zavr\u0161eno je \u0161ezdesetodnevno istra\u017eivanje arheolo\u0161kog lokaliteta Sva\u010d kod Ulcinja. Iskopavanja, koja su vo\u0111ena u okviru projekta \u201ePutevi","breadcrumb":{"@id":"https:\/\/www.visit-ulcinj.com\/blog\/2012\/12\/08\/stari-grad-svac-veo-misterije-trazi-dalja-istrazivanja\/#breadcrumb"},"inLanguage":"en-US","potentialAction":[{"@type":"ReadAction","target":["https:\/\/www.visit-ulcinj.com\/blog\/2012\/12\/08\/stari-grad-svac-veo-misterije-trazi-dalja-istrazivanja\/"]}]},{"@type":"BreadcrumbList","@id":"https:\/\/www.visit-ulcinj.com\/blog\/2012\/12\/08\/stari-grad-svac-veo-misterije-trazi-dalja-istrazivanja\/#breadcrumb","itemListElement":[{"@type":"ListItem","position":1,"name":"Stari grad Sva\u010d: Veo misterije tra\u017ei dalja istra\u017eivanja"}]},{"@type":"Person","@id":"https:\/\/www.visit-ulcinj.com\/blog\/#\/schema\/person\/dcab619c614d3038751c63bc2aadc06d","name":"ulqini","sameAs":["http:\/\/www.visit-ulcinj.com"],"url":"https:\/\/www.visit-ulcinj.com\/blog\/author\/admin\/"}]}},"jetpack_featured_media_url":"","jetpack_sharing_enabled":true,"jetpack_shortlink":"https:\/\/wp.me\/pe6lTn-hkN","_links":{"self":[{"href":"https:\/\/www.visit-ulcinj.com\/blog\/wp-json\/wp\/v2\/posts\/66637"}],"collection":[{"href":"https:\/\/www.visit-ulcinj.com\/blog\/wp-json\/wp\/v2\/posts"}],"about":[{"href":"https:\/\/www.visit-ulcinj.com\/blog\/wp-json\/wp\/v2\/types\/post"}],"author":[{"embeddable":true,"href":"https:\/\/www.visit-ulcinj.com\/blog\/wp-json\/wp\/v2\/users\/1"}],"replies":[{"embeddable":true,"href":"https:\/\/www.visit-ulcinj.com\/blog\/wp-json\/wp\/v2\/comments?post=66637"}],"version-history":[{"count":3,"href":"https:\/\/www.visit-ulcinj.com\/blog\/wp-json\/wp\/v2\/posts\/66637\/revisions"}],"predecessor-version":[{"id":66719,"href":"https:\/\/www.visit-ulcinj.com\/blog\/wp-json\/wp\/v2\/posts\/66637\/revisions\/66719"}],"wp:attachment":[{"href":"https:\/\/www.visit-ulcinj.com\/blog\/wp-json\/wp\/v2\/media?parent=66637"}],"wp:term":[{"taxonomy":"category","embeddable":true,"href":"https:\/\/www.visit-ulcinj.com\/blog\/wp-json\/wp\/v2\/categories?post=66637"},{"taxonomy":"post_tag","embeddable":true,"href":"https:\/\/www.visit-ulcinj.com\/blog\/wp-json\/wp\/v2\/tags?post=66637"}],"curies":[{"name":"wp","href":"https:\/\/api.w.org\/{rel}","templated":true}]}}