{"id":6664,"date":"2008-11-25T18:53:33","date_gmt":"2008-11-25T17:53:33","guid":{"rendered":"http:\/\/www.visit-ulcinj.com\/blog\/?p=6664"},"modified":"2008-11-25T18:53:33","modified_gmt":"2008-11-25T17:53:33","slug":"luka-drac-gusi-luku-bar-video","status":"publish","type":"post","link":"https:\/\/www.visit-ulcinj.com\/blog\/2008\/11\/25\/luka-drac-gusi-luku-bar-video\/","title":{"rendered":"Luka Dra? gu\u0161i Luku Bar &#8211; Video"},"content":{"rendered":"<p><a href=\"http:\/\/www.visit-ulcinj.com\/blog\/wp-content\/uploads\/2008\/11\/luka-bar.jpg\"><img loading=\"lazy\" class=\"alignleft size-medium wp-image-6665\" title=\"luka-bar\" src=\"http:\/\/www.visit-ulcinj.com\/blog\/wp-content\/uploads\/2008\/11\/luka-bar-300x153.jpg\" alt=\"\" width=\"402\" height=\"205\" srcset=\"https:\/\/www.visit-ulcinj.com\/blog\/wp-content\/uploads\/2008\/11\/luka-bar-300x153.jpg 300w, https:\/\/www.visit-ulcinj.com\/blog\/wp-content\/uploads\/2008\/11\/luka-bar.jpg 488w\" sizes=\"(max-width: 402px) 100vw, 402px\" \/><\/a>PODGORICA &#8211; Najve?a crnogorska pomorska kompanija Luka Bar suo?i?e se velikim padom poslovanja sredinom sljede?e godine, nakon \u0161to albanska Vlada zavr\u0161i i pusti u saobra?aj savremeni autoput luka Dra?- Pri\u0161tina.<br \/>\nNa taj na?in, najve?a albanska luka ?e biti pretvorena u glavnu regionalnu pomorsku kompaniju, koja ?e po svim karakteristikama, biti u znatnoj prednosti u odnosu na na\u0161u najve?u luku \u2013 tvrde dobro upu?eni sagovornici Republike. Da je stvar jako ozbiljna, svjedo?i podatak da Evropska investiciona banka (EIB) i EBRD stoje iza projekta rekonstrukcije luke Dra?, kojim se ta najve?a pomorska kompanija u \u201czemlji orlova\u201d pretvara u glavnu regionalnu ta?ku povezivanja. Plan evropskih banaka je da se luka Dra? modernizuje i uskladi sa evropskim standardima, dok ?e se narednim projektima unaprijediti infrastrukturu i usluge.<br \/>\nU EIB navode, da zapadni kraj Panevropskog transportnog koridora osam je upravo luka Dra?, a trebalo bi, kako tvrde u toj instituciji, da odigra su\u0161tinsku ulogu u ekonomskom razvoju zemlje i regiona zapadnog Balkana. Podsjetimo, ambiciozni plan rekonstrukcije dra?ke Luke, koji se sinhronizovano radi albanska Vlada sa gradnjom autoputa prema Kosovu, zapo?et je jo\u0161 prije tri godine. U tom periodu, crnogorska Vlada je bezuspje\u0161no poku\u0161avala da usvoji zakon o lukama, koalicioni partneri DPS i SDP su se prepucavali oko modela privatizacije Luke Bar, a vrijeme je neumitno prolazilo.<br \/>\nEpilog je da ?e Vlada krenuti u privatizaciju Luke Bar sljede?e godine, da u kompaniji jo\u0161 uvijek nije odre?en tehnolo\u0161ki vi\u0161ak, a ambiciozni projekat kontejnerskog voza na relaciji Budimpe\u0161ta \u2013Bar neslavno je okon?an. I to nije kraj. Projekat obnove i rekonstrukcije pruge Beograd-Bar, za ?iju realizaciju je bila ozbiljno zainteresovana italijanska Vlada, sada \u201ckupi pra\u0161inu\u201d u fiokama srpskog ministra Milutina Mrkonji?a. Luka Bar je projektovanog kapaciteta od pet miliona tona, ali nikada u istoriji u barskoj kompaniji nije ostvaren taj promet.<br \/>\nZbog toga, veoma naivno djeluju najave iz Vlade i Luke Bar da ?e na\u0161a kompanija biti centar za regionalni kontejnerski pretovar kineske robe, ako se ima u vidu \u0161ta se sve uradilo u rekonstrukciji na\u0161e luke.<br \/>\n<strong> Izvor \/ Republika <\/strong><\/p>\n<!--YouTube Error: bad URL entered-->\n","protected":false},"excerpt":{"rendered":"<p>PODGORICA &#8211; Najve?a crnogorska pomorska kompanija Luka Bar suo?i?e se velikim padom poslovanja sredinom sljede?e godine, nakon \u0161to albanska Vlada zavr\u0161i i pusti u saobra?aj savremeni autoput luka Dra?- Pri\u0161tina. Na taj na?in, najve?a albanska luka ?e biti pretvorena u glavnu regionalnu pomorsku kompaniju, koja ?e po svim karakteristikama, biti u znatnoj prednosti u odnosu [&hellip;]<\/p>\n","protected":false},"author":1,"featured_media":0,"comment_status":"open","ping_status":"closed","sticky":false,"template":"","format":"standard","meta":{"spay_email":"","jetpack_publicize_message":"","jetpack_is_tweetstorm":false,"jetpack_publicize_feature_enabled":true},"categories":[12],"tags":[1667,20,5138,5137],"jetpack_publicize_connections":[],"yoast_head":"<!-- This site is optimized with the Yoast SEO plugin v19.1 - https:\/\/yoast.com\/wordpress\/plugins\/seo\/ -->\n<title>Luka Dra? gu\u0161i Luku Bar - Video - Lajme nga Ulqini<\/title>\n<meta name=\"description\" content=\"PODGORICA - Najve?a crnogorska pomorska kompanija Luka Bar suo?i?e se velikim padom poslovanja sredinom sljede?e godine, nakon \u0161to albanska Vlada zavr\u0161i i\" \/>\n<meta name=\"robots\" content=\"index, follow, max-snippet:-1, max-image-preview:large, max-video-preview:-1\" \/>\n<link rel=\"canonical\" href=\"https:\/\/www.visit-ulcinj.com\/blog\/2008\/11\/25\/luka-drac-gusi-luku-bar-video\/\" \/>\n<meta property=\"og:locale\" content=\"en_US\" \/>\n<meta property=\"og:type\" content=\"article\" \/>\n<meta property=\"og:title\" content=\"Luka Dra? gu\u0161i Luku Bar - Video - Lajme nga Ulqini\" \/>\n<meta property=\"og:description\" content=\"PODGORICA - Najve?a crnogorska pomorska kompanija Luka Bar suo?i?e se velikim padom poslovanja sredinom sljede?e godine, nakon \u0161to albanska Vlada zavr\u0161i i\" \/>\n<meta property=\"og:url\" content=\"https:\/\/www.visit-ulcinj.com\/blog\/2008\/11\/25\/luka-drac-gusi-luku-bar-video\/\" \/>\n<meta property=\"og:site_name\" content=\"Lajme nga Ulqini\" \/>\n<meta property=\"article:published_time\" content=\"2008-11-25T17:53:33+00:00\" \/>\n<meta property=\"og:image\" content=\"http:\/\/www.visit-ulcinj.com\/blog\/wp-content\/uploads\/2008\/11\/luka-bar-300x153.jpg\" \/>\n<meta name=\"twitter:label1\" content=\"Written by\" \/>\n\t<meta name=\"twitter:data1\" content=\"ulqini\" \/>\n\t<meta name=\"twitter:label2\" content=\"Est. reading time\" \/>\n\t<meta name=\"twitter:data2\" content=\"2 minutes\" \/>\n<script type=\"application\/ld+json\" class=\"yoast-schema-graph\">{\"@context\":\"https:\/\/schema.org\",\"@graph\":[{\"@type\":\"WebSite\",\"@id\":\"https:\/\/www.visit-ulcinj.com\/blog\/#website\",\"url\":\"https:\/\/www.visit-ulcinj.com\/blog\/\",\"name\":\"Lajme nga Ulqini\",\"description\":\"Lajme,Vijesti,Ulqini,Ulqin,Crna Gora,Mali i Zi\",\"potentialAction\":[{\"@type\":\"SearchAction\",\"target\":{\"@type\":\"EntryPoint\",\"urlTemplate\":\"https:\/\/www.visit-ulcinj.com\/blog\/?s={search_term_string}\"},\"query-input\":\"required name=search_term_string\"}],\"inLanguage\":\"en-US\"},{\"@type\":\"ImageObject\",\"inLanguage\":\"en-US\",\"@id\":\"https:\/\/www.visit-ulcinj.com\/blog\/2008\/11\/25\/luka-drac-gusi-luku-bar-video\/#primaryimage\",\"url\":\"http:\/\/www.visit-ulcinj.com\/blog\/wp-content\/uploads\/2008\/11\/luka-bar-300x153.jpg\",\"contentUrl\":\"http:\/\/www.visit-ulcinj.com\/blog\/wp-content\/uploads\/2008\/11\/luka-bar-300x153.jpg\"},{\"@type\":\"WebPage\",\"@id\":\"https:\/\/www.visit-ulcinj.com\/blog\/2008\/11\/25\/luka-drac-gusi-luku-bar-video\/#webpage\",\"url\":\"https:\/\/www.visit-ulcinj.com\/blog\/2008\/11\/25\/luka-drac-gusi-luku-bar-video\/\",\"name\":\"Luka Dra? gu\u0161i Luku Bar - Video - Lajme nga Ulqini\",\"isPartOf\":{\"@id\":\"https:\/\/www.visit-ulcinj.com\/blog\/#website\"},\"primaryImageOfPage\":{\"@id\":\"https:\/\/www.visit-ulcinj.com\/blog\/2008\/11\/25\/luka-drac-gusi-luku-bar-video\/#primaryimage\"},\"datePublished\":\"2008-11-25T17:53:33+00:00\",\"dateModified\":\"2008-11-25T17:53:33+00:00\",\"author\":{\"@id\":\"https:\/\/www.visit-ulcinj.com\/blog\/#\/schema\/person\/dcab619c614d3038751c63bc2aadc06d\"},\"description\":\"PODGORICA - Najve?a crnogorska pomorska kompanija Luka Bar suo?i?e se velikim padom poslovanja sredinom sljede?e godine, nakon \u0161to albanska Vlada zavr\u0161i i\",\"breadcrumb\":{\"@id\":\"https:\/\/www.visit-ulcinj.com\/blog\/2008\/11\/25\/luka-drac-gusi-luku-bar-video\/#breadcrumb\"},\"inLanguage\":\"en-US\",\"potentialAction\":[{\"@type\":\"ReadAction\",\"target\":[\"https:\/\/www.visit-ulcinj.com\/blog\/2008\/11\/25\/luka-drac-gusi-luku-bar-video\/\"]}]},{\"@type\":\"BreadcrumbList\",\"@id\":\"https:\/\/www.visit-ulcinj.com\/blog\/2008\/11\/25\/luka-drac-gusi-luku-bar-video\/#breadcrumb\",\"itemListElement\":[{\"@type\":\"ListItem\",\"position\":1,\"name\":\"Luka Dra? gu\u0161i Luku Bar &#8211; Video\"}]},{\"@type\":\"Person\",\"@id\":\"https:\/\/www.visit-ulcinj.com\/blog\/#\/schema\/person\/dcab619c614d3038751c63bc2aadc06d\",\"name\":\"ulqini\",\"sameAs\":[\"http:\/\/www.visit-ulcinj.com\"],\"url\":\"https:\/\/www.visit-ulcinj.com\/blog\/author\/admin\/\"}]}<\/script>\n<!-- \/ Yoast SEO plugin. -->","yoast_head_json":{"title":"Luka Dra? gu\u0161i Luku Bar - Video - Lajme nga Ulqini","description":"PODGORICA - Najve?a crnogorska pomorska kompanija Luka Bar suo?i?e se velikim padom poslovanja sredinom sljede?e godine, nakon \u0161to albanska Vlada zavr\u0161i i","robots":{"index":"index","follow":"follow","max-snippet":"max-snippet:-1","max-image-preview":"max-image-preview:large","max-video-preview":"max-video-preview:-1"},"canonical":"https:\/\/www.visit-ulcinj.com\/blog\/2008\/11\/25\/luka-drac-gusi-luku-bar-video\/","og_locale":"en_US","og_type":"article","og_title":"Luka Dra? gu\u0161i Luku Bar - Video - Lajme nga Ulqini","og_description":"PODGORICA - Najve?a crnogorska pomorska kompanija Luka Bar suo?i?e se velikim padom poslovanja sredinom sljede?e godine, nakon \u0161to albanska Vlada zavr\u0161i i","og_url":"https:\/\/www.visit-ulcinj.com\/blog\/2008\/11\/25\/luka-drac-gusi-luku-bar-video\/","og_site_name":"Lajme nga Ulqini","article_published_time":"2008-11-25T17:53:33+00:00","og_image":[{"url":"http:\/\/www.visit-ulcinj.com\/blog\/wp-content\/uploads\/2008\/11\/luka-bar-300x153.jpg"}],"twitter_misc":{"Written by":"ulqini","Est. reading time":"2 minutes"},"schema":{"@context":"https:\/\/schema.org","@graph":[{"@type":"WebSite","@id":"https:\/\/www.visit-ulcinj.com\/blog\/#website","url":"https:\/\/www.visit-ulcinj.com\/blog\/","name":"Lajme nga Ulqini","description":"Lajme,Vijesti,Ulqini,Ulqin,Crna Gora,Mali i Zi","potentialAction":[{"@type":"SearchAction","target":{"@type":"EntryPoint","urlTemplate":"https:\/\/www.visit-ulcinj.com\/blog\/?s={search_term_string}"},"query-input":"required name=search_term_string"}],"inLanguage":"en-US"},{"@type":"ImageObject","inLanguage":"en-US","@id":"https:\/\/www.visit-ulcinj.com\/blog\/2008\/11\/25\/luka-drac-gusi-luku-bar-video\/#primaryimage","url":"http:\/\/www.visit-ulcinj.com\/blog\/wp-content\/uploads\/2008\/11\/luka-bar-300x153.jpg","contentUrl":"http:\/\/www.visit-ulcinj.com\/blog\/wp-content\/uploads\/2008\/11\/luka-bar-300x153.jpg"},{"@type":"WebPage","@id":"https:\/\/www.visit-ulcinj.com\/blog\/2008\/11\/25\/luka-drac-gusi-luku-bar-video\/#webpage","url":"https:\/\/www.visit-ulcinj.com\/blog\/2008\/11\/25\/luka-drac-gusi-luku-bar-video\/","name":"Luka Dra? gu\u0161i Luku Bar - Video - Lajme nga Ulqini","isPartOf":{"@id":"https:\/\/www.visit-ulcinj.com\/blog\/#website"},"primaryImageOfPage":{"@id":"https:\/\/www.visit-ulcinj.com\/blog\/2008\/11\/25\/luka-drac-gusi-luku-bar-video\/#primaryimage"},"datePublished":"2008-11-25T17:53:33+00:00","dateModified":"2008-11-25T17:53:33+00:00","author":{"@id":"https:\/\/www.visit-ulcinj.com\/blog\/#\/schema\/person\/dcab619c614d3038751c63bc2aadc06d"},"description":"PODGORICA - Najve?a crnogorska pomorska kompanija Luka Bar suo?i?e se velikim padom poslovanja sredinom sljede?e godine, nakon \u0161to albanska Vlada zavr\u0161i i","breadcrumb":{"@id":"https:\/\/www.visit-ulcinj.com\/blog\/2008\/11\/25\/luka-drac-gusi-luku-bar-video\/#breadcrumb"},"inLanguage":"en-US","potentialAction":[{"@type":"ReadAction","target":["https:\/\/www.visit-ulcinj.com\/blog\/2008\/11\/25\/luka-drac-gusi-luku-bar-video\/"]}]},{"@type":"BreadcrumbList","@id":"https:\/\/www.visit-ulcinj.com\/blog\/2008\/11\/25\/luka-drac-gusi-luku-bar-video\/#breadcrumb","itemListElement":[{"@type":"ListItem","position":1,"name":"Luka Dra? gu\u0161i Luku Bar &#8211; Video"}]},{"@type":"Person","@id":"https:\/\/www.visit-ulcinj.com\/blog\/#\/schema\/person\/dcab619c614d3038751c63bc2aadc06d","name":"ulqini","sameAs":["http:\/\/www.visit-ulcinj.com"],"url":"https:\/\/www.visit-ulcinj.com\/blog\/author\/admin\/"}]}},"jetpack_featured_media_url":"","jetpack_sharing_enabled":true,"jetpack_shortlink":"https:\/\/wp.me\/pe6lTn-1Ju","_links":{"self":[{"href":"https:\/\/www.visit-ulcinj.com\/blog\/wp-json\/wp\/v2\/posts\/6664"}],"collection":[{"href":"https:\/\/www.visit-ulcinj.com\/blog\/wp-json\/wp\/v2\/posts"}],"about":[{"href":"https:\/\/www.visit-ulcinj.com\/blog\/wp-json\/wp\/v2\/types\/post"}],"author":[{"embeddable":true,"href":"https:\/\/www.visit-ulcinj.com\/blog\/wp-json\/wp\/v2\/users\/1"}],"replies":[{"embeddable":true,"href":"https:\/\/www.visit-ulcinj.com\/blog\/wp-json\/wp\/v2\/comments?post=6664"}],"version-history":[{"count":0,"href":"https:\/\/www.visit-ulcinj.com\/blog\/wp-json\/wp\/v2\/posts\/6664\/revisions"}],"wp:attachment":[{"href":"https:\/\/www.visit-ulcinj.com\/blog\/wp-json\/wp\/v2\/media?parent=6664"}],"wp:term":[{"taxonomy":"category","embeddable":true,"href":"https:\/\/www.visit-ulcinj.com\/blog\/wp-json\/wp\/v2\/categories?post=6664"},{"taxonomy":"post_tag","embeddable":true,"href":"https:\/\/www.visit-ulcinj.com\/blog\/wp-json\/wp\/v2\/tags?post=6664"}],"curies":[{"name":"wp","href":"https:\/\/api.w.org\/{rel}","templated":true}]}}