{"id":66641,"date":"2012-12-10T11:31:22","date_gmt":"2012-12-10T10:31:22","guid":{"rendered":"http:\/\/www.visit-ulcinj.com\/blog\/?p=66641"},"modified":"2012-12-10T17:48:40","modified_gmt":"2012-12-10T16:48:40","slug":"bie-debora-e-pare-ne-kraje","status":"publish","type":"post","link":"https:\/\/www.visit-ulcinj.com\/blog\/2012\/12\/10\/bie-debora-e-pare-ne-kraje\/","title":{"rendered":"Bie d\u00ebbora e par\u00eb n\u00eb Kraj\u00eb"},"content":{"rendered":"<div id=\"attachment_66642\" style=\"width: 518px\" class=\"wp-caption alignleft\"><a href=\"http:\/\/www.visit-ulcinj.com\/blog\/wp-content\/uploads\/2012\/12\/Debora-e-pare-ne-Kraje-Ostros.jpg\"><img aria-describedby=\"caption-attachment-66642\" loading=\"lazy\" class=\" wp-image-66642  \" title=\"Debora e pare ne Kraje-Ostros\" src=\"http:\/\/www.visit-ulcinj.com\/blog\/wp-content\/uploads\/2012\/12\/Debora-e-pare-ne-Kraje-Ostros.jpg\" alt=\"\" width=\"508\" height=\"360\" \/><\/a><p id=\"caption-attachment-66642\" class=\"wp-caption-text\">Foto:G\u00ebzim Ibro\u00e7i<\/p><\/div>\n<p>Ulja e temperaturave dit\u00ebt e fundit ka b\u00ebr\u00eb q\u00eb n\u00eb veri dhe verilindje t\u00eb vendit t\u00eb Kraj\u00ebs t\u00eb bien flok\u00ebt e para t\u00eb d\u00ebbor\u00ebs. N\u00eb zonat malore bora ka nisur q\u00eb gjat\u00eb nat\u00ebs s\u00eb djeshme, duke mbuluar t\u00eb gjitha faqet e maleve me nj\u00eb shtres\u00eb deri n\u00eb 5 cm. K\u00ebshtu raportohen reshje d\u00ebbore n\u00eb zonat e thella malore n\u00eb qarkun e Kraj\u00ebs dhe fashatrave t\u00eb saja, n\u00eb lart\u00ebsin\u00eb mbi 800 metra mbi nivelin e detit. Trash\u00ebsia e bor\u00ebs n\u00eb zonat e thella t\u00eb Kraj\u00ebs\u00a0 shkon deri n\u00eb 5 cm. D\u00ebbora nuk ka shkaktuar ndonj\u00eb problem n\u00eb zhvillimin normal t\u00eb komunikacionit, edhe pse nga Komuna e Tivarit dhe institucionet p\u00ebrkat\u00ebse kan\u00eb deklaruar se ata jan\u00eb t\u00eb gatsh\u00ebm t\u00eb ballafaqohen me raste t\u00eb k\u00ebtilla eventuale.<br \/>\nSipas parashikimve, moti gjat\u00eb gjith\u00eb jav\u00ebs do t\u00eb jet\u00eb me shira n\u00eb t\u00eb gjith\u00eb territorin e vendit.Sot n\u00eb Mal t\u00eb Zi mbajti mot kryesisht i kthjell\u00ebt. Temperaturat n\u00eb or\u00ebn 13 u sh\u00ebnuan: n\u00eb Tivar e Herceg Novi 10 grad\u00eb, Podgoric\u00eb 8, Ulqin 7, Cetin\u00eb 3, Nikshiq 1, Zhablak -4, Plevle -6 dhe n\u00eb KOllashin -7 grad\u00eb.<br \/>\nSonte n\u00eb bregdet pritet mot kryesisht me shi, kurse n\u00eb pjes\u00ebn tjet\u00ebr t\u00eb vendit bor\u00eb.<\/p>\n<p>N\u00eb viset ul\u00ebta n\u00eb jug n\u00eb or\u00ebt e paradites t\u00eb reshurat e bor\u00ebs do t\u00eb kalojn\u00eb n\u00eb reshje t\u00eb dob\u00ebta shiu, kurse pasdite pritet kthjellim gradual. N\u00eb veri t\u00eb reshura dob\u00ebta bore do t\u00eb ket\u00eb edhe n\u00eb or\u00ebt e pasdites.<\/p>\n<p>Do t\u00eb fryj\u00eb er\u00eb e dob\u00ebt deri e mesme nga drejtimet e lindjes. Temperatura e m\u00ebngjesit prej -9 deri n\u00eb 3, kurse m\u00eb e larta e dit\u00ebs prej -7 deri n\u00eb 8 grad\u00eb.<\/p>\n<p>Shikoni k\u00ebto fotografi t\u00eb mrekullueshme nga gazetari i TV Teut\u00ebs z.G\u00ebzim Ibro\u00e7i.<\/p>\n\n\t\t<style type=\"text\/css\">\n\t\t\t#gallery-1 {\n\t\t\t\tmargin: auto;\n\t\t\t}\n\t\t\t#gallery-1 .gallery-item {\n\t\t\t\tfloat: left;\n\t\t\t\tmargin-top: 10px;\n\t\t\t\ttext-align: center;\n\t\t\t\twidth: 50%;\n\t\t\t}\n\t\t\t#gallery-1 img {\n\t\t\t\tborder: 2px solid #cfcfcf;\n\t\t\t}\n\t\t\t#gallery-1 .gallery-caption {\n\t\t\t\tmargin-left: 0;\n\t\t\t}\n\t\t\t\/* see gallery_shortcode() in wp-includes\/media.php *\/\n\t\t<\/style>\n\t\t<div id='gallery-1' class='gallery galleryid-66641 gallery-columns-2 gallery-size-thumbnail'><dl class='gallery-item'>\n\t\t\t<dt class='gallery-icon landscape'>\n\t\t\t\t<a href='https:\/\/www.visit-ulcinj.com\/blog\/wp-content\/uploads\/2012\/12\/Debora-e-pare-ne-Kraje-Ostros.jpg'><img width=\"150\" height=\"150\" src=\"https:\/\/www.visit-ulcinj.com\/blog\/wp-content\/uploads\/2012\/12\/Debora-e-pare-ne-Kraje-Ostros-150x150.jpg\" class=\"attachment-thumbnail size-thumbnail\" alt=\"\" loading=\"lazy\" \/><\/a>\n\t\t\t<\/dt><\/dl><dl class='gallery-item'>\n\t\t\t<dt class='gallery-icon landscape'>\n\t\t\t\t<a href='https:\/\/www.visit-ulcinj.com\/blog\/wp-content\/uploads\/2012\/12\/Debora-e-pare-ne-Kraje-Ostros.1.jpg'><img width=\"150\" height=\"150\" src=\"https:\/\/www.visit-ulcinj.com\/blog\/wp-content\/uploads\/2012\/12\/Debora-e-pare-ne-Kraje-Ostros.1-150x150.jpg\" class=\"attachment-thumbnail size-thumbnail\" alt=\"\" loading=\"lazy\" \/><\/a>\n\t\t\t<\/dt><\/dl><br style=\"clear: both\" \/><dl class='gallery-item'>\n\t\t\t<dt class='gallery-icon landscape'>\n\t\t\t\t<a href='https:\/\/www.visit-ulcinj.com\/blog\/wp-content\/uploads\/2012\/12\/Debora-e-pare-ne-Kraje-Ostros.2.jpg'><img width=\"150\" height=\"150\" src=\"https:\/\/www.visit-ulcinj.com\/blog\/wp-content\/uploads\/2012\/12\/Debora-e-pare-ne-Kraje-Ostros.2-150x150.jpg\" class=\"attachment-thumbnail size-thumbnail\" alt=\"\" loading=\"lazy\" \/><\/a>\n\t\t\t<\/dt><\/dl><dl class='gallery-item'>\n\t\t\t<dt class='gallery-icon landscape'>\n\t\t\t\t<a href='https:\/\/www.visit-ulcinj.com\/blog\/wp-content\/uploads\/2012\/12\/Debora-e-pare-ne-Kraje-Ostros.3.jpg'><img width=\"150\" height=\"150\" src=\"https:\/\/www.visit-ulcinj.com\/blog\/wp-content\/uploads\/2012\/12\/Debora-e-pare-ne-Kraje-Ostros.3-150x150.jpg\" class=\"attachment-thumbnail size-thumbnail\" alt=\"\" loading=\"lazy\" \/><\/a>\n\t\t\t<\/dt><\/dl><br style=\"clear: both\" \/>\n\t\t<\/div>\n\n","protected":false},"excerpt":{"rendered":"<p>Ulja e temperaturave dit\u00ebt e fundit ka b\u00ebr\u00eb q\u00eb n\u00eb veri dhe verilindje t\u00eb vendit t\u00eb Kraj\u00ebs t\u00eb bien flok\u00ebt e para t\u00eb d\u00ebbor\u00ebs. N\u00eb zonat malore bora ka nisur q\u00eb gjat\u00eb nat\u00ebs s\u00eb djeshme, duke mbuluar t\u00eb gjitha faqet e maleve me nj\u00eb shtres\u00eb deri n\u00eb 5 cm. K\u00ebshtu raportohen reshje d\u00ebbore n\u00eb zonat [&hellip;]<\/p>\n","protected":false},"author":1,"featured_media":0,"comment_status":"open","ping_status":"closed","sticky":false,"template":"","format":"standard","meta":{"spay_email":"","jetpack_publicize_message":"","jetpack_is_tweetstorm":false,"jetpack_publicize_feature_enabled":true},"categories":[1,14],"tags":[21601,21602,21600,1653,200],"jetpack_publicize_connections":[],"yoast_head":"<!-- This site is optimized with the Yoast SEO plugin v19.1 - https:\/\/yoast.com\/wordpress\/plugins\/seo\/ -->\n<title>Bie d\u00ebbora e par\u00eb n\u00eb Kraj\u00eb - Lajme nga Ulqini<\/title>\n<meta name=\"description\" content=\"Ulja e temperaturave dit\u00ebt e fundit ka b\u00ebr\u00eb q\u00eb n\u00eb veri dhe verilindje t\u00eb vendit t\u00eb Kraj\u00ebs t\u00eb bien flok\u00ebt e para t\u00eb d\u00ebbor\u00ebs. N\u00eb zonat malore bora ka nisur\" \/>\n<meta name=\"robots\" content=\"index, follow, max-snippet:-1, max-image-preview:large, max-video-preview:-1\" \/>\n<link rel=\"canonical\" href=\"https:\/\/www.visit-ulcinj.com\/blog\/2012\/12\/10\/bie-debora-e-pare-ne-kraje\/\" \/>\n<meta property=\"og:locale\" content=\"en_US\" \/>\n<meta property=\"og:type\" content=\"article\" \/>\n<meta property=\"og:title\" content=\"Bie d\u00ebbora e par\u00eb n\u00eb Kraj\u00eb - Lajme nga Ulqini\" \/>\n<meta property=\"og:description\" content=\"Ulja e temperaturave dit\u00ebt e fundit ka b\u00ebr\u00eb q\u00eb n\u00eb veri dhe verilindje t\u00eb vendit t\u00eb Kraj\u00ebs t\u00eb bien flok\u00ebt e para t\u00eb d\u00ebbor\u00ebs. N\u00eb zonat malore bora ka nisur\" \/>\n<meta property=\"og:url\" content=\"https:\/\/www.visit-ulcinj.com\/blog\/2012\/12\/10\/bie-debora-e-pare-ne-kraje\/\" \/>\n<meta property=\"og:site_name\" content=\"Lajme nga Ulqini\" \/>\n<meta property=\"article:published_time\" content=\"2012-12-10T10:31:22+00:00\" \/>\n<meta property=\"article:modified_time\" content=\"2012-12-10T16:48:40+00:00\" \/>\n<meta property=\"og:image\" content=\"https:\/\/www.visit-ulcinj.com\/blog\/wp-content\/uploads\/2012\/12\/Debora-e-pare-ne-Kraje-Ostros-150x150.jpg\" \/>\n<meta name=\"twitter:label1\" content=\"Written by\" \/>\n\t<meta name=\"twitter:data1\" content=\"ulqini\" \/>\n\t<meta name=\"twitter:label2\" content=\"Est. reading time\" \/>\n\t<meta name=\"twitter:data2\" content=\"2 minutes\" \/>\n<script type=\"application\/ld+json\" class=\"yoast-schema-graph\">{\"@context\":\"https:\/\/schema.org\",\"@graph\":[{\"@type\":\"WebSite\",\"@id\":\"https:\/\/www.visit-ulcinj.com\/blog\/#website\",\"url\":\"https:\/\/www.visit-ulcinj.com\/blog\/\",\"name\":\"Lajme nga Ulqini\",\"description\":\"Lajme,Vijesti,Ulqini,Ulqin,Crna Gora,Mali i Zi\",\"potentialAction\":[{\"@type\":\"SearchAction\",\"target\":{\"@type\":\"EntryPoint\",\"urlTemplate\":\"https:\/\/www.visit-ulcinj.com\/blog\/?s={search_term_string}\"},\"query-input\":\"required name=search_term_string\"}],\"inLanguage\":\"en-US\"},{\"@type\":\"ImageObject\",\"inLanguage\":\"en-US\",\"@id\":\"https:\/\/www.visit-ulcinj.com\/blog\/2012\/12\/10\/bie-debora-e-pare-ne-kraje\/#primaryimage\",\"url\":\"https:\/\/www.visit-ulcinj.com\/blog\/wp-content\/uploads\/2012\/12\/Debora-e-pare-ne-Kraje-Ostros.jpg\",\"contentUrl\":\"https:\/\/www.visit-ulcinj.com\/blog\/wp-content\/uploads\/2012\/12\/Debora-e-pare-ne-Kraje-Ostros.jpg\",\"width\":\"960\",\"height\":\"720\"},{\"@type\":\"WebPage\",\"@id\":\"https:\/\/www.visit-ulcinj.com\/blog\/2012\/12\/10\/bie-debora-e-pare-ne-kraje\/#webpage\",\"url\":\"https:\/\/www.visit-ulcinj.com\/blog\/2012\/12\/10\/bie-debora-e-pare-ne-kraje\/\",\"name\":\"Bie d\u00ebbora e par\u00eb n\u00eb Kraj\u00eb - Lajme nga Ulqini\",\"isPartOf\":{\"@id\":\"https:\/\/www.visit-ulcinj.com\/blog\/#website\"},\"primaryImageOfPage\":{\"@id\":\"https:\/\/www.visit-ulcinj.com\/blog\/2012\/12\/10\/bie-debora-e-pare-ne-kraje\/#primaryimage\"},\"datePublished\":\"2012-12-10T10:31:22+00:00\",\"dateModified\":\"2012-12-10T16:48:40+00:00\",\"author\":{\"@id\":\"https:\/\/www.visit-ulcinj.com\/blog\/#\/schema\/person\/dcab619c614d3038751c63bc2aadc06d\"},\"description\":\"Ulja e temperaturave dit\u00ebt e fundit ka b\u00ebr\u00eb q\u00eb n\u00eb veri dhe verilindje t\u00eb vendit t\u00eb Kraj\u00ebs t\u00eb bien flok\u00ebt e para t\u00eb d\u00ebbor\u00ebs. N\u00eb zonat malore bora ka nisur\",\"breadcrumb\":{\"@id\":\"https:\/\/www.visit-ulcinj.com\/blog\/2012\/12\/10\/bie-debora-e-pare-ne-kraje\/#breadcrumb\"},\"inLanguage\":\"en-US\",\"potentialAction\":[{\"@type\":\"ReadAction\",\"target\":[\"https:\/\/www.visit-ulcinj.com\/blog\/2012\/12\/10\/bie-debora-e-pare-ne-kraje\/\"]}]},{\"@type\":\"BreadcrumbList\",\"@id\":\"https:\/\/www.visit-ulcinj.com\/blog\/2012\/12\/10\/bie-debora-e-pare-ne-kraje\/#breadcrumb\",\"itemListElement\":[{\"@type\":\"ListItem\",\"position\":1,\"name\":\"Bie d\u00ebbora e par\u00eb n\u00eb Kraj\u00eb\"}]},{\"@type\":\"Person\",\"@id\":\"https:\/\/www.visit-ulcinj.com\/blog\/#\/schema\/person\/dcab619c614d3038751c63bc2aadc06d\",\"name\":\"ulqini\",\"sameAs\":[\"http:\/\/www.visit-ulcinj.com\"],\"url\":\"https:\/\/www.visit-ulcinj.com\/blog\/author\/admin\/\"}]}<\/script>\n<!-- \/ Yoast SEO plugin. -->","yoast_head_json":{"title":"Bie d\u00ebbora e par\u00eb n\u00eb Kraj\u00eb - Lajme nga Ulqini","description":"Ulja e temperaturave dit\u00ebt e fundit ka b\u00ebr\u00eb q\u00eb n\u00eb veri dhe verilindje t\u00eb vendit t\u00eb Kraj\u00ebs t\u00eb bien flok\u00ebt e para t\u00eb d\u00ebbor\u00ebs. N\u00eb zonat malore bora ka nisur","robots":{"index":"index","follow":"follow","max-snippet":"max-snippet:-1","max-image-preview":"max-image-preview:large","max-video-preview":"max-video-preview:-1"},"canonical":"https:\/\/www.visit-ulcinj.com\/blog\/2012\/12\/10\/bie-debora-e-pare-ne-kraje\/","og_locale":"en_US","og_type":"article","og_title":"Bie d\u00ebbora e par\u00eb n\u00eb Kraj\u00eb - Lajme nga Ulqini","og_description":"Ulja e temperaturave dit\u00ebt e fundit ka b\u00ebr\u00eb q\u00eb n\u00eb veri dhe verilindje t\u00eb vendit t\u00eb Kraj\u00ebs t\u00eb bien flok\u00ebt e para t\u00eb d\u00ebbor\u00ebs. N\u00eb zonat malore bora ka nisur","og_url":"https:\/\/www.visit-ulcinj.com\/blog\/2012\/12\/10\/bie-debora-e-pare-ne-kraje\/","og_site_name":"Lajme nga Ulqini","article_published_time":"2012-12-10T10:31:22+00:00","article_modified_time":"2012-12-10T16:48:40+00:00","og_image":[{"url":"https:\/\/www.visit-ulcinj.com\/blog\/wp-content\/uploads\/2012\/12\/Debora-e-pare-ne-Kraje-Ostros-150x150.jpg"}],"twitter_misc":{"Written by":"ulqini","Est. reading time":"2 minutes"},"schema":{"@context":"https:\/\/schema.org","@graph":[{"@type":"WebSite","@id":"https:\/\/www.visit-ulcinj.com\/blog\/#website","url":"https:\/\/www.visit-ulcinj.com\/blog\/","name":"Lajme nga Ulqini","description":"Lajme,Vijesti,Ulqini,Ulqin,Crna Gora,Mali i Zi","potentialAction":[{"@type":"SearchAction","target":{"@type":"EntryPoint","urlTemplate":"https:\/\/www.visit-ulcinj.com\/blog\/?s={search_term_string}"},"query-input":"required name=search_term_string"}],"inLanguage":"en-US"},{"@type":"ImageObject","inLanguage":"en-US","@id":"https:\/\/www.visit-ulcinj.com\/blog\/2012\/12\/10\/bie-debora-e-pare-ne-kraje\/#primaryimage","url":"https:\/\/www.visit-ulcinj.com\/blog\/wp-content\/uploads\/2012\/12\/Debora-e-pare-ne-Kraje-Ostros.jpg","contentUrl":"https:\/\/www.visit-ulcinj.com\/blog\/wp-content\/uploads\/2012\/12\/Debora-e-pare-ne-Kraje-Ostros.jpg","width":"960","height":"720"},{"@type":"WebPage","@id":"https:\/\/www.visit-ulcinj.com\/blog\/2012\/12\/10\/bie-debora-e-pare-ne-kraje\/#webpage","url":"https:\/\/www.visit-ulcinj.com\/blog\/2012\/12\/10\/bie-debora-e-pare-ne-kraje\/","name":"Bie d\u00ebbora e par\u00eb n\u00eb Kraj\u00eb - Lajme nga Ulqini","isPartOf":{"@id":"https:\/\/www.visit-ulcinj.com\/blog\/#website"},"primaryImageOfPage":{"@id":"https:\/\/www.visit-ulcinj.com\/blog\/2012\/12\/10\/bie-debora-e-pare-ne-kraje\/#primaryimage"},"datePublished":"2012-12-10T10:31:22+00:00","dateModified":"2012-12-10T16:48:40+00:00","author":{"@id":"https:\/\/www.visit-ulcinj.com\/blog\/#\/schema\/person\/dcab619c614d3038751c63bc2aadc06d"},"description":"Ulja e temperaturave dit\u00ebt e fundit ka b\u00ebr\u00eb q\u00eb n\u00eb veri dhe verilindje t\u00eb vendit t\u00eb Kraj\u00ebs t\u00eb bien flok\u00ebt e para t\u00eb d\u00ebbor\u00ebs. N\u00eb zonat malore bora ka nisur","breadcrumb":{"@id":"https:\/\/www.visit-ulcinj.com\/blog\/2012\/12\/10\/bie-debora-e-pare-ne-kraje\/#breadcrumb"},"inLanguage":"en-US","potentialAction":[{"@type":"ReadAction","target":["https:\/\/www.visit-ulcinj.com\/blog\/2012\/12\/10\/bie-debora-e-pare-ne-kraje\/"]}]},{"@type":"BreadcrumbList","@id":"https:\/\/www.visit-ulcinj.com\/blog\/2012\/12\/10\/bie-debora-e-pare-ne-kraje\/#breadcrumb","itemListElement":[{"@type":"ListItem","position":1,"name":"Bie d\u00ebbora e par\u00eb n\u00eb Kraj\u00eb"}]},{"@type":"Person","@id":"https:\/\/www.visit-ulcinj.com\/blog\/#\/schema\/person\/dcab619c614d3038751c63bc2aadc06d","name":"ulqini","sameAs":["http:\/\/www.visit-ulcinj.com"],"url":"https:\/\/www.visit-ulcinj.com\/blog\/author\/admin\/"}]}},"jetpack_featured_media_url":"","jetpack_sharing_enabled":true,"jetpack_shortlink":"https:\/\/wp.me\/pe6lTn-hkR","_links":{"self":[{"href":"https:\/\/www.visit-ulcinj.com\/blog\/wp-json\/wp\/v2\/posts\/66641"}],"collection":[{"href":"https:\/\/www.visit-ulcinj.com\/blog\/wp-json\/wp\/v2\/posts"}],"about":[{"href":"https:\/\/www.visit-ulcinj.com\/blog\/wp-json\/wp\/v2\/types\/post"}],"author":[{"embeddable":true,"href":"https:\/\/www.visit-ulcinj.com\/blog\/wp-json\/wp\/v2\/users\/1"}],"replies":[{"embeddable":true,"href":"https:\/\/www.visit-ulcinj.com\/blog\/wp-json\/wp\/v2\/comments?post=66641"}],"version-history":[{"count":3,"href":"https:\/\/www.visit-ulcinj.com\/blog\/wp-json\/wp\/v2\/posts\/66641\/revisions"}],"predecessor-version":[{"id":66656,"href":"https:\/\/www.visit-ulcinj.com\/blog\/wp-json\/wp\/v2\/posts\/66641\/revisions\/66656"}],"wp:attachment":[{"href":"https:\/\/www.visit-ulcinj.com\/blog\/wp-json\/wp\/v2\/media?parent=66641"}],"wp:term":[{"taxonomy":"category","embeddable":true,"href":"https:\/\/www.visit-ulcinj.com\/blog\/wp-json\/wp\/v2\/categories?post=66641"},{"taxonomy":"post_tag","embeddable":true,"href":"https:\/\/www.visit-ulcinj.com\/blog\/wp-json\/wp\/v2\/tags?post=66641"}],"curies":[{"name":"wp","href":"https:\/\/api.w.org\/{rel}","templated":true}]}}