{"id":66651,"date":"2012-12-10T17:37:11","date_gmt":"2012-12-10T16:37:11","guid":{"rendered":"http:\/\/www.visit-ulcinj.com\/blog\/?p=66651"},"modified":"2012-12-11T15:40:13","modified_gmt":"2012-12-11T14:40:13","slug":"klubi-i-karatese-ulqini-perseri-tregon-fuqine-e-vet","status":"publish","type":"post","link":"https:\/\/www.visit-ulcinj.com\/blog\/2012\/12\/10\/klubi-i-karatese-ulqini-perseri-tregon-fuqine-e-vet\/","title":{"rendered":"Klubi i karates\u00eb \u201cUlqini\u201d p\u00ebrs\u00ebri tregon fuqin\u00eb e vet"},"content":{"rendered":"<p><strong><a href=\"http:\/\/www.visit-ulcinj.com\/blog\/wp-content\/uploads\/2012\/12\/KLUBI-I-KARATES\u00cb-ULQINI.jpg\"><img loading=\"lazy\" class=\"alignleft  wp-image-66652\" title=\"KLUBI I KARATES\u00cb ULQINI\" src=\"http:\/\/www.visit-ulcinj.com\/blog\/wp-content\/uploads\/2012\/12\/KLUBI-I-KARATES\u00cb-ULQINI.jpg\" alt=\"\" width=\"300\" height=\"300\" \/><\/a>M\u00eb 02 dhjetor 2012 u mbajt Kupa e 33-t\u00eb e Karates\u00eb \u201cKup Oslobogjenja Podgorice\u201d, ku mor\u00ebn pjes\u00eb 23 klube me mbi 550 garues, nga Bosna e Hercegovina, Serbia, Kroacia, Maqedonia, Sllovenia, Holandia, Hungaria dhe klubet nga Mali i Zi.<\/strong><\/p>\n<div>KK \u201cUlqini\u201d n\u00eb k\u00ebt\u00eb turne mori pjes\u00eb me 47 garues, t\u00eb cil\u00ebt arrit\u00ebn t\u00eb fitojn\u00eb numrin m\u00eb t\u00eb madh t\u00eb medaljeve nga t\u00eb gjitha klubet e tjera pjes\u00ebmarr\u00ebse &#8211; gjithsej 57 medalje n\u00eb disiplinat ekipore dhe individuale: 24 t\u00eb arta, 18 t\u00eb argjendta, 15 t\u00eb bronzta dhe dy kupa.-\u00cbsht\u00eb ky nj\u00eb sukses i shk\u00eblqyesh\u00ebm dhe i mir\u00ebseardhur p\u00ebr Klubin ton\u00eb, duke ditur se turneu ishte mjaft i fort\u00eb, pasi q\u00eb mor\u00ebn pjes\u00eb shum\u00eb shtete dhe klube shum\u00eb t\u00eb fuqishme t\u00eb karates\u00eb. Ne n\u00eb k\u00ebt\u00eb turne nuk mor\u00ebm pjes\u00eb t\u00eb kompletuar me garues, sepse t\u00eb nj\u00ebjt\u00ebn dit\u00eb u mbajt Kampionati Mbar\u00ebkomb\u00ebtar i Karates\u00eb p\u00ebr Senior\u00eb n\u00eb Tiran\u00eb, n\u00eb t\u00eb cilin po ashtu ishim shum\u00eb t\u00eb suksessh\u00ebm.<\/p>\n<p>Deri n\u00eb fund t\u00eb sezonit t\u00eb dyt\u00eb t\u00eb garave nuk na kan\u00eb mbetur edhe shum\u00eb gara dhe mund t\u00eb themi se k\u00ebt\u00eb vit po e mbyllim me sukses shum\u00eb t\u00eb madh n\u00eb arenat vendore, komb\u00ebtare dhe ata nd\u00ebrkomb\u00ebtare.<\/p>\n<p>M\u00eb 22.12.2012 do t\u00eb mbahet Kampionati i Malit t\u00eb Zi p\u00ebr Pionier\u00eb, Kadet\u00eb, Junior\u00eb dhe Senior\u00eb t\u00eb rinj, ku dhe presim suksesin e radh\u00ebs nga garuesit ton\u00eb, t\u00eb cil\u00ebt jan\u00eb mjaft t\u00eb p\u00ebrgatitur. Po ashtu na pret dhe turneu i fundit p\u00ebr k\u00ebt\u00eb sezon n\u00eb Elbasan, Shqip\u00ebri, \u201cElbasani Open 2012\u201d, me t\u00eb cilin do t\u00eb mbyllim sezonin e dyt\u00eb t\u00eb vitit 2012, i cili ishte vit shum\u00eb i suksessh\u00ebm p\u00ebr ne, gjat\u00eb t\u00eb cilit mor\u00ebm pjes\u00eb n\u00eb 27 turne t\u00eb ndrysh\u00ebm, si n\u00eb vend, ashtu dhe jasht\u00eb vendit, duke qen\u00eb n\u00eb hap me m\u00eb t\u00eb mir\u00ebt, &#8211; shprehen t\u00eb k\u00ebnaqur udh\u00ebheq\u00ebsit dhe trajner\u00ebt e klubit p\u00ebr rezultatet e arritura n\u00eb vitin 2012.<\/p>\n<p><strong>Sh\u00ebrbimi informativ i Klubit t\u00eb Karates\u00eb \u201cUlqini\u201d<\/strong><\/p>\n<\/div>\n","protected":false},"excerpt":{"rendered":"<p>M\u00eb 02 dhjetor 2012 u mbajt Kupa e 33-t\u00eb e Karates\u00eb \u201cKup Oslobogjenja Podgorice\u201d, ku mor\u00ebn pjes\u00eb 23 klube me mbi 550 garues, nga Bosna e Hercegovina, Serbia, Kroacia, Maqedonia, Sllovenia, Holandia, Hungaria dhe klubet nga Mali i Zi. KK \u201cUlqini\u201d n\u00eb k\u00ebt\u00eb turne mori pjes\u00eb me 47 garues, t\u00eb cil\u00ebt arrit\u00ebn t\u00eb fitojn\u00eb numrin [&hellip;]<\/p>\n","protected":false},"author":1,"featured_media":0,"comment_status":"open","ping_status":"closed","sticky":false,"template":"","format":"standard","meta":{"spay_email":"","jetpack_publicize_message":"","jetpack_is_tweetstorm":false,"jetpack_publicize_feature_enabled":true},"categories":[1,3],"tags":[14707],"jetpack_publicize_connections":[],"yoast_head":"<!-- This site is optimized with the Yoast SEO plugin v19.1 - https:\/\/yoast.com\/wordpress\/plugins\/seo\/ -->\n<title>Klubi i karates\u00eb \u201cUlqini\u201d p\u00ebrs\u00ebri tregon fuqin\u00eb e vet - Lajme nga Ulqini<\/title>\n<meta name=\"description\" content=\"M\u00eb 02 dhjetor 2012 u mbajt Kupa e 33-t\u00eb e Karates\u00eb \u201cKup Oslobogjenja Podgorice\u201d, ku mor\u00ebn pjes\u00eb 23 klube me mbi 550 garues, nga Bosna e Hercegovina,\" \/>\n<meta name=\"robots\" content=\"index, follow, max-snippet:-1, max-image-preview:large, max-video-preview:-1\" \/>\n<link rel=\"canonical\" href=\"https:\/\/www.visit-ulcinj.com\/blog\/2012\/12\/10\/klubi-i-karatese-ulqini-perseri-tregon-fuqine-e-vet\/\" \/>\n<meta property=\"og:locale\" content=\"en_US\" \/>\n<meta property=\"og:type\" content=\"article\" \/>\n<meta property=\"og:title\" content=\"Klubi i karates\u00eb \u201cUlqini\u201d p\u00ebrs\u00ebri tregon fuqin\u00eb e vet - Lajme nga Ulqini\" \/>\n<meta property=\"og:description\" content=\"M\u00eb 02 dhjetor 2012 u mbajt Kupa e 33-t\u00eb e Karates\u00eb \u201cKup Oslobogjenja Podgorice\u201d, ku mor\u00ebn pjes\u00eb 23 klube me mbi 550 garues, nga Bosna e Hercegovina,\" \/>\n<meta property=\"og:url\" content=\"https:\/\/www.visit-ulcinj.com\/blog\/2012\/12\/10\/klubi-i-karatese-ulqini-perseri-tregon-fuqine-e-vet\/\" \/>\n<meta property=\"og:site_name\" content=\"Lajme nga Ulqini\" \/>\n<meta property=\"article:published_time\" content=\"2012-12-10T16:37:11+00:00\" \/>\n<meta property=\"article:modified_time\" content=\"2012-12-11T14:40:13+00:00\" \/>\n<meta name=\"twitter:label1\" content=\"Written by\" \/>\n\t<meta name=\"twitter:data1\" content=\"ulqini\" \/>\n\t<meta name=\"twitter:label2\" content=\"Est. reading time\" \/>\n\t<meta name=\"twitter:data2\" content=\"2 minutes\" \/>\n<script type=\"application\/ld+json\" class=\"yoast-schema-graph\">{\"@context\":\"https:\/\/schema.org\",\"@graph\":[{\"@type\":\"WebSite\",\"@id\":\"https:\/\/www.visit-ulcinj.com\/blog\/#website\",\"url\":\"https:\/\/www.visit-ulcinj.com\/blog\/\",\"name\":\"Lajme nga Ulqini\",\"description\":\"Lajme,Vijesti,Ulqini,Ulqin,Crna Gora,Mali i Zi\",\"potentialAction\":[{\"@type\":\"SearchAction\",\"target\":{\"@type\":\"EntryPoint\",\"urlTemplate\":\"https:\/\/www.visit-ulcinj.com\/blog\/?s={search_term_string}\"},\"query-input\":\"required name=search_term_string\"}],\"inLanguage\":\"en-US\"},{\"@type\":\"WebPage\",\"@id\":\"https:\/\/www.visit-ulcinj.com\/blog\/2012\/12\/10\/klubi-i-karatese-ulqini-perseri-tregon-fuqine-e-vet\/#webpage\",\"url\":\"https:\/\/www.visit-ulcinj.com\/blog\/2012\/12\/10\/klubi-i-karatese-ulqini-perseri-tregon-fuqine-e-vet\/\",\"name\":\"Klubi i karates\u00eb \u201cUlqini\u201d p\u00ebrs\u00ebri tregon fuqin\u00eb e vet - Lajme nga Ulqini\",\"isPartOf\":{\"@id\":\"https:\/\/www.visit-ulcinj.com\/blog\/#website\"},\"datePublished\":\"2012-12-10T16:37:11+00:00\",\"dateModified\":\"2012-12-11T14:40:13+00:00\",\"author\":{\"@id\":\"https:\/\/www.visit-ulcinj.com\/blog\/#\/schema\/person\/dcab619c614d3038751c63bc2aadc06d\"},\"description\":\"M\u00eb 02 dhjetor 2012 u mbajt Kupa e 33-t\u00eb e Karates\u00eb \u201cKup Oslobogjenja Podgorice\u201d, ku mor\u00ebn pjes\u00eb 23 klube me mbi 550 garues, nga Bosna e Hercegovina,\",\"breadcrumb\":{\"@id\":\"https:\/\/www.visit-ulcinj.com\/blog\/2012\/12\/10\/klubi-i-karatese-ulqini-perseri-tregon-fuqine-e-vet\/#breadcrumb\"},\"inLanguage\":\"en-US\",\"potentialAction\":[{\"@type\":\"ReadAction\",\"target\":[\"https:\/\/www.visit-ulcinj.com\/blog\/2012\/12\/10\/klubi-i-karatese-ulqini-perseri-tregon-fuqine-e-vet\/\"]}]},{\"@type\":\"BreadcrumbList\",\"@id\":\"https:\/\/www.visit-ulcinj.com\/blog\/2012\/12\/10\/klubi-i-karatese-ulqini-perseri-tregon-fuqine-e-vet\/#breadcrumb\",\"itemListElement\":[{\"@type\":\"ListItem\",\"position\":1,\"name\":\"Klubi i karates\u00eb \u201cUlqini\u201d p\u00ebrs\u00ebri tregon fuqin\u00eb e vet\"}]},{\"@type\":\"Person\",\"@id\":\"https:\/\/www.visit-ulcinj.com\/blog\/#\/schema\/person\/dcab619c614d3038751c63bc2aadc06d\",\"name\":\"ulqini\",\"sameAs\":[\"http:\/\/www.visit-ulcinj.com\"],\"url\":\"https:\/\/www.visit-ulcinj.com\/blog\/author\/admin\/\"}]}<\/script>\n<!-- \/ Yoast SEO plugin. -->","yoast_head_json":{"title":"Klubi i karates\u00eb \u201cUlqini\u201d p\u00ebrs\u00ebri tregon fuqin\u00eb e vet - Lajme nga Ulqini","description":"M\u00eb 02 dhjetor 2012 u mbajt Kupa e 33-t\u00eb e Karates\u00eb \u201cKup Oslobogjenja Podgorice\u201d, ku mor\u00ebn pjes\u00eb 23 klube me mbi 550 garues, nga Bosna e Hercegovina,","robots":{"index":"index","follow":"follow","max-snippet":"max-snippet:-1","max-image-preview":"max-image-preview:large","max-video-preview":"max-video-preview:-1"},"canonical":"https:\/\/www.visit-ulcinj.com\/blog\/2012\/12\/10\/klubi-i-karatese-ulqini-perseri-tregon-fuqine-e-vet\/","og_locale":"en_US","og_type":"article","og_title":"Klubi i karates\u00eb \u201cUlqini\u201d p\u00ebrs\u00ebri tregon fuqin\u00eb e vet - Lajme nga Ulqini","og_description":"M\u00eb 02 dhjetor 2012 u mbajt Kupa e 33-t\u00eb e Karates\u00eb \u201cKup Oslobogjenja Podgorice\u201d, ku mor\u00ebn pjes\u00eb 23 klube me mbi 550 garues, nga Bosna e Hercegovina,","og_url":"https:\/\/www.visit-ulcinj.com\/blog\/2012\/12\/10\/klubi-i-karatese-ulqini-perseri-tregon-fuqine-e-vet\/","og_site_name":"Lajme nga Ulqini","article_published_time":"2012-12-10T16:37:11+00:00","article_modified_time":"2012-12-11T14:40:13+00:00","twitter_misc":{"Written by":"ulqini","Est. reading time":"2 minutes"},"schema":{"@context":"https:\/\/schema.org","@graph":[{"@type":"WebSite","@id":"https:\/\/www.visit-ulcinj.com\/blog\/#website","url":"https:\/\/www.visit-ulcinj.com\/blog\/","name":"Lajme nga Ulqini","description":"Lajme,Vijesti,Ulqini,Ulqin,Crna Gora,Mali i Zi","potentialAction":[{"@type":"SearchAction","target":{"@type":"EntryPoint","urlTemplate":"https:\/\/www.visit-ulcinj.com\/blog\/?s={search_term_string}"},"query-input":"required name=search_term_string"}],"inLanguage":"en-US"},{"@type":"WebPage","@id":"https:\/\/www.visit-ulcinj.com\/blog\/2012\/12\/10\/klubi-i-karatese-ulqini-perseri-tregon-fuqine-e-vet\/#webpage","url":"https:\/\/www.visit-ulcinj.com\/blog\/2012\/12\/10\/klubi-i-karatese-ulqini-perseri-tregon-fuqine-e-vet\/","name":"Klubi i karates\u00eb \u201cUlqini\u201d p\u00ebrs\u00ebri tregon fuqin\u00eb e vet - Lajme nga Ulqini","isPartOf":{"@id":"https:\/\/www.visit-ulcinj.com\/blog\/#website"},"datePublished":"2012-12-10T16:37:11+00:00","dateModified":"2012-12-11T14:40:13+00:00","author":{"@id":"https:\/\/www.visit-ulcinj.com\/blog\/#\/schema\/person\/dcab619c614d3038751c63bc2aadc06d"},"description":"M\u00eb 02 dhjetor 2012 u mbajt Kupa e 33-t\u00eb e Karates\u00eb \u201cKup Oslobogjenja Podgorice\u201d, ku mor\u00ebn pjes\u00eb 23 klube me mbi 550 garues, nga Bosna e Hercegovina,","breadcrumb":{"@id":"https:\/\/www.visit-ulcinj.com\/blog\/2012\/12\/10\/klubi-i-karatese-ulqini-perseri-tregon-fuqine-e-vet\/#breadcrumb"},"inLanguage":"en-US","potentialAction":[{"@type":"ReadAction","target":["https:\/\/www.visit-ulcinj.com\/blog\/2012\/12\/10\/klubi-i-karatese-ulqini-perseri-tregon-fuqine-e-vet\/"]}]},{"@type":"BreadcrumbList","@id":"https:\/\/www.visit-ulcinj.com\/blog\/2012\/12\/10\/klubi-i-karatese-ulqini-perseri-tregon-fuqine-e-vet\/#breadcrumb","itemListElement":[{"@type":"ListItem","position":1,"name":"Klubi i karates\u00eb \u201cUlqini\u201d p\u00ebrs\u00ebri tregon fuqin\u00eb e vet"}]},{"@type":"Person","@id":"https:\/\/www.visit-ulcinj.com\/blog\/#\/schema\/person\/dcab619c614d3038751c63bc2aadc06d","name":"ulqini","sameAs":["http:\/\/www.visit-ulcinj.com"],"url":"https:\/\/www.visit-ulcinj.com\/blog\/author\/admin\/"}]}},"jetpack_featured_media_url":"","jetpack_sharing_enabled":true,"jetpack_shortlink":"https:\/\/wp.me\/pe6lTn-hl1","_links":{"self":[{"href":"https:\/\/www.visit-ulcinj.com\/blog\/wp-json\/wp\/v2\/posts\/66651"}],"collection":[{"href":"https:\/\/www.visit-ulcinj.com\/blog\/wp-json\/wp\/v2\/posts"}],"about":[{"href":"https:\/\/www.visit-ulcinj.com\/blog\/wp-json\/wp\/v2\/types\/post"}],"author":[{"embeddable":true,"href":"https:\/\/www.visit-ulcinj.com\/blog\/wp-json\/wp\/v2\/users\/1"}],"replies":[{"embeddable":true,"href":"https:\/\/www.visit-ulcinj.com\/blog\/wp-json\/wp\/v2\/comments?post=66651"}],"version-history":[{"count":3,"href":"https:\/\/www.visit-ulcinj.com\/blog\/wp-json\/wp\/v2\/posts\/66651\/revisions"}],"predecessor-version":[{"id":66654,"href":"https:\/\/www.visit-ulcinj.com\/blog\/wp-json\/wp\/v2\/posts\/66651\/revisions\/66654"}],"wp:attachment":[{"href":"https:\/\/www.visit-ulcinj.com\/blog\/wp-json\/wp\/v2\/media?parent=66651"}],"wp:term":[{"taxonomy":"category","embeddable":true,"href":"https:\/\/www.visit-ulcinj.com\/blog\/wp-json\/wp\/v2\/categories?post=66651"},{"taxonomy":"post_tag","embeddable":true,"href":"https:\/\/www.visit-ulcinj.com\/blog\/wp-json\/wp\/v2\/tags?post=66651"}],"curies":[{"name":"wp","href":"https:\/\/api.w.org\/{rel}","templated":true}]}}