{"id":66657,"date":"2012-12-10T18:00:24","date_gmt":"2012-12-10T17:00:24","guid":{"rendered":"http:\/\/www.visit-ulcinj.com\/blog\/?p=66657"},"modified":"2012-12-10T18:00:24","modified_gmt":"2012-12-10T17:00:24","slug":"videoja-e-re-e-rita-ores-radioactive","status":"publish","type":"post","link":"https:\/\/www.visit-ulcinj.com\/blog\/2012\/12\/10\/videoja-e-re-e-rita-ores-radioactive\/","title":{"rendered":"Videoja e re e Rita Or\u00ebs \u201cRadioactive\u201d"},"content":{"rendered":"<p><a href=\"http:\/\/www.visit-ulcinj.com\/blog\/wp-content\/uploads\/2012\/12\/Rita-Ora-radioaktive.jpg\"><img loading=\"lazy\" class=\"alignleft  wp-image-66658\" title=\"Rita Ora-radioaktive\" src=\"http:\/\/www.visit-ulcinj.com\/blog\/wp-content\/uploads\/2012\/12\/Rita-Ora-radioaktive.jpg\" alt=\"\" width=\"508\" height=\"360\" \/><\/a>K\u00ebng\u00ebtarja shqiptare, Rita Ora ka publikuar videon e saj m\u00eb t\u00eb re \u201cRadioactive\u201d.<\/p>\n<p>Me nj\u00eb videoklip ndryshe nga \u00e7far\u00eb e \u00ebsht\u00eb paraqitur m\u00eb par\u00eb, ajo duket m\u00eb sensuale dhe provokuese.<\/p>\n<p>Kjo k\u00ebng\u00eb vjen s\u00ebrish si prodhim i \u201cRoc Nation\u201d dhe ka nisur t\u00eb ndiqet dhe t\u00eb komentohet mjaft nga fansat e Or\u00ebs n\u00eb YouTube.<\/p>\n<p>Ndon\u00ebse k\u00ebto koh\u00eb Rita \u00ebsht\u00eb diskutuar mjaft n\u00eb media p\u00ebr shkak t\u00eb historis\u00eb s\u00eb saj me Rob Kardashian, nuk e ka penguar k\u00ebng\u00ebtaren t\u00eb vijoj\u00eb me karrier\u00ebn duke ndezur para pak dit\u00ebsh gjysm\u00eb-finalen e X-Factor Britani dhe tani duke publikuar videon m\u00eb t\u00eb re.<\/p>\n<p>Nd\u00ebrsa p\u00ebr shkak se kompania q\u00eb merret me menaxhimin e postimit t\u00eb videok\u00ebng\u00ebve t\u00eb Rit\u00ebs n\u00eb YouTube, nuk e ka ngarkuar \u201cUpload\u201d k\u00ebt\u00eb video p\u00ebr vendin ton\u00eb, fatkeq\u00ebsisht ne nuk kemi mundur paraditen e dit\u00ebs s\u00eb sotme ta shikojm\u00eb videon e re.<\/p>\n<p><iframe loading=\"lazy\" width=\"508\" height=\"360\" src=\"http:\/\/www.youtube.com\/embed\/65sR3I61ZFw?rel=0\" frameborder=\"0\" allowfullscreen><\/iframe><\/p>\n","protected":false},"excerpt":{"rendered":"<p>K\u00ebng\u00ebtarja shqiptare, Rita Ora ka publikuar videon e saj m\u00eb t\u00eb re \u201cRadioactive\u201d. Me nj\u00eb videoklip ndryshe nga \u00e7far\u00eb e \u00ebsht\u00eb paraqitur m\u00eb par\u00eb, ajo duket m\u00eb sensuale dhe provokuese. Kjo k\u00ebng\u00eb vjen s\u00ebrish si prodhim i \u201cRoc Nation\u201d dhe ka nisur t\u00eb ndiqet dhe t\u00eb komentohet mjaft nga fansat e Or\u00ebs n\u00eb YouTube. Ndon\u00ebse [&hellip;]<\/p>\n","protected":false},"author":1,"featured_media":0,"comment_status":"open","ping_status":"closed","sticky":false,"template":"","format":"standard","meta":{"spay_email":"","jetpack_publicize_message":"","jetpack_is_tweetstorm":false,"jetpack_publicize_feature_enabled":true},"categories":[1],"tags":[21603,13349],"jetpack_publicize_connections":[],"yoast_head":"<!-- This site is optimized with the Yoast SEO plugin v19.1 - https:\/\/yoast.com\/wordpress\/plugins\/seo\/ -->\n<title>Videoja e re e Rita Or\u00ebs \u201cRadioactive\u201d - Lajme nga Ulqini<\/title>\n<meta name=\"description\" content=\"K\u00ebng\u00ebtarja shqiptare, Rita Ora ka publikuar videon e saj m\u00eb t\u00eb re \u201cRadioactive\u201d. Me nj\u00eb videoklip ndryshe nga \u00e7far\u00eb e \u00ebsht\u00eb paraqitur m\u00eb par\u00eb, ajo duket\" \/>\n<meta name=\"robots\" content=\"index, follow, max-snippet:-1, max-image-preview:large, max-video-preview:-1\" \/>\n<link rel=\"canonical\" href=\"https:\/\/www.visit-ulcinj.com\/blog\/2012\/12\/10\/videoja-e-re-e-rita-ores-radioactive\/\" \/>\n<meta property=\"og:locale\" content=\"en_US\" \/>\n<meta property=\"og:type\" content=\"article\" \/>\n<meta property=\"og:title\" content=\"Videoja e re e Rita Or\u00ebs \u201cRadioactive\u201d - Lajme nga Ulqini\" \/>\n<meta property=\"og:description\" content=\"K\u00ebng\u00ebtarja shqiptare, Rita Ora ka publikuar videon e saj m\u00eb t\u00eb re \u201cRadioactive\u201d. Me nj\u00eb videoklip ndryshe nga \u00e7far\u00eb e \u00ebsht\u00eb paraqitur m\u00eb par\u00eb, ajo duket\" \/>\n<meta property=\"og:url\" content=\"https:\/\/www.visit-ulcinj.com\/blog\/2012\/12\/10\/videoja-e-re-e-rita-ores-radioactive\/\" \/>\n<meta property=\"og:site_name\" content=\"Lajme nga Ulqini\" \/>\n<meta property=\"article:published_time\" content=\"2012-12-10T17:00:24+00:00\" \/>\n<meta property=\"og:image\" content=\"http:\/\/www.visit-ulcinj.com\/blog\/wp-content\/uploads\/2012\/12\/Rita-Ora-radioaktive.jpg\" \/>\n<meta name=\"twitter:label1\" content=\"Written by\" \/>\n\t<meta name=\"twitter:data1\" content=\"ulqini\" \/>\n\t<meta name=\"twitter:label2\" content=\"Est. reading time\" \/>\n\t<meta name=\"twitter:data2\" content=\"1 minute\" \/>\n<script type=\"application\/ld+json\" class=\"yoast-schema-graph\">{\"@context\":\"https:\/\/schema.org\",\"@graph\":[{\"@type\":\"WebSite\",\"@id\":\"https:\/\/www.visit-ulcinj.com\/blog\/#website\",\"url\":\"https:\/\/www.visit-ulcinj.com\/blog\/\",\"name\":\"Lajme nga Ulqini\",\"description\":\"Lajme,Vijesti,Ulqini,Ulqin,Crna Gora,Mali i Zi\",\"potentialAction\":[{\"@type\":\"SearchAction\",\"target\":{\"@type\":\"EntryPoint\",\"urlTemplate\":\"https:\/\/www.visit-ulcinj.com\/blog\/?s={search_term_string}\"},\"query-input\":\"required name=search_term_string\"}],\"inLanguage\":\"en-US\"},{\"@type\":\"ImageObject\",\"inLanguage\":\"en-US\",\"@id\":\"https:\/\/www.visit-ulcinj.com\/blog\/2012\/12\/10\/videoja-e-re-e-rita-ores-radioactive\/#primaryimage\",\"url\":\"http:\/\/www.visit-ulcinj.com\/blog\/wp-content\/uploads\/2012\/12\/Rita-Ora-radioaktive.jpg\",\"contentUrl\":\"http:\/\/www.visit-ulcinj.com\/blog\/wp-content\/uploads\/2012\/12\/Rita-Ora-radioaktive.jpg\"},{\"@type\":\"WebPage\",\"@id\":\"https:\/\/www.visit-ulcinj.com\/blog\/2012\/12\/10\/videoja-e-re-e-rita-ores-radioactive\/#webpage\",\"url\":\"https:\/\/www.visit-ulcinj.com\/blog\/2012\/12\/10\/videoja-e-re-e-rita-ores-radioactive\/\",\"name\":\"Videoja e re e Rita Or\u00ebs \u201cRadioactive\u201d - Lajme nga Ulqini\",\"isPartOf\":{\"@id\":\"https:\/\/www.visit-ulcinj.com\/blog\/#website\"},\"primaryImageOfPage\":{\"@id\":\"https:\/\/www.visit-ulcinj.com\/blog\/2012\/12\/10\/videoja-e-re-e-rita-ores-radioactive\/#primaryimage\"},\"datePublished\":\"2012-12-10T17:00:24+00:00\",\"dateModified\":\"2012-12-10T17:00:24+00:00\",\"author\":{\"@id\":\"https:\/\/www.visit-ulcinj.com\/blog\/#\/schema\/person\/dcab619c614d3038751c63bc2aadc06d\"},\"description\":\"K\u00ebng\u00ebtarja shqiptare, Rita Ora ka publikuar videon e saj m\u00eb t\u00eb re \u201cRadioactive\u201d. Me nj\u00eb videoklip ndryshe nga \u00e7far\u00eb e \u00ebsht\u00eb paraqitur m\u00eb par\u00eb, ajo duket\",\"breadcrumb\":{\"@id\":\"https:\/\/www.visit-ulcinj.com\/blog\/2012\/12\/10\/videoja-e-re-e-rita-ores-radioactive\/#breadcrumb\"},\"inLanguage\":\"en-US\",\"potentialAction\":[{\"@type\":\"ReadAction\",\"target\":[\"https:\/\/www.visit-ulcinj.com\/blog\/2012\/12\/10\/videoja-e-re-e-rita-ores-radioactive\/\"]}]},{\"@type\":\"BreadcrumbList\",\"@id\":\"https:\/\/www.visit-ulcinj.com\/blog\/2012\/12\/10\/videoja-e-re-e-rita-ores-radioactive\/#breadcrumb\",\"itemListElement\":[{\"@type\":\"ListItem\",\"position\":1,\"name\":\"Videoja e re e Rita Or\u00ebs \u201cRadioactive\u201d\"}]},{\"@type\":\"Person\",\"@id\":\"https:\/\/www.visit-ulcinj.com\/blog\/#\/schema\/person\/dcab619c614d3038751c63bc2aadc06d\",\"name\":\"ulqini\",\"sameAs\":[\"http:\/\/www.visit-ulcinj.com\"],\"url\":\"https:\/\/www.visit-ulcinj.com\/blog\/author\/admin\/\"}]}<\/script>\n<!-- \/ Yoast SEO plugin. -->","yoast_head_json":{"title":"Videoja e re e Rita Or\u00ebs \u201cRadioactive\u201d - Lajme nga Ulqini","description":"K\u00ebng\u00ebtarja shqiptare, Rita Ora ka publikuar videon e saj m\u00eb t\u00eb re \u201cRadioactive\u201d. Me nj\u00eb videoklip ndryshe nga \u00e7far\u00eb e \u00ebsht\u00eb paraqitur m\u00eb par\u00eb, ajo duket","robots":{"index":"index","follow":"follow","max-snippet":"max-snippet:-1","max-image-preview":"max-image-preview:large","max-video-preview":"max-video-preview:-1"},"canonical":"https:\/\/www.visit-ulcinj.com\/blog\/2012\/12\/10\/videoja-e-re-e-rita-ores-radioactive\/","og_locale":"en_US","og_type":"article","og_title":"Videoja e re e Rita Or\u00ebs \u201cRadioactive\u201d - Lajme nga Ulqini","og_description":"K\u00ebng\u00ebtarja shqiptare, Rita Ora ka publikuar videon e saj m\u00eb t\u00eb re \u201cRadioactive\u201d. Me nj\u00eb videoklip ndryshe nga \u00e7far\u00eb e \u00ebsht\u00eb paraqitur m\u00eb par\u00eb, ajo duket","og_url":"https:\/\/www.visit-ulcinj.com\/blog\/2012\/12\/10\/videoja-e-re-e-rita-ores-radioactive\/","og_site_name":"Lajme nga Ulqini","article_published_time":"2012-12-10T17:00:24+00:00","og_image":[{"url":"http:\/\/www.visit-ulcinj.com\/blog\/wp-content\/uploads\/2012\/12\/Rita-Ora-radioaktive.jpg"}],"twitter_misc":{"Written by":"ulqini","Est. reading time":"1 minute"},"schema":{"@context":"https:\/\/schema.org","@graph":[{"@type":"WebSite","@id":"https:\/\/www.visit-ulcinj.com\/blog\/#website","url":"https:\/\/www.visit-ulcinj.com\/blog\/","name":"Lajme nga Ulqini","description":"Lajme,Vijesti,Ulqini,Ulqin,Crna Gora,Mali i Zi","potentialAction":[{"@type":"SearchAction","target":{"@type":"EntryPoint","urlTemplate":"https:\/\/www.visit-ulcinj.com\/blog\/?s={search_term_string}"},"query-input":"required name=search_term_string"}],"inLanguage":"en-US"},{"@type":"ImageObject","inLanguage":"en-US","@id":"https:\/\/www.visit-ulcinj.com\/blog\/2012\/12\/10\/videoja-e-re-e-rita-ores-radioactive\/#primaryimage","url":"http:\/\/www.visit-ulcinj.com\/blog\/wp-content\/uploads\/2012\/12\/Rita-Ora-radioaktive.jpg","contentUrl":"http:\/\/www.visit-ulcinj.com\/blog\/wp-content\/uploads\/2012\/12\/Rita-Ora-radioaktive.jpg"},{"@type":"WebPage","@id":"https:\/\/www.visit-ulcinj.com\/blog\/2012\/12\/10\/videoja-e-re-e-rita-ores-radioactive\/#webpage","url":"https:\/\/www.visit-ulcinj.com\/blog\/2012\/12\/10\/videoja-e-re-e-rita-ores-radioactive\/","name":"Videoja e re e Rita Or\u00ebs \u201cRadioactive\u201d - Lajme nga Ulqini","isPartOf":{"@id":"https:\/\/www.visit-ulcinj.com\/blog\/#website"},"primaryImageOfPage":{"@id":"https:\/\/www.visit-ulcinj.com\/blog\/2012\/12\/10\/videoja-e-re-e-rita-ores-radioactive\/#primaryimage"},"datePublished":"2012-12-10T17:00:24+00:00","dateModified":"2012-12-10T17:00:24+00:00","author":{"@id":"https:\/\/www.visit-ulcinj.com\/blog\/#\/schema\/person\/dcab619c614d3038751c63bc2aadc06d"},"description":"K\u00ebng\u00ebtarja shqiptare, Rita Ora ka publikuar videon e saj m\u00eb t\u00eb re \u201cRadioactive\u201d. Me nj\u00eb videoklip ndryshe nga \u00e7far\u00eb e \u00ebsht\u00eb paraqitur m\u00eb par\u00eb, ajo duket","breadcrumb":{"@id":"https:\/\/www.visit-ulcinj.com\/blog\/2012\/12\/10\/videoja-e-re-e-rita-ores-radioactive\/#breadcrumb"},"inLanguage":"en-US","potentialAction":[{"@type":"ReadAction","target":["https:\/\/www.visit-ulcinj.com\/blog\/2012\/12\/10\/videoja-e-re-e-rita-ores-radioactive\/"]}]},{"@type":"BreadcrumbList","@id":"https:\/\/www.visit-ulcinj.com\/blog\/2012\/12\/10\/videoja-e-re-e-rita-ores-radioactive\/#breadcrumb","itemListElement":[{"@type":"ListItem","position":1,"name":"Videoja e re e Rita Or\u00ebs \u201cRadioactive\u201d"}]},{"@type":"Person","@id":"https:\/\/www.visit-ulcinj.com\/blog\/#\/schema\/person\/dcab619c614d3038751c63bc2aadc06d","name":"ulqini","sameAs":["http:\/\/www.visit-ulcinj.com"],"url":"https:\/\/www.visit-ulcinj.com\/blog\/author\/admin\/"}]}},"jetpack_featured_media_url":"","jetpack_sharing_enabled":true,"jetpack_shortlink":"https:\/\/wp.me\/pe6lTn-hl7","_links":{"self":[{"href":"https:\/\/www.visit-ulcinj.com\/blog\/wp-json\/wp\/v2\/posts\/66657"}],"collection":[{"href":"https:\/\/www.visit-ulcinj.com\/blog\/wp-json\/wp\/v2\/posts"}],"about":[{"href":"https:\/\/www.visit-ulcinj.com\/blog\/wp-json\/wp\/v2\/types\/post"}],"author":[{"embeddable":true,"href":"https:\/\/www.visit-ulcinj.com\/blog\/wp-json\/wp\/v2\/users\/1"}],"replies":[{"embeddable":true,"href":"https:\/\/www.visit-ulcinj.com\/blog\/wp-json\/wp\/v2\/comments?post=66657"}],"version-history":[{"count":1,"href":"https:\/\/www.visit-ulcinj.com\/blog\/wp-json\/wp\/v2\/posts\/66657\/revisions"}],"predecessor-version":[{"id":66659,"href":"https:\/\/www.visit-ulcinj.com\/blog\/wp-json\/wp\/v2\/posts\/66657\/revisions\/66659"}],"wp:attachment":[{"href":"https:\/\/www.visit-ulcinj.com\/blog\/wp-json\/wp\/v2\/media?parent=66657"}],"wp:term":[{"taxonomy":"category","embeddable":true,"href":"https:\/\/www.visit-ulcinj.com\/blog\/wp-json\/wp\/v2\/categories?post=66657"},{"taxonomy":"post_tag","embeddable":true,"href":"https:\/\/www.visit-ulcinj.com\/blog\/wp-json\/wp\/v2\/tags?post=66657"}],"curies":[{"name":"wp","href":"https:\/\/api.w.org\/{rel}","templated":true}]}}