{"id":66663,"date":"2012-12-10T18:53:06","date_gmt":"2012-12-10T17:53:06","guid":{"rendered":"http:\/\/www.visit-ulcinj.com\/blog\/?p=66663"},"modified":"2012-12-10T18:53:06","modified_gmt":"2012-12-10T17:53:06","slug":"elvana-gjata-feja-e-shqiptarit-eshte-shqiptaria","status":"publish","type":"post","link":"https:\/\/www.visit-ulcinj.com\/blog\/2012\/12\/10\/elvana-gjata-feja-e-shqiptarit-eshte-shqiptaria\/","title":{"rendered":"Elvana Gjata: Feja e shqiptarit \u00ebsht\u00eb shqiptaria"},"content":{"rendered":"<p>Duket se jehona e festimeve me rastin e 100 vje torit t\u00eb pavar\u00ebsis\u00eb ende nuk \u00ebsht\u00eb shuar. Kjo jo vet\u00ebm nga koncertet e ndryshme q\u00eb ende vazhdohen t\u00eb zhvillohen por edhe nga statuset e shumta t\u00eb personazheve publik\u00eb. K\u00ebshtu k\u00ebng\u00ebtarja e mir\u00ebnjohur Elvana Gjata ka publikuar dje n\u00eb faqen esaj n\u00eb Facebook fraz\u00ebn \u201cFeja e shqiptarit \u00ebsht\u00eb shqiptaria\u201d.<\/p>\n<p><a href=\"http:\/\/www.visit-ulcinj.com\/blog\/wp-content\/uploads\/2012\/12\/elvanagjata-flamuri.jpg\"><img loading=\"lazy\" class=\"alignleft  wp-image-66664\" title=\"elvanagjata-flamuri\" src=\"http:\/\/www.visit-ulcinj.com\/blog\/wp-content\/uploads\/2012\/12\/elvanagjata-flamuri.jpg\" alt=\"\" width=\"508\" height=\"600\" \/><\/a><\/p>\n<p>Mesiguri q\u00eb Elvana do ta ket\u00eb shkruar k\u00ebt\u00eb fraz\u00eb e frym\u00ebzuar nga ndonj\u00eb koncert i saj, ku m\u00eb t\u00eb v\u00ebrtet\u00eb z\u00eb vend kjo shprehje, pasi n\u00eb k\u00ebt\u00eb 100 vjetor t\u00eb gjith\u00eb shqiptar\u00ebt n\u00eb mbar\u00eb bot\u00ebn ishin m\u00eb t\u00eb bashkuar se kurr\u00eb.<\/p>\n<p>Vipat info<br \/>\n<iframe loading=\"lazy\" width=\"508\" height=\"360\" src=\"http:\/\/www.youtube.com\/embed\/r0Eu3FM26gM?rel=0\" frameborder=\"0\" allowfullscreen><\/iframe><\/p>\n","protected":false},"excerpt":{"rendered":"<p>Duket se jehona e festimeve me rastin e 100 vje torit t\u00eb pavar\u00ebsis\u00eb ende nuk \u00ebsht\u00eb shuar. Kjo jo vet\u00ebm nga koncertet e ndryshme q\u00eb ende vazhdohen t\u00eb zhvillohen por edhe nga statuset e shumta t\u00eb personazheve publik\u00eb. K\u00ebshtu k\u00ebng\u00ebtarja e mir\u00ebnjohur Elvana Gjata ka publikuar dje n\u00eb faqen esaj n\u00eb Facebook fraz\u00ebn \u201cFeja e [&hellip;]<\/p>\n","protected":false},"author":1,"featured_media":0,"comment_status":"open","ping_status":"closed","sticky":false,"template":"","format":"standard","meta":{"spay_email":"","jetpack_publicize_message":"","jetpack_is_tweetstorm":false,"jetpack_publicize_feature_enabled":true},"categories":[1],"tags":[19677,7760,19806,16036,19514,19511,19513,6693,4684,19460],"jetpack_publicize_connections":[],"yoast_head":"<!-- This site is optimized with the Yoast SEO plugin v19.1 - https:\/\/yoast.com\/wordpress\/plugins\/seo\/ -->\n<title>Elvana Gjata: Feja e shqiptarit \u00ebsht\u00eb shqiptaria - Lajme nga Ulqini<\/title>\n<meta name=\"description\" content=\"Duket se jehona e festimeve me rastin e 100 vje torit t\u00eb pavar\u00ebsis\u00eb ende nuk \u00ebsht\u00eb shuar. Kjo jo vet\u00ebm nga koncertet e ndryshme q\u00eb ende vazhdohen t\u00eb\" \/>\n<meta name=\"robots\" content=\"index, follow, max-snippet:-1, max-image-preview:large, max-video-preview:-1\" \/>\n<link rel=\"canonical\" href=\"https:\/\/www.visit-ulcinj.com\/blog\/2012\/12\/10\/elvana-gjata-feja-e-shqiptarit-eshte-shqiptaria\/\" \/>\n<meta property=\"og:locale\" content=\"en_US\" \/>\n<meta property=\"og:type\" content=\"article\" \/>\n<meta property=\"og:title\" content=\"Elvana Gjata: Feja e shqiptarit \u00ebsht\u00eb shqiptaria - Lajme nga Ulqini\" \/>\n<meta property=\"og:description\" content=\"Duket se jehona e festimeve me rastin e 100 vje torit t\u00eb pavar\u00ebsis\u00eb ende nuk \u00ebsht\u00eb shuar. Kjo jo vet\u00ebm nga koncertet e ndryshme q\u00eb ende vazhdohen t\u00eb\" \/>\n<meta property=\"og:url\" content=\"https:\/\/www.visit-ulcinj.com\/blog\/2012\/12\/10\/elvana-gjata-feja-e-shqiptarit-eshte-shqiptaria\/\" \/>\n<meta property=\"og:site_name\" content=\"Lajme nga Ulqini\" \/>\n<meta property=\"article:published_time\" content=\"2012-12-10T17:53:06+00:00\" \/>\n<meta property=\"og:image\" content=\"http:\/\/www.visit-ulcinj.com\/blog\/wp-content\/uploads\/2012\/12\/elvanagjata-flamuri.jpg\" \/>\n<meta name=\"twitter:label1\" content=\"Written by\" \/>\n\t<meta name=\"twitter:data1\" content=\"ulqini\" \/>\n\t<meta name=\"twitter:label2\" content=\"Est. reading time\" \/>\n\t<meta name=\"twitter:data2\" content=\"1 minute\" \/>\n<script type=\"application\/ld+json\" class=\"yoast-schema-graph\">{\"@context\":\"https:\/\/schema.org\",\"@graph\":[{\"@type\":\"WebSite\",\"@id\":\"https:\/\/www.visit-ulcinj.com\/blog\/#website\",\"url\":\"https:\/\/www.visit-ulcinj.com\/blog\/\",\"name\":\"Lajme nga Ulqini\",\"description\":\"Lajme,Vijesti,Ulqini,Ulqin,Crna Gora,Mali i Zi\",\"potentialAction\":[{\"@type\":\"SearchAction\",\"target\":{\"@type\":\"EntryPoint\",\"urlTemplate\":\"https:\/\/www.visit-ulcinj.com\/blog\/?s={search_term_string}\"},\"query-input\":\"required name=search_term_string\"}],\"inLanguage\":\"en-US\"},{\"@type\":\"ImageObject\",\"inLanguage\":\"en-US\",\"@id\":\"https:\/\/www.visit-ulcinj.com\/blog\/2012\/12\/10\/elvana-gjata-feja-e-shqiptarit-eshte-shqiptaria\/#primaryimage\",\"url\":\"http:\/\/www.visit-ulcinj.com\/blog\/wp-content\/uploads\/2012\/12\/elvanagjata-flamuri.jpg\",\"contentUrl\":\"http:\/\/www.visit-ulcinj.com\/blog\/wp-content\/uploads\/2012\/12\/elvanagjata-flamuri.jpg\"},{\"@type\":\"WebPage\",\"@id\":\"https:\/\/www.visit-ulcinj.com\/blog\/2012\/12\/10\/elvana-gjata-feja-e-shqiptarit-eshte-shqiptaria\/#webpage\",\"url\":\"https:\/\/www.visit-ulcinj.com\/blog\/2012\/12\/10\/elvana-gjata-feja-e-shqiptarit-eshte-shqiptaria\/\",\"name\":\"Elvana Gjata: Feja e shqiptarit \u00ebsht\u00eb shqiptaria - Lajme nga Ulqini\",\"isPartOf\":{\"@id\":\"https:\/\/www.visit-ulcinj.com\/blog\/#website\"},\"primaryImageOfPage\":{\"@id\":\"https:\/\/www.visit-ulcinj.com\/blog\/2012\/12\/10\/elvana-gjata-feja-e-shqiptarit-eshte-shqiptaria\/#primaryimage\"},\"datePublished\":\"2012-12-10T17:53:06+00:00\",\"dateModified\":\"2012-12-10T17:53:06+00:00\",\"author\":{\"@id\":\"https:\/\/www.visit-ulcinj.com\/blog\/#\/schema\/person\/dcab619c614d3038751c63bc2aadc06d\"},\"description\":\"Duket se jehona e festimeve me rastin e 100 vje torit t\u00eb pavar\u00ebsis\u00eb ende nuk \u00ebsht\u00eb shuar. Kjo jo vet\u00ebm nga koncertet e ndryshme q\u00eb ende vazhdohen t\u00eb\",\"breadcrumb\":{\"@id\":\"https:\/\/www.visit-ulcinj.com\/blog\/2012\/12\/10\/elvana-gjata-feja-e-shqiptarit-eshte-shqiptaria\/#breadcrumb\"},\"inLanguage\":\"en-US\",\"potentialAction\":[{\"@type\":\"ReadAction\",\"target\":[\"https:\/\/www.visit-ulcinj.com\/blog\/2012\/12\/10\/elvana-gjata-feja-e-shqiptarit-eshte-shqiptaria\/\"]}]},{\"@type\":\"BreadcrumbList\",\"@id\":\"https:\/\/www.visit-ulcinj.com\/blog\/2012\/12\/10\/elvana-gjata-feja-e-shqiptarit-eshte-shqiptaria\/#breadcrumb\",\"itemListElement\":[{\"@type\":\"ListItem\",\"position\":1,\"name\":\"Elvana Gjata: Feja e shqiptarit \u00ebsht\u00eb shqiptaria\"}]},{\"@type\":\"Person\",\"@id\":\"https:\/\/www.visit-ulcinj.com\/blog\/#\/schema\/person\/dcab619c614d3038751c63bc2aadc06d\",\"name\":\"ulqini\",\"sameAs\":[\"http:\/\/www.visit-ulcinj.com\"],\"url\":\"https:\/\/www.visit-ulcinj.com\/blog\/author\/admin\/\"}]}<\/script>\n<!-- \/ Yoast SEO plugin. -->","yoast_head_json":{"title":"Elvana Gjata: Feja e shqiptarit \u00ebsht\u00eb shqiptaria - Lajme nga Ulqini","description":"Duket se jehona e festimeve me rastin e 100 vje torit t\u00eb pavar\u00ebsis\u00eb ende nuk \u00ebsht\u00eb shuar. Kjo jo vet\u00ebm nga koncertet e ndryshme q\u00eb ende vazhdohen t\u00eb","robots":{"index":"index","follow":"follow","max-snippet":"max-snippet:-1","max-image-preview":"max-image-preview:large","max-video-preview":"max-video-preview:-1"},"canonical":"https:\/\/www.visit-ulcinj.com\/blog\/2012\/12\/10\/elvana-gjata-feja-e-shqiptarit-eshte-shqiptaria\/","og_locale":"en_US","og_type":"article","og_title":"Elvana Gjata: Feja e shqiptarit \u00ebsht\u00eb shqiptaria - Lajme nga Ulqini","og_description":"Duket se jehona e festimeve me rastin e 100 vje torit t\u00eb pavar\u00ebsis\u00eb ende nuk \u00ebsht\u00eb shuar. Kjo jo vet\u00ebm nga koncertet e ndryshme q\u00eb ende vazhdohen t\u00eb","og_url":"https:\/\/www.visit-ulcinj.com\/blog\/2012\/12\/10\/elvana-gjata-feja-e-shqiptarit-eshte-shqiptaria\/","og_site_name":"Lajme nga Ulqini","article_published_time":"2012-12-10T17:53:06+00:00","og_image":[{"url":"http:\/\/www.visit-ulcinj.com\/blog\/wp-content\/uploads\/2012\/12\/elvanagjata-flamuri.jpg"}],"twitter_misc":{"Written by":"ulqini","Est. reading time":"1 minute"},"schema":{"@context":"https:\/\/schema.org","@graph":[{"@type":"WebSite","@id":"https:\/\/www.visit-ulcinj.com\/blog\/#website","url":"https:\/\/www.visit-ulcinj.com\/blog\/","name":"Lajme nga Ulqini","description":"Lajme,Vijesti,Ulqini,Ulqin,Crna Gora,Mali i Zi","potentialAction":[{"@type":"SearchAction","target":{"@type":"EntryPoint","urlTemplate":"https:\/\/www.visit-ulcinj.com\/blog\/?s={search_term_string}"},"query-input":"required name=search_term_string"}],"inLanguage":"en-US"},{"@type":"ImageObject","inLanguage":"en-US","@id":"https:\/\/www.visit-ulcinj.com\/blog\/2012\/12\/10\/elvana-gjata-feja-e-shqiptarit-eshte-shqiptaria\/#primaryimage","url":"http:\/\/www.visit-ulcinj.com\/blog\/wp-content\/uploads\/2012\/12\/elvanagjata-flamuri.jpg","contentUrl":"http:\/\/www.visit-ulcinj.com\/blog\/wp-content\/uploads\/2012\/12\/elvanagjata-flamuri.jpg"},{"@type":"WebPage","@id":"https:\/\/www.visit-ulcinj.com\/blog\/2012\/12\/10\/elvana-gjata-feja-e-shqiptarit-eshte-shqiptaria\/#webpage","url":"https:\/\/www.visit-ulcinj.com\/blog\/2012\/12\/10\/elvana-gjata-feja-e-shqiptarit-eshte-shqiptaria\/","name":"Elvana Gjata: Feja e shqiptarit \u00ebsht\u00eb shqiptaria - Lajme nga Ulqini","isPartOf":{"@id":"https:\/\/www.visit-ulcinj.com\/blog\/#website"},"primaryImageOfPage":{"@id":"https:\/\/www.visit-ulcinj.com\/blog\/2012\/12\/10\/elvana-gjata-feja-e-shqiptarit-eshte-shqiptaria\/#primaryimage"},"datePublished":"2012-12-10T17:53:06+00:00","dateModified":"2012-12-10T17:53:06+00:00","author":{"@id":"https:\/\/www.visit-ulcinj.com\/blog\/#\/schema\/person\/dcab619c614d3038751c63bc2aadc06d"},"description":"Duket se jehona e festimeve me rastin e 100 vje torit t\u00eb pavar\u00ebsis\u00eb ende nuk \u00ebsht\u00eb shuar. Kjo jo vet\u00ebm nga koncertet e ndryshme q\u00eb ende vazhdohen t\u00eb","breadcrumb":{"@id":"https:\/\/www.visit-ulcinj.com\/blog\/2012\/12\/10\/elvana-gjata-feja-e-shqiptarit-eshte-shqiptaria\/#breadcrumb"},"inLanguage":"en-US","potentialAction":[{"@type":"ReadAction","target":["https:\/\/www.visit-ulcinj.com\/blog\/2012\/12\/10\/elvana-gjata-feja-e-shqiptarit-eshte-shqiptaria\/"]}]},{"@type":"BreadcrumbList","@id":"https:\/\/www.visit-ulcinj.com\/blog\/2012\/12\/10\/elvana-gjata-feja-e-shqiptarit-eshte-shqiptaria\/#breadcrumb","itemListElement":[{"@type":"ListItem","position":1,"name":"Elvana Gjata: Feja e shqiptarit \u00ebsht\u00eb shqiptaria"}]},{"@type":"Person","@id":"https:\/\/www.visit-ulcinj.com\/blog\/#\/schema\/person\/dcab619c614d3038751c63bc2aadc06d","name":"ulqini","sameAs":["http:\/\/www.visit-ulcinj.com"],"url":"https:\/\/www.visit-ulcinj.com\/blog\/author\/admin\/"}]}},"jetpack_featured_media_url":"","jetpack_sharing_enabled":true,"jetpack_shortlink":"https:\/\/wp.me\/pe6lTn-hld","_links":{"self":[{"href":"https:\/\/www.visit-ulcinj.com\/blog\/wp-json\/wp\/v2\/posts\/66663"}],"collection":[{"href":"https:\/\/www.visit-ulcinj.com\/blog\/wp-json\/wp\/v2\/posts"}],"about":[{"href":"https:\/\/www.visit-ulcinj.com\/blog\/wp-json\/wp\/v2\/types\/post"}],"author":[{"embeddable":true,"href":"https:\/\/www.visit-ulcinj.com\/blog\/wp-json\/wp\/v2\/users\/1"}],"replies":[{"embeddable":true,"href":"https:\/\/www.visit-ulcinj.com\/blog\/wp-json\/wp\/v2\/comments?post=66663"}],"version-history":[{"count":1,"href":"https:\/\/www.visit-ulcinj.com\/blog\/wp-json\/wp\/v2\/posts\/66663\/revisions"}],"predecessor-version":[{"id":66665,"href":"https:\/\/www.visit-ulcinj.com\/blog\/wp-json\/wp\/v2\/posts\/66663\/revisions\/66665"}],"wp:attachment":[{"href":"https:\/\/www.visit-ulcinj.com\/blog\/wp-json\/wp\/v2\/media?parent=66663"}],"wp:term":[{"taxonomy":"category","embeddable":true,"href":"https:\/\/www.visit-ulcinj.com\/blog\/wp-json\/wp\/v2\/categories?post=66663"},{"taxonomy":"post_tag","embeddable":true,"href":"https:\/\/www.visit-ulcinj.com\/blog\/wp-json\/wp\/v2\/tags?post=66663"}],"curies":[{"name":"wp","href":"https:\/\/api.w.org\/{rel}","templated":true}]}}