{"id":66676,"date":"2012-12-11T15:39:36","date_gmt":"2012-12-11T14:39:36","guid":{"rendered":"http:\/\/www.visit-ulcinj.com\/blog\/?p=66676"},"modified":"2012-12-11T20:34:42","modified_gmt":"2012-12-11T19:34:42","slug":"nenkryetari-cakuli-u-takuar-me-koordinatoren-per-te-drejtat-e-njeriut-vera-nakiq","status":"publish","type":"post","link":"https:\/\/www.visit-ulcinj.com\/blog\/2012\/12\/11\/nenkryetari-cakuli-u-takuar-me-koordinatoren-per-te-drejtat-e-njeriut-vera-nakiq\/","title":{"rendered":"N\u00ebnkryetari Cakuli u takua me koordinatoren p\u00ebr t\u00eb drejtat e njeriut Vera Nakiq"},"content":{"rendered":"<div><strong><a href=\"http:\/\/www.visit-ulcinj.com\/blog\/wp-content\/uploads\/2012\/12\/Xhaudet-Cakuli_Vera-Nakiq.jpg\"><img loading=\"lazy\" class=\"alignleft  wp-image-66677\" title=\"Xhaudet Cakuli_Vera Nakiq\" src=\"http:\/\/www.visit-ulcinj.com\/blog\/wp-content\/uploads\/2012\/12\/Xhaudet-Cakuli_Vera-Nakiq.jpg\" alt=\"\" width=\"508\" height=\"360\" \/><\/a>N\u00ebnkryetari i Komun\u00ebs s\u00eb Ulqinit Xhaudet Cakuli \u00ebsht\u00eb takuar me koordinatorin p\u00ebr t\u00eb drejtat e njeriut dhe ndihm\u00eb rom\u00ebve n\u00eb Ulqin Vera Nakiq<\/strong><\/div>\n<p>N\u00ebnkryetari i Komun\u00ebs s\u00eb Ulqinit, Xhaudet Cakuli me rastin e dit\u00ebs nd\u00ebrkomb\u00ebtare t\u00eb t\u00eb drejtave t\u00eb njeriut \u00ebsht\u00eb takuar me koordinatorin p\u00ebr t\u00eb drejtat e njeriut dhe ndihm\u00eb rom\u00ebve n\u00eb Ulqin, Vera Nakiq. N\u00eb kuad\u00ebr t\u00eb projektit &#8220;Lufta kund\u00ebr martesave t\u00eb dhunshme&#8221; t\u00eb cilin e financon Ambasada Amerikane i cili zgjat\u00ebn prej shtatorit t\u00eb vitit 2012 deri n\u00eb janar 2013, jan\u00eb zhvilluar nj\u00eb s\u00ebr\u00eb aktivitetesh q\u00eb p\u00ebrfshin\u00eb inspektimin e vendbanimeve rome n\u00eb t\u00eb gjitha komunat n\u00eb Mal t\u00eb Zi pas t\u00eb cilit ka pasur marshimi i grave rome para Qeveris\u00eb s\u00eb Malit t\u00eb Zi, Kuvendit t\u00eb Malit t\u00eb Zi dhe pallatit t\u00eb drejt\u00ebsis\u00eb n\u00eb Podgoric\u00eb, t\u00eb cilit i jan\u00eb p\u00ebrgjigjur mbi 100 gra nga kat\u00ebr qytete t\u00eb Malit t\u00eb Zi: Beran\u00ebs, Nikshiqit, Podgoric\u00ebs dhe Ulqinit.<\/p>\n<p>Znj.Nakiq ka theksuar se dhuna, keqtrajtimi dhe martesat e dhunshme jan\u00eb shum\u00eb t\u00eb theksuara n\u00eb mesin e p\u00ebrfaq\u00ebsuesve t\u00eb komunitetit rom edhe n\u00eb Ulqin dhe nj\u00ebherazi ka k\u00ebrkuar ndihm\u00eb prej n\u00ebnkryetarit me rastin e lajm\u00ebrimit n\u00eb Qendr\u00ebn p\u00ebr pun\u00eb sociale si dhe ndihm\u00eb n\u00eb bashk\u00ebpunim me policin\u00eb me rastin e konstatimit t\u00eb rasteve t\u00eb paraqitura dhe sanksionuarve q\u00eb kan\u00eb lidhje me k\u00ebt\u00eb fenomen. Ajo gjithashtu ka th\u00ebn\u00eb se problem i madh mbetet mos paraqitja e rasteve t\u00eb tilla, p\u00ebr t\u00eb cil\u00ebn gj\u00eb \u00ebsht\u00eb i nevojsh\u00ebm bashk\u00ebpunimi i administrat\u00ebs lokale, shkoll\u00ebs dhe qendr\u00ebs p\u00ebr pun\u00eb sociale.<br \/>\nN\u00ebnkryetari Cakuli ka shprehur keqardhje p\u00ebr rastet e dukurive t\u00eb p\u00ebrmendura tek popullata rome si dhe ka fal\u00ebnderuar znj. Nakiq p\u00ebr angazhimin dhe p\u00ebr kontributin p\u00ebr k\u00ebt\u00eb popullat\u00eb. Ai ka shprehur gatishm\u00ebrin\u00eb e administrat\u00ebs lokale n\u00eb komunikim me qendr\u00ebn p\u00ebr pun\u00eb sociale dhe policin\u00eb si dhe p\u00ebrkrahjen n\u00eb aktivitetet e ardhshme q\u00eb do t\u00eb p\u00ebrfshinin: paketat p\u00ebr vitin e ri p\u00ebr f\u00ebmij\u00ebt rom\u00eb, aksioni p\u00ebr grumbullimin e veshjeve dhe mbathjeve t\u00eb p\u00ebrdorura, si dhe ndihm\u00eb p\u00ebr familjet e rrezikuara rome dhe aktivitete t\u00eb ngjashme.<\/p>\n<p><strong>Op\u0161tina Ulcinj \/ Komuna e Ulqinit<\/strong><br \/>\nTel: +382 30 412 050<br \/>\nFax: +382 30 412 413<br \/>\nAdresa: Bul. Skenderbeu bb, 85360 Ulcinj, MNE<\/p>\n","protected":false},"excerpt":{"rendered":"<p>N\u00ebnkryetari i Komun\u00ebs s\u00eb Ulqinit Xhaudet Cakuli \u00ebsht\u00eb takuar me koordinatorin p\u00ebr t\u00eb drejtat e njeriut dhe ndihm\u00eb rom\u00ebve n\u00eb Ulqin Vera Nakiq N\u00ebnkryetari i Komun\u00ebs s\u00eb Ulqinit, Xhaudet Cakuli me rastin e dit\u00ebs nd\u00ebrkomb\u00ebtare t\u00eb t\u00eb drejtave t\u00eb njeriut \u00ebsht\u00eb takuar me koordinatorin p\u00ebr t\u00eb drejtat e njeriut dhe ndihm\u00eb rom\u00ebve n\u00eb Ulqin, Vera [&hellip;]<\/p>\n","protected":false},"author":1,"featured_media":0,"comment_status":"open","ping_status":"closed","sticky":false,"template":"","format":"standard","meta":{"spay_email":"","jetpack_publicize_message":"","jetpack_is_tweetstorm":false,"jetpack_publicize_feature_enabled":true},"categories":[1],"tags":[4602,200,18],"jetpack_publicize_connections":[],"yoast_head":"<!-- This site is optimized with the Yoast SEO plugin v19.1 - https:\/\/yoast.com\/wordpress\/plugins\/seo\/ -->\n<title>N\u00ebnkryetari Cakuli u takua me koordinatoren p\u00ebr t\u00eb drejtat e njeriut Vera Nakiq - Lajme nga Ulqini<\/title>\n<meta name=\"description\" content=\"N\u00ebnkryetari i Komun\u00ebs s\u00eb Ulqinit Xhaudet Cakuli \u00ebsht\u00eb takuar me koordinatorin p\u00ebr t\u00eb drejtat e njeriut dhe ndihm\u00eb rom\u00ebve n\u00eb Ulqin Vera Nakiq N\u00ebnkryetari i\" \/>\n<meta name=\"robots\" content=\"index, follow, max-snippet:-1, max-image-preview:large, max-video-preview:-1\" \/>\n<link rel=\"canonical\" href=\"https:\/\/www.visit-ulcinj.com\/blog\/2012\/12\/11\/nenkryetari-cakuli-u-takuar-me-koordinatoren-per-te-drejtat-e-njeriut-vera-nakiq\/\" \/>\n<meta property=\"og:locale\" content=\"en_US\" \/>\n<meta property=\"og:type\" content=\"article\" \/>\n<meta property=\"og:title\" content=\"N\u00ebnkryetari Cakuli u takua me koordinatoren p\u00ebr t\u00eb drejtat e njeriut Vera Nakiq - Lajme nga Ulqini\" \/>\n<meta property=\"og:description\" content=\"N\u00ebnkryetari i Komun\u00ebs s\u00eb Ulqinit Xhaudet Cakuli \u00ebsht\u00eb takuar me koordinatorin p\u00ebr t\u00eb drejtat e njeriut dhe ndihm\u00eb rom\u00ebve n\u00eb Ulqin Vera Nakiq N\u00ebnkryetari i\" \/>\n<meta property=\"og:url\" content=\"https:\/\/www.visit-ulcinj.com\/blog\/2012\/12\/11\/nenkryetari-cakuli-u-takuar-me-koordinatoren-per-te-drejtat-e-njeriut-vera-nakiq\/\" \/>\n<meta property=\"og:site_name\" content=\"Lajme nga Ulqini\" \/>\n<meta property=\"article:published_time\" content=\"2012-12-11T14:39:36+00:00\" \/>\n<meta property=\"article:modified_time\" content=\"2012-12-11T19:34:42+00:00\" \/>\n<meta property=\"og:image\" content=\"http:\/\/www.visit-ulcinj.com\/blog\/wp-content\/uploads\/2012\/12\/Xhaudet-Cakuli_Vera-Nakiq.jpg\" \/>\n<meta name=\"twitter:label1\" content=\"Written by\" \/>\n\t<meta name=\"twitter:data1\" content=\"ulqini\" \/>\n\t<meta name=\"twitter:label2\" content=\"Est. reading time\" \/>\n\t<meta name=\"twitter:data2\" content=\"2 minutes\" \/>\n<script type=\"application\/ld+json\" class=\"yoast-schema-graph\">{\"@context\":\"https:\/\/schema.org\",\"@graph\":[{\"@type\":\"WebSite\",\"@id\":\"https:\/\/www.visit-ulcinj.com\/blog\/#website\",\"url\":\"https:\/\/www.visit-ulcinj.com\/blog\/\",\"name\":\"Lajme nga Ulqini\",\"description\":\"Lajme,Vijesti,Ulqini,Ulqin,Crna Gora,Mali i Zi\",\"potentialAction\":[{\"@type\":\"SearchAction\",\"target\":{\"@type\":\"EntryPoint\",\"urlTemplate\":\"https:\/\/www.visit-ulcinj.com\/blog\/?s={search_term_string}\"},\"query-input\":\"required name=search_term_string\"}],\"inLanguage\":\"en-US\"},{\"@type\":\"ImageObject\",\"inLanguage\":\"en-US\",\"@id\":\"https:\/\/www.visit-ulcinj.com\/blog\/2012\/12\/11\/nenkryetari-cakuli-u-takuar-me-koordinatoren-per-te-drejtat-e-njeriut-vera-nakiq\/#primaryimage\",\"url\":\"https:\/\/www.visit-ulcinj.com\/blog\/wp-content\/uploads\/2012\/12\/Xhaudet-Cakuli_Vera-Nakiq.jpg\",\"contentUrl\":\"https:\/\/www.visit-ulcinj.com\/blog\/wp-content\/uploads\/2012\/12\/Xhaudet-Cakuli_Vera-Nakiq.jpg\",\"width\":\"640\",\"height\":\"424\"},{\"@type\":\"WebPage\",\"@id\":\"https:\/\/www.visit-ulcinj.com\/blog\/2012\/12\/11\/nenkryetari-cakuli-u-takuar-me-koordinatoren-per-te-drejtat-e-njeriut-vera-nakiq\/#webpage\",\"url\":\"https:\/\/www.visit-ulcinj.com\/blog\/2012\/12\/11\/nenkryetari-cakuli-u-takuar-me-koordinatoren-per-te-drejtat-e-njeriut-vera-nakiq\/\",\"name\":\"N\u00ebnkryetari Cakuli u takua me koordinatoren p\u00ebr t\u00eb drejtat e njeriut Vera Nakiq - Lajme nga Ulqini\",\"isPartOf\":{\"@id\":\"https:\/\/www.visit-ulcinj.com\/blog\/#website\"},\"primaryImageOfPage\":{\"@id\":\"https:\/\/www.visit-ulcinj.com\/blog\/2012\/12\/11\/nenkryetari-cakuli-u-takuar-me-koordinatoren-per-te-drejtat-e-njeriut-vera-nakiq\/#primaryimage\"},\"datePublished\":\"2012-12-11T14:39:36+00:00\",\"dateModified\":\"2012-12-11T19:34:42+00:00\",\"author\":{\"@id\":\"https:\/\/www.visit-ulcinj.com\/blog\/#\/schema\/person\/dcab619c614d3038751c63bc2aadc06d\"},\"description\":\"N\u00ebnkryetari i Komun\u00ebs s\u00eb Ulqinit Xhaudet Cakuli \u00ebsht\u00eb takuar me koordinatorin p\u00ebr t\u00eb drejtat e njeriut dhe ndihm\u00eb rom\u00ebve n\u00eb Ulqin Vera Nakiq N\u00ebnkryetari i\",\"breadcrumb\":{\"@id\":\"https:\/\/www.visit-ulcinj.com\/blog\/2012\/12\/11\/nenkryetari-cakuli-u-takuar-me-koordinatoren-per-te-drejtat-e-njeriut-vera-nakiq\/#breadcrumb\"},\"inLanguage\":\"en-US\",\"potentialAction\":[{\"@type\":\"ReadAction\",\"target\":[\"https:\/\/www.visit-ulcinj.com\/blog\/2012\/12\/11\/nenkryetari-cakuli-u-takuar-me-koordinatoren-per-te-drejtat-e-njeriut-vera-nakiq\/\"]}]},{\"@type\":\"BreadcrumbList\",\"@id\":\"https:\/\/www.visit-ulcinj.com\/blog\/2012\/12\/11\/nenkryetari-cakuli-u-takuar-me-koordinatoren-per-te-drejtat-e-njeriut-vera-nakiq\/#breadcrumb\",\"itemListElement\":[{\"@type\":\"ListItem\",\"position\":1,\"name\":\"N\u00ebnkryetari Cakuli u takua me koordinatoren p\u00ebr t\u00eb drejtat e njeriut Vera Nakiq\"}]},{\"@type\":\"Person\",\"@id\":\"https:\/\/www.visit-ulcinj.com\/blog\/#\/schema\/person\/dcab619c614d3038751c63bc2aadc06d\",\"name\":\"ulqini\",\"sameAs\":[\"http:\/\/www.visit-ulcinj.com\"],\"url\":\"https:\/\/www.visit-ulcinj.com\/blog\/author\/admin\/\"}]}<\/script>\n<!-- \/ Yoast SEO plugin. -->","yoast_head_json":{"title":"N\u00ebnkryetari Cakuli u takua me koordinatoren p\u00ebr t\u00eb drejtat e njeriut Vera Nakiq - Lajme nga Ulqini","description":"N\u00ebnkryetari i Komun\u00ebs s\u00eb Ulqinit Xhaudet Cakuli \u00ebsht\u00eb takuar me koordinatorin p\u00ebr t\u00eb drejtat e njeriut dhe ndihm\u00eb rom\u00ebve n\u00eb Ulqin Vera Nakiq N\u00ebnkryetari i","robots":{"index":"index","follow":"follow","max-snippet":"max-snippet:-1","max-image-preview":"max-image-preview:large","max-video-preview":"max-video-preview:-1"},"canonical":"https:\/\/www.visit-ulcinj.com\/blog\/2012\/12\/11\/nenkryetari-cakuli-u-takuar-me-koordinatoren-per-te-drejtat-e-njeriut-vera-nakiq\/","og_locale":"en_US","og_type":"article","og_title":"N\u00ebnkryetari Cakuli u takua me koordinatoren p\u00ebr t\u00eb drejtat e njeriut Vera Nakiq - Lajme nga Ulqini","og_description":"N\u00ebnkryetari i Komun\u00ebs s\u00eb Ulqinit Xhaudet Cakuli \u00ebsht\u00eb takuar me koordinatorin p\u00ebr t\u00eb drejtat e njeriut dhe ndihm\u00eb rom\u00ebve n\u00eb Ulqin Vera Nakiq N\u00ebnkryetari i","og_url":"https:\/\/www.visit-ulcinj.com\/blog\/2012\/12\/11\/nenkryetari-cakuli-u-takuar-me-koordinatoren-per-te-drejtat-e-njeriut-vera-nakiq\/","og_site_name":"Lajme nga Ulqini","article_published_time":"2012-12-11T14:39:36+00:00","article_modified_time":"2012-12-11T19:34:42+00:00","og_image":[{"url":"http:\/\/www.visit-ulcinj.com\/blog\/wp-content\/uploads\/2012\/12\/Xhaudet-Cakuli_Vera-Nakiq.jpg"}],"twitter_misc":{"Written by":"ulqini","Est. reading time":"2 minutes"},"schema":{"@context":"https:\/\/schema.org","@graph":[{"@type":"WebSite","@id":"https:\/\/www.visit-ulcinj.com\/blog\/#website","url":"https:\/\/www.visit-ulcinj.com\/blog\/","name":"Lajme nga Ulqini","description":"Lajme,Vijesti,Ulqini,Ulqin,Crna Gora,Mali i Zi","potentialAction":[{"@type":"SearchAction","target":{"@type":"EntryPoint","urlTemplate":"https:\/\/www.visit-ulcinj.com\/blog\/?s={search_term_string}"},"query-input":"required name=search_term_string"}],"inLanguage":"en-US"},{"@type":"ImageObject","inLanguage":"en-US","@id":"https:\/\/www.visit-ulcinj.com\/blog\/2012\/12\/11\/nenkryetari-cakuli-u-takuar-me-koordinatoren-per-te-drejtat-e-njeriut-vera-nakiq\/#primaryimage","url":"https:\/\/www.visit-ulcinj.com\/blog\/wp-content\/uploads\/2012\/12\/Xhaudet-Cakuli_Vera-Nakiq.jpg","contentUrl":"https:\/\/www.visit-ulcinj.com\/blog\/wp-content\/uploads\/2012\/12\/Xhaudet-Cakuli_Vera-Nakiq.jpg","width":"640","height":"424"},{"@type":"WebPage","@id":"https:\/\/www.visit-ulcinj.com\/blog\/2012\/12\/11\/nenkryetari-cakuli-u-takuar-me-koordinatoren-per-te-drejtat-e-njeriut-vera-nakiq\/#webpage","url":"https:\/\/www.visit-ulcinj.com\/blog\/2012\/12\/11\/nenkryetari-cakuli-u-takuar-me-koordinatoren-per-te-drejtat-e-njeriut-vera-nakiq\/","name":"N\u00ebnkryetari Cakuli u takua me koordinatoren p\u00ebr t\u00eb drejtat e njeriut Vera Nakiq - Lajme nga Ulqini","isPartOf":{"@id":"https:\/\/www.visit-ulcinj.com\/blog\/#website"},"primaryImageOfPage":{"@id":"https:\/\/www.visit-ulcinj.com\/blog\/2012\/12\/11\/nenkryetari-cakuli-u-takuar-me-koordinatoren-per-te-drejtat-e-njeriut-vera-nakiq\/#primaryimage"},"datePublished":"2012-12-11T14:39:36+00:00","dateModified":"2012-12-11T19:34:42+00:00","author":{"@id":"https:\/\/www.visit-ulcinj.com\/blog\/#\/schema\/person\/dcab619c614d3038751c63bc2aadc06d"},"description":"N\u00ebnkryetari i Komun\u00ebs s\u00eb Ulqinit Xhaudet Cakuli \u00ebsht\u00eb takuar me koordinatorin p\u00ebr t\u00eb drejtat e njeriut dhe ndihm\u00eb rom\u00ebve n\u00eb Ulqin Vera Nakiq N\u00ebnkryetari i","breadcrumb":{"@id":"https:\/\/www.visit-ulcinj.com\/blog\/2012\/12\/11\/nenkryetari-cakuli-u-takuar-me-koordinatoren-per-te-drejtat-e-njeriut-vera-nakiq\/#breadcrumb"},"inLanguage":"en-US","potentialAction":[{"@type":"ReadAction","target":["https:\/\/www.visit-ulcinj.com\/blog\/2012\/12\/11\/nenkryetari-cakuli-u-takuar-me-koordinatoren-per-te-drejtat-e-njeriut-vera-nakiq\/"]}]},{"@type":"BreadcrumbList","@id":"https:\/\/www.visit-ulcinj.com\/blog\/2012\/12\/11\/nenkryetari-cakuli-u-takuar-me-koordinatoren-per-te-drejtat-e-njeriut-vera-nakiq\/#breadcrumb","itemListElement":[{"@type":"ListItem","position":1,"name":"N\u00ebnkryetari Cakuli u takua me koordinatoren p\u00ebr t\u00eb drejtat e njeriut Vera Nakiq"}]},{"@type":"Person","@id":"https:\/\/www.visit-ulcinj.com\/blog\/#\/schema\/person\/dcab619c614d3038751c63bc2aadc06d","name":"ulqini","sameAs":["http:\/\/www.visit-ulcinj.com"],"url":"https:\/\/www.visit-ulcinj.com\/blog\/author\/admin\/"}]}},"jetpack_featured_media_url":"","jetpack_sharing_enabled":true,"jetpack_shortlink":"https:\/\/wp.me\/pe6lTn-hlq","_links":{"self":[{"href":"https:\/\/www.visit-ulcinj.com\/blog\/wp-json\/wp\/v2\/posts\/66676"}],"collection":[{"href":"https:\/\/www.visit-ulcinj.com\/blog\/wp-json\/wp\/v2\/posts"}],"about":[{"href":"https:\/\/www.visit-ulcinj.com\/blog\/wp-json\/wp\/v2\/types\/post"}],"author":[{"embeddable":true,"href":"https:\/\/www.visit-ulcinj.com\/blog\/wp-json\/wp\/v2\/users\/1"}],"replies":[{"embeddable":true,"href":"https:\/\/www.visit-ulcinj.com\/blog\/wp-json\/wp\/v2\/comments?post=66676"}],"version-history":[{"count":2,"href":"https:\/\/www.visit-ulcinj.com\/blog\/wp-json\/wp\/v2\/posts\/66676\/revisions"}],"predecessor-version":[{"id":66694,"href":"https:\/\/www.visit-ulcinj.com\/blog\/wp-json\/wp\/v2\/posts\/66676\/revisions\/66694"}],"wp:attachment":[{"href":"https:\/\/www.visit-ulcinj.com\/blog\/wp-json\/wp\/v2\/media?parent=66676"}],"wp:term":[{"taxonomy":"category","embeddable":true,"href":"https:\/\/www.visit-ulcinj.com\/blog\/wp-json\/wp\/v2\/categories?post=66676"},{"taxonomy":"post_tag","embeddable":true,"href":"https:\/\/www.visit-ulcinj.com\/blog\/wp-json\/wp\/v2\/tags?post=66676"}],"curies":[{"name":"wp","href":"https:\/\/api.w.org\/{rel}","templated":true}]}}