{"id":66683,"date":"2012-12-11T18:31:05","date_gmt":"2012-12-11T17:31:05","guid":{"rendered":"http:\/\/www.visit-ulcinj.com\/blog\/?p=66683"},"modified":"2012-12-11T18:31:05","modified_gmt":"2012-12-11T17:31:05","slug":"potpredsjednik-cakuli-se-sastao-sa-koordinatorom-za-ljudska-prava-verom-nakic","status":"publish","type":"post","link":"https:\/\/www.visit-ulcinj.com\/blog\/2012\/12\/11\/potpredsjednik-cakuli-se-sastao-sa-koordinatorom-za-ljudska-prava-verom-nakic\/","title":{"rendered":"Potpredsjednik Cakuli se sastao sa Koordinatorom za ljudska prava Verom Naki\u0107"},"content":{"rendered":"<p><span style=\"color: #000000;\"><strong><span style=\"color: #000000;\"><a href=\"http:\/\/www.visit-ulcinj.com\/blog\/wp-content\/uploads\/2012\/12\/Dzaudet-Cakuli_Vera-Nakic.jpg\"><img loading=\"lazy\" class=\"alignleft  wp-image-66684\" title=\"Dzaudet Cakuli_Vera Nakic\" src=\"http:\/\/www.visit-ulcinj.com\/blog\/wp-content\/uploads\/2012\/12\/Dzaudet-Cakuli_Vera-Nakic.jpg\" alt=\"\" width=\"508\" height=\"360\" \/><\/a>Potpredsjednik Cakuli sastao se sa Koordinatorom za ljudska prava i pomo\u0107 romima u Ulcinju, Verom Naki\u0107<\/span><\/strong><\/span><\/p>\n<p>Potpredsjendik Op\u0161tine Ulcinj, Xhaudet Cakuli povodom Me\u0111unarodnog dana za ljudska prava sastao sa Koordinatorom za ljudska prava i pomo\u0107 romima u Ulcinju, Verom Naki\u0107. U sklopu projekta &#8220;Borba protiv prisilnih brakova&#8221; koji finansira Ameri\u010dka ambasada koji traje od septembra 2012 godine do januara 2013, odra\u0111ene su brojne aktivnosti koje uklju\u010duju obilazak karavanom romskim naseljima u svim op\u0161tinama Crne Gore nakon \u010dega je sledio i mar\u0161 romskih \u017eena ispred Vlade Crne Gore, Skup\u0161tine Crne Gore i Palate pravde u Podgorici, kojem su se odazvale preko 100 \u017eena iz \u010detri gradova Crne Gore, Berane, Nik\u0161i\u0107, Podgorica i Ulcinj.<\/p>\n<p>G-\u0111a Naki\u0107 je naglasila da su nasilje, zlostavljanje i prisilni brakovi veoma izra\u017eeni me\u0111u pripadnicima romske populacije i u Ulcinju i ujedno je tra\u017eila od potpredsjednika pomo\u0107 prilikom prijavljivanja u Centru za socialni rad kao i pomo\u0107 u saradnji sa policijom prilikom ustanovljavanja prijavljenih i sankcionisanih slu\u010dajeva povezanih za ovaj fenomen. Ona je tako\u0111e napomenula da veliki problem ostaje neprijavljivanje ovakvih slu\u010dajeva, zbog \u010dega je potrebna saradnja lokalne uprave, \u0161kole i Centra za socialni rad.<br \/>\nPotpredsjednik Cakuli je izrazio \u017ealjenje zbog pomenutih pojava u romskoj populaciji kao i zahvalio g-\u0111i Naki\u0107 na anga\u017eovanju i na doprinosu ovoj populaciji. On je izrazio spremnost lokalne uprave za pomo\u0107 u komunikaciji sa Centrom za socialni rad i policijom kao i podr\u0161ku u narednim aktivnostima koje \u0107e uklju\u010diti: novogodi\u0161nje paketi\u0107e za romsku djecu, akcija skupljanja upotrebljene odjece i obuce, kao pomo\u0107 ugro\u017eenim romskim porodicama i sli\u010dne aktivnosti.<\/p>\n<p><strong>Op\u0161tina Ulcinj \/ Komuna e Ulqinit<\/strong><br \/>\nTel: +382 30 412 050<br \/>\nFax: +382 30 412 413<br \/>\nAdresa: Bul. Skenderbeu bb, 85360 Ulcinj, MNE<\/p>\n","protected":false},"excerpt":{"rendered":"<p>Potpredsjednik Cakuli sastao se sa Koordinatorom za ljudska prava i pomo\u0107 romima u Ulcinju, Verom Naki\u0107 Potpredsjendik Op\u0161tine Ulcinj, Xhaudet Cakuli povodom Me\u0111unarodnog dana za ljudska prava sastao sa Koordinatorom za ljudska prava i pomo\u0107 romima u Ulcinju, Verom Naki\u0107. U sklopu projekta &#8220;Borba protiv prisilnih brakova&#8221; koji finansira Ameri\u010dka ambasada koji traje od septembra [&hellip;]<\/p>\n","protected":false},"author":1,"featured_media":0,"comment_status":"open","ping_status":"closed","sticky":false,"template":"","format":"standard","meta":{"spay_email":"","jetpack_publicize_message":"","jetpack_is_tweetstorm":false,"jetpack_publicize_feature_enabled":true},"categories":[6950],"tags":[700,17635,19,21606],"jetpack_publicize_connections":[],"yoast_head":"<!-- This site is optimized with the Yoast SEO plugin v19.1 - https:\/\/yoast.com\/wordpress\/plugins\/seo\/ -->\n<title>Potpredsjednik Cakuli se sastao sa Koordinatorom za ljudska prava Verom Naki\u0107 - Lajme nga Ulqini<\/title>\n<meta name=\"description\" content=\"Potpredsjednik Cakuli sastao se sa Koordinatorom za ljudska prava i pomo\u0107 romima u Ulcinju, Verom Naki\u0107 Potpredsjendik Op\u0161tine Ulcinj, Xhaudet Cakuli\" \/>\n<meta name=\"robots\" content=\"index, follow, max-snippet:-1, max-image-preview:large, max-video-preview:-1\" \/>\n<link rel=\"canonical\" href=\"https:\/\/www.visit-ulcinj.com\/blog\/2012\/12\/11\/potpredsjednik-cakuli-se-sastao-sa-koordinatorom-za-ljudska-prava-verom-nakic\/\" \/>\n<meta property=\"og:locale\" content=\"en_US\" \/>\n<meta property=\"og:type\" content=\"article\" \/>\n<meta property=\"og:title\" content=\"Potpredsjednik Cakuli se sastao sa Koordinatorom za ljudska prava Verom Naki\u0107 - Lajme nga Ulqini\" \/>\n<meta property=\"og:description\" content=\"Potpredsjednik Cakuli sastao se sa Koordinatorom za ljudska prava i pomo\u0107 romima u Ulcinju, Verom Naki\u0107 Potpredsjendik Op\u0161tine Ulcinj, Xhaudet Cakuli\" \/>\n<meta property=\"og:url\" content=\"https:\/\/www.visit-ulcinj.com\/blog\/2012\/12\/11\/potpredsjednik-cakuli-se-sastao-sa-koordinatorom-za-ljudska-prava-verom-nakic\/\" \/>\n<meta property=\"og:site_name\" content=\"Lajme nga Ulqini\" \/>\n<meta property=\"article:published_time\" content=\"2012-12-11T17:31:05+00:00\" \/>\n<meta property=\"og:image\" content=\"http:\/\/www.visit-ulcinj.com\/blog\/wp-content\/uploads\/2012\/12\/Dzaudet-Cakuli_Vera-Nakic.jpg\" \/>\n<meta name=\"twitter:label1\" content=\"Written by\" \/>\n\t<meta name=\"twitter:data1\" content=\"ulqini\" \/>\n\t<meta name=\"twitter:label2\" content=\"Est. reading time\" \/>\n\t<meta name=\"twitter:data2\" content=\"1 minute\" \/>\n<script type=\"application\/ld+json\" class=\"yoast-schema-graph\">{\"@context\":\"https:\/\/schema.org\",\"@graph\":[{\"@type\":\"WebSite\",\"@id\":\"https:\/\/www.visit-ulcinj.com\/blog\/#website\",\"url\":\"https:\/\/www.visit-ulcinj.com\/blog\/\",\"name\":\"Lajme nga Ulqini\",\"description\":\"Lajme,Vijesti,Ulqini,Ulqin,Crna Gora,Mali i Zi\",\"potentialAction\":[{\"@type\":\"SearchAction\",\"target\":{\"@type\":\"EntryPoint\",\"urlTemplate\":\"https:\/\/www.visit-ulcinj.com\/blog\/?s={search_term_string}\"},\"query-input\":\"required name=search_term_string\"}],\"inLanguage\":\"en-US\"},{\"@type\":\"ImageObject\",\"inLanguage\":\"en-US\",\"@id\":\"https:\/\/www.visit-ulcinj.com\/blog\/2012\/12\/11\/potpredsjednik-cakuli-se-sastao-sa-koordinatorom-za-ljudska-prava-verom-nakic\/#primaryimage\",\"url\":\"https:\/\/www.visit-ulcinj.com\/blog\/wp-content\/uploads\/2012\/12\/Dzaudet-Cakuli_Vera-Nakic.jpg\",\"contentUrl\":\"https:\/\/www.visit-ulcinj.com\/blog\/wp-content\/uploads\/2012\/12\/Dzaudet-Cakuli_Vera-Nakic.jpg\",\"width\":\"640\",\"height\":\"424\"},{\"@type\":\"WebPage\",\"@id\":\"https:\/\/www.visit-ulcinj.com\/blog\/2012\/12\/11\/potpredsjednik-cakuli-se-sastao-sa-koordinatorom-za-ljudska-prava-verom-nakic\/#webpage\",\"url\":\"https:\/\/www.visit-ulcinj.com\/blog\/2012\/12\/11\/potpredsjednik-cakuli-se-sastao-sa-koordinatorom-za-ljudska-prava-verom-nakic\/\",\"name\":\"Potpredsjednik Cakuli se sastao sa Koordinatorom za ljudska prava Verom Naki\u0107 - Lajme nga Ulqini\",\"isPartOf\":{\"@id\":\"https:\/\/www.visit-ulcinj.com\/blog\/#website\"},\"primaryImageOfPage\":{\"@id\":\"https:\/\/www.visit-ulcinj.com\/blog\/2012\/12\/11\/potpredsjednik-cakuli-se-sastao-sa-koordinatorom-za-ljudska-prava-verom-nakic\/#primaryimage\"},\"datePublished\":\"2012-12-11T17:31:05+00:00\",\"dateModified\":\"2012-12-11T17:31:05+00:00\",\"author\":{\"@id\":\"https:\/\/www.visit-ulcinj.com\/blog\/#\/schema\/person\/dcab619c614d3038751c63bc2aadc06d\"},\"description\":\"Potpredsjednik Cakuli sastao se sa Koordinatorom za ljudska prava i pomo\u0107 romima u Ulcinju, Verom Naki\u0107 Potpredsjendik Op\u0161tine Ulcinj, Xhaudet Cakuli\",\"breadcrumb\":{\"@id\":\"https:\/\/www.visit-ulcinj.com\/blog\/2012\/12\/11\/potpredsjednik-cakuli-se-sastao-sa-koordinatorom-za-ljudska-prava-verom-nakic\/#breadcrumb\"},\"inLanguage\":\"en-US\",\"potentialAction\":[{\"@type\":\"ReadAction\",\"target\":[\"https:\/\/www.visit-ulcinj.com\/blog\/2012\/12\/11\/potpredsjednik-cakuli-se-sastao-sa-koordinatorom-za-ljudska-prava-verom-nakic\/\"]}]},{\"@type\":\"BreadcrumbList\",\"@id\":\"https:\/\/www.visit-ulcinj.com\/blog\/2012\/12\/11\/potpredsjednik-cakuli-se-sastao-sa-koordinatorom-za-ljudska-prava-verom-nakic\/#breadcrumb\",\"itemListElement\":[{\"@type\":\"ListItem\",\"position\":1,\"name\":\"Potpredsjednik Cakuli se sastao sa Koordinatorom za ljudska prava Verom Naki\u0107\"}]},{\"@type\":\"Person\",\"@id\":\"https:\/\/www.visit-ulcinj.com\/blog\/#\/schema\/person\/dcab619c614d3038751c63bc2aadc06d\",\"name\":\"ulqini\",\"sameAs\":[\"http:\/\/www.visit-ulcinj.com\"],\"url\":\"https:\/\/www.visit-ulcinj.com\/blog\/author\/admin\/\"}]}<\/script>\n<!-- \/ Yoast SEO plugin. -->","yoast_head_json":{"title":"Potpredsjednik Cakuli se sastao sa Koordinatorom za ljudska prava Verom Naki\u0107 - Lajme nga Ulqini","description":"Potpredsjednik Cakuli sastao se sa Koordinatorom za ljudska prava i pomo\u0107 romima u Ulcinju, Verom Naki\u0107 Potpredsjendik Op\u0161tine Ulcinj, Xhaudet Cakuli","robots":{"index":"index","follow":"follow","max-snippet":"max-snippet:-1","max-image-preview":"max-image-preview:large","max-video-preview":"max-video-preview:-1"},"canonical":"https:\/\/www.visit-ulcinj.com\/blog\/2012\/12\/11\/potpredsjednik-cakuli-se-sastao-sa-koordinatorom-za-ljudska-prava-verom-nakic\/","og_locale":"en_US","og_type":"article","og_title":"Potpredsjednik Cakuli se sastao sa Koordinatorom za ljudska prava Verom Naki\u0107 - Lajme nga Ulqini","og_description":"Potpredsjednik Cakuli sastao se sa Koordinatorom za ljudska prava i pomo\u0107 romima u Ulcinju, Verom Naki\u0107 Potpredsjendik Op\u0161tine Ulcinj, Xhaudet Cakuli","og_url":"https:\/\/www.visit-ulcinj.com\/blog\/2012\/12\/11\/potpredsjednik-cakuli-se-sastao-sa-koordinatorom-za-ljudska-prava-verom-nakic\/","og_site_name":"Lajme nga Ulqini","article_published_time":"2012-12-11T17:31:05+00:00","og_image":[{"url":"http:\/\/www.visit-ulcinj.com\/blog\/wp-content\/uploads\/2012\/12\/Dzaudet-Cakuli_Vera-Nakic.jpg"}],"twitter_misc":{"Written by":"ulqini","Est. reading time":"1 minute"},"schema":{"@context":"https:\/\/schema.org","@graph":[{"@type":"WebSite","@id":"https:\/\/www.visit-ulcinj.com\/blog\/#website","url":"https:\/\/www.visit-ulcinj.com\/blog\/","name":"Lajme nga Ulqini","description":"Lajme,Vijesti,Ulqini,Ulqin,Crna Gora,Mali i Zi","potentialAction":[{"@type":"SearchAction","target":{"@type":"EntryPoint","urlTemplate":"https:\/\/www.visit-ulcinj.com\/blog\/?s={search_term_string}"},"query-input":"required name=search_term_string"}],"inLanguage":"en-US"},{"@type":"ImageObject","inLanguage":"en-US","@id":"https:\/\/www.visit-ulcinj.com\/blog\/2012\/12\/11\/potpredsjednik-cakuli-se-sastao-sa-koordinatorom-za-ljudska-prava-verom-nakic\/#primaryimage","url":"https:\/\/www.visit-ulcinj.com\/blog\/wp-content\/uploads\/2012\/12\/Dzaudet-Cakuli_Vera-Nakic.jpg","contentUrl":"https:\/\/www.visit-ulcinj.com\/blog\/wp-content\/uploads\/2012\/12\/Dzaudet-Cakuli_Vera-Nakic.jpg","width":"640","height":"424"},{"@type":"WebPage","@id":"https:\/\/www.visit-ulcinj.com\/blog\/2012\/12\/11\/potpredsjednik-cakuli-se-sastao-sa-koordinatorom-za-ljudska-prava-verom-nakic\/#webpage","url":"https:\/\/www.visit-ulcinj.com\/blog\/2012\/12\/11\/potpredsjednik-cakuli-se-sastao-sa-koordinatorom-za-ljudska-prava-verom-nakic\/","name":"Potpredsjednik Cakuli se sastao sa Koordinatorom za ljudska prava Verom Naki\u0107 - Lajme nga Ulqini","isPartOf":{"@id":"https:\/\/www.visit-ulcinj.com\/blog\/#website"},"primaryImageOfPage":{"@id":"https:\/\/www.visit-ulcinj.com\/blog\/2012\/12\/11\/potpredsjednik-cakuli-se-sastao-sa-koordinatorom-za-ljudska-prava-verom-nakic\/#primaryimage"},"datePublished":"2012-12-11T17:31:05+00:00","dateModified":"2012-12-11T17:31:05+00:00","author":{"@id":"https:\/\/www.visit-ulcinj.com\/blog\/#\/schema\/person\/dcab619c614d3038751c63bc2aadc06d"},"description":"Potpredsjednik Cakuli sastao se sa Koordinatorom za ljudska prava i pomo\u0107 romima u Ulcinju, Verom Naki\u0107 Potpredsjendik Op\u0161tine Ulcinj, Xhaudet Cakuli","breadcrumb":{"@id":"https:\/\/www.visit-ulcinj.com\/blog\/2012\/12\/11\/potpredsjednik-cakuli-se-sastao-sa-koordinatorom-za-ljudska-prava-verom-nakic\/#breadcrumb"},"inLanguage":"en-US","potentialAction":[{"@type":"ReadAction","target":["https:\/\/www.visit-ulcinj.com\/blog\/2012\/12\/11\/potpredsjednik-cakuli-se-sastao-sa-koordinatorom-za-ljudska-prava-verom-nakic\/"]}]},{"@type":"BreadcrumbList","@id":"https:\/\/www.visit-ulcinj.com\/blog\/2012\/12\/11\/potpredsjednik-cakuli-se-sastao-sa-koordinatorom-za-ljudska-prava-verom-nakic\/#breadcrumb","itemListElement":[{"@type":"ListItem","position":1,"name":"Potpredsjednik Cakuli se sastao sa Koordinatorom za ljudska prava Verom Naki\u0107"}]},{"@type":"Person","@id":"https:\/\/www.visit-ulcinj.com\/blog\/#\/schema\/person\/dcab619c614d3038751c63bc2aadc06d","name":"ulqini","sameAs":["http:\/\/www.visit-ulcinj.com"],"url":"https:\/\/www.visit-ulcinj.com\/blog\/author\/admin\/"}]}},"jetpack_featured_media_url":"","jetpack_sharing_enabled":true,"jetpack_shortlink":"https:\/\/wp.me\/pe6lTn-hlx","_links":{"self":[{"href":"https:\/\/www.visit-ulcinj.com\/blog\/wp-json\/wp\/v2\/posts\/66683"}],"collection":[{"href":"https:\/\/www.visit-ulcinj.com\/blog\/wp-json\/wp\/v2\/posts"}],"about":[{"href":"https:\/\/www.visit-ulcinj.com\/blog\/wp-json\/wp\/v2\/types\/post"}],"author":[{"embeddable":true,"href":"https:\/\/www.visit-ulcinj.com\/blog\/wp-json\/wp\/v2\/users\/1"}],"replies":[{"embeddable":true,"href":"https:\/\/www.visit-ulcinj.com\/blog\/wp-json\/wp\/v2\/comments?post=66683"}],"version-history":[{"count":1,"href":"https:\/\/www.visit-ulcinj.com\/blog\/wp-json\/wp\/v2\/posts\/66683\/revisions"}],"predecessor-version":[{"id":66685,"href":"https:\/\/www.visit-ulcinj.com\/blog\/wp-json\/wp\/v2\/posts\/66683\/revisions\/66685"}],"wp:attachment":[{"href":"https:\/\/www.visit-ulcinj.com\/blog\/wp-json\/wp\/v2\/media?parent=66683"}],"wp:term":[{"taxonomy":"category","embeddable":true,"href":"https:\/\/www.visit-ulcinj.com\/blog\/wp-json\/wp\/v2\/categories?post=66683"},{"taxonomy":"post_tag","embeddable":true,"href":"https:\/\/www.visit-ulcinj.com\/blog\/wp-json\/wp\/v2\/tags?post=66683"}],"curies":[{"name":"wp","href":"https:\/\/api.w.org\/{rel}","templated":true}]}}