{"id":66696,"date":"2012-12-13T09:03:41","date_gmt":"2012-12-13T08:03:41","guid":{"rendered":"http:\/\/www.visit-ulcinj.com\/blog\/?p=66696"},"modified":"2012-12-15T09:31:24","modified_gmt":"2012-12-15T08:31:24","slug":"ligji-i-ri-per-te-mirat-detare-komuna-ulqinit-50-te-mirat-detare-50","status":"publish","type":"post","link":"https:\/\/www.visit-ulcinj.com\/blog\/2012\/12\/13\/ligji-i-ri-per-te-mirat-detare-komuna-ulqinit-50-te-mirat-detare-50\/","title":{"rendered":"Ligji i ri p\u00ebr t\u00eb Mirat detare: Komuna Ulqinit 50 % &#8211; T\u00eb Mirat detare 50 %"},"content":{"rendered":"<p><strong><a href=\"http:\/\/www.visit-ulcinj.com\/blog\/wp-content\/uploads\/2012\/12\/Nazif-Cungu_Rajko-Barovic_Ulqin.3.jpg\"><img loading=\"lazy\" class=\"alignleft  wp-image-66697\" title=\"Nazif Cungu_Rajko Barovic_Ulqin.3\" src=\"http:\/\/www.visit-ulcinj.com\/blog\/wp-content\/uploads\/2012\/12\/Nazif-Cungu_Rajko-Barovic_Ulqin.3.jpg\" alt=\"\" width=\"508\" height=\"360\" \/><\/a>Kryetari i Komun\u00ebs s\u00eb Ulqinit Nazif Cungu dhe bashk\u00ebpun\u00ebtor\u00ebt e tij jan\u00eb takuar sot me nj\u00eb delegacion t\u00eb Nd\u00ebrmarrjes publike p\u00ebr administrim me t\u00eb mirat detare t\u00eb Malit t\u00eb Zi<\/strong><\/p>\n<p>Kryetari i Komun\u00ebs s\u00eb Ulqinit Nazif Cungu dhe bashk\u00ebpun\u00ebtor\u00ebt e tij jan\u00eb takuar sot me nj\u00eb delegacion t\u00eb Nd\u00ebrmarrjes publike p\u00ebr administrim me t\u00eb mirat detare t\u00eb Malit t\u00eb Zi. N\u00eb p\u00ebrb\u00ebrje t\u00eb k\u00ebtij delegacioni ishin: drejtori Rajko Baroviq, shefi i sh\u00ebrbimit p\u00ebr zhvillim t\u00eb q\u00ebndruesh\u00ebm Aleksandra Ivanoviq, shefi i sh\u00ebrbimit p\u00ebr rregullimin dhe nd\u00ebrtimin e t\u00eb mirave detare Rajko Mihoviq, ndihm\u00ebsi i drejtorit dhe planifikuesi hap\u00ebsinor Dragan Markoviq, ndihm\u00ebsi i drejtorit dhe i ngarkuari p\u00ebr kontrollin e zon\u00ebs s\u00eb t\u00eb Mirave detare, Rajko Milloviq.<br \/>\n<a href=\"http:\/\/www.visit-ulcinj.com\/blog\/wp-content\/uploads\/2012\/12\/Nazif-Cungu_Rajko-Barovic_Ulqin.1.jpg\"><img loading=\"lazy\" class=\"alignleft  wp-image-66698\" title=\"Nazif Cungu_Rajko Barovic_Ulqin.1\" src=\"http:\/\/www.visit-ulcinj.com\/blog\/wp-content\/uploads\/2012\/12\/Nazif-Cungu_Rajko-Barovic_Ulqin.1.jpg\" alt=\"\" width=\"508\" height=\"300\" \/><\/a><\/p>\n<p>N\u00eb mbledhje \u00ebsht\u00eb diskutuar p\u00ebr realizimin e planit p\u00ebr vitin 2013, duke p\u00ebrfshir\u00eb p\u00ebrgatitjet p\u00ebr sezonin e ardhsh\u00ebm turistik, fillimin e projekteve dhe projektet e rinj n\u00eb zon\u00ebn e t\u00eb mirave detare n\u00eb Komun\u00ebne Ulqinit. N\u00eb baz\u00eb t\u00eb ligjit t\u00eb ri p\u00ebr t\u00eb Mirat detare, Komun\u00ebs s\u00eb Ulqinit do t\u2019i ndahen 50 % e mjeteve nga t\u00eb Mirat detare p\u00ebr investime n\u00eb zon\u00ebn e t\u00eb Mirave detare, p\u00ebr ndryshim t\u00eb 20 % q\u00eb i jan\u00eb ndar\u00eb deri tash.<\/p>\n<p>Nga projektet e p\u00ebrmendura jan\u00eb ve\u00e7uar: projekti i zgjidhjes s\u00eb re teknike, dmth vazhdimi i molos p\u00ebr skel\u00ebn e vog\u00ebl Kacema, rregullimi i skel\u00ebs s\u00eb madhe \u2013 portit n\u00eb Ulqin, projekt ky q[ \u00ebsht\u00eb n\u00eb p\u00ebrfundim, rregullimi i mendr\u00ebs, rregullimi i sh\u00ebtitores prej te lokaliteti i hotelit Galeb deri tek hoteli Albatros, projekt ky q\u00eb tashm\u00eb ka p\u00ebrfunduar, rregullimi i sh\u00ebtitores n\u00eb Ran\u00eb. Fokusi kryesor i bisedimeve ka qen\u00eb Porto Milena dhe iniciativa e pastrimit me q\u00ebllim q\u00eb t\u00eb krijohen kushtet p\u00ebr projektin e ardhsh\u00ebm n\u00eb at\u00eb lokacion ku \u00ebsht\u00eb parapar\u00eb marina. N\u00eb p\u00ebrgatitje do t\u00eb marr\u00eb pjes\u00eb edhe NP t\u00eb Mirat detare si dhe ministrit\u00eb p\u00ebrkat\u00ebse. \u00cbsht\u00eb biseduar edhe p\u00ebr plazhin e Valdanosit dhe nevoj\u00ebs q\u00eb plazhi t\u00eb jet\u00eb i hapur p\u00ebr t\u00eb gjith\u00eb turist\u00ebt t\u00eb cil\u00ebt do t\u00eb vizitojn\u00eb Ulqinin, p\u00ebr mund\u00ebsin\u00eb e vazhdimit t\u00eb marrjes s\u00eb plazheve me qira p\u00ebr nj\u00eb periudh\u00eb prej 5 vitesh gj\u00eb q\u00eb do t\u00eb mund\u00ebsonte edhe investimet.<br \/>\n<a href=\"http:\/\/www.visit-ulcinj.com\/blog\/wp-content\/uploads\/2012\/12\/Nazif-Cungu_Rajko-Barovic_Ulqin.2.jpg\"><img loading=\"lazy\" class=\"alignleft  wp-image-66699\" title=\"Nazif Cungu_Rajko Barovic_Ulqin.2\" src=\"http:\/\/www.visit-ulcinj.com\/blog\/wp-content\/uploads\/2012\/12\/Nazif-Cungu_Rajko-Barovic_Ulqin.2.jpg\" alt=\"\" width=\"508\" height=\"300\" \/><\/a><\/p>\n<p>Tem\u00eb e ve\u00e7ant\u00eb ka qen\u00eb lumi Buna dhe objektet e p\u00ebrkohshme n\u00eb Bun\u00eb si dhe rregullimi i sistemit t\u00eb kanalizimit p\u00ebr objektet ekzistuese. Kryetari Cungu gjithashtu ka k\u00ebrkuar q\u00eb t\u00eb shqyrtohet problematika e objekteve t\u00eb cil\u00ebt i shfryt\u00ebzojn\u00eb peshkatar\u00ebt e Ulqinit, p\u00ebr t\u00eb cil\u00ebn gj\u00eb nevojitet evidenca e peshkatar\u00ebve.<\/p>\n<p>Ky ka qen\u00eb takimi i par\u00eb iniciues n\u00eb vargun e disa takimeve t\u00eb planifikuar ku do t\u00eb shqyrtohen detalisht projektet e p\u00ebrmendura.<\/p>\n<p><strong>Op\u0161tina Ulcinj \/ Komuna e Ulqinit<\/strong><br \/>\nTel: +382 30 412 050<br \/>\nFax: +382 30 412 413<br \/>\nAdresa: Bul. Skenderbeu bb, 85360 Ulcinj, MNE<\/p>\n","protected":false},"excerpt":{"rendered":"<p>Kryetari i Komun\u00ebs s\u00eb Ulqinit Nazif Cungu dhe bashk\u00ebpun\u00ebtor\u00ebt e tij jan\u00eb takuar sot me nj\u00eb delegacion t\u00eb Nd\u00ebrmarrjes publike p\u00ebr administrim me t\u00eb mirat detare t\u00eb Malit t\u00eb Zi Kryetari i Komun\u00ebs s\u00eb Ulqinit Nazif Cungu dhe bashk\u00ebpun\u00ebtor\u00ebt e tij jan\u00eb takuar sot me nj\u00eb delegacion t\u00eb Nd\u00ebrmarrjes publike p\u00ebr administrim me t\u00eb mirat [&hellip;]<\/p>\n","protected":false},"author":1,"featured_media":0,"comment_status":"open","ping_status":"closed","sticky":false,"template":"","format":"standard","meta":{"spay_email":"","jetpack_publicize_message":"","jetpack_is_tweetstorm":false,"jetpack_publicize_feature_enabled":true},"categories":[10,1],"tags":[18],"jetpack_publicize_connections":[],"yoast_head":"<!-- This site is optimized with the Yoast SEO plugin v19.1 - https:\/\/yoast.com\/wordpress\/plugins\/seo\/ -->\n<title>Ligji i ri p\u00ebr t\u00eb Mirat detare: Komuna Ulqinit 50 % - T\u00eb Mirat detare 50 % - Lajme nga Ulqini<\/title>\n<meta name=\"description\" content=\"Kryetari i Komun\u00ebs s\u00eb Ulqinit Nazif Cungu dhe bashk\u00ebpun\u00ebtor\u00ebt e tij jan\u00eb takuar sot me nj\u00eb delegacion t\u00eb Nd\u00ebrmarrjes publike p\u00ebr administrim me t\u00eb mirat\" \/>\n<meta name=\"robots\" content=\"index, follow, max-snippet:-1, max-image-preview:large, max-video-preview:-1\" \/>\n<link rel=\"canonical\" href=\"https:\/\/www.visit-ulcinj.com\/blog\/2012\/12\/13\/ligji-i-ri-per-te-mirat-detare-komuna-ulqinit-50-te-mirat-detare-50\/\" \/>\n<meta property=\"og:locale\" content=\"en_US\" \/>\n<meta property=\"og:type\" content=\"article\" \/>\n<meta property=\"og:title\" content=\"Ligji i ri p\u00ebr t\u00eb Mirat detare: Komuna Ulqinit 50 % - T\u00eb Mirat detare 50 % - Lajme nga Ulqini\" \/>\n<meta property=\"og:description\" content=\"Kryetari i Komun\u00ebs s\u00eb Ulqinit Nazif Cungu dhe bashk\u00ebpun\u00ebtor\u00ebt e tij jan\u00eb takuar sot me nj\u00eb delegacion t\u00eb Nd\u00ebrmarrjes publike p\u00ebr administrim me t\u00eb mirat\" \/>\n<meta property=\"og:url\" content=\"https:\/\/www.visit-ulcinj.com\/blog\/2012\/12\/13\/ligji-i-ri-per-te-mirat-detare-komuna-ulqinit-50-te-mirat-detare-50\/\" \/>\n<meta property=\"og:site_name\" content=\"Lajme nga Ulqini\" \/>\n<meta property=\"article:published_time\" content=\"2012-12-13T08:03:41+00:00\" \/>\n<meta property=\"article:modified_time\" content=\"2012-12-15T08:31:24+00:00\" \/>\n<meta property=\"og:image\" content=\"http:\/\/www.visit-ulcinj.com\/blog\/wp-content\/uploads\/2012\/12\/Nazif-Cungu_Rajko-Barovic_Ulqin.3.jpg\" \/>\n<meta name=\"twitter:label1\" content=\"Written by\" \/>\n\t<meta name=\"twitter:data1\" content=\"ulqini\" \/>\n\t<meta name=\"twitter:label2\" content=\"Est. reading time\" \/>\n\t<meta name=\"twitter:data2\" content=\"3 minutes\" \/>\n<script type=\"application\/ld+json\" class=\"yoast-schema-graph\">{\"@context\":\"https:\/\/schema.org\",\"@graph\":[{\"@type\":\"WebSite\",\"@id\":\"https:\/\/www.visit-ulcinj.com\/blog\/#website\",\"url\":\"https:\/\/www.visit-ulcinj.com\/blog\/\",\"name\":\"Lajme nga Ulqini\",\"description\":\"Lajme,Vijesti,Ulqini,Ulqin,Crna Gora,Mali i Zi\",\"potentialAction\":[{\"@type\":\"SearchAction\",\"target\":{\"@type\":\"EntryPoint\",\"urlTemplate\":\"https:\/\/www.visit-ulcinj.com\/blog\/?s={search_term_string}\"},\"query-input\":\"required name=search_term_string\"}],\"inLanguage\":\"en-US\"},{\"@type\":\"ImageObject\",\"inLanguage\":\"en-US\",\"@id\":\"https:\/\/www.visit-ulcinj.com\/blog\/2012\/12\/13\/ligji-i-ri-per-te-mirat-detare-komuna-ulqinit-50-te-mirat-detare-50\/#primaryimage\",\"url\":\"https:\/\/www.visit-ulcinj.com\/blog\/wp-content\/uploads\/2012\/12\/Nazif-Cungu_Rajko-Barovic_Ulqin.3.jpg\",\"contentUrl\":\"https:\/\/www.visit-ulcinj.com\/blog\/wp-content\/uploads\/2012\/12\/Nazif-Cungu_Rajko-Barovic_Ulqin.3.jpg\",\"width\":\"640\",\"height\":\"424\"},{\"@type\":\"WebPage\",\"@id\":\"https:\/\/www.visit-ulcinj.com\/blog\/2012\/12\/13\/ligji-i-ri-per-te-mirat-detare-komuna-ulqinit-50-te-mirat-detare-50\/#webpage\",\"url\":\"https:\/\/www.visit-ulcinj.com\/blog\/2012\/12\/13\/ligji-i-ri-per-te-mirat-detare-komuna-ulqinit-50-te-mirat-detare-50\/\",\"name\":\"Ligji i ri p\u00ebr t\u00eb Mirat detare: Komuna Ulqinit 50 % - T\u00eb Mirat detare 50 % - Lajme nga Ulqini\",\"isPartOf\":{\"@id\":\"https:\/\/www.visit-ulcinj.com\/blog\/#website\"},\"primaryImageOfPage\":{\"@id\":\"https:\/\/www.visit-ulcinj.com\/blog\/2012\/12\/13\/ligji-i-ri-per-te-mirat-detare-komuna-ulqinit-50-te-mirat-detare-50\/#primaryimage\"},\"datePublished\":\"2012-12-13T08:03:41+00:00\",\"dateModified\":\"2012-12-15T08:31:24+00:00\",\"author\":{\"@id\":\"https:\/\/www.visit-ulcinj.com\/blog\/#\/schema\/person\/dcab619c614d3038751c63bc2aadc06d\"},\"description\":\"Kryetari i Komun\u00ebs s\u00eb Ulqinit Nazif Cungu dhe bashk\u00ebpun\u00ebtor\u00ebt e tij jan\u00eb takuar sot me nj\u00eb delegacion t\u00eb Nd\u00ebrmarrjes publike p\u00ebr administrim me t\u00eb mirat\",\"breadcrumb\":{\"@id\":\"https:\/\/www.visit-ulcinj.com\/blog\/2012\/12\/13\/ligji-i-ri-per-te-mirat-detare-komuna-ulqinit-50-te-mirat-detare-50\/#breadcrumb\"},\"inLanguage\":\"en-US\",\"potentialAction\":[{\"@type\":\"ReadAction\",\"target\":[\"https:\/\/www.visit-ulcinj.com\/blog\/2012\/12\/13\/ligji-i-ri-per-te-mirat-detare-komuna-ulqinit-50-te-mirat-detare-50\/\"]}]},{\"@type\":\"BreadcrumbList\",\"@id\":\"https:\/\/www.visit-ulcinj.com\/blog\/2012\/12\/13\/ligji-i-ri-per-te-mirat-detare-komuna-ulqinit-50-te-mirat-detare-50\/#breadcrumb\",\"itemListElement\":[{\"@type\":\"ListItem\",\"position\":1,\"name\":\"Ligji i ri p\u00ebr t\u00eb Mirat detare: Komuna Ulqinit 50 % &#8211; T\u00eb Mirat detare 50 %\"}]},{\"@type\":\"Person\",\"@id\":\"https:\/\/www.visit-ulcinj.com\/blog\/#\/schema\/person\/dcab619c614d3038751c63bc2aadc06d\",\"name\":\"ulqini\",\"sameAs\":[\"http:\/\/www.visit-ulcinj.com\"],\"url\":\"https:\/\/www.visit-ulcinj.com\/blog\/author\/admin\/\"}]}<\/script>\n<!-- \/ Yoast SEO plugin. -->","yoast_head_json":{"title":"Ligji i ri p\u00ebr t\u00eb Mirat detare: Komuna Ulqinit 50 % - T\u00eb Mirat detare 50 % - Lajme nga Ulqini","description":"Kryetari i Komun\u00ebs s\u00eb Ulqinit Nazif Cungu dhe bashk\u00ebpun\u00ebtor\u00ebt e tij jan\u00eb takuar sot me nj\u00eb delegacion t\u00eb Nd\u00ebrmarrjes publike p\u00ebr administrim me t\u00eb mirat","robots":{"index":"index","follow":"follow","max-snippet":"max-snippet:-1","max-image-preview":"max-image-preview:large","max-video-preview":"max-video-preview:-1"},"canonical":"https:\/\/www.visit-ulcinj.com\/blog\/2012\/12\/13\/ligji-i-ri-per-te-mirat-detare-komuna-ulqinit-50-te-mirat-detare-50\/","og_locale":"en_US","og_type":"article","og_title":"Ligji i ri p\u00ebr t\u00eb Mirat detare: Komuna Ulqinit 50 % - T\u00eb Mirat detare 50 % - Lajme nga Ulqini","og_description":"Kryetari i Komun\u00ebs s\u00eb Ulqinit Nazif Cungu dhe bashk\u00ebpun\u00ebtor\u00ebt e tij jan\u00eb takuar sot me nj\u00eb delegacion t\u00eb Nd\u00ebrmarrjes publike p\u00ebr administrim me t\u00eb mirat","og_url":"https:\/\/www.visit-ulcinj.com\/blog\/2012\/12\/13\/ligji-i-ri-per-te-mirat-detare-komuna-ulqinit-50-te-mirat-detare-50\/","og_site_name":"Lajme nga Ulqini","article_published_time":"2012-12-13T08:03:41+00:00","article_modified_time":"2012-12-15T08:31:24+00:00","og_image":[{"url":"http:\/\/www.visit-ulcinj.com\/blog\/wp-content\/uploads\/2012\/12\/Nazif-Cungu_Rajko-Barovic_Ulqin.3.jpg"}],"twitter_misc":{"Written by":"ulqini","Est. reading time":"3 minutes"},"schema":{"@context":"https:\/\/schema.org","@graph":[{"@type":"WebSite","@id":"https:\/\/www.visit-ulcinj.com\/blog\/#website","url":"https:\/\/www.visit-ulcinj.com\/blog\/","name":"Lajme nga Ulqini","description":"Lajme,Vijesti,Ulqini,Ulqin,Crna Gora,Mali i Zi","potentialAction":[{"@type":"SearchAction","target":{"@type":"EntryPoint","urlTemplate":"https:\/\/www.visit-ulcinj.com\/blog\/?s={search_term_string}"},"query-input":"required name=search_term_string"}],"inLanguage":"en-US"},{"@type":"ImageObject","inLanguage":"en-US","@id":"https:\/\/www.visit-ulcinj.com\/blog\/2012\/12\/13\/ligji-i-ri-per-te-mirat-detare-komuna-ulqinit-50-te-mirat-detare-50\/#primaryimage","url":"https:\/\/www.visit-ulcinj.com\/blog\/wp-content\/uploads\/2012\/12\/Nazif-Cungu_Rajko-Barovic_Ulqin.3.jpg","contentUrl":"https:\/\/www.visit-ulcinj.com\/blog\/wp-content\/uploads\/2012\/12\/Nazif-Cungu_Rajko-Barovic_Ulqin.3.jpg","width":"640","height":"424"},{"@type":"WebPage","@id":"https:\/\/www.visit-ulcinj.com\/blog\/2012\/12\/13\/ligji-i-ri-per-te-mirat-detare-komuna-ulqinit-50-te-mirat-detare-50\/#webpage","url":"https:\/\/www.visit-ulcinj.com\/blog\/2012\/12\/13\/ligji-i-ri-per-te-mirat-detare-komuna-ulqinit-50-te-mirat-detare-50\/","name":"Ligji i ri p\u00ebr t\u00eb Mirat detare: Komuna Ulqinit 50 % - T\u00eb Mirat detare 50 % - Lajme nga Ulqini","isPartOf":{"@id":"https:\/\/www.visit-ulcinj.com\/blog\/#website"},"primaryImageOfPage":{"@id":"https:\/\/www.visit-ulcinj.com\/blog\/2012\/12\/13\/ligji-i-ri-per-te-mirat-detare-komuna-ulqinit-50-te-mirat-detare-50\/#primaryimage"},"datePublished":"2012-12-13T08:03:41+00:00","dateModified":"2012-12-15T08:31:24+00:00","author":{"@id":"https:\/\/www.visit-ulcinj.com\/blog\/#\/schema\/person\/dcab619c614d3038751c63bc2aadc06d"},"description":"Kryetari i Komun\u00ebs s\u00eb Ulqinit Nazif Cungu dhe bashk\u00ebpun\u00ebtor\u00ebt e tij jan\u00eb takuar sot me nj\u00eb delegacion t\u00eb Nd\u00ebrmarrjes publike p\u00ebr administrim me t\u00eb mirat","breadcrumb":{"@id":"https:\/\/www.visit-ulcinj.com\/blog\/2012\/12\/13\/ligji-i-ri-per-te-mirat-detare-komuna-ulqinit-50-te-mirat-detare-50\/#breadcrumb"},"inLanguage":"en-US","potentialAction":[{"@type":"ReadAction","target":["https:\/\/www.visit-ulcinj.com\/blog\/2012\/12\/13\/ligji-i-ri-per-te-mirat-detare-komuna-ulqinit-50-te-mirat-detare-50\/"]}]},{"@type":"BreadcrumbList","@id":"https:\/\/www.visit-ulcinj.com\/blog\/2012\/12\/13\/ligji-i-ri-per-te-mirat-detare-komuna-ulqinit-50-te-mirat-detare-50\/#breadcrumb","itemListElement":[{"@type":"ListItem","position":1,"name":"Ligji i ri p\u00ebr t\u00eb Mirat detare: Komuna Ulqinit 50 % &#8211; T\u00eb Mirat detare 50 %"}]},{"@type":"Person","@id":"https:\/\/www.visit-ulcinj.com\/blog\/#\/schema\/person\/dcab619c614d3038751c63bc2aadc06d","name":"ulqini","sameAs":["http:\/\/www.visit-ulcinj.com"],"url":"https:\/\/www.visit-ulcinj.com\/blog\/author\/admin\/"}]}},"jetpack_featured_media_url":"","jetpack_sharing_enabled":true,"jetpack_shortlink":"https:\/\/wp.me\/pe6lTn-hlK","_links":{"self":[{"href":"https:\/\/www.visit-ulcinj.com\/blog\/wp-json\/wp\/v2\/posts\/66696"}],"collection":[{"href":"https:\/\/www.visit-ulcinj.com\/blog\/wp-json\/wp\/v2\/posts"}],"about":[{"href":"https:\/\/www.visit-ulcinj.com\/blog\/wp-json\/wp\/v2\/types\/post"}],"author":[{"embeddable":true,"href":"https:\/\/www.visit-ulcinj.com\/blog\/wp-json\/wp\/v2\/users\/1"}],"replies":[{"embeddable":true,"href":"https:\/\/www.visit-ulcinj.com\/blog\/wp-json\/wp\/v2\/comments?post=66696"}],"version-history":[{"count":2,"href":"https:\/\/www.visit-ulcinj.com\/blog\/wp-json\/wp\/v2\/posts\/66696\/revisions"}],"predecessor-version":[{"id":66741,"href":"https:\/\/www.visit-ulcinj.com\/blog\/wp-json\/wp\/v2\/posts\/66696\/revisions\/66741"}],"wp:attachment":[{"href":"https:\/\/www.visit-ulcinj.com\/blog\/wp-json\/wp\/v2\/media?parent=66696"}],"wp:term":[{"taxonomy":"category","embeddable":true,"href":"https:\/\/www.visit-ulcinj.com\/blog\/wp-json\/wp\/v2\/categories?post=66696"},{"taxonomy":"post_tag","embeddable":true,"href":"https:\/\/www.visit-ulcinj.com\/blog\/wp-json\/wp\/v2\/tags?post=66696"}],"curies":[{"name":"wp","href":"https:\/\/api.w.org\/{rel}","templated":true}]}}