{"id":66701,"date":"2012-12-13T09:13:05","date_gmt":"2012-12-13T08:13:05","guid":{"rendered":"http:\/\/www.visit-ulcinj.com\/blog\/?p=66701"},"modified":"2012-12-13T09:13:05","modified_gmt":"2012-12-13T08:13:05","slug":"zakon-morskog-dobra-opstina-ulcinj-50-morsko-dobro-50","status":"publish","type":"post","link":"https:\/\/www.visit-ulcinj.com\/blog\/2012\/12\/13\/zakon-morskog-dobra-opstina-ulcinj-50-morsko-dobro-50\/","title":{"rendered":"Zakon Morskog Dobra: Op\u0161tina Ulcinj 50 % &#8211; Morsko Dobro 50 %"},"content":{"rendered":"<p><strong><a href=\"http:\/\/www.visit-ulcinj.com\/blog\/wp-content\/uploads\/2012\/12\/Nazif-Cungu_Rajko-Barovic_Ulcinj.jpg\"><img loading=\"lazy\" class=\"alignleft  wp-image-66702\" title=\"Nazif Cungu_Rajko Barovic_Ulcinj\" src=\"http:\/\/www.visit-ulcinj.com\/blog\/wp-content\/uploads\/2012\/12\/Nazif-Cungu_Rajko-Barovic_Ulcinj.jpg\" alt=\"\" width=\"508\" height=\"360\" \/><\/a>Predsjednik op\u0161tine Ulcinj Nazif Cungu i njegovi saradnici sastali su se danas sa delegacijom Javnog preduze\u0107a za upravljanje morskim dobrom Crne Gore<\/strong><\/p>\n<p>Predsjednik Op\u0161tine Ulcinj Nazif Cungu i njegovi saradnici sastali su se danas sa delegacijom Javnog preduze\u0107a za upravljanje morskim dobrom Crne Gore. U sastavu ove delegacije bili su: direktor Rajko Barovi\u0107, \u0161ef slu\u017ebe za odr\u017eivi razvoj Aleksandra Ivanovi\u0107, \u0161ef slu\u017ebe za ure\u0111enje i izgradnju morskog dobra Rajko Mihovi\u0107, pomo\u0107nik direktora i prostorni planer Dragan Markovi\u0107, pomo\u0107nik direktora i za zadu\u017een za kontrolu zone morskog dobra Rajko Malovi\u0107.<br \/>\n<a href=\"http:\/\/www.visit-ulcinj.com\/blog\/wp-content\/uploads\/2012\/12\/Nazif-Cungu_Rajko-Barovic_Ulcinj.1.jpg\"><img loading=\"lazy\" class=\"alignleft  wp-image-66703\" title=\"Nazif Cungu_Rajko Barovic_Ulcinj.1\" src=\"http:\/\/www.visit-ulcinj.com\/blog\/wp-content\/uploads\/2012\/12\/Nazif-Cungu_Rajko-Barovic_Ulcinj.1.jpg\" alt=\"\" width=\"508\" height=\"300\" \/><\/a><\/p>\n<p>Na sastanku se razgovaralo realizaciji plana za 2013 godinu uklju\u010duju\u0107i pripreme za narednu turisti\u010dku sezonu, zapo\u010de projekte kao i nove projekte u zoni morkog dobra u op\u0161tini Ulcinj. Na osnovu novog Zakona Morskog Dobra, op\u0161tini Ulcinj \u0107e se dodjeliti 50% sredstava od Morskog dobra za investicije u zoni Morskog dobra, za razliku od 20% koje su dodjeljene do sada.<br \/>\nOd pomentuih projekata izdvojeni su: projekat novog tehni\u010dkog rije\u0161enja tj. produ\u017eetka lukobrana za lu\u010dicu Kacema; ure\u0111enje Velike skele \u2013 Pristani\u0161ta u Ulcinju, koji je projekat na zavr\u0161etku; ure\u0111enje Mendre\u0107a; ure\u0111enje \u0161etali\u0161ta od lokacije hotela Galeb do hotela Albatros, koji je projekat ve\u0107 zavr\u0161en; ure\u0111enje \u0161etali\u0161ta u Maloj pla\u017ei. Glavni fokus razgovora bila je Porto Milena i inicjativa \u010di\u0161\u0107enja kako bi se stvorili uslovi za budu\u0107i projekat na toj lokaciji u kojoj je predvi\u0111ena marina. U pripremama \u0107e u\u010destvovati i JP Morsko dobro kao i nadle\u017ena ministarstva. Razgovaralo se i o pla\u017ei Valdanos i potrebi da pla\u017ea bude otvorena za sve turiste koji \u0107e posjetiti Ulcinj, o mogu\u0107nosti produ\u017eetka perioda zakupa pla\u017ea u periodu od 5 godina \u0161to bi omogu\u0107ilo i investicije.<br \/>\n<a href=\"http:\/\/www.visit-ulcinj.com\/blog\/wp-content\/uploads\/2012\/12\/Nazif-Cungu_Rajko-Barovic_Ulqin.jpg\"><img loading=\"lazy\" class=\"alignleft  wp-image-66704\" title=\"Nazif Cungu_Rajko Barovic_Ulqin\" src=\"http:\/\/www.visit-ulcinj.com\/blog\/wp-content\/uploads\/2012\/12\/Nazif-Cungu_Rajko-Barovic_Ulqin.jpg\" alt=\"\" width=\"508\" height=\"300\" \/><\/a><br \/>\nZasebna tema je bila i rijeka Bojana i privremeni objekti na Bojani kao i regulisanje sistema kanalizacije za postoje\u0107e objekte. Predsjednik Cungu je tako\u0111e tra\u017eio da se razmatra problematika objekata koji koriste ribari Ulcinja, za \u0161ta je potrebna evidencija ribara.<br \/>\nOva je bio prvi inicjalni sastanak u nizu nekoliko planiranih sastanaka u kojima \u0107e se detaljnije razmatrati navedeni projekti.<\/p>\n<p><strong>Op\u0161tina Ulcinj \/ Komuna e Ulqinit<\/strong><br \/>\nTel: +382 30 412 050<br \/>\nFax: +382 30 412 413<br \/>\nAdresa: Bul. Skenderbeu bb, 85360 Ulcinj, MNE<\/p>\n","protected":false},"excerpt":{"rendered":"<p>Predsjednik op\u0161tine Ulcinj Nazif Cungu i njegovi saradnici sastali su se danas sa delegacijom Javnog preduze\u0107a za upravljanje morskim dobrom Crne Gore Predsjednik Op\u0161tine Ulcinj Nazif Cungu i njegovi saradnici sastali su se danas sa delegacijom Javnog preduze\u0107a za upravljanje morskim dobrom Crne Gore. U sastavu ove delegacije bili su: direktor Rajko Barovi\u0107, \u0161ef slu\u017ebe [&hellip;]<\/p>\n","protected":false},"author":1,"featured_media":0,"comment_status":"open","ping_status":"closed","sticky":false,"template":"","format":"standard","meta":{"spay_email":"","jetpack_publicize_message":"","jetpack_is_tweetstorm":false,"jetpack_publicize_feature_enabled":true},"categories":[8337],"tags":[19],"jetpack_publicize_connections":[],"yoast_head":"<!-- This site is optimized with the Yoast SEO plugin v19.1 - https:\/\/yoast.com\/wordpress\/plugins\/seo\/ -->\n<title>Zakon Morskog Dobra: Op\u0161tina Ulcinj 50 % - Morsko Dobro 50 % - Lajme nga Ulqini<\/title>\n<meta name=\"description\" content=\"Predsjednik op\u0161tine Ulcinj Nazif Cungu i njegovi saradnici sastali su se danas sa delegacijom Javnog preduze\u0107a za upravljanje morskim dobrom Crne Gore\" \/>\n<meta name=\"robots\" content=\"index, follow, max-snippet:-1, max-image-preview:large, max-video-preview:-1\" \/>\n<link rel=\"canonical\" href=\"https:\/\/www.visit-ulcinj.com\/blog\/2012\/12\/13\/zakon-morskog-dobra-opstina-ulcinj-50-morsko-dobro-50\/\" \/>\n<meta property=\"og:locale\" content=\"en_US\" \/>\n<meta property=\"og:type\" content=\"article\" \/>\n<meta property=\"og:title\" content=\"Zakon Morskog Dobra: Op\u0161tina Ulcinj 50 % - Morsko Dobro 50 % - Lajme nga Ulqini\" \/>\n<meta property=\"og:description\" content=\"Predsjednik op\u0161tine Ulcinj Nazif Cungu i njegovi saradnici sastali su se danas sa delegacijom Javnog preduze\u0107a za upravljanje morskim dobrom Crne Gore\" \/>\n<meta property=\"og:url\" content=\"https:\/\/www.visit-ulcinj.com\/blog\/2012\/12\/13\/zakon-morskog-dobra-opstina-ulcinj-50-morsko-dobro-50\/\" \/>\n<meta property=\"og:site_name\" content=\"Lajme nga Ulqini\" \/>\n<meta property=\"article:published_time\" content=\"2012-12-13T08:13:05+00:00\" \/>\n<meta property=\"og:image\" content=\"http:\/\/www.visit-ulcinj.com\/blog\/wp-content\/uploads\/2012\/12\/Nazif-Cungu_Rajko-Barovic_Ulcinj.jpg\" \/>\n<meta name=\"twitter:label1\" content=\"Written by\" \/>\n\t<meta name=\"twitter:data1\" content=\"ulqini\" \/>\n\t<meta name=\"twitter:label2\" content=\"Est. reading time\" \/>\n\t<meta name=\"twitter:data2\" content=\"2 minutes\" \/>\n<script type=\"application\/ld+json\" class=\"yoast-schema-graph\">{\"@context\":\"https:\/\/schema.org\",\"@graph\":[{\"@type\":\"WebSite\",\"@id\":\"https:\/\/www.visit-ulcinj.com\/blog\/#website\",\"url\":\"https:\/\/www.visit-ulcinj.com\/blog\/\",\"name\":\"Lajme nga Ulqini\",\"description\":\"Lajme,Vijesti,Ulqini,Ulqin,Crna Gora,Mali i Zi\",\"potentialAction\":[{\"@type\":\"SearchAction\",\"target\":{\"@type\":\"EntryPoint\",\"urlTemplate\":\"https:\/\/www.visit-ulcinj.com\/blog\/?s={search_term_string}\"},\"query-input\":\"required name=search_term_string\"}],\"inLanguage\":\"en-US\"},{\"@type\":\"ImageObject\",\"inLanguage\":\"en-US\",\"@id\":\"https:\/\/www.visit-ulcinj.com\/blog\/2012\/12\/13\/zakon-morskog-dobra-opstina-ulcinj-50-morsko-dobro-50\/#primaryimage\",\"url\":\"https:\/\/www.visit-ulcinj.com\/blog\/wp-content\/uploads\/2012\/12\/Nazif-Cungu_Rajko-Barovic_Ulcinj.jpg\",\"contentUrl\":\"https:\/\/www.visit-ulcinj.com\/blog\/wp-content\/uploads\/2012\/12\/Nazif-Cungu_Rajko-Barovic_Ulcinj.jpg\",\"width\":\"640\",\"height\":\"424\"},{\"@type\":\"WebPage\",\"@id\":\"https:\/\/www.visit-ulcinj.com\/blog\/2012\/12\/13\/zakon-morskog-dobra-opstina-ulcinj-50-morsko-dobro-50\/#webpage\",\"url\":\"https:\/\/www.visit-ulcinj.com\/blog\/2012\/12\/13\/zakon-morskog-dobra-opstina-ulcinj-50-morsko-dobro-50\/\",\"name\":\"Zakon Morskog Dobra: Op\u0161tina Ulcinj 50 % - Morsko Dobro 50 % - Lajme nga Ulqini\",\"isPartOf\":{\"@id\":\"https:\/\/www.visit-ulcinj.com\/blog\/#website\"},\"primaryImageOfPage\":{\"@id\":\"https:\/\/www.visit-ulcinj.com\/blog\/2012\/12\/13\/zakon-morskog-dobra-opstina-ulcinj-50-morsko-dobro-50\/#primaryimage\"},\"datePublished\":\"2012-12-13T08:13:05+00:00\",\"dateModified\":\"2012-12-13T08:13:05+00:00\",\"author\":{\"@id\":\"https:\/\/www.visit-ulcinj.com\/blog\/#\/schema\/person\/dcab619c614d3038751c63bc2aadc06d\"},\"description\":\"Predsjednik op\u0161tine Ulcinj Nazif Cungu i njegovi saradnici sastali su se danas sa delegacijom Javnog preduze\u0107a za upravljanje morskim dobrom Crne Gore\",\"breadcrumb\":{\"@id\":\"https:\/\/www.visit-ulcinj.com\/blog\/2012\/12\/13\/zakon-morskog-dobra-opstina-ulcinj-50-morsko-dobro-50\/#breadcrumb\"},\"inLanguage\":\"en-US\",\"potentialAction\":[{\"@type\":\"ReadAction\",\"target\":[\"https:\/\/www.visit-ulcinj.com\/blog\/2012\/12\/13\/zakon-morskog-dobra-opstina-ulcinj-50-morsko-dobro-50\/\"]}]},{\"@type\":\"BreadcrumbList\",\"@id\":\"https:\/\/www.visit-ulcinj.com\/blog\/2012\/12\/13\/zakon-morskog-dobra-opstina-ulcinj-50-morsko-dobro-50\/#breadcrumb\",\"itemListElement\":[{\"@type\":\"ListItem\",\"position\":1,\"name\":\"Zakon Morskog Dobra: Op\u0161tina Ulcinj 50 % &#8211; Morsko Dobro 50 %\"}]},{\"@type\":\"Person\",\"@id\":\"https:\/\/www.visit-ulcinj.com\/blog\/#\/schema\/person\/dcab619c614d3038751c63bc2aadc06d\",\"name\":\"ulqini\",\"sameAs\":[\"http:\/\/www.visit-ulcinj.com\"],\"url\":\"https:\/\/www.visit-ulcinj.com\/blog\/author\/admin\/\"}]}<\/script>\n<!-- \/ Yoast SEO plugin. -->","yoast_head_json":{"title":"Zakon Morskog Dobra: Op\u0161tina Ulcinj 50 % - Morsko Dobro 50 % - Lajme nga Ulqini","description":"Predsjednik op\u0161tine Ulcinj Nazif Cungu i njegovi saradnici sastali su se danas sa delegacijom Javnog preduze\u0107a za upravljanje morskim dobrom Crne Gore","robots":{"index":"index","follow":"follow","max-snippet":"max-snippet:-1","max-image-preview":"max-image-preview:large","max-video-preview":"max-video-preview:-1"},"canonical":"https:\/\/www.visit-ulcinj.com\/blog\/2012\/12\/13\/zakon-morskog-dobra-opstina-ulcinj-50-morsko-dobro-50\/","og_locale":"en_US","og_type":"article","og_title":"Zakon Morskog Dobra: Op\u0161tina Ulcinj 50 % - Morsko Dobro 50 % - Lajme nga Ulqini","og_description":"Predsjednik op\u0161tine Ulcinj Nazif Cungu i njegovi saradnici sastali su se danas sa delegacijom Javnog preduze\u0107a za upravljanje morskim dobrom Crne Gore","og_url":"https:\/\/www.visit-ulcinj.com\/blog\/2012\/12\/13\/zakon-morskog-dobra-opstina-ulcinj-50-morsko-dobro-50\/","og_site_name":"Lajme nga Ulqini","article_published_time":"2012-12-13T08:13:05+00:00","og_image":[{"url":"http:\/\/www.visit-ulcinj.com\/blog\/wp-content\/uploads\/2012\/12\/Nazif-Cungu_Rajko-Barovic_Ulcinj.jpg"}],"twitter_misc":{"Written by":"ulqini","Est. reading time":"2 minutes"},"schema":{"@context":"https:\/\/schema.org","@graph":[{"@type":"WebSite","@id":"https:\/\/www.visit-ulcinj.com\/blog\/#website","url":"https:\/\/www.visit-ulcinj.com\/blog\/","name":"Lajme nga Ulqini","description":"Lajme,Vijesti,Ulqini,Ulqin,Crna Gora,Mali i Zi","potentialAction":[{"@type":"SearchAction","target":{"@type":"EntryPoint","urlTemplate":"https:\/\/www.visit-ulcinj.com\/blog\/?s={search_term_string}"},"query-input":"required name=search_term_string"}],"inLanguage":"en-US"},{"@type":"ImageObject","inLanguage":"en-US","@id":"https:\/\/www.visit-ulcinj.com\/blog\/2012\/12\/13\/zakon-morskog-dobra-opstina-ulcinj-50-morsko-dobro-50\/#primaryimage","url":"https:\/\/www.visit-ulcinj.com\/blog\/wp-content\/uploads\/2012\/12\/Nazif-Cungu_Rajko-Barovic_Ulcinj.jpg","contentUrl":"https:\/\/www.visit-ulcinj.com\/blog\/wp-content\/uploads\/2012\/12\/Nazif-Cungu_Rajko-Barovic_Ulcinj.jpg","width":"640","height":"424"},{"@type":"WebPage","@id":"https:\/\/www.visit-ulcinj.com\/blog\/2012\/12\/13\/zakon-morskog-dobra-opstina-ulcinj-50-morsko-dobro-50\/#webpage","url":"https:\/\/www.visit-ulcinj.com\/blog\/2012\/12\/13\/zakon-morskog-dobra-opstina-ulcinj-50-morsko-dobro-50\/","name":"Zakon Morskog Dobra: Op\u0161tina Ulcinj 50 % - Morsko Dobro 50 % - Lajme nga Ulqini","isPartOf":{"@id":"https:\/\/www.visit-ulcinj.com\/blog\/#website"},"primaryImageOfPage":{"@id":"https:\/\/www.visit-ulcinj.com\/blog\/2012\/12\/13\/zakon-morskog-dobra-opstina-ulcinj-50-morsko-dobro-50\/#primaryimage"},"datePublished":"2012-12-13T08:13:05+00:00","dateModified":"2012-12-13T08:13:05+00:00","author":{"@id":"https:\/\/www.visit-ulcinj.com\/blog\/#\/schema\/person\/dcab619c614d3038751c63bc2aadc06d"},"description":"Predsjednik op\u0161tine Ulcinj Nazif Cungu i njegovi saradnici sastali su se danas sa delegacijom Javnog preduze\u0107a za upravljanje morskim dobrom Crne Gore","breadcrumb":{"@id":"https:\/\/www.visit-ulcinj.com\/blog\/2012\/12\/13\/zakon-morskog-dobra-opstina-ulcinj-50-morsko-dobro-50\/#breadcrumb"},"inLanguage":"en-US","potentialAction":[{"@type":"ReadAction","target":["https:\/\/www.visit-ulcinj.com\/blog\/2012\/12\/13\/zakon-morskog-dobra-opstina-ulcinj-50-morsko-dobro-50\/"]}]},{"@type":"BreadcrumbList","@id":"https:\/\/www.visit-ulcinj.com\/blog\/2012\/12\/13\/zakon-morskog-dobra-opstina-ulcinj-50-morsko-dobro-50\/#breadcrumb","itemListElement":[{"@type":"ListItem","position":1,"name":"Zakon Morskog Dobra: Op\u0161tina Ulcinj 50 % &#8211; Morsko Dobro 50 %"}]},{"@type":"Person","@id":"https:\/\/www.visit-ulcinj.com\/blog\/#\/schema\/person\/dcab619c614d3038751c63bc2aadc06d","name":"ulqini","sameAs":["http:\/\/www.visit-ulcinj.com"],"url":"https:\/\/www.visit-ulcinj.com\/blog\/author\/admin\/"}]}},"jetpack_featured_media_url":"","jetpack_sharing_enabled":true,"jetpack_shortlink":"https:\/\/wp.me\/pe6lTn-hlP","_links":{"self":[{"href":"https:\/\/www.visit-ulcinj.com\/blog\/wp-json\/wp\/v2\/posts\/66701"}],"collection":[{"href":"https:\/\/www.visit-ulcinj.com\/blog\/wp-json\/wp\/v2\/posts"}],"about":[{"href":"https:\/\/www.visit-ulcinj.com\/blog\/wp-json\/wp\/v2\/types\/post"}],"author":[{"embeddable":true,"href":"https:\/\/www.visit-ulcinj.com\/blog\/wp-json\/wp\/v2\/users\/1"}],"replies":[{"embeddable":true,"href":"https:\/\/www.visit-ulcinj.com\/blog\/wp-json\/wp\/v2\/comments?post=66701"}],"version-history":[{"count":1,"href":"https:\/\/www.visit-ulcinj.com\/blog\/wp-json\/wp\/v2\/posts\/66701\/revisions"}],"predecessor-version":[{"id":66705,"href":"https:\/\/www.visit-ulcinj.com\/blog\/wp-json\/wp\/v2\/posts\/66701\/revisions\/66705"}],"wp:attachment":[{"href":"https:\/\/www.visit-ulcinj.com\/blog\/wp-json\/wp\/v2\/media?parent=66701"}],"wp:term":[{"taxonomy":"category","embeddable":true,"href":"https:\/\/www.visit-ulcinj.com\/blog\/wp-json\/wp\/v2\/categories?post=66701"},{"taxonomy":"post_tag","embeddable":true,"href":"https:\/\/www.visit-ulcinj.com\/blog\/wp-json\/wp\/v2\/tags?post=66701"}],"curies":[{"name":"wp","href":"https:\/\/api.w.org\/{rel}","templated":true}]}}