{"id":6671,"date":"2008-11-25T19:23:47","date_gmt":"2008-11-25T18:23:47","guid":{"rendered":"http:\/\/www.visit-ulcinj.com\/blog\/?p=6671"},"modified":"2008-11-25T20:03:51","modified_gmt":"2008-11-25T19:03:51","slug":"berisha-dhe-gjukanoviqbashkepunimi-dhe-zhvillimi-i-projekteve-konkrete","status":"publish","type":"post","link":"https:\/\/www.visit-ulcinj.com\/blog\/2008\/11\/25\/berisha-dhe-gjukanoviqbashkepunimi-dhe-zhvillimi-i-projekteve-konkrete\/","title":{"rendered":"Berisha-Gjukanovic &#8220;nj\u00ebz\u00ebri&#8221; kund\u00ebr planit t\u00eb Ban Ki Moon"},"content":{"rendered":"<p><a href=\"http:\/\/www.visit-ulcinj.com\/blog\/wp-content\/uploads\/2008\/11\/berisha-_gjukanovic_2008.jpg\"><img loading=\"lazy\" class=\"alignleft size-medium wp-image-6672\" title=\"berisha-_gjukanovic_2008\" src=\"http:\/\/www.visit-ulcinj.com\/blog\/wp-content\/uploads\/2008\/11\/berisha-_gjukanovic_2008-300x248.jpg\" alt=\"\" width=\"300\" height=\"248\" srcset=\"https:\/\/www.visit-ulcinj.com\/blog\/wp-content\/uploads\/2008\/11\/berisha-_gjukanovic_2008-300x248.jpg 300w, https:\/\/www.visit-ulcinj.com\/blog\/wp-content\/uploads\/2008\/11\/berisha-_gjukanovic_2008.jpg 422w\" sizes=\"(max-width: 300px) 100vw, 300px\" \/><\/a>Kryeministri i Malit t\u00eb Zi, Millo Gjukanoviq ndodhet sot p\u00ebr nj\u00eb vizit\u00eb zyrtare n\u00eb Tiran\u00eb. Pas nj\u00eb takimi me homologun shqiptar, te dy kryeministrat komentuan planin e Sekretarit te P\u00ebrgjithsh\u00ebm t\u00eb OKB p\u00ebr implementimin e misionit EULEX n\u00eb Kosov\u00eb. Gjithashtu, Berisha vler\u00ebsoi marr\u00ebdheniet e shk\u00eblqyera me Malin e Zi dhe b\u00ebri t\u00eb ditur fushat ku pritet bashk\u00ebpunim konkret mes dy vendeve.<\/p>\n<p>TIRAN\u00cb -\u201cNdarja e Kosoves mbi baza entike eshte nje plan i varrosur\u201d. K\u00ebshtu e ka vler\u00ebsuar Kryeministri malazez, Millo Gjukanovic planin prej 6 pikash qe OKB ka propozuar per Kosoven, pas nje takimi sot ne Tirane me kryeministrin shqiptar, Sali Berisha.<br \/>\nKryeministrat e Shqip\u00ebris\u00eb dhe Malit t\u00eb Zi n\u00eb nj\u00eb konferenc\u00eb t\u00eb p\u00ebrbashk\u00ebt p\u00ebr shtyp komentuan planin e Sekretarit te P\u00ebrgjithsh\u00ebm t\u00eb OKB p\u00ebr implementimin e misionit EULEX n\u00eb Kosov\u00eb. Kryeministri malazez shprehu qendrimin e qeverise se tij per Kosoven duke theksuar se qeveria e tij eshte kunder cdo ndarjeje te shtetit te ri. Sipas Gjukanovic nj\u00eb ndarje e Kosov\u00ebs do t\u00eb shkaktonte reaksione zinxhir n\u00eb rajon q\u00eb nuk do t\u2019i sh\u00ebrbenin aspak stabilitetit. Nga ana e tij, kryeministri Sali Berisha u shpreh kund\u00ebr planit gjasht\u00eb pikash p\u00ebr implementimin e misionit EULEX n\u00eb Kosov\u00eb. \u201cPlani ka probleme serioze, pasi favorizon nj\u00eb ndarje t\u00eb but\u00eb t\u00eb Kosov\u00ebs\u201d. Kryetari i qeveris\u00eb shqiptare vler\u00ebsoi se problem serioz n\u00eb Ballkan \u00ebsht\u00eb nacionalizmi i serbeve.<br \/>\nBerisha dhe Gjukanovic k\u00ebrkuan q\u00eb K\u00ebshilli i Sigurimit t\u00eb konsultohet gjer\u00ebsisht me faktor\u00ebt lokal\u00eb rreth planit q\u00eb parashikon p\u00ebr Kosov\u00ebn. Sipas tyre plani aktual 6 pik\u00ebsh ka probleme serioze n\u00eb p\u00ebrb\u00ebrjen e tij. N\u00eb k\u00ebt\u00eb tem\u00eb, ata shpresuan se KS do t\u00eb gjej\u00eb nj\u00eb projekt t\u00eb pajtuesh\u00ebm.<\/p>\n<p><strong>Berisha: Mali i Zi ndihmoi Kosoven<\/strong><br \/>\nKryeministri Sali Berisha zhvilloi sot nj\u00eb takim t\u00eb ve\u00e7ant\u00eb me kryeministrin e Malit t\u00eb Zi, Millo Gjukanovi\u00e7, i cili po zhvillon nj\u00eb vizit\u00eb zyrtare n\u00eb Tiran\u00eb. Mbas k\u00ebtij takimi Berisha dhe Djukanovi\u00e7, dhan\u00eb nj\u00eb konferenc\u00eb t\u00eb p\u00ebrbashk\u00ebt p\u00ebr shtyp n\u00eb mjediset e Kryeministris\u00eb. N\u00eb konferenc\u00eb Berisha vuri theksin ne ndihm\u00ebn q\u00eb i dha Mali i Zi, Republik\u00ebs s\u00eb Kosov\u00ebs me njohjen q\u00eb i b\u00ebri shtetit t\u00eb ri.<br \/>\nKryeministri Berisha, vler\u00ebsoi vecan\u00ebrisht rolin e Gjukanovicn\u00eb kontrobutin p\u00ebr njohjen e pavaresis\u00eb s\u00eb Kosov\u00ebs.<br \/>\n&#8220;Shqiptar\u00ebt kan\u00eb patur dhe kan\u00eb tek Millo Gjukanovi\u00e7 nj\u00eb mik t\u00eb \u00e7muar, nj\u00eb mik t\u00eb dit\u00ebve t\u00eb v\u00ebshtira t\u00eb tyre. Ndihma e tij dhe kombit t\u00eb tij q\u00eb iu dhan\u00eb shqiptar\u00ebve n\u00eb dit\u00ebt m\u00eb t\u00eb v\u00ebshtira t\u00eb tyre n\u00eb Kosov\u00eb, p\u00ebrb\u00ebn nj\u00eb baz\u00eb per marr\u00ebdh\u00ebnie t\u00eb shk\u00eblqyera mes dy vendeve&#8221;, u shpreh Kryeministri Sali Berisha. Kryeministri shprehu bindjen, se kjo vizit\u00eb \u00ebsht\u00eb nj\u00eb kontribut i r\u00ebnd\u00ebsish\u00ebm n\u00eb mar\u00ebdh\u00ebniet e shk\u00eblqyera q\u00eb ekzistojn\u00eb midis dy vendeve dhe p\u00ebr intesifikimin e tyre, n\u00eb t\u00eb gjitha fushat n\u00eb interes t\u00eb dy kombeve e vendeve dhe Rajonit n\u00eb t\u00ebr\u00ebsi.<\/p>\n<p><strong>Vler\u00ebsohen marr\u00ebdh\u00ebniet mes dy vendeve. Ja bashk\u00ebpunimi q\u00eb pritet<\/strong><br \/>\nBerisha dhe Gjukanovi\u00e7, konfirmuan se diskutuan gjeresisht mbi zhvillimin e mar\u00ebdh\u00ebnieve n\u00eb te gjitha fushat, duke r\u00ebn\u00eb dakord t\u00eb intensifikojn\u00eb t\u00eb gjitha p\u00ebrpjekjet p\u00ebr zgjerimin e bashk\u00ebpunimit ekonomik, q\u00eb po rritet si pasoj\u00eb e marr\u00ebveshjeve t\u00eb tregtis\u00eb s\u00eb lir\u00eb si dhe p\u00ebr bashkepunim n\u00eb infrastruktur\u00eb.<br \/>\nBerisha tha se Qeveria Shqiptare mb\u00ebshtet nd\u00ebrtimin e autostrad\u00ebs Adriatiko-Joniane. &#8220;Qeveria mb\u00ebshtet plot\u00ebsisht dhe do krijoj\u00eb leht\u00ebsite e nevojshme p\u00ebr lidhjet infrastrukturore, k\u00ebto dit\u00eb shpallet fituesi i tenderit Shkod\u00ebr- Hani i Hotit, s\u00eb shpejti hapet tenderi p\u00ebr rrug\u00ebn Sh\u00ebngjin-Ulqin.&#8221; tha Berisha.<br \/>\nGjat\u00eb konferenc\u00ebs p\u00ebr shtyp u deklarua se s\u00eb shpejti do t\u00eb filloj\u00eb lidhja detare Durr\u00ebs-Tivar dhe ajo ajrore, Tiran\u00eb-Podgorice.<br \/>\nT\u00eb dy kryeministrat ndan\u00eb pikpamje t\u00eb nj\u00ebjta p\u00ebr forcimin e bashk\u00ebpunimit n\u00eb luft\u00ebn ndaj kriminialitetit dhe mbi zhvillimet ne Rajon si dhe vendosm\u00ebrin\u00eb p\u00ebr integrimin n\u00eb NATO dhe Bashkimin Europian<br \/>\n<strong>Burimi \/ Balkanweb<\/strong><\/p>\n\n\t\t<style type=\"text\/css\">\n\t\t\t#gallery-1 {\n\t\t\t\tmargin: auto;\n\t\t\t}\n\t\t\t#gallery-1 .gallery-item {\n\t\t\t\tfloat: left;\n\t\t\t\tmargin-top: 10px;\n\t\t\t\ttext-align: center;\n\t\t\t\twidth: 33%;\n\t\t\t}\n\t\t\t#gallery-1 img {\n\t\t\t\tborder: 2px solid #cfcfcf;\n\t\t\t}\n\t\t\t#gallery-1 .gallery-caption {\n\t\t\t\tmargin-left: 0;\n\t\t\t}\n\t\t\t\/* see gallery_shortcode() in wp-includes\/media.php *\/\n\t\t<\/style>\n\t\t<div id='gallery-1' class='gallery galleryid-6671 gallery-columns-3 gallery-size-thumbnail'><dl class='gallery-item'>\n\t\t\t<dt class='gallery-icon landscape'>\n\t\t\t\t<a href='https:\/\/www.visit-ulcinj.com\/blog\/2008\/11\/25\/berisha-dhe-gjukanoviqbashkepunimi-dhe-zhvillimi-i-projekteve-konkrete\/berisha-_gjukanovic_2008\/'><img width=\"150\" height=\"150\" src=\"https:\/\/www.visit-ulcinj.com\/blog\/wp-content\/uploads\/2008\/11\/berisha-_gjukanovic_2008-150x150.jpg\" class=\"attachment-thumbnail size-thumbnail\" alt=\"\" loading=\"lazy\" \/><\/a>\n\t\t\t<\/dt><\/dl><dl class='gallery-item'>\n\t\t\t<dt class='gallery-icon landscape'>\n\t\t\t\t<a href='https:\/\/www.visit-ulcinj.com\/blog\/2008\/11\/25\/berisha-dhe-gjukanoviqbashkepunimi-dhe-zhvillimi-i-projekteve-konkrete\/berisha-_gjukanovic_20081\/'><img width=\"150\" height=\"150\" src=\"https:\/\/www.visit-ulcinj.com\/blog\/wp-content\/uploads\/2008\/11\/berisha-_gjukanovic_20081-150x150.jpg\" class=\"attachment-thumbnail size-thumbnail\" alt=\"\" loading=\"lazy\" \/><\/a>\n\t\t\t<\/dt><\/dl><dl class='gallery-item'>\n\t\t\t<dt class='gallery-icon portrait'>\n\t\t\t\t<a href='https:\/\/www.visit-ulcinj.com\/blog\/2008\/11\/25\/berisha-dhe-gjukanoviqbashkepunimi-dhe-zhvillimi-i-projekteve-konkrete\/berisha-_gjukanovic_20082\/'><img width=\"150\" height=\"150\" src=\"https:\/\/www.visit-ulcinj.com\/blog\/wp-content\/uploads\/2008\/11\/berisha-_gjukanovic_20082-150x150.jpg\" class=\"attachment-thumbnail size-thumbnail\" alt=\"\" loading=\"lazy\" \/><\/a>\n\t\t\t<\/dt><\/dl><br style=\"clear: both\" \/><dl class='gallery-item'>\n\t\t\t<dt class='gallery-icon landscape'>\n\t\t\t\t<a href='https:\/\/www.visit-ulcinj.com\/blog\/2008\/11\/25\/berisha-dhe-gjukanoviqbashkepunimi-dhe-zhvillimi-i-projekteve-konkrete\/berisha-_gjukanoviq_2008\/'><img width=\"150\" height=\"150\" src=\"https:\/\/www.visit-ulcinj.com\/blog\/wp-content\/uploads\/2008\/11\/berisha-_gjukanoviq_2008-150x150.jpg\" class=\"attachment-thumbnail size-thumbnail\" alt=\"\" loading=\"lazy\" \/><\/a>\n\t\t\t<\/dt><\/dl><dl class='gallery-item'>\n\t\t\t<dt class='gallery-icon landscape'>\n\t\t\t\t<a href='https:\/\/www.visit-ulcinj.com\/blog\/2008\/11\/25\/berisha-dhe-gjukanoviqbashkepunimi-dhe-zhvillimi-i-projekteve-konkrete\/berisha-_gjukanoviq_20081\/'><img width=\"150\" height=\"150\" src=\"https:\/\/www.visit-ulcinj.com\/blog\/wp-content\/uploads\/2008\/11\/berisha-_gjukanoviq_20081-150x150.jpg\" class=\"attachment-thumbnail size-thumbnail\" alt=\"\" loading=\"lazy\" \/><\/a>\n\t\t\t<\/dt><\/dl><dl class='gallery-item'>\n\t\t\t<dt class='gallery-icon portrait'>\n\t\t\t\t<a href='https:\/\/www.visit-ulcinj.com\/blog\/2008\/11\/25\/berisha-dhe-gjukanoviqbashkepunimi-dhe-zhvillimi-i-projekteve-konkrete\/berisha-_gjukanoviq_20082\/'><img width=\"150\" height=\"150\" src=\"https:\/\/www.visit-ulcinj.com\/blog\/wp-content\/uploads\/2008\/11\/berisha-_gjukanoviq_20082-150x150.jpg\" class=\"attachment-thumbnail size-thumbnail\" alt=\"\" loading=\"lazy\" \/><\/a>\n\t\t\t<\/dt><\/dl><br style=\"clear: both\" \/>\n\t\t<\/div>\n\n<p>[flv]http:\/\/shqiphost.top-channel.tv\/18754796\/flv\/kronika\/berisha-gjukanovic.flv[\/flv]<\/p>\n","protected":false},"excerpt":{"rendered":"<p>Kryeministri i Malit t\u00eb Zi, Millo Gjukanoviq ndodhet sot p\u00ebr nj\u00eb vizit\u00eb zyrtare n\u00eb Tiran\u00eb. Pas nj\u00eb takimi me homologun shqiptar, te dy kryeministrat komentuan planin e Sekretarit te P\u00ebrgjithsh\u00ebm t\u00eb OKB p\u00ebr implementimin e misionit EULEX n\u00eb Kosov\u00eb. Gjithashtu, Berisha vler\u00ebsoi marr\u00ebdheniet e shk\u00eblqyera me Malin e Zi dhe b\u00ebri t\u00eb ditur fushat ku [&hellip;]<\/p>\n","protected":false},"author":1,"featured_media":0,"comment_status":"open","ping_status":"closed","sticky":false,"template":"","format":"standard","meta":{"spay_email":"","jetpack_publicize_message":"","jetpack_is_tweetstorm":false,"jetpack_publicize_feature_enabled":true},"categories":[1],"tags":[2806,2224],"jetpack_publicize_connections":[],"yoast_head":"<!-- This site is optimized with the Yoast SEO plugin v19.1 - https:\/\/yoast.com\/wordpress\/plugins\/seo\/ -->\n<title>Berisha-Gjukanovic &quot;nj\u00ebz\u00ebri&quot; kund\u00ebr planit t\u00eb Ban Ki Moon - Lajme nga Ulqini<\/title>\n<meta name=\"description\" content=\"Kryeministri i Malit t\u00eb Zi, Millo Gjukanoviq ndodhet sot p\u00ebr nj\u00eb vizit\u00eb zyrtare n\u00eb Tiran\u00eb. Pas nj\u00eb takimi me homologun shqiptar, te dy kryeministrat\" \/>\n<meta name=\"robots\" content=\"index, follow, max-snippet:-1, max-image-preview:large, max-video-preview:-1\" \/>\n<link rel=\"canonical\" href=\"https:\/\/www.visit-ulcinj.com\/blog\/2008\/11\/25\/berisha-dhe-gjukanoviqbashkepunimi-dhe-zhvillimi-i-projekteve-konkrete\/\" \/>\n<meta property=\"og:locale\" content=\"en_US\" \/>\n<meta property=\"og:type\" content=\"article\" \/>\n<meta property=\"og:title\" content=\"Berisha-Gjukanovic &quot;nj\u00ebz\u00ebri&quot; kund\u00ebr planit t\u00eb Ban Ki Moon - Lajme nga Ulqini\" \/>\n<meta property=\"og:description\" content=\"Kryeministri i Malit t\u00eb Zi, Millo Gjukanoviq ndodhet sot p\u00ebr nj\u00eb vizit\u00eb zyrtare n\u00eb Tiran\u00eb. Pas nj\u00eb takimi me homologun shqiptar, te dy kryeministrat\" \/>\n<meta property=\"og:url\" content=\"https:\/\/www.visit-ulcinj.com\/blog\/2008\/11\/25\/berisha-dhe-gjukanoviqbashkepunimi-dhe-zhvillimi-i-projekteve-konkrete\/\" \/>\n<meta property=\"og:site_name\" content=\"Lajme nga Ulqini\" \/>\n<meta property=\"article:published_time\" content=\"2008-11-25T18:23:47+00:00\" \/>\n<meta property=\"article:modified_time\" content=\"2008-11-25T19:03:51+00:00\" \/>\n<meta property=\"og:image\" content=\"https:\/\/www.visit-ulcinj.com\/blog\/wp-content\/uploads\/2008\/11\/berisha-_gjukanovic_2008-150x150.jpg\" \/>\n<meta name=\"twitter:label1\" content=\"Written by\" \/>\n\t<meta name=\"twitter:data1\" content=\"ulqini\" \/>\n\t<meta name=\"twitter:label2\" content=\"Est. reading time\" \/>\n\t<meta name=\"twitter:data2\" content=\"4 minutes\" \/>\n<script type=\"application\/ld+json\" class=\"yoast-schema-graph\">{\"@context\":\"https:\/\/schema.org\",\"@graph\":[{\"@type\":\"WebSite\",\"@id\":\"https:\/\/www.visit-ulcinj.com\/blog\/#website\",\"url\":\"https:\/\/www.visit-ulcinj.com\/blog\/\",\"name\":\"Lajme nga Ulqini\",\"description\":\"Lajme,Vijesti,Ulqini,Ulqin,Crna Gora,Mali i Zi\",\"potentialAction\":[{\"@type\":\"SearchAction\",\"target\":{\"@type\":\"EntryPoint\",\"urlTemplate\":\"https:\/\/www.visit-ulcinj.com\/blog\/?s={search_term_string}\"},\"query-input\":\"required name=search_term_string\"}],\"inLanguage\":\"en-US\"},{\"@type\":\"ImageObject\",\"inLanguage\":\"en-US\",\"@id\":\"https:\/\/www.visit-ulcinj.com\/blog\/2008\/11\/25\/berisha-dhe-gjukanoviqbashkepunimi-dhe-zhvillimi-i-projekteve-konkrete\/#primaryimage\",\"url\":\"http:\/\/www.visit-ulcinj.com\/blog\/wp-content\/uploads\/2008\/11\/berisha-_gjukanovic_2008-300x248.jpg\",\"contentUrl\":\"http:\/\/www.visit-ulcinj.com\/blog\/wp-content\/uploads\/2008\/11\/berisha-_gjukanovic_2008-300x248.jpg\"},{\"@type\":\"WebPage\",\"@id\":\"https:\/\/www.visit-ulcinj.com\/blog\/2008\/11\/25\/berisha-dhe-gjukanoviqbashkepunimi-dhe-zhvillimi-i-projekteve-konkrete\/#webpage\",\"url\":\"https:\/\/www.visit-ulcinj.com\/blog\/2008\/11\/25\/berisha-dhe-gjukanoviqbashkepunimi-dhe-zhvillimi-i-projekteve-konkrete\/\",\"name\":\"Berisha-Gjukanovic \\\"nj\u00ebz\u00ebri\\\" kund\u00ebr planit t\u00eb Ban Ki Moon - Lajme nga Ulqini\",\"isPartOf\":{\"@id\":\"https:\/\/www.visit-ulcinj.com\/blog\/#website\"},\"primaryImageOfPage\":{\"@id\":\"https:\/\/www.visit-ulcinj.com\/blog\/2008\/11\/25\/berisha-dhe-gjukanoviqbashkepunimi-dhe-zhvillimi-i-projekteve-konkrete\/#primaryimage\"},\"datePublished\":\"2008-11-25T18:23:47+00:00\",\"dateModified\":\"2008-11-25T19:03:51+00:00\",\"author\":{\"@id\":\"https:\/\/www.visit-ulcinj.com\/blog\/#\/schema\/person\/dcab619c614d3038751c63bc2aadc06d\"},\"description\":\"Kryeministri i Malit t\u00eb Zi, Millo Gjukanoviq ndodhet sot p\u00ebr nj\u00eb vizit\u00eb zyrtare n\u00eb Tiran\u00eb. Pas nj\u00eb takimi me homologun shqiptar, te dy kryeministrat\",\"breadcrumb\":{\"@id\":\"https:\/\/www.visit-ulcinj.com\/blog\/2008\/11\/25\/berisha-dhe-gjukanoviqbashkepunimi-dhe-zhvillimi-i-projekteve-konkrete\/#breadcrumb\"},\"inLanguage\":\"en-US\",\"potentialAction\":[{\"@type\":\"ReadAction\",\"target\":[\"https:\/\/www.visit-ulcinj.com\/blog\/2008\/11\/25\/berisha-dhe-gjukanoviqbashkepunimi-dhe-zhvillimi-i-projekteve-konkrete\/\"]}]},{\"@type\":\"BreadcrumbList\",\"@id\":\"https:\/\/www.visit-ulcinj.com\/blog\/2008\/11\/25\/berisha-dhe-gjukanoviqbashkepunimi-dhe-zhvillimi-i-projekteve-konkrete\/#breadcrumb\",\"itemListElement\":[{\"@type\":\"ListItem\",\"position\":1,\"name\":\"Berisha-Gjukanovic &#8220;nj\u00ebz\u00ebri&#8221; kund\u00ebr planit t\u00eb Ban Ki Moon\"}]},{\"@type\":\"Person\",\"@id\":\"https:\/\/www.visit-ulcinj.com\/blog\/#\/schema\/person\/dcab619c614d3038751c63bc2aadc06d\",\"name\":\"ulqini\",\"sameAs\":[\"http:\/\/www.visit-ulcinj.com\"],\"url\":\"https:\/\/www.visit-ulcinj.com\/blog\/author\/admin\/\"}]}<\/script>\n<!-- \/ Yoast SEO plugin. -->","yoast_head_json":{"title":"Berisha-Gjukanovic \"nj\u00ebz\u00ebri\" kund\u00ebr planit t\u00eb Ban Ki Moon - Lajme nga Ulqini","description":"Kryeministri i Malit t\u00eb Zi, Millo Gjukanoviq ndodhet sot p\u00ebr nj\u00eb vizit\u00eb zyrtare n\u00eb Tiran\u00eb. Pas nj\u00eb takimi me homologun shqiptar, te dy kryeministrat","robots":{"index":"index","follow":"follow","max-snippet":"max-snippet:-1","max-image-preview":"max-image-preview:large","max-video-preview":"max-video-preview:-1"},"canonical":"https:\/\/www.visit-ulcinj.com\/blog\/2008\/11\/25\/berisha-dhe-gjukanoviqbashkepunimi-dhe-zhvillimi-i-projekteve-konkrete\/","og_locale":"en_US","og_type":"article","og_title":"Berisha-Gjukanovic \"nj\u00ebz\u00ebri\" kund\u00ebr planit t\u00eb Ban Ki Moon - Lajme nga Ulqini","og_description":"Kryeministri i Malit t\u00eb Zi, Millo Gjukanoviq ndodhet sot p\u00ebr nj\u00eb vizit\u00eb zyrtare n\u00eb Tiran\u00eb. Pas nj\u00eb takimi me homologun shqiptar, te dy kryeministrat","og_url":"https:\/\/www.visit-ulcinj.com\/blog\/2008\/11\/25\/berisha-dhe-gjukanoviqbashkepunimi-dhe-zhvillimi-i-projekteve-konkrete\/","og_site_name":"Lajme nga Ulqini","article_published_time":"2008-11-25T18:23:47+00:00","article_modified_time":"2008-11-25T19:03:51+00:00","og_image":[{"url":"https:\/\/www.visit-ulcinj.com\/blog\/wp-content\/uploads\/2008\/11\/berisha-_gjukanovic_2008-150x150.jpg"}],"twitter_misc":{"Written by":"ulqini","Est. reading time":"4 minutes"},"schema":{"@context":"https:\/\/schema.org","@graph":[{"@type":"WebSite","@id":"https:\/\/www.visit-ulcinj.com\/blog\/#website","url":"https:\/\/www.visit-ulcinj.com\/blog\/","name":"Lajme nga Ulqini","description":"Lajme,Vijesti,Ulqini,Ulqin,Crna Gora,Mali i Zi","potentialAction":[{"@type":"SearchAction","target":{"@type":"EntryPoint","urlTemplate":"https:\/\/www.visit-ulcinj.com\/blog\/?s={search_term_string}"},"query-input":"required name=search_term_string"}],"inLanguage":"en-US"},{"@type":"ImageObject","inLanguage":"en-US","@id":"https:\/\/www.visit-ulcinj.com\/blog\/2008\/11\/25\/berisha-dhe-gjukanoviqbashkepunimi-dhe-zhvillimi-i-projekteve-konkrete\/#primaryimage","url":"http:\/\/www.visit-ulcinj.com\/blog\/wp-content\/uploads\/2008\/11\/berisha-_gjukanovic_2008-300x248.jpg","contentUrl":"http:\/\/www.visit-ulcinj.com\/blog\/wp-content\/uploads\/2008\/11\/berisha-_gjukanovic_2008-300x248.jpg"},{"@type":"WebPage","@id":"https:\/\/www.visit-ulcinj.com\/blog\/2008\/11\/25\/berisha-dhe-gjukanoviqbashkepunimi-dhe-zhvillimi-i-projekteve-konkrete\/#webpage","url":"https:\/\/www.visit-ulcinj.com\/blog\/2008\/11\/25\/berisha-dhe-gjukanoviqbashkepunimi-dhe-zhvillimi-i-projekteve-konkrete\/","name":"Berisha-Gjukanovic \"nj\u00ebz\u00ebri\" kund\u00ebr planit t\u00eb Ban Ki Moon - Lajme nga Ulqini","isPartOf":{"@id":"https:\/\/www.visit-ulcinj.com\/blog\/#website"},"primaryImageOfPage":{"@id":"https:\/\/www.visit-ulcinj.com\/blog\/2008\/11\/25\/berisha-dhe-gjukanoviqbashkepunimi-dhe-zhvillimi-i-projekteve-konkrete\/#primaryimage"},"datePublished":"2008-11-25T18:23:47+00:00","dateModified":"2008-11-25T19:03:51+00:00","author":{"@id":"https:\/\/www.visit-ulcinj.com\/blog\/#\/schema\/person\/dcab619c614d3038751c63bc2aadc06d"},"description":"Kryeministri i Malit t\u00eb Zi, Millo Gjukanoviq ndodhet sot p\u00ebr nj\u00eb vizit\u00eb zyrtare n\u00eb Tiran\u00eb. Pas nj\u00eb takimi me homologun shqiptar, te dy kryeministrat","breadcrumb":{"@id":"https:\/\/www.visit-ulcinj.com\/blog\/2008\/11\/25\/berisha-dhe-gjukanoviqbashkepunimi-dhe-zhvillimi-i-projekteve-konkrete\/#breadcrumb"},"inLanguage":"en-US","potentialAction":[{"@type":"ReadAction","target":["https:\/\/www.visit-ulcinj.com\/blog\/2008\/11\/25\/berisha-dhe-gjukanoviqbashkepunimi-dhe-zhvillimi-i-projekteve-konkrete\/"]}]},{"@type":"BreadcrumbList","@id":"https:\/\/www.visit-ulcinj.com\/blog\/2008\/11\/25\/berisha-dhe-gjukanoviqbashkepunimi-dhe-zhvillimi-i-projekteve-konkrete\/#breadcrumb","itemListElement":[{"@type":"ListItem","position":1,"name":"Berisha-Gjukanovic &#8220;nj\u00ebz\u00ebri&#8221; kund\u00ebr planit t\u00eb Ban Ki Moon"}]},{"@type":"Person","@id":"https:\/\/www.visit-ulcinj.com\/blog\/#\/schema\/person\/dcab619c614d3038751c63bc2aadc06d","name":"ulqini","sameAs":["http:\/\/www.visit-ulcinj.com"],"url":"https:\/\/www.visit-ulcinj.com\/blog\/author\/admin\/"}]}},"jetpack_featured_media_url":"","jetpack_sharing_enabled":true,"jetpack_shortlink":"https:\/\/wp.me\/pe6lTn-1JB","_links":{"self":[{"href":"https:\/\/www.visit-ulcinj.com\/blog\/wp-json\/wp\/v2\/posts\/6671"}],"collection":[{"href":"https:\/\/www.visit-ulcinj.com\/blog\/wp-json\/wp\/v2\/posts"}],"about":[{"href":"https:\/\/www.visit-ulcinj.com\/blog\/wp-json\/wp\/v2\/types\/post"}],"author":[{"embeddable":true,"href":"https:\/\/www.visit-ulcinj.com\/blog\/wp-json\/wp\/v2\/users\/1"}],"replies":[{"embeddable":true,"href":"https:\/\/www.visit-ulcinj.com\/blog\/wp-json\/wp\/v2\/comments?post=6671"}],"version-history":[{"count":0,"href":"https:\/\/www.visit-ulcinj.com\/blog\/wp-json\/wp\/v2\/posts\/6671\/revisions"}],"wp:attachment":[{"href":"https:\/\/www.visit-ulcinj.com\/blog\/wp-json\/wp\/v2\/media?parent=6671"}],"wp:term":[{"taxonomy":"category","embeddable":true,"href":"https:\/\/www.visit-ulcinj.com\/blog\/wp-json\/wp\/v2\/categories?post=6671"},{"taxonomy":"post_tag","embeddable":true,"href":"https:\/\/www.visit-ulcinj.com\/blog\/wp-json\/wp\/v2\/tags?post=6671"}],"curies":[{"name":"wp","href":"https:\/\/api.w.org\/{rel}","templated":true}]}}