{"id":66711,"date":"2012-12-13T10:03:59","date_gmt":"2012-12-13T09:03:59","guid":{"rendered":"http:\/\/www.visit-ulcinj.com\/blog\/?p=66711"},"modified":"2012-12-16T19:19:34","modified_gmt":"2012-12-16T18:19:34","slug":"genci-nimanbegu-preispitacemo-poslovanje-morskog-dobra","status":"publish","type":"post","link":"https:\/\/www.visit-ulcinj.com\/blog\/2012\/12\/13\/genci-nimanbegu-preispitacemo-poslovanje-morskog-dobra\/","title":{"rendered":"Genci Nimanbegu: Preispita\u0107emo poslovanje Morskog dobra"},"content":{"rendered":"<p><a href=\"http:\/\/www.visit-ulcinj.com\/blog\/wp-content\/uploads\/2012\/12\/genci-nimanbegu_ulcinj.jpg\"><img loading=\"lazy\" class=\"alignleft  wp-image-66712\" title=\"genci nimanbegu_ulcinj\" alt=\"\" src=\"http:\/\/www.visit-ulcinj.com\/blog\/wp-content\/uploads\/2012\/12\/genci-nimanbegu_ulcinj.jpg\" width=\"350\" height=\"400\" \/><\/a>Potpredsjednik Force Genci Nimanbegu kazao je za Dnevne novineda je JP Morsko dobro do sada netransparentno donosilo odluke i nije po\u0161tovala one koje donosi.<\/p>\n<p>&#8211; Jedan od najve\u0107ih ciljeva je pove\u0107anje transparentnosti preduzeca uz same izmjene granica Morskog dobra. To se ne radi preko predsjednika Upravnog odbora, nego preko Skup\u0161tine Crne Gore, izmjenama Zakona \u2013 rekao je Nimanbegu.<\/p>\n<p>Prema njegovim rije\u010dima, cilj je da se pove\u0107a u\u010de\u0161\u0107e i uticaj op\u0161tine Ulcinj u samom\u00a0upravljanju Morskim dobrom.<\/p>\n<p>&#8211; Sigurno je da \u0107e na\u0161 \u010dlan Upravnog odbora imati dosta novih materijala za ispitivanje poslovanja Morskog dobra, prvenstveno u odnosu prema op\u0161tini Ulcinj. Nastoja\u0107emo da po\u0161aljemo \u0161to adekvatnijeg \u010dovjeka na to mjesto, iz razloga \u0161to smatramo da je potrebno dosta znanja kako bi se uticalo na rad tog preduzeca \u2013 poru\u010dio je on.<\/p>\n<p>On je podsjetio da je 57 odsto teritorije kojom upravlja Morsko dobro pripada op\u0161tini Ulcinj, a da u tom javnom preduze\u0107u rade samo troje Ulcinjana. Najavio je i da \u0107e se zalagati za bolji odnos prema zakupcima pla\u017ea, posebno onima\u00a0u op\u0161tini Ulcinj.<\/p>\n<p>&#8211; Moramo ujedna\u010diti pristup prema svim podru\u010djima i da \u0161to prije do\u0111emo do toga da se granica povu\u010de na istoj udaljenosti od obale i u Budvi i u Ulcinju. To je jedna od preporuka koje je parlamentarni odbor usvojio, i sada je na Vladi Crne Gore da u\u010dini da se otklone sumnje o diskiminacijskoj implementaciji Zakona o morskom dobru &#8211;\u00a0saop\u0161tio je Nimanbegu.<\/p>\n<p>On je zaklju\u010dio da postoji dosta problema koje bi trebalo rje\u0161avati i da su svjesni da jedan \u010clan Odbora direktora ne mo\u017ee sve promijeniti.<\/p>\n<p><strong>Izvor: Analitika &#8211; Informativni Portal<\/strong><br \/>\n<iframe loading=\"lazy\" src=\"http:\/\/www.youtube.com\/embed\/BQjrs0deXNI?rel=0\" height=\"360\" width=\"508\" allowfullscreen=\"\" frameborder=\"0\"><\/iframe><\/p>\n","protected":false},"excerpt":{"rendered":"<p>Potpredsjednik Force Genci Nimanbegu kazao je za Dnevne novineda je JP Morsko dobro do sada netransparentno donosilo odluke i nije po\u0161tovala one koje donosi. &#8211; Jedan od najve\u0107ih ciljeva je pove\u0107anje transparentnosti preduzeca uz same izmjene granica Morskog dobra. To se ne radi preko predsjednika Upravnog odbora, nego preko Skup\u0161tine Crne Gore, izmjenama Zakona \u2013 [&hellip;]<\/p>\n","protected":false},"author":1,"featured_media":0,"comment_status":"open","ping_status":"closed","sticky":false,"template":"","format":"standard","meta":{"spay_email":"","jetpack_publicize_message":"","jetpack_is_tweetstorm":false,"jetpack_publicize_feature_enabled":true},"categories":[8337,6950],"tags":[117,1073,19],"jetpack_publicize_connections":[],"yoast_head":"<!-- This site is optimized with the Yoast SEO plugin v19.1 - https:\/\/yoast.com\/wordpress\/plugins\/seo\/ -->\n<title>Genci Nimanbegu: Preispita\u0107emo poslovanje Morskog dobra - Lajme nga Ulqini<\/title>\n<meta name=\"description\" content=\"Potpredsjednik Force Genci Nimanbegu kazao je za Dnevne novineda je JP Morsko dobro do sada netransparentno donosilo odluke i nije po\u0161tovala one koje\" \/>\n<meta name=\"robots\" content=\"index, follow, max-snippet:-1, max-image-preview:large, max-video-preview:-1\" \/>\n<link rel=\"canonical\" href=\"https:\/\/www.visit-ulcinj.com\/blog\/2012\/12\/13\/genci-nimanbegu-preispitacemo-poslovanje-morskog-dobra\/\" \/>\n<meta property=\"og:locale\" content=\"en_US\" \/>\n<meta property=\"og:type\" content=\"article\" \/>\n<meta property=\"og:title\" content=\"Genci Nimanbegu: Preispita\u0107emo poslovanje Morskog dobra - Lajme nga Ulqini\" \/>\n<meta property=\"og:description\" content=\"Potpredsjednik Force Genci Nimanbegu kazao je za Dnevne novineda je JP Morsko dobro do sada netransparentno donosilo odluke i nije po\u0161tovala one koje\" \/>\n<meta property=\"og:url\" content=\"https:\/\/www.visit-ulcinj.com\/blog\/2012\/12\/13\/genci-nimanbegu-preispitacemo-poslovanje-morskog-dobra\/\" \/>\n<meta property=\"og:site_name\" content=\"Lajme nga Ulqini\" \/>\n<meta property=\"article:published_time\" content=\"2012-12-13T09:03:59+00:00\" \/>\n<meta property=\"article:modified_time\" content=\"2012-12-16T18:19:34+00:00\" \/>\n<meta property=\"og:image\" content=\"http:\/\/www.visit-ulcinj.com\/blog\/wp-content\/uploads\/2012\/12\/genci-nimanbegu_ulcinj.jpg\" \/>\n<meta name=\"twitter:label1\" content=\"Written by\" \/>\n\t<meta name=\"twitter:data1\" content=\"ulqini\" \/>\n\t<meta name=\"twitter:label2\" content=\"Est. reading time\" \/>\n\t<meta name=\"twitter:data2\" content=\"1 minute\" \/>\n<script type=\"application\/ld+json\" class=\"yoast-schema-graph\">{\"@context\":\"https:\/\/schema.org\",\"@graph\":[{\"@type\":\"WebSite\",\"@id\":\"https:\/\/www.visit-ulcinj.com\/blog\/#website\",\"url\":\"https:\/\/www.visit-ulcinj.com\/blog\/\",\"name\":\"Lajme nga Ulqini\",\"description\":\"Lajme,Vijesti,Ulqini,Ulqin,Crna Gora,Mali i Zi\",\"potentialAction\":[{\"@type\":\"SearchAction\",\"target\":{\"@type\":\"EntryPoint\",\"urlTemplate\":\"https:\/\/www.visit-ulcinj.com\/blog\/?s={search_term_string}\"},\"query-input\":\"required name=search_term_string\"}],\"inLanguage\":\"en-US\"},{\"@type\":\"ImageObject\",\"inLanguage\":\"en-US\",\"@id\":\"https:\/\/www.visit-ulcinj.com\/blog\/2012\/12\/13\/genci-nimanbegu-preispitacemo-poslovanje-morskog-dobra\/#primaryimage\",\"url\":\"https:\/\/www.visit-ulcinj.com\/blog\/wp-content\/uploads\/2012\/12\/genci-nimanbegu_ulcinj.jpg\",\"contentUrl\":\"https:\/\/www.visit-ulcinj.com\/blog\/wp-content\/uploads\/2012\/12\/genci-nimanbegu_ulcinj.jpg\",\"width\":\"425\",\"height\":\"468\"},{\"@type\":\"WebPage\",\"@id\":\"https:\/\/www.visit-ulcinj.com\/blog\/2012\/12\/13\/genci-nimanbegu-preispitacemo-poslovanje-morskog-dobra\/#webpage\",\"url\":\"https:\/\/www.visit-ulcinj.com\/blog\/2012\/12\/13\/genci-nimanbegu-preispitacemo-poslovanje-morskog-dobra\/\",\"name\":\"Genci Nimanbegu: Preispita\u0107emo poslovanje Morskog dobra - Lajme nga Ulqini\",\"isPartOf\":{\"@id\":\"https:\/\/www.visit-ulcinj.com\/blog\/#website\"},\"primaryImageOfPage\":{\"@id\":\"https:\/\/www.visit-ulcinj.com\/blog\/2012\/12\/13\/genci-nimanbegu-preispitacemo-poslovanje-morskog-dobra\/#primaryimage\"},\"datePublished\":\"2012-12-13T09:03:59+00:00\",\"dateModified\":\"2012-12-16T18:19:34+00:00\",\"author\":{\"@id\":\"https:\/\/www.visit-ulcinj.com\/blog\/#\/schema\/person\/dcab619c614d3038751c63bc2aadc06d\"},\"description\":\"Potpredsjednik Force Genci Nimanbegu kazao je za Dnevne novineda je JP Morsko dobro do sada netransparentno donosilo odluke i nije po\u0161tovala one koje\",\"breadcrumb\":{\"@id\":\"https:\/\/www.visit-ulcinj.com\/blog\/2012\/12\/13\/genci-nimanbegu-preispitacemo-poslovanje-morskog-dobra\/#breadcrumb\"},\"inLanguage\":\"en-US\",\"potentialAction\":[{\"@type\":\"ReadAction\",\"target\":[\"https:\/\/www.visit-ulcinj.com\/blog\/2012\/12\/13\/genci-nimanbegu-preispitacemo-poslovanje-morskog-dobra\/\"]}]},{\"@type\":\"BreadcrumbList\",\"@id\":\"https:\/\/www.visit-ulcinj.com\/blog\/2012\/12\/13\/genci-nimanbegu-preispitacemo-poslovanje-morskog-dobra\/#breadcrumb\",\"itemListElement\":[{\"@type\":\"ListItem\",\"position\":1,\"name\":\"Genci Nimanbegu: Preispita\u0107emo poslovanje Morskog dobra\"}]},{\"@type\":\"Person\",\"@id\":\"https:\/\/www.visit-ulcinj.com\/blog\/#\/schema\/person\/dcab619c614d3038751c63bc2aadc06d\",\"name\":\"ulqini\",\"sameAs\":[\"http:\/\/www.visit-ulcinj.com\"],\"url\":\"https:\/\/www.visit-ulcinj.com\/blog\/author\/admin\/\"}]}<\/script>\n<!-- \/ Yoast SEO plugin. -->","yoast_head_json":{"title":"Genci Nimanbegu: Preispita\u0107emo poslovanje Morskog dobra - Lajme nga Ulqini","description":"Potpredsjednik Force Genci Nimanbegu kazao je za Dnevne novineda je JP Morsko dobro do sada netransparentno donosilo odluke i nije po\u0161tovala one koje","robots":{"index":"index","follow":"follow","max-snippet":"max-snippet:-1","max-image-preview":"max-image-preview:large","max-video-preview":"max-video-preview:-1"},"canonical":"https:\/\/www.visit-ulcinj.com\/blog\/2012\/12\/13\/genci-nimanbegu-preispitacemo-poslovanje-morskog-dobra\/","og_locale":"en_US","og_type":"article","og_title":"Genci Nimanbegu: Preispita\u0107emo poslovanje Morskog dobra - Lajme nga Ulqini","og_description":"Potpredsjednik Force Genci Nimanbegu kazao je za Dnevne novineda je JP Morsko dobro do sada netransparentno donosilo odluke i nije po\u0161tovala one koje","og_url":"https:\/\/www.visit-ulcinj.com\/blog\/2012\/12\/13\/genci-nimanbegu-preispitacemo-poslovanje-morskog-dobra\/","og_site_name":"Lajme nga Ulqini","article_published_time":"2012-12-13T09:03:59+00:00","article_modified_time":"2012-12-16T18:19:34+00:00","og_image":[{"url":"http:\/\/www.visit-ulcinj.com\/blog\/wp-content\/uploads\/2012\/12\/genci-nimanbegu_ulcinj.jpg"}],"twitter_misc":{"Written by":"ulqini","Est. reading time":"1 minute"},"schema":{"@context":"https:\/\/schema.org","@graph":[{"@type":"WebSite","@id":"https:\/\/www.visit-ulcinj.com\/blog\/#website","url":"https:\/\/www.visit-ulcinj.com\/blog\/","name":"Lajme nga Ulqini","description":"Lajme,Vijesti,Ulqini,Ulqin,Crna Gora,Mali i Zi","potentialAction":[{"@type":"SearchAction","target":{"@type":"EntryPoint","urlTemplate":"https:\/\/www.visit-ulcinj.com\/blog\/?s={search_term_string}"},"query-input":"required name=search_term_string"}],"inLanguage":"en-US"},{"@type":"ImageObject","inLanguage":"en-US","@id":"https:\/\/www.visit-ulcinj.com\/blog\/2012\/12\/13\/genci-nimanbegu-preispitacemo-poslovanje-morskog-dobra\/#primaryimage","url":"https:\/\/www.visit-ulcinj.com\/blog\/wp-content\/uploads\/2012\/12\/genci-nimanbegu_ulcinj.jpg","contentUrl":"https:\/\/www.visit-ulcinj.com\/blog\/wp-content\/uploads\/2012\/12\/genci-nimanbegu_ulcinj.jpg","width":"425","height":"468"},{"@type":"WebPage","@id":"https:\/\/www.visit-ulcinj.com\/blog\/2012\/12\/13\/genci-nimanbegu-preispitacemo-poslovanje-morskog-dobra\/#webpage","url":"https:\/\/www.visit-ulcinj.com\/blog\/2012\/12\/13\/genci-nimanbegu-preispitacemo-poslovanje-morskog-dobra\/","name":"Genci Nimanbegu: Preispita\u0107emo poslovanje Morskog dobra - Lajme nga Ulqini","isPartOf":{"@id":"https:\/\/www.visit-ulcinj.com\/blog\/#website"},"primaryImageOfPage":{"@id":"https:\/\/www.visit-ulcinj.com\/blog\/2012\/12\/13\/genci-nimanbegu-preispitacemo-poslovanje-morskog-dobra\/#primaryimage"},"datePublished":"2012-12-13T09:03:59+00:00","dateModified":"2012-12-16T18:19:34+00:00","author":{"@id":"https:\/\/www.visit-ulcinj.com\/blog\/#\/schema\/person\/dcab619c614d3038751c63bc2aadc06d"},"description":"Potpredsjednik Force Genci Nimanbegu kazao je za Dnevne novineda je JP Morsko dobro do sada netransparentno donosilo odluke i nije po\u0161tovala one koje","breadcrumb":{"@id":"https:\/\/www.visit-ulcinj.com\/blog\/2012\/12\/13\/genci-nimanbegu-preispitacemo-poslovanje-morskog-dobra\/#breadcrumb"},"inLanguage":"en-US","potentialAction":[{"@type":"ReadAction","target":["https:\/\/www.visit-ulcinj.com\/blog\/2012\/12\/13\/genci-nimanbegu-preispitacemo-poslovanje-morskog-dobra\/"]}]},{"@type":"BreadcrumbList","@id":"https:\/\/www.visit-ulcinj.com\/blog\/2012\/12\/13\/genci-nimanbegu-preispitacemo-poslovanje-morskog-dobra\/#breadcrumb","itemListElement":[{"@type":"ListItem","position":1,"name":"Genci Nimanbegu: Preispita\u0107emo poslovanje Morskog dobra"}]},{"@type":"Person","@id":"https:\/\/www.visit-ulcinj.com\/blog\/#\/schema\/person\/dcab619c614d3038751c63bc2aadc06d","name":"ulqini","sameAs":["http:\/\/www.visit-ulcinj.com"],"url":"https:\/\/www.visit-ulcinj.com\/blog\/author\/admin\/"}]}},"jetpack_featured_media_url":"","jetpack_sharing_enabled":true,"jetpack_shortlink":"https:\/\/wp.me\/pe6lTn-hlZ","_links":{"self":[{"href":"https:\/\/www.visit-ulcinj.com\/blog\/wp-json\/wp\/v2\/posts\/66711"}],"collection":[{"href":"https:\/\/www.visit-ulcinj.com\/blog\/wp-json\/wp\/v2\/posts"}],"about":[{"href":"https:\/\/www.visit-ulcinj.com\/blog\/wp-json\/wp\/v2\/types\/post"}],"author":[{"embeddable":true,"href":"https:\/\/www.visit-ulcinj.com\/blog\/wp-json\/wp\/v2\/users\/1"}],"replies":[{"embeddable":true,"href":"https:\/\/www.visit-ulcinj.com\/blog\/wp-json\/wp\/v2\/comments?post=66711"}],"version-history":[{"count":2,"href":"https:\/\/www.visit-ulcinj.com\/blog\/wp-json\/wp\/v2\/posts\/66711\/revisions"}],"predecessor-version":[{"id":66793,"href":"https:\/\/www.visit-ulcinj.com\/blog\/wp-json\/wp\/v2\/posts\/66711\/revisions\/66793"}],"wp:attachment":[{"href":"https:\/\/www.visit-ulcinj.com\/blog\/wp-json\/wp\/v2\/media?parent=66711"}],"wp:term":[{"taxonomy":"category","embeddable":true,"href":"https:\/\/www.visit-ulcinj.com\/blog\/wp-json\/wp\/v2\/categories?post=66711"},{"taxonomy":"post_tag","embeddable":true,"href":"https:\/\/www.visit-ulcinj.com\/blog\/wp-json\/wp\/v2\/tags?post=66711"}],"curies":[{"name":"wp","href":"https:\/\/api.w.org\/{rel}","templated":true}]}}