{"id":66714,"date":"2012-12-13T10:16:13","date_gmt":"2012-12-13T09:16:13","guid":{"rendered":"http:\/\/www.visit-ulcinj.com\/blog\/?p=66714"},"modified":"2012-12-13T10:16:41","modified_gmt":"2012-12-13T09:16:41","slug":"cetkovic-dnevni-red-u-skupstinu-opstine-ulcinj-neozbiljan","status":"publish","type":"post","link":"https:\/\/www.visit-ulcinj.com\/blog\/2012\/12\/13\/cetkovic-dnevni-red-u-skupstinu-opstine-ulcinj-neozbiljan\/","title":{"rendered":"\u0106etkovi\u0107: Dnevni red u Skup\u0161tinu op\u0161tine Ulcinj neozbiljan"},"content":{"rendered":"<p><a href=\"http:\/\/www.visit-ulcinj.com\/blog\/wp-content\/uploads\/2012\/12\/Cetkovic-Andrija_Ulcinj.jpg\"><img loading=\"lazy\" class=\"alignleft  wp-image-66715\" title=\"Cetkovic Andrija_Ulcinj\" src=\"http:\/\/www.visit-ulcinj.com\/blog\/wp-content\/uploads\/2012\/12\/Cetkovic-Andrija_Ulcinj.jpg\" alt=\"\" width=\"250\" height=\"300\" \/><\/a>Usvajanjem Predloga odluke o privremenim objektima, Predloga odluke o naknadi za kori\u0161\u0107enje op\u0161tinskih puteva i predloga Odluke o davanju saglasnosti na imenovanje Nazmira Sulje za direktora preduze\u0107a JP \u201eZa uzgoj i za\u0161titu divlja\u010di\u201d Ulcinj, Skup\u0161tina op\u0161tine Ulcinj zavr\u0161ila je ju\u010de prvu sjednicu drugog redovnog zasjedanja lokalnog parlamenta. Glasovima vladaju\u0107e koalicije koju \u010dine Forca, Demokratska partija, lista Perspektiva i Socijaldemokratska partija pomenute ta\u010dke usvojene su bez mnogo diskusije, jer opozicija nije imala mnogo primjedbi na materijal koliko je zamjerila aktuelnoj vlasti na ponu\u0111enom dnevnom redu. Opozicioni odbornici tvrdili su da je stanje u op\u0161tini te\u0161ko, da radnici ne primaju plate jer je kasa prazna, a da se vlast pona\u0161a nezainteresovano jer se nakon pet mjeseci pauze u radu Skup\u0161tine, o\u010dekivao du\u017ei dnevni red.<\/p>\n<p>\u2013 Sa prakti\u010dno jednom ta\u010dkom, nekoliko verifikacija i pitanjima i odgovorima nije bilo ni potrebno okupljanje odbornika. Dana\u0161nje zasjedanje najbolje odslikava va\u0161 nerad, neznanje, nemo\u0107 i inertnost ove vlasti. Pitam se gdje su eksperti, ugovori sa gra\u0111anima, nova radna mjesta i mnoga ostala obe\u0107anja. Vi ste najgora vlast koju je ova op\u0161tina imala u svojoj istoriji \u2013 kazala je predsjednica odborni\u010dkog kluba DUA Hatid\u017ea \u0110oni i dodala da ta partija insistira na izvje\u0161taju o radu predsjednika op\u0161tine.<\/p>\n<p>\u2013 Red bi bio da nas udostoji izvje\u0161taja o radu, odnosno neradu, ako ni zbog \u010dega drugog ono zbog onoga \u0161to je govorio i obe\u0107avao kao opozicionar i ovoga \u0161to je uradio kao predsjednik op\u0161tine. Kada se do\u010depao vlasti zaboravio je maslinadu, restituciju, privatizaciju, nacionalne simbole, nova radna mjesta, ugovore sa gra\u0111anima&#8230;Obavezao se samo da \u0107e podr\u017eati budu\u0107eg kandidata za predsjednika Crne Gore i obezbijediti bezuslovnu skup\u0161tinsku ve\u0107inu, \u0161to je za njega veliki napredak \u2013 kazala je \u0110oni.<\/p>\n<p>Predsjednik DUA Mehmed Zenka tra\u017eio je da se u dnevni red usvrste izvje\u0161taji o stanju u javnim preduze\u0107ima, o turisti\u010dkoj sezoni, dugovanjima op\u0161tine.<\/p>\n<p>\u2013 Oko 500 radnika mjesecima ne prima platu i ti ljudi zaslu\u017euju da im se neko obrati i da znaju \u0161ta se de\u0161ava u op\u0161tini i kakvo je stanje \u2013 rekao je Zenka.<\/p>\n<p>Odbornik SNP-a ispred Koalicije \u201eBolji Ulcinj, bolja Crna Gora\u201d Andrija \u0106etkovi\u0107 konstatovao je da je dnevni red neozbiljan i da su odbornici trebali da raspravljaju o kvartalnom izvje\u0161taju o realizaciji bud\u017eeta, radu predsjednika op\u0161tine.<\/p>\n<p>\u2013 To su zakonske obaveze, a koliko vidim o tome nema pomena. U saznanju sam da ih do kraja godine ne\u0107e ni biti. Nema pomena, a trebalo je da ovdje vidimo izvje\u0161taj nezavisnog revizora o dugovanjima op\u0161tine i radu biv\u0161e vlasti. To je sada\u0161nja vlast obe\u0107ala, ali o\u010digledno je da od tih obe\u0107anja nema ni\u0161ta \u2013 naglasio je \u0106etkovi\u0107.<\/p>\n<p><strong>Izvor: Dan online<\/strong><\/p>\n","protected":false},"excerpt":{"rendered":"<p>Usvajanjem Predloga odluke o privremenim objektima, Predloga odluke o naknadi za kori\u0161\u0107enje op\u0161tinskih puteva i predloga Odluke o davanju saglasnosti na imenovanje Nazmira Sulje za direktora preduze\u0107a JP \u201eZa uzgoj i za\u0161titu divlja\u010di\u201d Ulcinj, Skup\u0161tina op\u0161tine Ulcinj zavr\u0161ila je ju\u010de prvu sjednicu drugog redovnog zasjedanja lokalnog parlamenta. Glasovima vladaju\u0107e koalicije koju \u010dine Forca, Demokratska partija, [&hellip;]<\/p>\n","protected":false},"author":1,"featured_media":0,"comment_status":"open","ping_status":"closed","sticky":false,"template":"","format":"standard","meta":{"spay_email":"","jetpack_publicize_message":"","jetpack_is_tweetstorm":false,"jetpack_publicize_feature_enabled":true},"categories":[6950],"tags":[21608,21610,21609,19],"jetpack_publicize_connections":[],"yoast_head":"<!-- This site is optimized with the Yoast SEO plugin v19.1 - https:\/\/yoast.com\/wordpress\/plugins\/seo\/ -->\n<title>\u0106etkovi\u0107: Dnevni red u Skup\u0161tinu op\u0161tine Ulcinj neozbiljan - Lajme nga Ulqini<\/title>\n<meta name=\"description\" content=\"Usvajanjem Predloga odluke o privremenim objektima, Predloga odluke o naknadi za kori\u0161\u0107enje op\u0161tinskih puteva i predloga Odluke o davanju saglasnosti na\" \/>\n<meta name=\"robots\" content=\"index, follow, max-snippet:-1, max-image-preview:large, max-video-preview:-1\" \/>\n<link rel=\"canonical\" href=\"https:\/\/www.visit-ulcinj.com\/blog\/2012\/12\/13\/cetkovic-dnevni-red-u-skupstinu-opstine-ulcinj-neozbiljan\/\" \/>\n<meta property=\"og:locale\" content=\"en_US\" \/>\n<meta property=\"og:type\" content=\"article\" \/>\n<meta property=\"og:title\" content=\"\u0106etkovi\u0107: Dnevni red u Skup\u0161tinu op\u0161tine Ulcinj neozbiljan - Lajme nga Ulqini\" \/>\n<meta property=\"og:description\" content=\"Usvajanjem Predloga odluke o privremenim objektima, Predloga odluke o naknadi za kori\u0161\u0107enje op\u0161tinskih puteva i predloga Odluke o davanju saglasnosti na\" \/>\n<meta property=\"og:url\" content=\"https:\/\/www.visit-ulcinj.com\/blog\/2012\/12\/13\/cetkovic-dnevni-red-u-skupstinu-opstine-ulcinj-neozbiljan\/\" \/>\n<meta property=\"og:site_name\" content=\"Lajme nga Ulqini\" \/>\n<meta property=\"article:published_time\" content=\"2012-12-13T09:16:13+00:00\" \/>\n<meta property=\"article:modified_time\" content=\"2012-12-13T09:16:41+00:00\" \/>\n<meta property=\"og:image\" content=\"http:\/\/www.visit-ulcinj.com\/blog\/wp-content\/uploads\/2012\/12\/Cetkovic-Andrija_Ulcinj.jpg\" \/>\n<meta name=\"twitter:label1\" content=\"Written by\" \/>\n\t<meta name=\"twitter:data1\" content=\"ulqini\" \/>\n\t<meta name=\"twitter:label2\" content=\"Est. reading time\" \/>\n\t<meta name=\"twitter:data2\" content=\"2 minutes\" \/>\n<script type=\"application\/ld+json\" class=\"yoast-schema-graph\">{\"@context\":\"https:\/\/schema.org\",\"@graph\":[{\"@type\":\"WebSite\",\"@id\":\"https:\/\/www.visit-ulcinj.com\/blog\/#website\",\"url\":\"https:\/\/www.visit-ulcinj.com\/blog\/\",\"name\":\"Lajme nga Ulqini\",\"description\":\"Lajme,Vijesti,Ulqini,Ulqin,Crna Gora,Mali i Zi\",\"potentialAction\":[{\"@type\":\"SearchAction\",\"target\":{\"@type\":\"EntryPoint\",\"urlTemplate\":\"https:\/\/www.visit-ulcinj.com\/blog\/?s={search_term_string}\"},\"query-input\":\"required name=search_term_string\"}],\"inLanguage\":\"en-US\"},{\"@type\":\"ImageObject\",\"inLanguage\":\"en-US\",\"@id\":\"https:\/\/www.visit-ulcinj.com\/blog\/2012\/12\/13\/cetkovic-dnevni-red-u-skupstinu-opstine-ulcinj-neozbiljan\/#primaryimage\",\"url\":\"https:\/\/www.visit-ulcinj.com\/blog\/wp-content\/uploads\/2012\/12\/Cetkovic-Andrija_Ulcinj.jpg\",\"contentUrl\":\"https:\/\/www.visit-ulcinj.com\/blog\/wp-content\/uploads\/2012\/12\/Cetkovic-Andrija_Ulcinj.jpg\",\"width\":\"200\",\"height\":\"295\"},{\"@type\":\"WebPage\",\"@id\":\"https:\/\/www.visit-ulcinj.com\/blog\/2012\/12\/13\/cetkovic-dnevni-red-u-skupstinu-opstine-ulcinj-neozbiljan\/#webpage\",\"url\":\"https:\/\/www.visit-ulcinj.com\/blog\/2012\/12\/13\/cetkovic-dnevni-red-u-skupstinu-opstine-ulcinj-neozbiljan\/\",\"name\":\"\u0106etkovi\u0107: Dnevni red u Skup\u0161tinu op\u0161tine Ulcinj neozbiljan - Lajme nga Ulqini\",\"isPartOf\":{\"@id\":\"https:\/\/www.visit-ulcinj.com\/blog\/#website\"},\"primaryImageOfPage\":{\"@id\":\"https:\/\/www.visit-ulcinj.com\/blog\/2012\/12\/13\/cetkovic-dnevni-red-u-skupstinu-opstine-ulcinj-neozbiljan\/#primaryimage\"},\"datePublished\":\"2012-12-13T09:16:13+00:00\",\"dateModified\":\"2012-12-13T09:16:41+00:00\",\"author\":{\"@id\":\"https:\/\/www.visit-ulcinj.com\/blog\/#\/schema\/person\/dcab619c614d3038751c63bc2aadc06d\"},\"description\":\"Usvajanjem Predloga odluke o privremenim objektima, Predloga odluke o naknadi za kori\u0161\u0107enje op\u0161tinskih puteva i predloga Odluke o davanju saglasnosti na\",\"breadcrumb\":{\"@id\":\"https:\/\/www.visit-ulcinj.com\/blog\/2012\/12\/13\/cetkovic-dnevni-red-u-skupstinu-opstine-ulcinj-neozbiljan\/#breadcrumb\"},\"inLanguage\":\"en-US\",\"potentialAction\":[{\"@type\":\"ReadAction\",\"target\":[\"https:\/\/www.visit-ulcinj.com\/blog\/2012\/12\/13\/cetkovic-dnevni-red-u-skupstinu-opstine-ulcinj-neozbiljan\/\"]}]},{\"@type\":\"BreadcrumbList\",\"@id\":\"https:\/\/www.visit-ulcinj.com\/blog\/2012\/12\/13\/cetkovic-dnevni-red-u-skupstinu-opstine-ulcinj-neozbiljan\/#breadcrumb\",\"itemListElement\":[{\"@type\":\"ListItem\",\"position\":1,\"name\":\"\u0106etkovi\u0107: Dnevni red u Skup\u0161tinu op\u0161tine Ulcinj neozbiljan\"}]},{\"@type\":\"Person\",\"@id\":\"https:\/\/www.visit-ulcinj.com\/blog\/#\/schema\/person\/dcab619c614d3038751c63bc2aadc06d\",\"name\":\"ulqini\",\"sameAs\":[\"http:\/\/www.visit-ulcinj.com\"],\"url\":\"https:\/\/www.visit-ulcinj.com\/blog\/author\/admin\/\"}]}<\/script>\n<!-- \/ Yoast SEO plugin. -->","yoast_head_json":{"title":"\u0106etkovi\u0107: Dnevni red u Skup\u0161tinu op\u0161tine Ulcinj neozbiljan - Lajme nga Ulqini","description":"Usvajanjem Predloga odluke o privremenim objektima, Predloga odluke o naknadi za kori\u0161\u0107enje op\u0161tinskih puteva i predloga Odluke o davanju saglasnosti na","robots":{"index":"index","follow":"follow","max-snippet":"max-snippet:-1","max-image-preview":"max-image-preview:large","max-video-preview":"max-video-preview:-1"},"canonical":"https:\/\/www.visit-ulcinj.com\/blog\/2012\/12\/13\/cetkovic-dnevni-red-u-skupstinu-opstine-ulcinj-neozbiljan\/","og_locale":"en_US","og_type":"article","og_title":"\u0106etkovi\u0107: Dnevni red u Skup\u0161tinu op\u0161tine Ulcinj neozbiljan - Lajme nga Ulqini","og_description":"Usvajanjem Predloga odluke o privremenim objektima, Predloga odluke o naknadi za kori\u0161\u0107enje op\u0161tinskih puteva i predloga Odluke o davanju saglasnosti na","og_url":"https:\/\/www.visit-ulcinj.com\/blog\/2012\/12\/13\/cetkovic-dnevni-red-u-skupstinu-opstine-ulcinj-neozbiljan\/","og_site_name":"Lajme nga Ulqini","article_published_time":"2012-12-13T09:16:13+00:00","article_modified_time":"2012-12-13T09:16:41+00:00","og_image":[{"url":"http:\/\/www.visit-ulcinj.com\/blog\/wp-content\/uploads\/2012\/12\/Cetkovic-Andrija_Ulcinj.jpg"}],"twitter_misc":{"Written by":"ulqini","Est. reading time":"2 minutes"},"schema":{"@context":"https:\/\/schema.org","@graph":[{"@type":"WebSite","@id":"https:\/\/www.visit-ulcinj.com\/blog\/#website","url":"https:\/\/www.visit-ulcinj.com\/blog\/","name":"Lajme nga Ulqini","description":"Lajme,Vijesti,Ulqini,Ulqin,Crna Gora,Mali i Zi","potentialAction":[{"@type":"SearchAction","target":{"@type":"EntryPoint","urlTemplate":"https:\/\/www.visit-ulcinj.com\/blog\/?s={search_term_string}"},"query-input":"required name=search_term_string"}],"inLanguage":"en-US"},{"@type":"ImageObject","inLanguage":"en-US","@id":"https:\/\/www.visit-ulcinj.com\/blog\/2012\/12\/13\/cetkovic-dnevni-red-u-skupstinu-opstine-ulcinj-neozbiljan\/#primaryimage","url":"https:\/\/www.visit-ulcinj.com\/blog\/wp-content\/uploads\/2012\/12\/Cetkovic-Andrija_Ulcinj.jpg","contentUrl":"https:\/\/www.visit-ulcinj.com\/blog\/wp-content\/uploads\/2012\/12\/Cetkovic-Andrija_Ulcinj.jpg","width":"200","height":"295"},{"@type":"WebPage","@id":"https:\/\/www.visit-ulcinj.com\/blog\/2012\/12\/13\/cetkovic-dnevni-red-u-skupstinu-opstine-ulcinj-neozbiljan\/#webpage","url":"https:\/\/www.visit-ulcinj.com\/blog\/2012\/12\/13\/cetkovic-dnevni-red-u-skupstinu-opstine-ulcinj-neozbiljan\/","name":"\u0106etkovi\u0107: Dnevni red u Skup\u0161tinu op\u0161tine Ulcinj neozbiljan - Lajme nga Ulqini","isPartOf":{"@id":"https:\/\/www.visit-ulcinj.com\/blog\/#website"},"primaryImageOfPage":{"@id":"https:\/\/www.visit-ulcinj.com\/blog\/2012\/12\/13\/cetkovic-dnevni-red-u-skupstinu-opstine-ulcinj-neozbiljan\/#primaryimage"},"datePublished":"2012-12-13T09:16:13+00:00","dateModified":"2012-12-13T09:16:41+00:00","author":{"@id":"https:\/\/www.visit-ulcinj.com\/blog\/#\/schema\/person\/dcab619c614d3038751c63bc2aadc06d"},"description":"Usvajanjem Predloga odluke o privremenim objektima, Predloga odluke o naknadi za kori\u0161\u0107enje op\u0161tinskih puteva i predloga Odluke o davanju saglasnosti na","breadcrumb":{"@id":"https:\/\/www.visit-ulcinj.com\/blog\/2012\/12\/13\/cetkovic-dnevni-red-u-skupstinu-opstine-ulcinj-neozbiljan\/#breadcrumb"},"inLanguage":"en-US","potentialAction":[{"@type":"ReadAction","target":["https:\/\/www.visit-ulcinj.com\/blog\/2012\/12\/13\/cetkovic-dnevni-red-u-skupstinu-opstine-ulcinj-neozbiljan\/"]}]},{"@type":"BreadcrumbList","@id":"https:\/\/www.visit-ulcinj.com\/blog\/2012\/12\/13\/cetkovic-dnevni-red-u-skupstinu-opstine-ulcinj-neozbiljan\/#breadcrumb","itemListElement":[{"@type":"ListItem","position":1,"name":"\u0106etkovi\u0107: Dnevni red u Skup\u0161tinu op\u0161tine Ulcinj neozbiljan"}]},{"@type":"Person","@id":"https:\/\/www.visit-ulcinj.com\/blog\/#\/schema\/person\/dcab619c614d3038751c63bc2aadc06d","name":"ulqini","sameAs":["http:\/\/www.visit-ulcinj.com"],"url":"https:\/\/www.visit-ulcinj.com\/blog\/author\/admin\/"}]}},"jetpack_featured_media_url":"","jetpack_sharing_enabled":true,"jetpack_shortlink":"https:\/\/wp.me\/pe6lTn-hm2","_links":{"self":[{"href":"https:\/\/www.visit-ulcinj.com\/blog\/wp-json\/wp\/v2\/posts\/66714"}],"collection":[{"href":"https:\/\/www.visit-ulcinj.com\/blog\/wp-json\/wp\/v2\/posts"}],"about":[{"href":"https:\/\/www.visit-ulcinj.com\/blog\/wp-json\/wp\/v2\/types\/post"}],"author":[{"embeddable":true,"href":"https:\/\/www.visit-ulcinj.com\/blog\/wp-json\/wp\/v2\/users\/1"}],"replies":[{"embeddable":true,"href":"https:\/\/www.visit-ulcinj.com\/blog\/wp-json\/wp\/v2\/comments?post=66714"}],"version-history":[{"count":2,"href":"https:\/\/www.visit-ulcinj.com\/blog\/wp-json\/wp\/v2\/posts\/66714\/revisions"}],"predecessor-version":[{"id":66718,"href":"https:\/\/www.visit-ulcinj.com\/blog\/wp-json\/wp\/v2\/posts\/66714\/revisions\/66718"}],"wp:attachment":[{"href":"https:\/\/www.visit-ulcinj.com\/blog\/wp-json\/wp\/v2\/media?parent=66714"}],"wp:term":[{"taxonomy":"category","embeddable":true,"href":"https:\/\/www.visit-ulcinj.com\/blog\/wp-json\/wp\/v2\/categories?post=66714"},{"taxonomy":"post_tag","embeddable":true,"href":"https:\/\/www.visit-ulcinj.com\/blog\/wp-json\/wp\/v2\/tags?post=66714"}],"curies":[{"name":"wp","href":"https:\/\/api.w.org\/{rel}","templated":true}]}}