{"id":66725,"date":"2012-12-13T16:25:10","date_gmt":"2012-12-13T15:25:10","guid":{"rendered":"http:\/\/www.visit-ulcinj.com\/blog\/?p=66725"},"modified":"2012-12-13T16:25:10","modified_gmt":"2012-12-13T15:25:10","slug":"vesa-luma-dhe-big-basta-fejohen-ne-paris","status":"publish","type":"post","link":"https:\/\/www.visit-ulcinj.com\/blog\/2012\/12\/13\/vesa-luma-dhe-big-basta-fejohen-ne-paris\/","title":{"rendered":"Vesa Luma dhe Big Basta fejohen n\u00eb Paris"},"content":{"rendered":"<p>\u00c7ifti i p\u00ebrfolur i vipa-ve shqiptare, Vesa Luma dhe Gerald Xhari (Big Basta), ashtu si\u00e7 kan\u00eb mbajtur t\u00eb fshehur p\u00ebr disa muaj lidhjen e tyre, kan\u00eb b\u00ebr\u00eb nj\u00eb fejes\u00eb t\u00eb ve\u00e7ant\u00eb, larg v\u00ebmendjes s\u00eb mediave.<br \/>\nAta kan\u00eb udh\u00ebtuar n\u00eb \u201ckryeqytetin e dashuris\u00eb\u201d, Paris, p\u00ebr t\u00eb zyrtarizuar lidhjen e tyre, duke shk\u00ebmbyer unazat n\u00eb Kull\u00ebn e Ajfelit, m\u00eb dat\u00ebn e e ve\u00e7ant\u00eb 12.12.2012 , sakt\u00ebsisht n\u00eb ora 12:00.<br \/>\n<a href=\"http:\/\/www.visit-ulcinj.com\/blog\/wp-content\/uploads\/2012\/12\/vesaluma-fejohet.jpg\"><img loading=\"lazy\" class=\"alignleft  wp-image-66726\" title=\"vesaluma-fejohet\" src=\"http:\/\/www.visit-ulcinj.com\/blog\/wp-content\/uploads\/2012\/12\/vesaluma-fejohet.jpg\" alt=\"\" width=\"508\" height=\"400\" \/><\/a><\/p>\n<p>N\u00ebp\u00ebrmjet rrjeteve sociale, Vesa ka b\u00ebr\u00eb t\u00eb ditur se ky ka qen\u00eb \u201dmomenti m\u00eb i lumtur n\u00eb jet\u00eb\u2019, nd\u00ebrsa t\u00eb dashurin e saj e ka vler\u00ebsuar si \u201dnjeriun m\u00eb special n\u00eb t\u00eb gjith\u00eb universin\u201d.<\/p>\n<p>Vesa ka uruar q\u00eb edhe vajzat e tjera t\u00eb p\u00ebrjetojn\u00eb lumturin\u00eb e saj, duke shkruar: \u201cShpresoj q\u00eb t\u00eb gjitha vajzat t\u00eb ken\u00eb fatin e mir\u00eb t\u00eb ken\u00eb n\u00eb krah nj\u00eb mashkull perfekt, q\u00eb t\u00eb b\u00ebn t\u00eb ndihesh femra m\u00eb speciale n\u00eb bot\u00eb!\u201d<\/p>\n<p>Vipat.info<br \/>\n<iframe loading=\"lazy\" width=\"508\" height=\"360\" src=\"http:\/\/www.youtube.com\/embed\/X1YLkabr9UM?rel=0\" frameborder=\"0\" allowfullscreen><\/iframe><\/p>\n","protected":false},"excerpt":{"rendered":"<p>\u00c7ifti i p\u00ebrfolur i vipa-ve shqiptare, Vesa Luma dhe Gerald Xhari (Big Basta), ashtu si\u00e7 kan\u00eb mbajtur t\u00eb fshehur p\u00ebr disa muaj lidhjen e tyre, kan\u00eb b\u00ebr\u00eb nj\u00eb fejes\u00eb t\u00eb ve\u00e7ant\u00eb, larg v\u00ebmendjes s\u00eb mediave. Ata kan\u00eb udh\u00ebtuar n\u00eb \u201ckryeqytetin e dashuris\u00eb\u201d, Paris, p\u00ebr t\u00eb zyrtarizuar lidhjen e tyre, duke shk\u00ebmbyer unazat n\u00eb Kull\u00ebn e [&hellip;]<\/p>\n","protected":false},"author":1,"featured_media":0,"comment_status":"open","ping_status":"closed","sticky":false,"template":"","format":"standard","meta":{"spay_email":"","jetpack_publicize_message":"","jetpack_is_tweetstorm":false,"jetpack_publicize_feature_enabled":true},"categories":[1],"tags":[19677,19806,19641,16036,19514,19511,4684,5017,19460],"jetpack_publicize_connections":[],"yoast_head":"<!-- This site is optimized with the Yoast SEO plugin v19.1 - https:\/\/yoast.com\/wordpress\/plugins\/seo\/ -->\n<title>Vesa Luma dhe Big Basta fejohen n\u00eb Paris - Lajme nga Ulqini<\/title>\n<meta name=\"description\" content=\"\u00c7ifti i p\u00ebrfolur i vipa-ve shqiptare, Vesa Luma dhe Gerald Xhari (Big Basta), ashtu si\u00e7 kan\u00eb mbajtur t\u00eb fshehur p\u00ebr disa muaj lidhjen e tyre, kan\u00eb b\u00ebr\u00eb\" \/>\n<meta name=\"robots\" content=\"index, follow, max-snippet:-1, max-image-preview:large, max-video-preview:-1\" \/>\n<link rel=\"canonical\" href=\"https:\/\/www.visit-ulcinj.com\/blog\/2012\/12\/13\/vesa-luma-dhe-big-basta-fejohen-ne-paris\/\" \/>\n<meta property=\"og:locale\" content=\"en_US\" \/>\n<meta property=\"og:type\" content=\"article\" \/>\n<meta property=\"og:title\" content=\"Vesa Luma dhe Big Basta fejohen n\u00eb Paris - Lajme nga Ulqini\" \/>\n<meta property=\"og:description\" content=\"\u00c7ifti i p\u00ebrfolur i vipa-ve shqiptare, Vesa Luma dhe Gerald Xhari (Big Basta), ashtu si\u00e7 kan\u00eb mbajtur t\u00eb fshehur p\u00ebr disa muaj lidhjen e tyre, kan\u00eb b\u00ebr\u00eb\" \/>\n<meta property=\"og:url\" content=\"https:\/\/www.visit-ulcinj.com\/blog\/2012\/12\/13\/vesa-luma-dhe-big-basta-fejohen-ne-paris\/\" \/>\n<meta property=\"og:site_name\" content=\"Lajme nga Ulqini\" \/>\n<meta property=\"article:published_time\" content=\"2012-12-13T15:25:10+00:00\" \/>\n<meta property=\"og:image\" content=\"http:\/\/www.visit-ulcinj.com\/blog\/wp-content\/uploads\/2012\/12\/vesaluma-fejohet.jpg\" \/>\n<meta name=\"twitter:label1\" content=\"Written by\" \/>\n\t<meta name=\"twitter:data1\" content=\"ulqini\" \/>\n\t<meta name=\"twitter:label2\" content=\"Est. reading time\" \/>\n\t<meta name=\"twitter:data2\" content=\"1 minute\" \/>\n<script type=\"application\/ld+json\" class=\"yoast-schema-graph\">{\"@context\":\"https:\/\/schema.org\",\"@graph\":[{\"@type\":\"WebSite\",\"@id\":\"https:\/\/www.visit-ulcinj.com\/blog\/#website\",\"url\":\"https:\/\/www.visit-ulcinj.com\/blog\/\",\"name\":\"Lajme nga Ulqini\",\"description\":\"Lajme,Vijesti,Ulqini,Ulqin,Crna Gora,Mali i Zi\",\"potentialAction\":[{\"@type\":\"SearchAction\",\"target\":{\"@type\":\"EntryPoint\",\"urlTemplate\":\"https:\/\/www.visit-ulcinj.com\/blog\/?s={search_term_string}\"},\"query-input\":\"required name=search_term_string\"}],\"inLanguage\":\"en-US\"},{\"@type\":\"ImageObject\",\"inLanguage\":\"en-US\",\"@id\":\"https:\/\/www.visit-ulcinj.com\/blog\/2012\/12\/13\/vesa-luma-dhe-big-basta-fejohen-ne-paris\/#primaryimage\",\"url\":\"https:\/\/www.visit-ulcinj.com\/blog\/wp-content\/uploads\/2012\/12\/vesaluma-fejohet.jpg\",\"contentUrl\":\"https:\/\/www.visit-ulcinj.com\/blog\/wp-content\/uploads\/2012\/12\/vesaluma-fejohet.jpg\",\"width\":\"960\",\"height\":\"960\"},{\"@type\":\"WebPage\",\"@id\":\"https:\/\/www.visit-ulcinj.com\/blog\/2012\/12\/13\/vesa-luma-dhe-big-basta-fejohen-ne-paris\/#webpage\",\"url\":\"https:\/\/www.visit-ulcinj.com\/blog\/2012\/12\/13\/vesa-luma-dhe-big-basta-fejohen-ne-paris\/\",\"name\":\"Vesa Luma dhe Big Basta fejohen n\u00eb Paris - Lajme nga Ulqini\",\"isPartOf\":{\"@id\":\"https:\/\/www.visit-ulcinj.com\/blog\/#website\"},\"primaryImageOfPage\":{\"@id\":\"https:\/\/www.visit-ulcinj.com\/blog\/2012\/12\/13\/vesa-luma-dhe-big-basta-fejohen-ne-paris\/#primaryimage\"},\"datePublished\":\"2012-12-13T15:25:10+00:00\",\"dateModified\":\"2012-12-13T15:25:10+00:00\",\"author\":{\"@id\":\"https:\/\/www.visit-ulcinj.com\/blog\/#\/schema\/person\/dcab619c614d3038751c63bc2aadc06d\"},\"description\":\"\u00c7ifti i p\u00ebrfolur i vipa-ve shqiptare, Vesa Luma dhe Gerald Xhari (Big Basta), ashtu si\u00e7 kan\u00eb mbajtur t\u00eb fshehur p\u00ebr disa muaj lidhjen e tyre, kan\u00eb b\u00ebr\u00eb\",\"breadcrumb\":{\"@id\":\"https:\/\/www.visit-ulcinj.com\/blog\/2012\/12\/13\/vesa-luma-dhe-big-basta-fejohen-ne-paris\/#breadcrumb\"},\"inLanguage\":\"en-US\",\"potentialAction\":[{\"@type\":\"ReadAction\",\"target\":[\"https:\/\/www.visit-ulcinj.com\/blog\/2012\/12\/13\/vesa-luma-dhe-big-basta-fejohen-ne-paris\/\"]}]},{\"@type\":\"BreadcrumbList\",\"@id\":\"https:\/\/www.visit-ulcinj.com\/blog\/2012\/12\/13\/vesa-luma-dhe-big-basta-fejohen-ne-paris\/#breadcrumb\",\"itemListElement\":[{\"@type\":\"ListItem\",\"position\":1,\"name\":\"Vesa Luma dhe Big Basta fejohen n\u00eb Paris\"}]},{\"@type\":\"Person\",\"@id\":\"https:\/\/www.visit-ulcinj.com\/blog\/#\/schema\/person\/dcab619c614d3038751c63bc2aadc06d\",\"name\":\"ulqini\",\"sameAs\":[\"http:\/\/www.visit-ulcinj.com\"],\"url\":\"https:\/\/www.visit-ulcinj.com\/blog\/author\/admin\/\"}]}<\/script>\n<!-- \/ Yoast SEO plugin. -->","yoast_head_json":{"title":"Vesa Luma dhe Big Basta fejohen n\u00eb Paris - Lajme nga Ulqini","description":"\u00c7ifti i p\u00ebrfolur i vipa-ve shqiptare, Vesa Luma dhe Gerald Xhari (Big Basta), ashtu si\u00e7 kan\u00eb mbajtur t\u00eb fshehur p\u00ebr disa muaj lidhjen e tyre, kan\u00eb b\u00ebr\u00eb","robots":{"index":"index","follow":"follow","max-snippet":"max-snippet:-1","max-image-preview":"max-image-preview:large","max-video-preview":"max-video-preview:-1"},"canonical":"https:\/\/www.visit-ulcinj.com\/blog\/2012\/12\/13\/vesa-luma-dhe-big-basta-fejohen-ne-paris\/","og_locale":"en_US","og_type":"article","og_title":"Vesa Luma dhe Big Basta fejohen n\u00eb Paris - Lajme nga Ulqini","og_description":"\u00c7ifti i p\u00ebrfolur i vipa-ve shqiptare, Vesa Luma dhe Gerald Xhari (Big Basta), ashtu si\u00e7 kan\u00eb mbajtur t\u00eb fshehur p\u00ebr disa muaj lidhjen e tyre, kan\u00eb b\u00ebr\u00eb","og_url":"https:\/\/www.visit-ulcinj.com\/blog\/2012\/12\/13\/vesa-luma-dhe-big-basta-fejohen-ne-paris\/","og_site_name":"Lajme nga Ulqini","article_published_time":"2012-12-13T15:25:10+00:00","og_image":[{"url":"http:\/\/www.visit-ulcinj.com\/blog\/wp-content\/uploads\/2012\/12\/vesaluma-fejohet.jpg"}],"twitter_misc":{"Written by":"ulqini","Est. reading time":"1 minute"},"schema":{"@context":"https:\/\/schema.org","@graph":[{"@type":"WebSite","@id":"https:\/\/www.visit-ulcinj.com\/blog\/#website","url":"https:\/\/www.visit-ulcinj.com\/blog\/","name":"Lajme nga Ulqini","description":"Lajme,Vijesti,Ulqini,Ulqin,Crna Gora,Mali i Zi","potentialAction":[{"@type":"SearchAction","target":{"@type":"EntryPoint","urlTemplate":"https:\/\/www.visit-ulcinj.com\/blog\/?s={search_term_string}"},"query-input":"required name=search_term_string"}],"inLanguage":"en-US"},{"@type":"ImageObject","inLanguage":"en-US","@id":"https:\/\/www.visit-ulcinj.com\/blog\/2012\/12\/13\/vesa-luma-dhe-big-basta-fejohen-ne-paris\/#primaryimage","url":"https:\/\/www.visit-ulcinj.com\/blog\/wp-content\/uploads\/2012\/12\/vesaluma-fejohet.jpg","contentUrl":"https:\/\/www.visit-ulcinj.com\/blog\/wp-content\/uploads\/2012\/12\/vesaluma-fejohet.jpg","width":"960","height":"960"},{"@type":"WebPage","@id":"https:\/\/www.visit-ulcinj.com\/blog\/2012\/12\/13\/vesa-luma-dhe-big-basta-fejohen-ne-paris\/#webpage","url":"https:\/\/www.visit-ulcinj.com\/blog\/2012\/12\/13\/vesa-luma-dhe-big-basta-fejohen-ne-paris\/","name":"Vesa Luma dhe Big Basta fejohen n\u00eb Paris - Lajme nga Ulqini","isPartOf":{"@id":"https:\/\/www.visit-ulcinj.com\/blog\/#website"},"primaryImageOfPage":{"@id":"https:\/\/www.visit-ulcinj.com\/blog\/2012\/12\/13\/vesa-luma-dhe-big-basta-fejohen-ne-paris\/#primaryimage"},"datePublished":"2012-12-13T15:25:10+00:00","dateModified":"2012-12-13T15:25:10+00:00","author":{"@id":"https:\/\/www.visit-ulcinj.com\/blog\/#\/schema\/person\/dcab619c614d3038751c63bc2aadc06d"},"description":"\u00c7ifti i p\u00ebrfolur i vipa-ve shqiptare, Vesa Luma dhe Gerald Xhari (Big Basta), ashtu si\u00e7 kan\u00eb mbajtur t\u00eb fshehur p\u00ebr disa muaj lidhjen e tyre, kan\u00eb b\u00ebr\u00eb","breadcrumb":{"@id":"https:\/\/www.visit-ulcinj.com\/blog\/2012\/12\/13\/vesa-luma-dhe-big-basta-fejohen-ne-paris\/#breadcrumb"},"inLanguage":"en-US","potentialAction":[{"@type":"ReadAction","target":["https:\/\/www.visit-ulcinj.com\/blog\/2012\/12\/13\/vesa-luma-dhe-big-basta-fejohen-ne-paris\/"]}]},{"@type":"BreadcrumbList","@id":"https:\/\/www.visit-ulcinj.com\/blog\/2012\/12\/13\/vesa-luma-dhe-big-basta-fejohen-ne-paris\/#breadcrumb","itemListElement":[{"@type":"ListItem","position":1,"name":"Vesa Luma dhe Big Basta fejohen n\u00eb Paris"}]},{"@type":"Person","@id":"https:\/\/www.visit-ulcinj.com\/blog\/#\/schema\/person\/dcab619c614d3038751c63bc2aadc06d","name":"ulqini","sameAs":["http:\/\/www.visit-ulcinj.com"],"url":"https:\/\/www.visit-ulcinj.com\/blog\/author\/admin\/"}]}},"jetpack_featured_media_url":"","jetpack_sharing_enabled":true,"jetpack_shortlink":"https:\/\/wp.me\/pe6lTn-hmd","_links":{"self":[{"href":"https:\/\/www.visit-ulcinj.com\/blog\/wp-json\/wp\/v2\/posts\/66725"}],"collection":[{"href":"https:\/\/www.visit-ulcinj.com\/blog\/wp-json\/wp\/v2\/posts"}],"about":[{"href":"https:\/\/www.visit-ulcinj.com\/blog\/wp-json\/wp\/v2\/types\/post"}],"author":[{"embeddable":true,"href":"https:\/\/www.visit-ulcinj.com\/blog\/wp-json\/wp\/v2\/users\/1"}],"replies":[{"embeddable":true,"href":"https:\/\/www.visit-ulcinj.com\/blog\/wp-json\/wp\/v2\/comments?post=66725"}],"version-history":[{"count":1,"href":"https:\/\/www.visit-ulcinj.com\/blog\/wp-json\/wp\/v2\/posts\/66725\/revisions"}],"predecessor-version":[{"id":66727,"href":"https:\/\/www.visit-ulcinj.com\/blog\/wp-json\/wp\/v2\/posts\/66725\/revisions\/66727"}],"wp:attachment":[{"href":"https:\/\/www.visit-ulcinj.com\/blog\/wp-json\/wp\/v2\/media?parent=66725"}],"wp:term":[{"taxonomy":"category","embeddable":true,"href":"https:\/\/www.visit-ulcinj.com\/blog\/wp-json\/wp\/v2\/categories?post=66725"},{"taxonomy":"post_tag","embeddable":true,"href":"https:\/\/www.visit-ulcinj.com\/blog\/wp-json\/wp\/v2\/tags?post=66725"}],"curies":[{"name":"wp","href":"https:\/\/api.w.org\/{rel}","templated":true}]}}