{"id":66737,"date":"2012-12-15T09:25:54","date_gmt":"2012-12-15T08:25:54","guid":{"rendered":"http:\/\/www.visit-ulcinj.com\/blog\/?p=66737"},"modified":"2012-12-16T15:08:37","modified_gmt":"2012-12-16T14:08:37","slug":"a-ka-ulqini-nje-te-ardhme-te-sigurt","status":"publish","type":"post","link":"https:\/\/www.visit-ulcinj.com\/blog\/2012\/12\/15\/a-ka-ulqini-nje-te-ardhme-te-sigurt\/","title":{"rendered":"A ka Ulqini nj\u00eb t\u00eb ardhme t\u00eb sigurt"},"content":{"rendered":"<div id=\"attachment_66738\" style=\"width: 360px\" class=\"wp-caption alignleft\"><a href=\"http:\/\/www.visit-ulcinj.com\/blog\/wp-content\/uploads\/2012\/12\/A-ka-Ulqini-ardhmje-te-sigurt-Forca.jpg\"><img aria-describedby=\"caption-attachment-66738\" loading=\"lazy\" class=\" wp-image-66738 \" title=\"A ka Ulqini ardhmje te sigurt - Forca\" alt=\"\" src=\"http:\/\/www.visit-ulcinj.com\/blog\/wp-content\/uploads\/2012\/12\/A-ka-Ulqini-ardhmje-te-sigurt-Forca.jpg\" width=\"350\" height=\"300\" \/><\/a><p id=\"caption-attachment-66738\" class=\"wp-caption-text\">Foto: Sejdo Ismaili<\/p><\/div>\n<p>\u00cbsht\u00eb shum\u00eb e arsyeshme dhe e preferueshme, madje edhe obliguese q\u00eb bashkatdhetar\u00ebt tan\u00eb , t\u00eb cil\u00ebt kan\u00eb kapital dhe ndjejn\u00eb p\u00ebrgjegj\u00ebsi morale dhe komb\u00ebtare p\u00ebr vendlindjen e braktisur,t\u00eb investojn\u00eb n\u00eb bregdetin e tyre t\u00eb Ulqinit, sepse n\u00eb k\u00ebt\u00eb m\u00ebnyr\u00eb do t\u00eb kontribuonin p\u00ebr krijimin e kushteve jet\u00ebsore t\u00eb rinis\u00eb e cila ende nuk ka emigruar.<\/p>\n<p>Tash dhjet\u00eb vjet n\u00eb ve\u00e7anti, kur bregu i detit edhe n\u00eb k\u00ebt\u00eb rajon,u centralizua edhe mekanizma t\u00eb qeveris\u00eb republikane e mor\u00ebn n\u00eb duar administrimin e tij, u krijua nj\u00eb kaos i v\u00ebrtet , qoft\u00eb n\u00eb nd\u00ebrtimin e objekteve apo shfryt\u00ebzimin e plazheve.Pushteti vendor i Ulqinit m\u00eb kot vazhdimisht ka b\u00ebr\u00eb v\u00ebrejtje p\u00ebr k\u00ebt\u00eb m\u00ebnyr\u00eb t\u00eb menaxhimit me pjes\u00ebn m\u00eb pikante t\u00eb territorit t\u00eb k\u00ebsaj komune, duke k\u00ebrkuar q\u00eb t\u00eb kthehet brenda kompetencave t\u00eb tij,por t\u00eb gjitha k\u00ebto reagime nuk jan\u00eb d\u00ebgjuar nga pushteti qendror.Kan\u00eb reaguar edhe banor\u00ebt e Shtojit, si rajoni m\u00eb i goditur i shp\u00ebrdorimit t\u00eb resrseve natyrore n\u00eb territorin e Komun\u00ebs s\u00eb Ulqinit, madje duke k\u00ebrkuar p\u00ebrgjegj\u00ebsin\u00eb m\u00eb t\u00eb madhe t\u00eb ish- drejtuesve t\u00eb Nd\u00ebrmarrjes Publike \u0093T\u00eb mirat detare\u0094 me seli n\u00eb Budv\u00eb p\u00ebr degradimin e bregut t\u00eb Bun\u00ebs dhe t\u00eb Fush\u00ebs s\u00eb Shtojit si pasoj\u00eb e nd\u00ebrtimeve pa kriter t\u00eb restoranteve t\u00eb shumta dhe t\u00eb nxjerrjes s\u00eb sasirave t\u00eb m\u00ebdha t\u00eb zallit p\u00ebr nd\u00ebrtimtari q\u00eb shitet edhe jasht\u00eb Malit t\u00eb Zi, duke mos paguar asnj\u00eb centim n\u00eb ark\u00ebn e BL t\u00eb Shtojit e as t\u00eb administrat\u00ebs vendore t\u00eb Ulqinit.<\/p>\n<p>Udh\u00ebheqja e re e k\u00ebsaj nd\u00ebrmarrjeje ka paraljm\u00ebruar nj\u00eb regjim tjet\u00ebr t\u00eb bregut t\u00eb detit e n\u00eb kuad\u00ebr edhe t\u00eb pjes\u00ebs q\u00eb p\u00ebrfshin komuna e Ulqinit.N\u00eb radh\u00eb t\u00eb par\u00eb \u00ebsht\u00eb aksioni i pastrimit t\u00eb bregut t\u00eb detit nga objektet e p\u00ebrkohshme, numerikisht t\u00eb shumta,t\u00eb zvogloj\u00eb numrin e atyre q\u00eb jepen me(st\u00ebr)qira, jo vet\u00ebm objektet e p\u00ebrkohshme,por edhe plazhet edhe n\u00eb k\u00ebt\u00eb m\u00ebnyr\u00eb t\u00eb ngritet cil\u00ebsia e ofert\u00ebs turistike.<br \/>\nMjafton t\u00eb b\u00ebsh nj\u00eb vizit\u00eb vet\u00ebm p\u00ebrgjat\u00eb Plazhit t\u00eb madh t\u00eb Ulqinit. Me qindra stande t\u00eb cil\u00ebt funksionojn\u00eb vet\u00ebm stin\u00ebs turistike.\u00cbsht\u00eb shum\u00eb e v\u00ebrtet\u00eb se pronar\u00ebt e tyre ose i japin me qira ose ushtrojn\u00eb vet\u00eb ndonj\u00eb veprimtari tregtare duke siguruar t\u00eb ardhura t\u00eb konsiderueshme,por n\u00eb k\u00ebt\u00eb koh\u00eb kur b\u00ebhen kontrata me partner\u00eb nga jasht\u00eb p\u00ebr vizit\u00ebn e vitit t\u00eb ardhsh\u00ebm,jan\u00eb nj\u00eb pasqyr\u00eb jasht\u00ebzakonisht e pafavorshme ,posa\u00e7\u00ebrisht p\u00ebr Ulqinin q\u00eb pretendon t\u00eb prezentoj\u00eb nj\u00eb ofert\u00eb bashk\u00ebkohore turistike.M\u00ebrgimtar\u00ebt tan\u00eb t\u00eb cil\u00ebt disponojn\u00eb kapital ka shum\u00eb arsye q\u00eb t\u00eb investojn\u00eb n\u00eb bregdetin e tyre, Ulqin sepse k\u00ebshtu do t\u00eb ndihmonin p\u00ebr t`u krijuar kushte jetese rinis\u00eb e cila n\u00eb gjendjen aktuale nuk sheh asnj\u00eb perspektiv\u00eb k\u00ebtu, por t\u00eb marr\u00eb rrug\u00ebt e kurbetit. Mir\u00ebpo, kjo nuk \u00ebsht\u00eb zgjidhje , sepse zbrazja e trojeve tona etnike, \u00ebsht\u00eb varianti m\u00eb fatkeq i fillimit t\u00eb k\u00ebtij mij\u00ebvje\u00e7ari kaq t\u00eb mjegulluar.Nuk mund t\u00eb jen\u00eb fatlum\u00eb bashkatdhetar\u00ebt tan\u00eb n\u00eb per\u00ebndim , duke u krenuar se kan\u00eb arritur t\u00eb pasuri kolosale, n\u00ebse n\u00eb vendlindje m\u00eb kot vite t\u00eb t\u00ebra pritet ndonj\u00eb vend pune.\u00cbsht\u00eb par\u00eb se qeveria e Malit t\u00eb Zi \u00ebsht\u00eb e interesuar vet\u00ebm p\u00ebr votat tona e jo p\u00ebr t\u00eb investuar.<\/p>\n<p><strong>Postuar nga Edini<\/strong><\/p>\n","protected":false},"excerpt":{"rendered":"<p>\u00cbsht\u00eb shum\u00eb e arsyeshme dhe e preferueshme, madje edhe obliguese q\u00eb bashkatdhetar\u00ebt tan\u00eb , t\u00eb cil\u00ebt kan\u00eb kapital dhe ndjejn\u00eb p\u00ebrgjegj\u00ebsi morale dhe komb\u00ebtare p\u00ebr vendlindjen e braktisur,t\u00eb investojn\u00eb n\u00eb bregdetin e tyre t\u00eb Ulqinit, sepse n\u00eb k\u00ebt\u00eb m\u00ebnyr\u00eb do t\u00eb kontribuonin p\u00ebr krijimin e kushteve jet\u00ebsore t\u00eb rinis\u00eb e cila ende nuk ka emigruar. [&hellip;]<\/p>\n","protected":false},"author":1,"featured_media":0,"comment_status":"open","ping_status":"closed","sticky":false,"template":"","format":"standard","meta":{"spay_email":"","jetpack_publicize_message":"","jetpack_is_tweetstorm":false,"jetpack_publicize_feature_enabled":true},"categories":[1,14249],"tags":[5882,200,18],"jetpack_publicize_connections":[],"yoast_head":"<!-- This site is optimized with the Yoast SEO plugin v19.1 - https:\/\/yoast.com\/wordpress\/plugins\/seo\/ -->\n<title>A ka Ulqini nj\u00eb t\u00eb ardhme t\u00eb sigurt - Lajme nga Ulqini<\/title>\n<meta name=\"description\" content=\"\u00cbsht\u00eb shum\u00eb e arsyeshme dhe e preferueshme, madje edhe obliguese q\u00eb bashkatdhetar\u00ebt tan\u00eb , t\u00eb cil\u00ebt kan\u00eb kapital dhe ndjejn\u00eb p\u00ebrgjegj\u00ebsi morale dhe\" \/>\n<meta name=\"robots\" content=\"index, follow, max-snippet:-1, max-image-preview:large, max-video-preview:-1\" \/>\n<link rel=\"canonical\" href=\"https:\/\/www.visit-ulcinj.com\/blog\/2012\/12\/15\/a-ka-ulqini-nje-te-ardhme-te-sigurt\/\" \/>\n<meta property=\"og:locale\" content=\"en_US\" \/>\n<meta property=\"og:type\" content=\"article\" \/>\n<meta property=\"og:title\" content=\"A ka Ulqini nj\u00eb t\u00eb ardhme t\u00eb sigurt - Lajme nga Ulqini\" \/>\n<meta property=\"og:description\" content=\"\u00cbsht\u00eb shum\u00eb e arsyeshme dhe e preferueshme, madje edhe obliguese q\u00eb bashkatdhetar\u00ebt tan\u00eb , t\u00eb cil\u00ebt kan\u00eb kapital dhe ndjejn\u00eb p\u00ebrgjegj\u00ebsi morale dhe\" \/>\n<meta property=\"og:url\" content=\"https:\/\/www.visit-ulcinj.com\/blog\/2012\/12\/15\/a-ka-ulqini-nje-te-ardhme-te-sigurt\/\" \/>\n<meta property=\"og:site_name\" content=\"Lajme nga Ulqini\" \/>\n<meta property=\"article:published_time\" content=\"2012-12-15T08:25:54+00:00\" \/>\n<meta property=\"article:modified_time\" content=\"2012-12-16T14:08:37+00:00\" \/>\n<meta property=\"og:image\" content=\"http:\/\/www.visit-ulcinj.com\/blog\/wp-content\/uploads\/2012\/12\/A-ka-Ulqini-ardhmje-te-sigurt-Forca.jpg\" \/>\n<meta name=\"twitter:label1\" content=\"Written by\" \/>\n\t<meta name=\"twitter:data1\" content=\"ulqini\" \/>\n\t<meta name=\"twitter:label2\" content=\"Est. reading time\" \/>\n\t<meta name=\"twitter:data2\" content=\"3 minutes\" \/>\n<script type=\"application\/ld+json\" class=\"yoast-schema-graph\">{\"@context\":\"https:\/\/schema.org\",\"@graph\":[{\"@type\":\"WebSite\",\"@id\":\"https:\/\/www.visit-ulcinj.com\/blog\/#website\",\"url\":\"https:\/\/www.visit-ulcinj.com\/blog\/\",\"name\":\"Lajme nga Ulqini\",\"description\":\"Lajme,Vijesti,Ulqini,Ulqin,Crna Gora,Mali i Zi\",\"potentialAction\":[{\"@type\":\"SearchAction\",\"target\":{\"@type\":\"EntryPoint\",\"urlTemplate\":\"https:\/\/www.visit-ulcinj.com\/blog\/?s={search_term_string}\"},\"query-input\":\"required name=search_term_string\"}],\"inLanguage\":\"en-US\"},{\"@type\":\"ImageObject\",\"inLanguage\":\"en-US\",\"@id\":\"https:\/\/www.visit-ulcinj.com\/blog\/2012\/12\/15\/a-ka-ulqini-nje-te-ardhme-te-sigurt\/#primaryimage\",\"url\":\"https:\/\/www.visit-ulcinj.com\/blog\/wp-content\/uploads\/2012\/12\/A-ka-Ulqini-ardhmje-te-sigurt-Forca.jpg\",\"contentUrl\":\"https:\/\/www.visit-ulcinj.com\/blog\/wp-content\/uploads\/2012\/12\/A-ka-Ulqini-ardhmje-te-sigurt-Forca.jpg\",\"width\":\"399\",\"height\":\"299\"},{\"@type\":\"WebPage\",\"@id\":\"https:\/\/www.visit-ulcinj.com\/blog\/2012\/12\/15\/a-ka-ulqini-nje-te-ardhme-te-sigurt\/#webpage\",\"url\":\"https:\/\/www.visit-ulcinj.com\/blog\/2012\/12\/15\/a-ka-ulqini-nje-te-ardhme-te-sigurt\/\",\"name\":\"A ka Ulqini nj\u00eb t\u00eb ardhme t\u00eb sigurt - Lajme nga Ulqini\",\"isPartOf\":{\"@id\":\"https:\/\/www.visit-ulcinj.com\/blog\/#website\"},\"primaryImageOfPage\":{\"@id\":\"https:\/\/www.visit-ulcinj.com\/blog\/2012\/12\/15\/a-ka-ulqini-nje-te-ardhme-te-sigurt\/#primaryimage\"},\"datePublished\":\"2012-12-15T08:25:54+00:00\",\"dateModified\":\"2012-12-16T14:08:37+00:00\",\"author\":{\"@id\":\"https:\/\/www.visit-ulcinj.com\/blog\/#\/schema\/person\/dcab619c614d3038751c63bc2aadc06d\"},\"description\":\"\u00cbsht\u00eb shum\u00eb e arsyeshme dhe e preferueshme, madje edhe obliguese q\u00eb bashkatdhetar\u00ebt tan\u00eb , t\u00eb cil\u00ebt kan\u00eb kapital dhe ndjejn\u00eb p\u00ebrgjegj\u00ebsi morale dhe\",\"breadcrumb\":{\"@id\":\"https:\/\/www.visit-ulcinj.com\/blog\/2012\/12\/15\/a-ka-ulqini-nje-te-ardhme-te-sigurt\/#breadcrumb\"},\"inLanguage\":\"en-US\",\"potentialAction\":[{\"@type\":\"ReadAction\",\"target\":[\"https:\/\/www.visit-ulcinj.com\/blog\/2012\/12\/15\/a-ka-ulqini-nje-te-ardhme-te-sigurt\/\"]}]},{\"@type\":\"BreadcrumbList\",\"@id\":\"https:\/\/www.visit-ulcinj.com\/blog\/2012\/12\/15\/a-ka-ulqini-nje-te-ardhme-te-sigurt\/#breadcrumb\",\"itemListElement\":[{\"@type\":\"ListItem\",\"position\":1,\"name\":\"A ka Ulqini nj\u00eb t\u00eb ardhme t\u00eb sigurt\"}]},{\"@type\":\"Person\",\"@id\":\"https:\/\/www.visit-ulcinj.com\/blog\/#\/schema\/person\/dcab619c614d3038751c63bc2aadc06d\",\"name\":\"ulqini\",\"sameAs\":[\"http:\/\/www.visit-ulcinj.com\"],\"url\":\"https:\/\/www.visit-ulcinj.com\/blog\/author\/admin\/\"}]}<\/script>\n<!-- \/ Yoast SEO plugin. -->","yoast_head_json":{"title":"A ka Ulqini nj\u00eb t\u00eb ardhme t\u00eb sigurt - Lajme nga Ulqini","description":"\u00cbsht\u00eb shum\u00eb e arsyeshme dhe e preferueshme, madje edhe obliguese q\u00eb bashkatdhetar\u00ebt tan\u00eb , t\u00eb cil\u00ebt kan\u00eb kapital dhe ndjejn\u00eb p\u00ebrgjegj\u00ebsi morale dhe","robots":{"index":"index","follow":"follow","max-snippet":"max-snippet:-1","max-image-preview":"max-image-preview:large","max-video-preview":"max-video-preview:-1"},"canonical":"https:\/\/www.visit-ulcinj.com\/blog\/2012\/12\/15\/a-ka-ulqini-nje-te-ardhme-te-sigurt\/","og_locale":"en_US","og_type":"article","og_title":"A ka Ulqini nj\u00eb t\u00eb ardhme t\u00eb sigurt - Lajme nga Ulqini","og_description":"\u00cbsht\u00eb shum\u00eb e arsyeshme dhe e preferueshme, madje edhe obliguese q\u00eb bashkatdhetar\u00ebt tan\u00eb , t\u00eb cil\u00ebt kan\u00eb kapital dhe ndjejn\u00eb p\u00ebrgjegj\u00ebsi morale dhe","og_url":"https:\/\/www.visit-ulcinj.com\/blog\/2012\/12\/15\/a-ka-ulqini-nje-te-ardhme-te-sigurt\/","og_site_name":"Lajme nga Ulqini","article_published_time":"2012-12-15T08:25:54+00:00","article_modified_time":"2012-12-16T14:08:37+00:00","og_image":[{"url":"http:\/\/www.visit-ulcinj.com\/blog\/wp-content\/uploads\/2012\/12\/A-ka-Ulqini-ardhmje-te-sigurt-Forca.jpg"}],"twitter_misc":{"Written by":"ulqini","Est. reading time":"3 minutes"},"schema":{"@context":"https:\/\/schema.org","@graph":[{"@type":"WebSite","@id":"https:\/\/www.visit-ulcinj.com\/blog\/#website","url":"https:\/\/www.visit-ulcinj.com\/blog\/","name":"Lajme nga Ulqini","description":"Lajme,Vijesti,Ulqini,Ulqin,Crna Gora,Mali i Zi","potentialAction":[{"@type":"SearchAction","target":{"@type":"EntryPoint","urlTemplate":"https:\/\/www.visit-ulcinj.com\/blog\/?s={search_term_string}"},"query-input":"required name=search_term_string"}],"inLanguage":"en-US"},{"@type":"ImageObject","inLanguage":"en-US","@id":"https:\/\/www.visit-ulcinj.com\/blog\/2012\/12\/15\/a-ka-ulqini-nje-te-ardhme-te-sigurt\/#primaryimage","url":"https:\/\/www.visit-ulcinj.com\/blog\/wp-content\/uploads\/2012\/12\/A-ka-Ulqini-ardhmje-te-sigurt-Forca.jpg","contentUrl":"https:\/\/www.visit-ulcinj.com\/blog\/wp-content\/uploads\/2012\/12\/A-ka-Ulqini-ardhmje-te-sigurt-Forca.jpg","width":"399","height":"299"},{"@type":"WebPage","@id":"https:\/\/www.visit-ulcinj.com\/blog\/2012\/12\/15\/a-ka-ulqini-nje-te-ardhme-te-sigurt\/#webpage","url":"https:\/\/www.visit-ulcinj.com\/blog\/2012\/12\/15\/a-ka-ulqini-nje-te-ardhme-te-sigurt\/","name":"A ka Ulqini nj\u00eb t\u00eb ardhme t\u00eb sigurt - Lajme nga Ulqini","isPartOf":{"@id":"https:\/\/www.visit-ulcinj.com\/blog\/#website"},"primaryImageOfPage":{"@id":"https:\/\/www.visit-ulcinj.com\/blog\/2012\/12\/15\/a-ka-ulqini-nje-te-ardhme-te-sigurt\/#primaryimage"},"datePublished":"2012-12-15T08:25:54+00:00","dateModified":"2012-12-16T14:08:37+00:00","author":{"@id":"https:\/\/www.visit-ulcinj.com\/blog\/#\/schema\/person\/dcab619c614d3038751c63bc2aadc06d"},"description":"\u00cbsht\u00eb shum\u00eb e arsyeshme dhe e preferueshme, madje edhe obliguese q\u00eb bashkatdhetar\u00ebt tan\u00eb , t\u00eb cil\u00ebt kan\u00eb kapital dhe ndjejn\u00eb p\u00ebrgjegj\u00ebsi morale dhe","breadcrumb":{"@id":"https:\/\/www.visit-ulcinj.com\/blog\/2012\/12\/15\/a-ka-ulqini-nje-te-ardhme-te-sigurt\/#breadcrumb"},"inLanguage":"en-US","potentialAction":[{"@type":"ReadAction","target":["https:\/\/www.visit-ulcinj.com\/blog\/2012\/12\/15\/a-ka-ulqini-nje-te-ardhme-te-sigurt\/"]}]},{"@type":"BreadcrumbList","@id":"https:\/\/www.visit-ulcinj.com\/blog\/2012\/12\/15\/a-ka-ulqini-nje-te-ardhme-te-sigurt\/#breadcrumb","itemListElement":[{"@type":"ListItem","position":1,"name":"A ka Ulqini nj\u00eb t\u00eb ardhme t\u00eb sigurt"}]},{"@type":"Person","@id":"https:\/\/www.visit-ulcinj.com\/blog\/#\/schema\/person\/dcab619c614d3038751c63bc2aadc06d","name":"ulqini","sameAs":["http:\/\/www.visit-ulcinj.com"],"url":"https:\/\/www.visit-ulcinj.com\/blog\/author\/admin\/"}]}},"jetpack_featured_media_url":"","jetpack_sharing_enabled":true,"jetpack_shortlink":"https:\/\/wp.me\/pe6lTn-hmp","_links":{"self":[{"href":"https:\/\/www.visit-ulcinj.com\/blog\/wp-json\/wp\/v2\/posts\/66737"}],"collection":[{"href":"https:\/\/www.visit-ulcinj.com\/blog\/wp-json\/wp\/v2\/posts"}],"about":[{"href":"https:\/\/www.visit-ulcinj.com\/blog\/wp-json\/wp\/v2\/types\/post"}],"author":[{"embeddable":true,"href":"https:\/\/www.visit-ulcinj.com\/blog\/wp-json\/wp\/v2\/users\/1"}],"replies":[{"embeddable":true,"href":"https:\/\/www.visit-ulcinj.com\/blog\/wp-json\/wp\/v2\/comments?post=66737"}],"version-history":[{"count":4,"href":"https:\/\/www.visit-ulcinj.com\/blog\/wp-json\/wp\/v2\/posts\/66737\/revisions"}],"predecessor-version":[{"id":66778,"href":"https:\/\/www.visit-ulcinj.com\/blog\/wp-json\/wp\/v2\/posts\/66737\/revisions\/66778"}],"wp:attachment":[{"href":"https:\/\/www.visit-ulcinj.com\/blog\/wp-json\/wp\/v2\/media?parent=66737"}],"wp:term":[{"taxonomy":"category","embeddable":true,"href":"https:\/\/www.visit-ulcinj.com\/blog\/wp-json\/wp\/v2\/categories?post=66737"},{"taxonomy":"post_tag","embeddable":true,"href":"https:\/\/www.visit-ulcinj.com\/blog\/wp-json\/wp\/v2\/tags?post=66737"}],"curies":[{"name":"wp","href":"https:\/\/api.w.org\/{rel}","templated":true}]}}