{"id":66746,"date":"2012-12-15T09:47:24","date_gmt":"2012-12-15T08:47:24","guid":{"rendered":"http:\/\/www.visit-ulcinj.com\/blog\/?p=66746"},"modified":"2012-12-15T09:47:24","modified_gmt":"2012-12-15T08:47:24","slug":"lokalni-parlament-ulcinja-zasjeda-21-decembra","status":"publish","type":"post","link":"https:\/\/www.visit-ulcinj.com\/blog\/2012\/12\/15\/lokalni-parlament-ulcinja-zasjeda-21-decembra\/","title":{"rendered":"Lokalni parlament Ulcinja zasjeda 21. decembra"},"content":{"rendered":"<p><strong><a href=\"http:\/\/www.visit-ulcinj.com\/blog\/wp-content\/uploads\/2012\/12\/Milazim-Mustafa_Ulcinj_Ulqin.jpg\"><img loading=\"lazy\" class=\"alignleft  wp-image-66747\" title=\"Milazim-Mustafa_Ulcinj_Ulqin\" src=\"http:\/\/www.visit-ulcinj.com\/blog\/wp-content\/uploads\/2012\/12\/Milazim-Mustafa_Ulcinj_Ulqin.jpg\" alt=\"\" width=\"508\" height=\"360\" \/><\/a>Na redu bud\u017eet <\/strong><\/p>\n<p>Predsjednik SO Ulcinj Milazim Mustafa zakazao je za 21. decembar drugu sjednicu drugog redovnog zasjedanja. Na dnevnom redu nalazi se 19 ta\u010daka, a osim odborni\u010dkih pitanja i odgovora, raspravlja\u0107e se o izmjenama i dopunama odluke o bud\u017eetu za 2012. godinu i predlogu odluke o bud\u017eetu za narednu godinu. Skup\u0161tina \u0107e se izjasniti i o lokalnom planu akcije za djecu od 2013. do 2016. godine, o predlogu odluke za davanje saglasnosti za imenovanje Biljala Alaja za direktora Dnevnog centra \u201eSirena\u201d iz Ulcinja, izvje\u0161taju o stanju ure\u0111enja prostora za 2012. godinu, programu ure\u0111enja prostora za 2013. godinu, predlogu odluke o dono\u0161enju urbanisti\u010dkog projekta novog hotela \u201eGaleb\u201d i predlogu odluke o dono\u0161enju lokalne studije lokacije za eko seosko-turisti\u010dki centar na lokalitetu \u0160as. Raspravlja\u0107e se i o setu predloga koji tretiraju dokompletiranje urbanisti\u010dkih parcela, javna prakirali\u0161ta, parking zone, o porezu na nepokretnosti, organizaciji groblja, pijaca, dr\u017eanju ku\u0107nih ljubimaca, kao i o sporazumu o partnerstvu izme\u0111u op\u0161tina Ulcinj i Kajl u Luksemburgu. Sjednica je zakazana za deset \u010dasova.<\/p>\n<p><strong>Izvor: DAN<\/strong><\/p>\n","protected":false},"excerpt":{"rendered":"<p>Na redu bud\u017eet Predsjednik SO Ulcinj Milazim Mustafa zakazao je za 21. decembar drugu sjednicu drugog redovnog zasjedanja. Na dnevnom redu nalazi se 19 ta\u010daka, a osim odborni\u010dkih pitanja i odgovora, raspravlja\u0107e se o izmjenama i dopunama odluke o bud\u017eetu za 2012. godinu i predlogu odluke o bud\u017eetu za narednu godinu. Skup\u0161tina \u0107e se izjasniti [&hellip;]<\/p>\n","protected":false},"author":1,"featured_media":0,"comment_status":"open","ping_status":"closed","sticky":false,"template":"","format":"standard","meta":{"spay_email":"","jetpack_publicize_message":"","jetpack_is_tweetstorm":false,"jetpack_publicize_feature_enabled":true},"categories":[8337],"tags":[11750,19],"jetpack_publicize_connections":[],"yoast_head":"<!-- This site is optimized with the Yoast SEO plugin v19.1 - https:\/\/yoast.com\/wordpress\/plugins\/seo\/ -->\n<title>Lokalni parlament Ulcinja zasjeda 21. decembra - Lajme nga Ulqini<\/title>\n<meta name=\"description\" content=\"Na redu bud\u017eet Predsjednik SO Ulcinj Milazim Mustafa zakazao je za 21. decembar drugu sjednicu drugog redovnog zasjedanja. Na dnevnom redu nalazi se 19\" \/>\n<meta name=\"robots\" content=\"index, follow, max-snippet:-1, max-image-preview:large, max-video-preview:-1\" \/>\n<link rel=\"canonical\" href=\"https:\/\/www.visit-ulcinj.com\/blog\/2012\/12\/15\/lokalni-parlament-ulcinja-zasjeda-21-decembra\/\" \/>\n<meta property=\"og:locale\" content=\"en_US\" \/>\n<meta property=\"og:type\" content=\"article\" \/>\n<meta property=\"og:title\" content=\"Lokalni parlament Ulcinja zasjeda 21. decembra - Lajme nga Ulqini\" \/>\n<meta property=\"og:description\" content=\"Na redu bud\u017eet Predsjednik SO Ulcinj Milazim Mustafa zakazao je za 21. decembar drugu sjednicu drugog redovnog zasjedanja. Na dnevnom redu nalazi se 19\" \/>\n<meta property=\"og:url\" content=\"https:\/\/www.visit-ulcinj.com\/blog\/2012\/12\/15\/lokalni-parlament-ulcinja-zasjeda-21-decembra\/\" \/>\n<meta property=\"og:site_name\" content=\"Lajme nga Ulqini\" \/>\n<meta property=\"article:published_time\" content=\"2012-12-15T08:47:24+00:00\" \/>\n<meta property=\"og:image\" content=\"http:\/\/www.visit-ulcinj.com\/blog\/wp-content\/uploads\/2012\/12\/Milazim-Mustafa_Ulcinj_Ulqin.jpg\" \/>\n<meta name=\"twitter:label1\" content=\"Written by\" \/>\n\t<meta name=\"twitter:data1\" content=\"ulqini\" \/>\n\t<meta name=\"twitter:label2\" content=\"Est. reading time\" \/>\n\t<meta name=\"twitter:data2\" content=\"1 minute\" \/>\n<script type=\"application\/ld+json\" class=\"yoast-schema-graph\">{\"@context\":\"https:\/\/schema.org\",\"@graph\":[{\"@type\":\"WebSite\",\"@id\":\"https:\/\/www.visit-ulcinj.com\/blog\/#website\",\"url\":\"https:\/\/www.visit-ulcinj.com\/blog\/\",\"name\":\"Lajme nga Ulqini\",\"description\":\"Lajme,Vijesti,Ulqini,Ulqin,Crna Gora,Mali i Zi\",\"potentialAction\":[{\"@type\":\"SearchAction\",\"target\":{\"@type\":\"EntryPoint\",\"urlTemplate\":\"https:\/\/www.visit-ulcinj.com\/blog\/?s={search_term_string}\"},\"query-input\":\"required name=search_term_string\"}],\"inLanguage\":\"en-US\"},{\"@type\":\"ImageObject\",\"inLanguage\":\"en-US\",\"@id\":\"https:\/\/www.visit-ulcinj.com\/blog\/2012\/12\/15\/lokalni-parlament-ulcinja-zasjeda-21-decembra\/#primaryimage\",\"url\":\"https:\/\/www.visit-ulcinj.com\/blog\/wp-content\/uploads\/2012\/12\/Milazim-Mustafa_Ulcinj_Ulqin.jpg\",\"contentUrl\":\"https:\/\/www.visit-ulcinj.com\/blog\/wp-content\/uploads\/2012\/12\/Milazim-Mustafa_Ulcinj_Ulqin.jpg\",\"width\":\"550\",\"height\":\"417\"},{\"@type\":\"WebPage\",\"@id\":\"https:\/\/www.visit-ulcinj.com\/blog\/2012\/12\/15\/lokalni-parlament-ulcinja-zasjeda-21-decembra\/#webpage\",\"url\":\"https:\/\/www.visit-ulcinj.com\/blog\/2012\/12\/15\/lokalni-parlament-ulcinja-zasjeda-21-decembra\/\",\"name\":\"Lokalni parlament Ulcinja zasjeda 21. decembra - Lajme nga Ulqini\",\"isPartOf\":{\"@id\":\"https:\/\/www.visit-ulcinj.com\/blog\/#website\"},\"primaryImageOfPage\":{\"@id\":\"https:\/\/www.visit-ulcinj.com\/blog\/2012\/12\/15\/lokalni-parlament-ulcinja-zasjeda-21-decembra\/#primaryimage\"},\"datePublished\":\"2012-12-15T08:47:24+00:00\",\"dateModified\":\"2012-12-15T08:47:24+00:00\",\"author\":{\"@id\":\"https:\/\/www.visit-ulcinj.com\/blog\/#\/schema\/person\/dcab619c614d3038751c63bc2aadc06d\"},\"description\":\"Na redu bud\u017eet Predsjednik SO Ulcinj Milazim Mustafa zakazao je za 21. decembar drugu sjednicu drugog redovnog zasjedanja. Na dnevnom redu nalazi se 19\",\"breadcrumb\":{\"@id\":\"https:\/\/www.visit-ulcinj.com\/blog\/2012\/12\/15\/lokalni-parlament-ulcinja-zasjeda-21-decembra\/#breadcrumb\"},\"inLanguage\":\"en-US\",\"potentialAction\":[{\"@type\":\"ReadAction\",\"target\":[\"https:\/\/www.visit-ulcinj.com\/blog\/2012\/12\/15\/lokalni-parlament-ulcinja-zasjeda-21-decembra\/\"]}]},{\"@type\":\"BreadcrumbList\",\"@id\":\"https:\/\/www.visit-ulcinj.com\/blog\/2012\/12\/15\/lokalni-parlament-ulcinja-zasjeda-21-decembra\/#breadcrumb\",\"itemListElement\":[{\"@type\":\"ListItem\",\"position\":1,\"name\":\"Lokalni parlament Ulcinja zasjeda 21. decembra\"}]},{\"@type\":\"Person\",\"@id\":\"https:\/\/www.visit-ulcinj.com\/blog\/#\/schema\/person\/dcab619c614d3038751c63bc2aadc06d\",\"name\":\"ulqini\",\"sameAs\":[\"http:\/\/www.visit-ulcinj.com\"],\"url\":\"https:\/\/www.visit-ulcinj.com\/blog\/author\/admin\/\"}]}<\/script>\n<!-- \/ Yoast SEO plugin. -->","yoast_head_json":{"title":"Lokalni parlament Ulcinja zasjeda 21. decembra - Lajme nga Ulqini","description":"Na redu bud\u017eet Predsjednik SO Ulcinj Milazim Mustafa zakazao je za 21. decembar drugu sjednicu drugog redovnog zasjedanja. Na dnevnom redu nalazi se 19","robots":{"index":"index","follow":"follow","max-snippet":"max-snippet:-1","max-image-preview":"max-image-preview:large","max-video-preview":"max-video-preview:-1"},"canonical":"https:\/\/www.visit-ulcinj.com\/blog\/2012\/12\/15\/lokalni-parlament-ulcinja-zasjeda-21-decembra\/","og_locale":"en_US","og_type":"article","og_title":"Lokalni parlament Ulcinja zasjeda 21. decembra - Lajme nga Ulqini","og_description":"Na redu bud\u017eet Predsjednik SO Ulcinj Milazim Mustafa zakazao je za 21. decembar drugu sjednicu drugog redovnog zasjedanja. Na dnevnom redu nalazi se 19","og_url":"https:\/\/www.visit-ulcinj.com\/blog\/2012\/12\/15\/lokalni-parlament-ulcinja-zasjeda-21-decembra\/","og_site_name":"Lajme nga Ulqini","article_published_time":"2012-12-15T08:47:24+00:00","og_image":[{"url":"http:\/\/www.visit-ulcinj.com\/blog\/wp-content\/uploads\/2012\/12\/Milazim-Mustafa_Ulcinj_Ulqin.jpg"}],"twitter_misc":{"Written by":"ulqini","Est. reading time":"1 minute"},"schema":{"@context":"https:\/\/schema.org","@graph":[{"@type":"WebSite","@id":"https:\/\/www.visit-ulcinj.com\/blog\/#website","url":"https:\/\/www.visit-ulcinj.com\/blog\/","name":"Lajme nga Ulqini","description":"Lajme,Vijesti,Ulqini,Ulqin,Crna Gora,Mali i Zi","potentialAction":[{"@type":"SearchAction","target":{"@type":"EntryPoint","urlTemplate":"https:\/\/www.visit-ulcinj.com\/blog\/?s={search_term_string}"},"query-input":"required name=search_term_string"}],"inLanguage":"en-US"},{"@type":"ImageObject","inLanguage":"en-US","@id":"https:\/\/www.visit-ulcinj.com\/blog\/2012\/12\/15\/lokalni-parlament-ulcinja-zasjeda-21-decembra\/#primaryimage","url":"https:\/\/www.visit-ulcinj.com\/blog\/wp-content\/uploads\/2012\/12\/Milazim-Mustafa_Ulcinj_Ulqin.jpg","contentUrl":"https:\/\/www.visit-ulcinj.com\/blog\/wp-content\/uploads\/2012\/12\/Milazim-Mustafa_Ulcinj_Ulqin.jpg","width":"550","height":"417"},{"@type":"WebPage","@id":"https:\/\/www.visit-ulcinj.com\/blog\/2012\/12\/15\/lokalni-parlament-ulcinja-zasjeda-21-decembra\/#webpage","url":"https:\/\/www.visit-ulcinj.com\/blog\/2012\/12\/15\/lokalni-parlament-ulcinja-zasjeda-21-decembra\/","name":"Lokalni parlament Ulcinja zasjeda 21. decembra - Lajme nga Ulqini","isPartOf":{"@id":"https:\/\/www.visit-ulcinj.com\/blog\/#website"},"primaryImageOfPage":{"@id":"https:\/\/www.visit-ulcinj.com\/blog\/2012\/12\/15\/lokalni-parlament-ulcinja-zasjeda-21-decembra\/#primaryimage"},"datePublished":"2012-12-15T08:47:24+00:00","dateModified":"2012-12-15T08:47:24+00:00","author":{"@id":"https:\/\/www.visit-ulcinj.com\/blog\/#\/schema\/person\/dcab619c614d3038751c63bc2aadc06d"},"description":"Na redu bud\u017eet Predsjednik SO Ulcinj Milazim Mustafa zakazao je za 21. decembar drugu sjednicu drugog redovnog zasjedanja. Na dnevnom redu nalazi se 19","breadcrumb":{"@id":"https:\/\/www.visit-ulcinj.com\/blog\/2012\/12\/15\/lokalni-parlament-ulcinja-zasjeda-21-decembra\/#breadcrumb"},"inLanguage":"en-US","potentialAction":[{"@type":"ReadAction","target":["https:\/\/www.visit-ulcinj.com\/blog\/2012\/12\/15\/lokalni-parlament-ulcinja-zasjeda-21-decembra\/"]}]},{"@type":"BreadcrumbList","@id":"https:\/\/www.visit-ulcinj.com\/blog\/2012\/12\/15\/lokalni-parlament-ulcinja-zasjeda-21-decembra\/#breadcrumb","itemListElement":[{"@type":"ListItem","position":1,"name":"Lokalni parlament Ulcinja zasjeda 21. decembra"}]},{"@type":"Person","@id":"https:\/\/www.visit-ulcinj.com\/blog\/#\/schema\/person\/dcab619c614d3038751c63bc2aadc06d","name":"ulqini","sameAs":["http:\/\/www.visit-ulcinj.com"],"url":"https:\/\/www.visit-ulcinj.com\/blog\/author\/admin\/"}]}},"jetpack_featured_media_url":"","jetpack_sharing_enabled":true,"jetpack_shortlink":"https:\/\/wp.me\/pe6lTn-hmy","_links":{"self":[{"href":"https:\/\/www.visit-ulcinj.com\/blog\/wp-json\/wp\/v2\/posts\/66746"}],"collection":[{"href":"https:\/\/www.visit-ulcinj.com\/blog\/wp-json\/wp\/v2\/posts"}],"about":[{"href":"https:\/\/www.visit-ulcinj.com\/blog\/wp-json\/wp\/v2\/types\/post"}],"author":[{"embeddable":true,"href":"https:\/\/www.visit-ulcinj.com\/blog\/wp-json\/wp\/v2\/users\/1"}],"replies":[{"embeddable":true,"href":"https:\/\/www.visit-ulcinj.com\/blog\/wp-json\/wp\/v2\/comments?post=66746"}],"version-history":[{"count":2,"href":"https:\/\/www.visit-ulcinj.com\/blog\/wp-json\/wp\/v2\/posts\/66746\/revisions"}],"predecessor-version":[{"id":66749,"href":"https:\/\/www.visit-ulcinj.com\/blog\/wp-json\/wp\/v2\/posts\/66746\/revisions\/66749"}],"wp:attachment":[{"href":"https:\/\/www.visit-ulcinj.com\/blog\/wp-json\/wp\/v2\/media?parent=66746"}],"wp:term":[{"taxonomy":"category","embeddable":true,"href":"https:\/\/www.visit-ulcinj.com\/blog\/wp-json\/wp\/v2\/categories?post=66746"},{"taxonomy":"post_tag","embeddable":true,"href":"https:\/\/www.visit-ulcinj.com\/blog\/wp-json\/wp\/v2\/tags?post=66746"}],"curies":[{"name":"wp","href":"https:\/\/api.w.org\/{rel}","templated":true}]}}