{"id":66767,"date":"2012-12-16T13:54:27","date_gmt":"2012-12-16T12:54:27","guid":{"rendered":"http:\/\/www.visit-ulcinj.com\/blog\/?p=66767"},"modified":"2012-12-16T13:54:27","modified_gmt":"2012-12-16T12:54:27","slug":"redzep-abazi-bio-metuzalem-ulcinjskog-folklora","status":"publish","type":"post","link":"https:\/\/www.visit-ulcinj.com\/blog\/2012\/12\/16\/redzep-abazi-bio-metuzalem-ulcinjskog-folklora\/","title":{"rendered":"Red\u017eep Abazi bio metuzalem ulcinjskog folklora"},"content":{"rendered":"<p><a href=\"http:\/\/www.visit-ulcinj.com\/blog\/wp-content\/uploads\/2012\/12\/Redzep-Abazi-otac-ulcinjskog-folklora.41.jpg\"><img loading=\"lazy\" class=\"alignleft  wp-image-66768\" alt=\"Redzep Abazi otac ulcinjskog folklora.41\" src=\"http:\/\/www.visit-ulcinj.com\/blog\/wp-content\/uploads\/2012\/12\/Redzep-Abazi-otac-ulcinjskog-folklora.41.jpg\" width=\"508\" height=\"600\" \/><\/a>Mislim da se doga\u0111aji i ljudi, koji su obilje\u017eili ovaj neponovliv prostor, moraju upisati zlatnim slovima u istoriji na\u0161eg grada. Gospodin Red\u017eep Abazi, je siguran sam, jedan od njih. Svojom pojavom, svojom muzikom i svojim vedrim duhom je van svake sumnje, obilje\u017eio pro\u0161li vijek. Bio je metuzalem na\u0161eg folklora i na\u0161e kulturne ba\u0161tine.<\/p>\n<p>Njegov markantni lik, i\u00a0 njegov vje\u010dito vedri osmjeh plenio je svojom pojavom. To se \u00a0posebno reflektovalo u \u00a0liku doma\u0107ina iz originalnog izvo\u0111enja&#8221; Ulcinjske svadbe&#8221;. Mislim da \u0107e ta uloga i\u00a0 taj lik \u00a0ostati vje\u010dito upam\u0107en, kao ne\u0161to najljeplje i najbolje koje je ikad odigrano i izvedeno u domenu folklora, i to ne samo kod nas.<br \/>\n<a href=\"http:\/\/www.visit-ulcinj.com\/blog\/wp-content\/uploads\/2012\/12\/Redzep-Abazi-otac-ulcinjskog-folklora.jpg\"><img loading=\"lazy\" class=\"alignleft  wp-image-66769\" alt=\"Redzep Abazi otac ulcinjskog folklora\" src=\"http:\/\/www.visit-ulcinj.com\/blog\/wp-content\/uploads\/2012\/12\/Redzep-Abazi-otac-ulcinjskog-folklora.jpg\" width=\"508\" height=\"300\" \/><\/a><\/p>\n<p>Sre\u0107om, bilo je to i u vrijeme televizije, tako da je on i ostao besmrtan, ne samo u sje\u0107anju, ve\u0107 i na video kasetama. \u00a0\u00a0\u00a0\u00a0\u00a0\u00a0\u00a0\u00a0\u00a0\u00a0 Njegovi nasljednici, njeguju njegov duh i njegovu muziku, kroz kulturno unjetni\u010dko dru\u0161tvo &#8220;Zana.&#8221; Dru\u0161tvo je aktivno, i ono se trudi da animira mlade, kako bi se sa\u010duvala muzika i folklor, a i nacionalne no\u0161nje naroda ovog kraja. Svjedoci smo da se one sve rije\u0111e i rije\u0111e vi\u0111aju na svadbama i na koncertnim podijumima. Dodu\u0161e sada ih mogu vidjeti samo oni sretnici u muzeju me\u0111u drevne zidine Starog grada, sakrivene u staklenim vitrinama , ako uspiju da ga na\u0111u&#8230; &#8230; \u00a0\u00a0\u00a0\u00a0\u00a0\u00a0\u00a0\u00a0\u00a0 Mislim da bi se ova proslava i obilje\u017eavanje ovog jubileja moralo organizovati na nivou Op\u0161tine Ulcinj, jer ovaj \u010dovjek, je svojom muzikom, svojom pojavom i svojim besmrtnim duhom do samog kraja svog \u017eivota, \u00a0u to nema sumnje zaslu\u017eio i zadu\u017eio sve \u017eitelje ovog grada, pa i dana\u0161nje \u010delnike. Muzika, ne poznaje podjele i politiku gospodo..<\/p>\n<p>Ulcinj, 2010.<\/p>\n<p>Ismet KARAMANAAGA<\/p>\n<p><a href=\"http:\/\/www.visit-ulcinj.com\/blog\/wp-content\/uploads\/2012\/12\/Munib-Abazi-Ulcinj.jpg\"><img loading=\"lazy\" class=\"alignleft  wp-image-66770\" alt=\"Munib Abazi Ulcinj\" src=\"http:\/\/www.visit-ulcinj.com\/blog\/wp-content\/uploads\/2012\/12\/Munib-Abazi-Ulcinj.jpg\" width=\"508\" height=\"300\" \/><\/a><\/p>\n<p>Tekst sam napisao\u00a0 2010 god. kao uspomenu i sje\u0107anje na ovog divnog \u010dovjeka. Zaista je ostao besmrtan, i kao \u010dovjek i kao umjetnik. Njegov sin gospodin Munib Abazi nastoji da ovaj folklor, kroz umjetni\u010dko dru\u0161tvo \u201cZana\u201d reivitalizuje i o\u017eivi kroz razne vrste umjetni\u010dkog djelovanja, sa posebnim akcentom na \u201cUlcinjskoj svadbi\u201d. Zadnji nastupi ovog ansabmla na raznim podijumima, posebno onaj u \u201cTop chanelu\u201d van svake sumnje dokazuje da on uspje\u0161no vodi i radi na o\u010duvanju i njegovanju tradicije na\u0161eg folklora.<br \/>\n<a href=\"http:\/\/www.visit-ulcinj.com\/blog\/wp-content\/uploads\/2012\/12\/Redzep-Abazi-otac-ulcinjskog-folklora.3.jpg\"><img loading=\"lazy\" class=\"alignleft  wp-image-66771\" alt=\"Redzep Abazi otac ulcinjskog folklora.3\" src=\"http:\/\/www.visit-ulcinj.com\/blog\/wp-content\/uploads\/2012\/12\/Redzep-Abazi-otac-ulcinjskog-folklora.3.jpg\" width=\"508\" height=\"300\" \/><\/a><\/p>\n<p>No, lik koji je ostvario gospodin Red\u017eep Abazi osta\u0107e upam\u0107en i\u00a0 neponovljiv i vjerujem, i ubije\u0111en sam, da moje mi\u0161ljenje dijele i umjetnici, a sasvim obi\u010dni posjetioci.<\/p>\n<p>Ulcinj, decembar 2012 god.<br \/>\n\n\t\t<style type=\"text\/css\">\n\t\t\t#gallery-1 {\n\t\t\t\tmargin: auto;\n\t\t\t}\n\t\t\t#gallery-1 .gallery-item {\n\t\t\t\tfloat: left;\n\t\t\t\tmargin-top: 10px;\n\t\t\t\ttext-align: center;\n\t\t\t\twidth: 33%;\n\t\t\t}\n\t\t\t#gallery-1 img {\n\t\t\t\tborder: 2px solid #cfcfcf;\n\t\t\t}\n\t\t\t#gallery-1 .gallery-caption {\n\t\t\t\tmargin-left: 0;\n\t\t\t}\n\t\t\t\/* see gallery_shortcode() in wp-includes\/media.php *\/\n\t\t<\/style>\n\t\t<div id='gallery-1' class='gallery galleryid-66767 gallery-columns-3 gallery-size-thumbnail'><dl class='gallery-item'>\n\t\t\t<dt class='gallery-icon portrait'>\n\t\t\t\t<a href='https:\/\/www.visit-ulcinj.com\/blog\/2012\/12\/16\/redzep-abazi-bio-metuzalem-ulcinjskog-folklora\/redzep-abazi-otac-ulcinjskog-folklora-41\/'><img width=\"150\" height=\"150\" src=\"https:\/\/www.visit-ulcinj.com\/blog\/wp-content\/uploads\/2012\/12\/Redzep-Abazi-otac-ulcinjskog-folklora.41-150x150.jpg\" class=\"attachment-thumbnail size-thumbnail\" alt=\"\" loading=\"lazy\" \/><\/a>\n\t\t\t<\/dt><\/dl><dl class='gallery-item'>\n\t\t\t<dt class='gallery-icon landscape'>\n\t\t\t\t<a href='https:\/\/www.visit-ulcinj.com\/blog\/2012\/12\/16\/redzep-abazi-bio-metuzalem-ulcinjskog-folklora\/redzep-abazi-otac-ulcinjskog-folklora-1\/'><img width=\"150\" height=\"150\" src=\"https:\/\/www.visit-ulcinj.com\/blog\/wp-content\/uploads\/2012\/12\/Redzep-Abazi-otac-ulcinjskog-folklora.1-150x150.jpg\" class=\"attachment-thumbnail size-thumbnail\" alt=\"\" loading=\"lazy\" \/><\/a>\n\t\t\t<\/dt><\/dl><dl class='gallery-item'>\n\t\t\t<dt class='gallery-icon landscape'>\n\t\t\t\t<a href='https:\/\/www.visit-ulcinj.com\/blog\/2012\/12\/16\/redzep-abazi-bio-metuzalem-ulcinjskog-folklora\/redzep-abazi-otac-ulcinjskog-folklora\/'><img width=\"150\" height=\"150\" src=\"https:\/\/www.visit-ulcinj.com\/blog\/wp-content\/uploads\/2012\/12\/Redzep-Abazi-otac-ulcinjskog-folklora-150x150.jpg\" class=\"attachment-thumbnail size-thumbnail\" alt=\"\" loading=\"lazy\" srcset=\"https:\/\/www.visit-ulcinj.com\/blog\/wp-content\/uploads\/2012\/12\/Redzep-Abazi-otac-ulcinjskog-folklora-150x150.jpg 150w, https:\/\/www.visit-ulcinj.com\/blog\/wp-content\/uploads\/2012\/12\/Redzep-Abazi-otac-ulcinjskog-folklora-300x298.jpg 300w, https:\/\/www.visit-ulcinj.com\/blog\/wp-content\/uploads\/2012\/12\/Redzep-Abazi-otac-ulcinjskog-folklora.jpg 604w\" sizes=\"(max-width: 150px) 100vw, 150px\" \/><\/a>\n\t\t\t<\/dt><\/dl><br style=\"clear: both\" \/><dl class='gallery-item'>\n\t\t\t<dt class='gallery-icon landscape'>\n\t\t\t\t<a href='https:\/\/www.visit-ulcinj.com\/blog\/2012\/12\/16\/redzep-abazi-bio-metuzalem-ulcinjskog-folklora\/redzep-abazi-otac-ulcinjskog-folklora-3\/'><img width=\"150\" height=\"150\" src=\"https:\/\/www.visit-ulcinj.com\/blog\/wp-content\/uploads\/2012\/12\/Redzep-Abazi-otac-ulcinjskog-folklora.3-150x150.jpg\" class=\"attachment-thumbnail size-thumbnail\" alt=\"\" loading=\"lazy\" \/><\/a>\n\t\t\t<\/dt><\/dl><dl class='gallery-item'>\n\t\t\t<dt class='gallery-icon portrait'>\n\t\t\t\t<a href='https:\/\/www.visit-ulcinj.com\/blog\/2012\/12\/16\/redzep-abazi-bio-metuzalem-ulcinjskog-folklora\/redzep-abazi-otac-ulcinjskog-folklora-2\/'><img width=\"150\" height=\"150\" src=\"https:\/\/www.visit-ulcinj.com\/blog\/wp-content\/uploads\/2012\/12\/Redzep-Abazi-otac-ulcinjskog-folklora.2-150x150.jpg\" class=\"attachment-thumbnail size-thumbnail\" alt=\"\" loading=\"lazy\" \/><\/a>\n\t\t\t<\/dt><\/dl><dl class='gallery-item'>\n\t\t\t<dt class='gallery-icon landscape'>\n\t\t\t\t<a href='https:\/\/www.visit-ulcinj.com\/blog\/2012\/12\/16\/redzep-abazi-bio-metuzalem-ulcinjskog-folklora\/munib-abazi-ulcinj\/'><img width=\"150\" height=\"150\" src=\"https:\/\/www.visit-ulcinj.com\/blog\/wp-content\/uploads\/2012\/12\/Munib-Abazi-Ulcinj-150x150.jpg\" class=\"attachment-thumbnail size-thumbnail\" alt=\"\" loading=\"lazy\" \/><\/a>\n\t\t\t<\/dt><\/dl><br style=\"clear: both\" \/>\n\t\t<\/div>\n<br \/>\n<iframe loading=\"lazy\" width=\"508\" height=\"360\" src=\"http:\/\/www.youtube.com\/embed\/lEfR776pM48\" frameborder=\"0\" allowfullscreen><\/iframe><\/p>\n","protected":false},"excerpt":{"rendered":"<p>Mislim da se doga\u0111aji i ljudi, koji su obilje\u017eili ovaj neponovliv prostor, moraju upisati zlatnim slovima u istoriji na\u0161eg grada. Gospodin Red\u017eep Abazi, je siguran sam, jedan od njih. Svojom pojavom, svojom muzikom i svojim vedrim duhom je van svake sumnje, obilje\u017eio pro\u0161li vijek. Bio je metuzalem na\u0161eg folklora i na\u0161e kulturne ba\u0161tine. Njegov markantni [&hellip;]<\/p>\n","protected":false},"author":1,"featured_media":0,"comment_status":"open","ping_status":"closed","sticky":false,"template":"","format":"standard","meta":{"spay_email":"","jetpack_publicize_message":"","jetpack_is_tweetstorm":false,"jetpack_publicize_feature_enabled":true},"categories":[8337],"tags":[21614,21615,14132,19],"jetpack_publicize_connections":[],"yoast_head":"<!-- This site is optimized with the Yoast SEO plugin v19.1 - https:\/\/yoast.com\/wordpress\/plugins\/seo\/ -->\n<title>Red\u017eep Abazi bio metuzalem ulcinjskog folklora - Lajme nga Ulqini<\/title>\n<meta name=\"description\" content=\"Mislim da se doga\u0111aji i ljudi, koji su obilje\u017eili ovaj neponovliv prostor, moraju upisati zlatnim slovima u istoriji na\u0161eg grada. Gospodin Red\u017eep Abazi,\" \/>\n<meta name=\"robots\" content=\"index, follow, max-snippet:-1, max-image-preview:large, max-video-preview:-1\" \/>\n<link rel=\"canonical\" href=\"https:\/\/www.visit-ulcinj.com\/blog\/2012\/12\/16\/redzep-abazi-bio-metuzalem-ulcinjskog-folklora\/\" \/>\n<meta property=\"og:locale\" content=\"en_US\" \/>\n<meta property=\"og:type\" content=\"article\" \/>\n<meta property=\"og:title\" content=\"Red\u017eep Abazi bio metuzalem ulcinjskog folklora - Lajme nga Ulqini\" \/>\n<meta property=\"og:description\" content=\"Mislim da se doga\u0111aji i ljudi, koji su obilje\u017eili ovaj neponovliv prostor, moraju upisati zlatnim slovima u istoriji na\u0161eg grada. Gospodin Red\u017eep Abazi,\" \/>\n<meta property=\"og:url\" content=\"https:\/\/www.visit-ulcinj.com\/blog\/2012\/12\/16\/redzep-abazi-bio-metuzalem-ulcinjskog-folklora\/\" \/>\n<meta property=\"og:site_name\" content=\"Lajme nga Ulqini\" \/>\n<meta property=\"article:published_time\" content=\"2012-12-16T12:54:27+00:00\" \/>\n<meta property=\"og:image\" content=\"https:\/\/www.visit-ulcinj.com\/blog\/wp-content\/uploads\/2012\/12\/Redzep-Abazi-otac-ulcinjskog-folklora.41-150x150.jpg\" \/>\n<meta name=\"twitter:label1\" content=\"Written by\" \/>\n\t<meta name=\"twitter:data1\" content=\"ulqini\" \/>\n\t<meta name=\"twitter:label2\" content=\"Est. reading time\" \/>\n\t<meta name=\"twitter:data2\" content=\"2 minutes\" \/>\n<script type=\"application\/ld+json\" class=\"yoast-schema-graph\">{\"@context\":\"https:\/\/schema.org\",\"@graph\":[{\"@type\":\"WebSite\",\"@id\":\"https:\/\/www.visit-ulcinj.com\/blog\/#website\",\"url\":\"https:\/\/www.visit-ulcinj.com\/blog\/\",\"name\":\"Lajme nga Ulqini\",\"description\":\"Lajme,Vijesti,Ulqini,Ulqin,Crna Gora,Mali i Zi\",\"potentialAction\":[{\"@type\":\"SearchAction\",\"target\":{\"@type\":\"EntryPoint\",\"urlTemplate\":\"https:\/\/www.visit-ulcinj.com\/blog\/?s={search_term_string}\"},\"query-input\":\"required name=search_term_string\"}],\"inLanguage\":\"en-US\"},{\"@type\":\"ImageObject\",\"inLanguage\":\"en-US\",\"@id\":\"https:\/\/www.visit-ulcinj.com\/blog\/2012\/12\/16\/redzep-abazi-bio-metuzalem-ulcinjskog-folklora\/#primaryimage\",\"url\":\"https:\/\/www.visit-ulcinj.com\/blog\/wp-content\/uploads\/2012\/12\/Redzep-Abazi-otac-ulcinjskog-folklora.41.jpg\",\"contentUrl\":\"https:\/\/www.visit-ulcinj.com\/blog\/wp-content\/uploads\/2012\/12\/Redzep-Abazi-otac-ulcinjskog-folklora.41.jpg\",\"width\":699,\"height\":1082},{\"@type\":\"WebPage\",\"@id\":\"https:\/\/www.visit-ulcinj.com\/blog\/2012\/12\/16\/redzep-abazi-bio-metuzalem-ulcinjskog-folklora\/#webpage\",\"url\":\"https:\/\/www.visit-ulcinj.com\/blog\/2012\/12\/16\/redzep-abazi-bio-metuzalem-ulcinjskog-folklora\/\",\"name\":\"Red\u017eep Abazi bio metuzalem ulcinjskog folklora - Lajme nga Ulqini\",\"isPartOf\":{\"@id\":\"https:\/\/www.visit-ulcinj.com\/blog\/#website\"},\"primaryImageOfPage\":{\"@id\":\"https:\/\/www.visit-ulcinj.com\/blog\/2012\/12\/16\/redzep-abazi-bio-metuzalem-ulcinjskog-folklora\/#primaryimage\"},\"datePublished\":\"2012-12-16T12:54:27+00:00\",\"dateModified\":\"2012-12-16T12:54:27+00:00\",\"author\":{\"@id\":\"https:\/\/www.visit-ulcinj.com\/blog\/#\/schema\/person\/dcab619c614d3038751c63bc2aadc06d\"},\"description\":\"Mislim da se doga\u0111aji i ljudi, koji su obilje\u017eili ovaj neponovliv prostor, moraju upisati zlatnim slovima u istoriji na\u0161eg grada. Gospodin Red\u017eep Abazi,\",\"breadcrumb\":{\"@id\":\"https:\/\/www.visit-ulcinj.com\/blog\/2012\/12\/16\/redzep-abazi-bio-metuzalem-ulcinjskog-folklora\/#breadcrumb\"},\"inLanguage\":\"en-US\",\"potentialAction\":[{\"@type\":\"ReadAction\",\"target\":[\"https:\/\/www.visit-ulcinj.com\/blog\/2012\/12\/16\/redzep-abazi-bio-metuzalem-ulcinjskog-folklora\/\"]}]},{\"@type\":\"BreadcrumbList\",\"@id\":\"https:\/\/www.visit-ulcinj.com\/blog\/2012\/12\/16\/redzep-abazi-bio-metuzalem-ulcinjskog-folklora\/#breadcrumb\",\"itemListElement\":[{\"@type\":\"ListItem\",\"position\":1,\"name\":\"Red\u017eep Abazi bio metuzalem ulcinjskog folklora\"}]},{\"@type\":\"Person\",\"@id\":\"https:\/\/www.visit-ulcinj.com\/blog\/#\/schema\/person\/dcab619c614d3038751c63bc2aadc06d\",\"name\":\"ulqini\",\"sameAs\":[\"http:\/\/www.visit-ulcinj.com\"],\"url\":\"https:\/\/www.visit-ulcinj.com\/blog\/author\/admin\/\"}]}<\/script>\n<!-- \/ Yoast SEO plugin. -->","yoast_head_json":{"title":"Red\u017eep Abazi bio metuzalem ulcinjskog folklora - Lajme nga Ulqini","description":"Mislim da se doga\u0111aji i ljudi, koji su obilje\u017eili ovaj neponovliv prostor, moraju upisati zlatnim slovima u istoriji na\u0161eg grada. Gospodin Red\u017eep Abazi,","robots":{"index":"index","follow":"follow","max-snippet":"max-snippet:-1","max-image-preview":"max-image-preview:large","max-video-preview":"max-video-preview:-1"},"canonical":"https:\/\/www.visit-ulcinj.com\/blog\/2012\/12\/16\/redzep-abazi-bio-metuzalem-ulcinjskog-folklora\/","og_locale":"en_US","og_type":"article","og_title":"Red\u017eep Abazi bio metuzalem ulcinjskog folklora - Lajme nga Ulqini","og_description":"Mislim da se doga\u0111aji i ljudi, koji su obilje\u017eili ovaj neponovliv prostor, moraju upisati zlatnim slovima u istoriji na\u0161eg grada. Gospodin Red\u017eep Abazi,","og_url":"https:\/\/www.visit-ulcinj.com\/blog\/2012\/12\/16\/redzep-abazi-bio-metuzalem-ulcinjskog-folklora\/","og_site_name":"Lajme nga Ulqini","article_published_time":"2012-12-16T12:54:27+00:00","og_image":[{"url":"https:\/\/www.visit-ulcinj.com\/blog\/wp-content\/uploads\/2012\/12\/Redzep-Abazi-otac-ulcinjskog-folklora.41-150x150.jpg"}],"twitter_misc":{"Written by":"ulqini","Est. reading time":"2 minutes"},"schema":{"@context":"https:\/\/schema.org","@graph":[{"@type":"WebSite","@id":"https:\/\/www.visit-ulcinj.com\/blog\/#website","url":"https:\/\/www.visit-ulcinj.com\/blog\/","name":"Lajme nga Ulqini","description":"Lajme,Vijesti,Ulqini,Ulqin,Crna Gora,Mali i Zi","potentialAction":[{"@type":"SearchAction","target":{"@type":"EntryPoint","urlTemplate":"https:\/\/www.visit-ulcinj.com\/blog\/?s={search_term_string}"},"query-input":"required name=search_term_string"}],"inLanguage":"en-US"},{"@type":"ImageObject","inLanguage":"en-US","@id":"https:\/\/www.visit-ulcinj.com\/blog\/2012\/12\/16\/redzep-abazi-bio-metuzalem-ulcinjskog-folklora\/#primaryimage","url":"https:\/\/www.visit-ulcinj.com\/blog\/wp-content\/uploads\/2012\/12\/Redzep-Abazi-otac-ulcinjskog-folklora.41.jpg","contentUrl":"https:\/\/www.visit-ulcinj.com\/blog\/wp-content\/uploads\/2012\/12\/Redzep-Abazi-otac-ulcinjskog-folklora.41.jpg","width":699,"height":1082},{"@type":"WebPage","@id":"https:\/\/www.visit-ulcinj.com\/blog\/2012\/12\/16\/redzep-abazi-bio-metuzalem-ulcinjskog-folklora\/#webpage","url":"https:\/\/www.visit-ulcinj.com\/blog\/2012\/12\/16\/redzep-abazi-bio-metuzalem-ulcinjskog-folklora\/","name":"Red\u017eep Abazi bio metuzalem ulcinjskog folklora - Lajme nga Ulqini","isPartOf":{"@id":"https:\/\/www.visit-ulcinj.com\/blog\/#website"},"primaryImageOfPage":{"@id":"https:\/\/www.visit-ulcinj.com\/blog\/2012\/12\/16\/redzep-abazi-bio-metuzalem-ulcinjskog-folklora\/#primaryimage"},"datePublished":"2012-12-16T12:54:27+00:00","dateModified":"2012-12-16T12:54:27+00:00","author":{"@id":"https:\/\/www.visit-ulcinj.com\/blog\/#\/schema\/person\/dcab619c614d3038751c63bc2aadc06d"},"description":"Mislim da se doga\u0111aji i ljudi, koji su obilje\u017eili ovaj neponovliv prostor, moraju upisati zlatnim slovima u istoriji na\u0161eg grada. Gospodin Red\u017eep Abazi,","breadcrumb":{"@id":"https:\/\/www.visit-ulcinj.com\/blog\/2012\/12\/16\/redzep-abazi-bio-metuzalem-ulcinjskog-folklora\/#breadcrumb"},"inLanguage":"en-US","potentialAction":[{"@type":"ReadAction","target":["https:\/\/www.visit-ulcinj.com\/blog\/2012\/12\/16\/redzep-abazi-bio-metuzalem-ulcinjskog-folklora\/"]}]},{"@type":"BreadcrumbList","@id":"https:\/\/www.visit-ulcinj.com\/blog\/2012\/12\/16\/redzep-abazi-bio-metuzalem-ulcinjskog-folklora\/#breadcrumb","itemListElement":[{"@type":"ListItem","position":1,"name":"Red\u017eep Abazi bio metuzalem ulcinjskog folklora"}]},{"@type":"Person","@id":"https:\/\/www.visit-ulcinj.com\/blog\/#\/schema\/person\/dcab619c614d3038751c63bc2aadc06d","name":"ulqini","sameAs":["http:\/\/www.visit-ulcinj.com"],"url":"https:\/\/www.visit-ulcinj.com\/blog\/author\/admin\/"}]}},"jetpack_featured_media_url":"","jetpack_sharing_enabled":true,"jetpack_shortlink":"https:\/\/wp.me\/pe6lTn-hmT","_links":{"self":[{"href":"https:\/\/www.visit-ulcinj.com\/blog\/wp-json\/wp\/v2\/posts\/66767"}],"collection":[{"href":"https:\/\/www.visit-ulcinj.com\/blog\/wp-json\/wp\/v2\/posts"}],"about":[{"href":"https:\/\/www.visit-ulcinj.com\/blog\/wp-json\/wp\/v2\/types\/post"}],"author":[{"embeddable":true,"href":"https:\/\/www.visit-ulcinj.com\/blog\/wp-json\/wp\/v2\/users\/1"}],"replies":[{"embeddable":true,"href":"https:\/\/www.visit-ulcinj.com\/blog\/wp-json\/wp\/v2\/comments?post=66767"}],"version-history":[{"count":1,"href":"https:\/\/www.visit-ulcinj.com\/blog\/wp-json\/wp\/v2\/posts\/66767\/revisions"}],"predecessor-version":[{"id":66774,"href":"https:\/\/www.visit-ulcinj.com\/blog\/wp-json\/wp\/v2\/posts\/66767\/revisions\/66774"}],"wp:attachment":[{"href":"https:\/\/www.visit-ulcinj.com\/blog\/wp-json\/wp\/v2\/media?parent=66767"}],"wp:term":[{"taxonomy":"category","embeddable":true,"href":"https:\/\/www.visit-ulcinj.com\/blog\/wp-json\/wp\/v2\/categories?post=66767"},{"taxonomy":"post_tag","embeddable":true,"href":"https:\/\/www.visit-ulcinj.com\/blog\/wp-json\/wp\/v2\/tags?post=66767"}],"curies":[{"name":"wp","href":"https:\/\/api.w.org\/{rel}","templated":true}]}}