{"id":66775,"date":"2012-12-16T14:59:56","date_gmt":"2012-12-16T13:59:56","guid":{"rendered":"http:\/\/www.visit-ulcinj.com\/blog\/?p=66775"},"modified":"2012-12-17T21:43:18","modified_gmt":"2012-12-17T20:43:18","slug":"reagimi-i-forces-para-2-viteve-me-te-mirat-detare","status":"publish","type":"post","link":"https:\/\/www.visit-ulcinj.com\/blog\/2012\/12\/16\/reagimi-i-forces-para-2-viteve-me-te-mirat-detare\/","title":{"rendered":"Reagimi i Forc\u00ebs para 2 viteve me te Mirat Detare"},"content":{"rendered":"<p><strong><a href=\"http:\/\/www.visit-ulcinj.com\/blog\/wp-content\/uploads\/2012\/12\/Forca-per-zhvillim-Ulqin.jpg\"><img loading=\"lazy\" class=\"alignleft  wp-image-66776\" alt=\"Forca per zhvillim Ulqin\" src=\"http:\/\/www.visit-ulcinj.com\/blog\/wp-content\/uploads\/2012\/12\/Forca-per-zhvillim-Ulqin.jpg\" width=\"508\" height=\"360\" \/><\/a>Reagim n\u00eb lidhje me vizit\u00ebn e delagacionit t\u00eb Ndermarrjes publike te Mirat Detare<\/strong><\/p>\n<p>\u00cbsht\u00eb b\u00ebr\u00eb tradicionale q\u00eb \u00e7do fillim viti delegacioni i Nd\u00ebrmarrjes publike t\u00eb Mirat Detare e viziton Ulqinin dhe paralajm\u00ebron investime t\u00eb m\u00ebdha dhe nj\u00ebkohesisht n\u00ebnshkruan nj\u00eb fare kontrate p\u00ebr bashk\u00ebpunim n\u00eb mes t\u00eb Komun\u00ebs s\u00eb Ulqinit dhe k\u00ebsaj nd\u00ebrmarrje.<\/p>\n<p>Para disa dit\u00ebve stafi i k\u00ebsaj ndermarrje, s\u00eb bashku me kryetarin e Komun\u00ebs s\u00eb Ulqinit para gazatar\u00ebve paralajm\u00ebruan p\u00ebrseri p\u00ebrfundimin e k\u00ebtij , si\u00e7 thon\u00eb ato, investimit m\u00eb te madh q\u00eb kjo nd\u00ebrmarrje realizon n\u00eb Komun\u00ebn e Ulqinit- pra Kacemen.<\/p>\n<p>Ne Forca e re Demokratike ju pyesim: N\u00ebse p\u00ebr Kacemen ju nevoiten 3 vite at\u00ebhere sa do t\u00eb ju nevojiten p\u00ebr nd\u00ebrtimin e Marin\u00ebs t\u00eb cil\u00ebn qytetareve ia premton partneri juaj Hajdinaga.<\/p>\n<p>P\u00ebr \u00e7do vit pralajm\u00ebroni p\u00ebrfundimin e Kacemes para fillimit t\u00eb sezonit turistik. Ne ju p\u00ebrkujtojm\u00eb se sezoni turistik n\u00eb Ulqin, para se ju t\u00eb merrni menaxhimin e bregdetit ka filluar n\u00eb muajin prill.<\/p>\n<p>Nga dokumentacioni i juaj kuptojme se K\u00ebshilli drejtues i nd\u00ebrmarrjes ka dedikuar, 10 perqind t\u00eb t\u00eb ardhurave deri n\u00eb vitin 2008 p\u00ebr zgjedhjen e nevojave banesore p\u00ebr t\u00eb pun\u00ebsuarit,kurse 90 perqind p\u00ebr blerjen e objektit t\u00eb ri p\u00ebr selin\u00eb e Nd\u00ebrmarrjes gjate vitit 2009. B\u00ebhet fjal\u00eb p\u00ebr 1.684.983 euro<\/p>\n<p>P\u00ebr kacemen e qe ju e quani Marine ju nevojiten tre vite, kurse p\u00ebr \u00e7\u00ebshjte banesore dhe nd\u00ebrtes\u00ebn e selis\u00eb s\u00eb Nd\u00ebrmarrjes n\u00eb Budve, vet\u00ebm nj\u00eb vit.<\/p>\n<p>Lusim zot\u00ebrinj\u00ebt nga t\u00eb Mirat Detare t\u00eb mos mashtrojn\u00eb qytetar\u00ebt me premtimet p\u00ebr investime q\u00eb vonohen, q\u00eb zvarriten ose qe nuk realizohen kurr.<br \/>\nKy reagim ka p\u00ebr q\u00ebllim t\u00eb ju p\u00ebrkujtoj\u00eb q\u00eb edhe k\u00ebsaj radhe \u00ebshte v\u00ebretur prezenca e juaj,dhe keni ngjalle revolt\u00eb tek qytetar\u00ebt edhe p\u00ebr shkakun se nuk e keni vizituar, rajonin e lumit Buna e cila ne baz\u00eb te nenit 2 t\u00eb ligjit p\u00ebr t\u00eb mirat detare \u00ebsht\u00eb rajon i cili \u00ebsht\u00eb ne kompetencat e juaja.<\/p>\n<p>N\u00eb teritorin t\u00eb cilin p\u00ebr fat t\u00eb keq ju menaxhoni ka m\u00eb s\u00eb shumti uzurpime , nd\u00ebrtime pa leje, derdhje t\u00eb uj\u00ebrave t\u00eb zeza, dhe deponi t\u00eb mbeturinave, kurse ju t\u00eb ardhurat q\u00eb p\u00ebrfitoni nga ky teritor I shpenzoni p\u00ebr \u00e7\u00ebshtje banesore t\u00eb punusuar\u00ebve, dhe blerjen e ndertes\u00ebs p\u00ebr selin\u00eb e Nd\u00ebrmarrjes, pra p\u00ebr komoditetin tuaj, kurse pjes\u00ebn e teritorit prej m\u00eb se 50 p\u00ebrqind n\u00eb menaxhimin tuaj,i kushtoni vet\u00ebm v\u00ebmendje mediatike dhe at\u00eb nj\u00eb her\u00eb n\u00eb vit.<\/p>\n<p>Kryetarit te Komun\u00ebs s\u00eb Ulqinit I keni dhuruar 10.000 mij\u00eb euro p\u00ebr p\u00ebrmbytje,n\u00eb vend q\u00eb t\u00eb na jepni raportin e plot\u00eb p\u00ebr planet dhe masat q\u00eb do t\u00eb nd\u00ebrmerrni p\u00ebr zgjedhjen afat gjate t\u00eb shtratit dhe brigjeve te lumit Buna.<\/p>\n<p>Ju nuk mund t\u00eb paraqiteni si donator p\u00ebr fat\u00ebkeq\u00ebsit\u00eb elemtare por duhet t\u00eb jeni bart\u00ebs I zgjedhjes afat gjate t\u00eb k\u00ebtij problemi.<\/p>\n<p>Sh\u00ebrbimi Informativ I Forc\u00ebs<\/p>\n<p><strong>Reagimi i Forc\u00ebs Sot\u00eb<\/strong><br \/>\n<strong>Ligji i ri p\u00ebr t\u00eb Mirat detare: Komuna Ulqinit 50 % \u2013 T\u00eb Mirat detare 50 %<\/strong><\/p>\n<p>Kryetari i Komun\u00ebs s\u00eb Ulqinit Nazif Cungu dhe bashk\u00ebpun\u00ebtor\u00ebt e tij jan\u00eb takuar sot me nj\u00eb delegacion t\u00eb Nd\u00ebrmarrjes publike p\u00ebr administrim me t\u00eb mirat detare t\u00eb Malit t\u00eb Zi<\/p>\n<p>Kryetari i Komun\u00ebs s\u00eb Ulqinit Nazif Cungu dhe bashk\u00ebpun\u00ebtor\u00ebt e tij jan\u00eb takuar sot me nj\u00eb delegacion t\u00eb Nd\u00ebrmarrjes publike p\u00ebr administrim me t\u00eb mirat detare t\u00eb Malit t\u00eb Zi. N\u00eb p\u00ebrb\u00ebrje t\u00eb k\u00ebtij delegacioni ishin: drejtori Rajko Baroviq, shefi i sh\u00ebrbimit p\u00ebr zhvillim t\u00eb q\u00ebndruesh\u00ebm Aleksandra Ivanoviq, shefi i sh\u00ebrbimit p\u00ebr rregullimin dhe nd\u00ebrtimin e t\u00eb mirave detare Rajko Mihoviq, ndihm\u00ebsi i drejtorit dhe planifikuesi hap\u00ebsinor Dragan Markoviq, ndihm\u00ebsi i drejtorit dhe i ngarkuari p\u00ebr kontrollin e zon\u00ebs s\u00eb t\u00eb Mirave detare, Rajko Milloviq.<\/p>\n<p>N\u00eb mbledhje \u00ebsht\u00eb diskutuar p\u00ebr realizimin e planit p\u00ebr vitin 2013, duke p\u00ebrfshir\u00eb p\u00ebrgatitjet p\u00ebr sezonin e ardhsh\u00ebm turistik, fillimin e projekteve dhe projektet e rinj n\u00eb zon\u00ebn e t\u00eb mirave detare n\u00eb Komun\u00ebne Ulqinit. N\u00eb baz\u00eb t\u00eb ligjit t\u00eb ri p\u00ebr t\u00eb Mirat detare, Komun\u00ebs s\u00eb Ulqinit do t\u2019i ndahen 50 % e mjeteve nga t\u00eb Mirat detare p\u00ebr investime n\u00eb zon\u00ebn e t\u00eb Mirave detare, p\u00ebr ndryshim t\u00eb 20 % q\u00eb i jan\u00eb ndar\u00eb deri tash.<\/p>\n<p>Nga projektet e p\u00ebrmendura jan\u00eb ve\u00e7uar: projekti i zgjidhjes s\u00eb re teknike, dmth vazhdimi i molos p\u00ebr skel\u00ebn e vog\u00ebl Kacema, rregullimi i skel\u00ebs s\u00eb madhe \u2013 portit n\u00eb Ulqin, projekt ky q[ \u00ebsht\u00eb n\u00eb p\u00ebrfundim, rregullimi i mendr\u00ebs, rregullimi i sh\u00ebtitores prej te lokaliteti i hotelit Galeb deri tek hoteli Albatros, projekt ky q\u00eb tashm\u00eb ka p\u00ebrfunduar, rregullimi i sh\u00ebtitores n\u00eb Ran\u00eb. Fokusi kryesor i bisedimeve ka qen\u00eb Porto Milena dhe iniciativa e pastrimit me q\u00ebllim q\u00eb t\u00eb krijohen kushtet p\u00ebr projektin e ardhsh\u00ebm n\u00eb at\u00eb lokacion ku \u00ebsht\u00eb parapar\u00eb marina. N\u00eb p\u00ebrgatitje do t\u00eb marr\u00eb pjes\u00eb edhe NP t\u00eb Mirat detare si dhe ministrit\u00eb p\u00ebrkat\u00ebse. \u00cbsht\u00eb biseduar edhe p\u00ebr plazhin e Valdanosit dhe nevoj\u00ebs q\u00eb plazhi t\u00eb jet\u00eb i hapur p\u00ebr t\u00eb gjith\u00eb turist\u00ebt t\u00eb cil\u00ebt do t\u00eb vizitojn\u00eb Ulqinin, p\u00ebr mund\u00ebsin\u00eb e vazhdimit t\u00eb marrjes s\u00eb plazheve me qira p\u00ebr nj\u00eb periudh\u00eb prej 5 vitesh gj\u00eb q\u00eb do t\u00eb mund\u00ebsonte edhe investimet.<\/p>\n<p>Tem\u00eb e ve\u00e7ant\u00eb ka qen\u00eb lumi Buna dhe objektet e p\u00ebrkohshme n\u00eb Bun\u00eb si dhe rregullimi i sistemit t\u00eb kanalizimit p\u00ebr objektet ekzistuese. Kryetari Cungu gjithashtu ka k\u00ebrkuar q\u00eb t\u00eb shqyrtohet problematika e objekteve t\u00eb cil\u00ebt i shfryt\u00ebzojn\u00eb peshkatar\u00ebt e Ulqinit, p\u00ebr t\u00eb cil\u00ebn gj\u00eb nevojitet evidenca e peshkatar\u00ebve.<\/p>\n<p>Ky ka qen\u00eb takimi i par\u00eb iniciues n\u00eb vargun e disa takimeve t\u00eb planifikuar ku do t\u00eb shqyrtohen detalisht projektet e p\u00ebrmendura.<\/p>\n<p><strong>Op\u0161tina Ulcinj \/ Komuna e Ulqinit<\/strong><br \/>\nTel: +382 30 412 050<br \/>\nFax: +382 30 412 413<br \/>\n<strong>Adresa: Bul. Skenderbeu bb, 85360 Ulcinj, MNE<\/strong><\/p>\n","protected":false},"excerpt":{"rendered":"<p>Reagim n\u00eb lidhje me vizit\u00ebn e delagacionit t\u00eb Ndermarrjes publike te Mirat Detare \u00cbsht\u00eb b\u00ebr\u00eb tradicionale q\u00eb \u00e7do fillim viti delegacioni i Nd\u00ebrmarrjes publike t\u00eb Mirat Detare e viziton Ulqinin dhe paralajm\u00ebron investime t\u00eb m\u00ebdha dhe nj\u00ebkohesisht n\u00ebnshkruan nj\u00eb fare kontrate p\u00ebr bashk\u00ebpunim n\u00eb mes t\u00eb Komun\u00ebs s\u00eb Ulqinit dhe k\u00ebsaj nd\u00ebrmarrje. Para disa dit\u00ebve [&hellip;]<\/p>\n","protected":false},"author":1,"featured_media":0,"comment_status":"open","ping_status":"closed","sticky":false,"template":"","format":"standard","meta":{"spay_email":"","jetpack_publicize_message":"","jetpack_is_tweetstorm":false,"jetpack_publicize_feature_enabled":true},"categories":[1,6],"tags":[672,200],"jetpack_publicize_connections":[],"yoast_head":"<!-- This site is optimized with the Yoast SEO plugin v19.1 - https:\/\/yoast.com\/wordpress\/plugins\/seo\/ -->\n<title>Reagimi i Forc\u00ebs para 2 viteve me te Mirat Detare - Lajme nga Ulqini<\/title>\n<meta name=\"description\" content=\"Reagim n\u00eb lidhje me vizit\u00ebn e delagacionit t\u00eb Ndermarrjes publike te Mirat Detare \u00cbsht\u00eb b\u00ebr\u00eb tradicionale q\u00eb \u00e7do fillim viti delegacioni i Nd\u00ebrmarrjes\" \/>\n<meta name=\"robots\" content=\"index, follow, max-snippet:-1, max-image-preview:large, max-video-preview:-1\" \/>\n<link rel=\"canonical\" href=\"https:\/\/www.visit-ulcinj.com\/blog\/2012\/12\/16\/reagimi-i-forces-para-2-viteve-me-te-mirat-detare\/\" \/>\n<meta property=\"og:locale\" content=\"en_US\" \/>\n<meta property=\"og:type\" content=\"article\" \/>\n<meta property=\"og:title\" content=\"Reagimi i Forc\u00ebs para 2 viteve me te Mirat Detare - Lajme nga Ulqini\" \/>\n<meta property=\"og:description\" content=\"Reagim n\u00eb lidhje me vizit\u00ebn e delagacionit t\u00eb Ndermarrjes publike te Mirat Detare \u00cbsht\u00eb b\u00ebr\u00eb tradicionale q\u00eb \u00e7do fillim viti delegacioni i Nd\u00ebrmarrjes\" \/>\n<meta property=\"og:url\" content=\"https:\/\/www.visit-ulcinj.com\/blog\/2012\/12\/16\/reagimi-i-forces-para-2-viteve-me-te-mirat-detare\/\" \/>\n<meta property=\"og:site_name\" content=\"Lajme nga Ulqini\" \/>\n<meta property=\"article:published_time\" content=\"2012-12-16T13:59:56+00:00\" \/>\n<meta property=\"article:modified_time\" content=\"2012-12-17T20:43:18+00:00\" \/>\n<meta property=\"og:image\" content=\"http:\/\/www.visit-ulcinj.com\/blog\/wp-content\/uploads\/2012\/12\/Forca-per-zhvillim-Ulqin.jpg\" \/>\n<meta name=\"twitter:label1\" content=\"Written by\" \/>\n\t<meta name=\"twitter:data1\" content=\"ulqini\" \/>\n\t<meta name=\"twitter:label2\" content=\"Est. reading time\" \/>\n\t<meta name=\"twitter:data2\" content=\"5 minutes\" \/>\n<script type=\"application\/ld+json\" class=\"yoast-schema-graph\">{\"@context\":\"https:\/\/schema.org\",\"@graph\":[{\"@type\":\"WebSite\",\"@id\":\"https:\/\/www.visit-ulcinj.com\/blog\/#website\",\"url\":\"https:\/\/www.visit-ulcinj.com\/blog\/\",\"name\":\"Lajme nga Ulqini\",\"description\":\"Lajme,Vijesti,Ulqini,Ulqin,Crna Gora,Mali i Zi\",\"potentialAction\":[{\"@type\":\"SearchAction\",\"target\":{\"@type\":\"EntryPoint\",\"urlTemplate\":\"https:\/\/www.visit-ulcinj.com\/blog\/?s={search_term_string}\"},\"query-input\":\"required name=search_term_string\"}],\"inLanguage\":\"en-US\"},{\"@type\":\"ImageObject\",\"inLanguage\":\"en-US\",\"@id\":\"https:\/\/www.visit-ulcinj.com\/blog\/2012\/12\/16\/reagimi-i-forces-para-2-viteve-me-te-mirat-detare\/#primaryimage\",\"url\":\"https:\/\/www.visit-ulcinj.com\/blog\/wp-content\/uploads\/2012\/12\/Forca-per-zhvillim-Ulqin.jpg\",\"contentUrl\":\"https:\/\/www.visit-ulcinj.com\/blog\/wp-content\/uploads\/2012\/12\/Forca-per-zhvillim-Ulqin.jpg\",\"width\":720,\"height\":540},{\"@type\":\"WebPage\",\"@id\":\"https:\/\/www.visit-ulcinj.com\/blog\/2012\/12\/16\/reagimi-i-forces-para-2-viteve-me-te-mirat-detare\/#webpage\",\"url\":\"https:\/\/www.visit-ulcinj.com\/blog\/2012\/12\/16\/reagimi-i-forces-para-2-viteve-me-te-mirat-detare\/\",\"name\":\"Reagimi i Forc\u00ebs para 2 viteve me te Mirat Detare - Lajme nga Ulqini\",\"isPartOf\":{\"@id\":\"https:\/\/www.visit-ulcinj.com\/blog\/#website\"},\"primaryImageOfPage\":{\"@id\":\"https:\/\/www.visit-ulcinj.com\/blog\/2012\/12\/16\/reagimi-i-forces-para-2-viteve-me-te-mirat-detare\/#primaryimage\"},\"datePublished\":\"2012-12-16T13:59:56+00:00\",\"dateModified\":\"2012-12-17T20:43:18+00:00\",\"author\":{\"@id\":\"https:\/\/www.visit-ulcinj.com\/blog\/#\/schema\/person\/dcab619c614d3038751c63bc2aadc06d\"},\"description\":\"Reagim n\u00eb lidhje me vizit\u00ebn e delagacionit t\u00eb Ndermarrjes publike te Mirat Detare \u00cbsht\u00eb b\u00ebr\u00eb tradicionale q\u00eb \u00e7do fillim viti delegacioni i Nd\u00ebrmarrjes\",\"breadcrumb\":{\"@id\":\"https:\/\/www.visit-ulcinj.com\/blog\/2012\/12\/16\/reagimi-i-forces-para-2-viteve-me-te-mirat-detare\/#breadcrumb\"},\"inLanguage\":\"en-US\",\"potentialAction\":[{\"@type\":\"ReadAction\",\"target\":[\"https:\/\/www.visit-ulcinj.com\/blog\/2012\/12\/16\/reagimi-i-forces-para-2-viteve-me-te-mirat-detare\/\"]}]},{\"@type\":\"BreadcrumbList\",\"@id\":\"https:\/\/www.visit-ulcinj.com\/blog\/2012\/12\/16\/reagimi-i-forces-para-2-viteve-me-te-mirat-detare\/#breadcrumb\",\"itemListElement\":[{\"@type\":\"ListItem\",\"position\":1,\"name\":\"Reagimi i Forc\u00ebs para 2 viteve me te Mirat Detare\"}]},{\"@type\":\"Person\",\"@id\":\"https:\/\/www.visit-ulcinj.com\/blog\/#\/schema\/person\/dcab619c614d3038751c63bc2aadc06d\",\"name\":\"ulqini\",\"sameAs\":[\"http:\/\/www.visit-ulcinj.com\"],\"url\":\"https:\/\/www.visit-ulcinj.com\/blog\/author\/admin\/\"}]}<\/script>\n<!-- \/ Yoast SEO plugin. -->","yoast_head_json":{"title":"Reagimi i Forc\u00ebs para 2 viteve me te Mirat Detare - Lajme nga Ulqini","description":"Reagim n\u00eb lidhje me vizit\u00ebn e delagacionit t\u00eb Ndermarrjes publike te Mirat Detare \u00cbsht\u00eb b\u00ebr\u00eb tradicionale q\u00eb \u00e7do fillim viti delegacioni i Nd\u00ebrmarrjes","robots":{"index":"index","follow":"follow","max-snippet":"max-snippet:-1","max-image-preview":"max-image-preview:large","max-video-preview":"max-video-preview:-1"},"canonical":"https:\/\/www.visit-ulcinj.com\/blog\/2012\/12\/16\/reagimi-i-forces-para-2-viteve-me-te-mirat-detare\/","og_locale":"en_US","og_type":"article","og_title":"Reagimi i Forc\u00ebs para 2 viteve me te Mirat Detare - Lajme nga Ulqini","og_description":"Reagim n\u00eb lidhje me vizit\u00ebn e delagacionit t\u00eb Ndermarrjes publike te Mirat Detare \u00cbsht\u00eb b\u00ebr\u00eb tradicionale q\u00eb \u00e7do fillim viti delegacioni i Nd\u00ebrmarrjes","og_url":"https:\/\/www.visit-ulcinj.com\/blog\/2012\/12\/16\/reagimi-i-forces-para-2-viteve-me-te-mirat-detare\/","og_site_name":"Lajme nga Ulqini","article_published_time":"2012-12-16T13:59:56+00:00","article_modified_time":"2012-12-17T20:43:18+00:00","og_image":[{"url":"http:\/\/www.visit-ulcinj.com\/blog\/wp-content\/uploads\/2012\/12\/Forca-per-zhvillim-Ulqin.jpg"}],"twitter_misc":{"Written by":"ulqini","Est. reading time":"5 minutes"},"schema":{"@context":"https:\/\/schema.org","@graph":[{"@type":"WebSite","@id":"https:\/\/www.visit-ulcinj.com\/blog\/#website","url":"https:\/\/www.visit-ulcinj.com\/blog\/","name":"Lajme nga Ulqini","description":"Lajme,Vijesti,Ulqini,Ulqin,Crna Gora,Mali i Zi","potentialAction":[{"@type":"SearchAction","target":{"@type":"EntryPoint","urlTemplate":"https:\/\/www.visit-ulcinj.com\/blog\/?s={search_term_string}"},"query-input":"required name=search_term_string"}],"inLanguage":"en-US"},{"@type":"ImageObject","inLanguage":"en-US","@id":"https:\/\/www.visit-ulcinj.com\/blog\/2012\/12\/16\/reagimi-i-forces-para-2-viteve-me-te-mirat-detare\/#primaryimage","url":"https:\/\/www.visit-ulcinj.com\/blog\/wp-content\/uploads\/2012\/12\/Forca-per-zhvillim-Ulqin.jpg","contentUrl":"https:\/\/www.visit-ulcinj.com\/blog\/wp-content\/uploads\/2012\/12\/Forca-per-zhvillim-Ulqin.jpg","width":720,"height":540},{"@type":"WebPage","@id":"https:\/\/www.visit-ulcinj.com\/blog\/2012\/12\/16\/reagimi-i-forces-para-2-viteve-me-te-mirat-detare\/#webpage","url":"https:\/\/www.visit-ulcinj.com\/blog\/2012\/12\/16\/reagimi-i-forces-para-2-viteve-me-te-mirat-detare\/","name":"Reagimi i Forc\u00ebs para 2 viteve me te Mirat Detare - Lajme nga Ulqini","isPartOf":{"@id":"https:\/\/www.visit-ulcinj.com\/blog\/#website"},"primaryImageOfPage":{"@id":"https:\/\/www.visit-ulcinj.com\/blog\/2012\/12\/16\/reagimi-i-forces-para-2-viteve-me-te-mirat-detare\/#primaryimage"},"datePublished":"2012-12-16T13:59:56+00:00","dateModified":"2012-12-17T20:43:18+00:00","author":{"@id":"https:\/\/www.visit-ulcinj.com\/blog\/#\/schema\/person\/dcab619c614d3038751c63bc2aadc06d"},"description":"Reagim n\u00eb lidhje me vizit\u00ebn e delagacionit t\u00eb Ndermarrjes publike te Mirat Detare \u00cbsht\u00eb b\u00ebr\u00eb tradicionale q\u00eb \u00e7do fillim viti delegacioni i Nd\u00ebrmarrjes","breadcrumb":{"@id":"https:\/\/www.visit-ulcinj.com\/blog\/2012\/12\/16\/reagimi-i-forces-para-2-viteve-me-te-mirat-detare\/#breadcrumb"},"inLanguage":"en-US","potentialAction":[{"@type":"ReadAction","target":["https:\/\/www.visit-ulcinj.com\/blog\/2012\/12\/16\/reagimi-i-forces-para-2-viteve-me-te-mirat-detare\/"]}]},{"@type":"BreadcrumbList","@id":"https:\/\/www.visit-ulcinj.com\/blog\/2012\/12\/16\/reagimi-i-forces-para-2-viteve-me-te-mirat-detare\/#breadcrumb","itemListElement":[{"@type":"ListItem","position":1,"name":"Reagimi i Forc\u00ebs para 2 viteve me te Mirat Detare"}]},{"@type":"Person","@id":"https:\/\/www.visit-ulcinj.com\/blog\/#\/schema\/person\/dcab619c614d3038751c63bc2aadc06d","name":"ulqini","sameAs":["http:\/\/www.visit-ulcinj.com"],"url":"https:\/\/www.visit-ulcinj.com\/blog\/author\/admin\/"}]}},"jetpack_featured_media_url":"","jetpack_sharing_enabled":true,"jetpack_shortlink":"https:\/\/wp.me\/pe6lTn-hn1","_links":{"self":[{"href":"https:\/\/www.visit-ulcinj.com\/blog\/wp-json\/wp\/v2\/posts\/66775"}],"collection":[{"href":"https:\/\/www.visit-ulcinj.com\/blog\/wp-json\/wp\/v2\/posts"}],"about":[{"href":"https:\/\/www.visit-ulcinj.com\/blog\/wp-json\/wp\/v2\/types\/post"}],"author":[{"embeddable":true,"href":"https:\/\/www.visit-ulcinj.com\/blog\/wp-json\/wp\/v2\/users\/1"}],"replies":[{"embeddable":true,"href":"https:\/\/www.visit-ulcinj.com\/blog\/wp-json\/wp\/v2\/comments?post=66775"}],"version-history":[{"count":4,"href":"https:\/\/www.visit-ulcinj.com\/blog\/wp-json\/wp\/v2\/posts\/66775\/revisions"}],"predecessor-version":[{"id":66813,"href":"https:\/\/www.visit-ulcinj.com\/blog\/wp-json\/wp\/v2\/posts\/66775\/revisions\/66813"}],"wp:attachment":[{"href":"https:\/\/www.visit-ulcinj.com\/blog\/wp-json\/wp\/v2\/media?parent=66775"}],"wp:term":[{"taxonomy":"category","embeddable":true,"href":"https:\/\/www.visit-ulcinj.com\/blog\/wp-json\/wp\/v2\/categories?post=66775"},{"taxonomy":"post_tag","embeddable":true,"href":"https:\/\/www.visit-ulcinj.com\/blog\/wp-json\/wp\/v2\/tags?post=66775"}],"curies":[{"name":"wp","href":"https:\/\/api.w.org\/{rel}","templated":true}]}}