{"id":66781,"date":"2012-12-16T15:29:50","date_gmt":"2012-12-16T14:29:50","guid":{"rendered":"http:\/\/www.visit-ulcinj.com\/blog\/?p=66781"},"modified":"2012-12-16T15:30:51","modified_gmt":"2012-12-16T14:30:51","slug":"shpati-pse-i-kendova-adelines-dhe-jo-aferdites","status":"publish","type":"post","link":"https:\/\/www.visit-ulcinj.com\/blog\/2012\/12\/16\/shpati-pse-i-kendova-adelines-dhe-jo-aferdites\/","title":{"rendered":"Shpati: Pse i k\u00ebndova Adelin\u00ebs dhe jo Af\u00ebrdit\u00ebs"},"content":{"rendered":"<p><a href=\"http:\/\/www.visit-ulcinj.com\/blog\/wp-content\/uploads\/2012\/12\/shpati_aferdita.jpg\"><img loading=\"lazy\" class=\"alignleft  wp-image-66782\" alt=\"shpati_aferdita\" src=\"http:\/\/www.visit-ulcinj.com\/blog\/wp-content\/uploads\/2012\/12\/shpati_aferdita.jpg\" width=\"350\" height=\"265\" \/><\/a>\u00cbsht\u00eb p\u00ebrfolur shum\u00eb k\u00ebto dit\u00ebt e fundit n\u00eb media dhe portale t\u00eb ndryshme online k\u00ebnga m\u00eb e re e k\u00ebng\u00ebtarit t\u00eb dashur shkupjan, Shpat Kasapi.<br \/>\nPse Adelina dhe jo Af\u00ebrdita? \u00c7far\u00eb ka Shpati me Af\u00ebrdit\u00ebn, q\u00eb ka zgjedhur k\u00ebt\u00eb titull? Kan\u00eb qen\u00eb k\u00ebto disa nga pyetjet q\u00eb jan\u00eb ngritur n\u00eb media lidhur me k\u00ebt\u00eb k\u00ebng\u00eb, e cila duhet th\u00ebn\u00eb se \u00ebsht\u00eb pritur shum\u00eb mir\u00eb nga fansat q\u00eb n\u00eb dit\u00ebn e par\u00eb t\u00eb publikimit.<\/p>\n<p>I pyetur nga \u2018Bluetooth\u2019 lidhur me k\u00ebto polemika, k\u00ebng\u00ebtari simpatik \u00ebsht\u00eb shprehur se \u2018k\u00ebnga \u00ebsht\u00eb nj\u00eb ripunim i versionit t\u00eb vjet\u00ebr dhe me gjith\u00eb nd\u00ebrhyrjet p\u00ebr ta sjell\u00eb n\u00eb nj\u00eb version m\u00eb modern, nuk mund ta ndryshoja komplet tekstin.<\/p>\n<p>Af\u00ebrdit\u00ebn e kam shoqen e zemr\u00ebs, e kam shpirt, nd\u00ebrsa Adelin\u00ebn e kam shoqe shum\u00eb t\u00eb mir\u00eb, gati-gati si mot\u00ebr t\u00eb vog\u00ebl dhe k\u00ebt\u00eb gj\u00eb Af\u00ebrdita e di shum\u00eb mir\u00eb, k\u00ebshtu q\u00eb s\u2019ka pasur shkak p\u00ebr t\u2019u b\u00ebr\u00eb xheloze. P\u00ebr m\u00eb tep\u00ebr q\u00eb t\u00eb dyja ato jan\u00eb mikesha t\u00eb ngushta me nj\u00ebra-tjetr\u00ebn\u2019, ka th\u00ebn\u00eb ai p\u00ebr suplementin e s\u00eb shtun\u00ebs n\u00eb \u201cGazeta Shqiptare\u201d.<\/p>\n<p><strong>Bluetooth<\/strong><br \/>\n<iframe loading=\"lazy\" src=\"http:\/\/www.youtube.com\/embed\/S1uiwpzsAco?rel=0\" height=\"360\" width=\"508\" frameborder=\"0\"><\/iframe><\/p>\n","protected":false},"excerpt":{"rendered":"<p>\u00cbsht\u00eb p\u00ebrfolur shum\u00eb k\u00ebto dit\u00ebt e fundit n\u00eb media dhe portale t\u00eb ndryshme online k\u00ebnga m\u00eb e re e k\u00ebng\u00ebtarit t\u00eb dashur shkupjan, Shpat Kasapi. Pse Adelina dhe jo Af\u00ebrdita? \u00c7far\u00eb ka Shpati me Af\u00ebrdit\u00ebn, q\u00eb ka zgjedhur k\u00ebt\u00eb titull? Kan\u00eb qen\u00eb k\u00ebto disa nga pyetjet q\u00eb jan\u00eb ngritur n\u00eb media lidhur me k\u00ebt\u00eb k\u00ebng\u00eb, [&hellip;]<\/p>\n","protected":false},"author":1,"featured_media":0,"comment_status":"open","ping_status":"closed","sticky":false,"template":"","format":"standard","meta":{"spay_email":"","jetpack_publicize_message":"","jetpack_is_tweetstorm":false,"jetpack_publicize_feature_enabled":true},"categories":[1],"tags":[6121,227,9174,5389],"jetpack_publicize_connections":[],"yoast_head":"<!-- This site is optimized with the Yoast SEO plugin v19.1 - https:\/\/yoast.com\/wordpress\/plugins\/seo\/ -->\n<title>Shpati: Pse i k\u00ebndova Adelin\u00ebs dhe jo Af\u00ebrdit\u00ebs - Lajme nga Ulqini<\/title>\n<meta name=\"description\" content=\"\u00cbsht\u00eb p\u00ebrfolur shum\u00eb k\u00ebto dit\u00ebt e fundit n\u00eb media dhe portale t\u00eb ndryshme online k\u00ebnga m\u00eb e re e k\u00ebng\u00ebtarit t\u00eb dashur shkupjan, Shpat Kasapi. Pse Adelina\" \/>\n<meta name=\"robots\" content=\"index, follow, max-snippet:-1, max-image-preview:large, max-video-preview:-1\" \/>\n<link rel=\"canonical\" href=\"https:\/\/www.visit-ulcinj.com\/blog\/2012\/12\/16\/shpati-pse-i-kendova-adelines-dhe-jo-aferdites\/\" \/>\n<meta property=\"og:locale\" content=\"en_US\" \/>\n<meta property=\"og:type\" content=\"article\" \/>\n<meta property=\"og:title\" content=\"Shpati: Pse i k\u00ebndova Adelin\u00ebs dhe jo Af\u00ebrdit\u00ebs - Lajme nga Ulqini\" \/>\n<meta property=\"og:description\" content=\"\u00cbsht\u00eb p\u00ebrfolur shum\u00eb k\u00ebto dit\u00ebt e fundit n\u00eb media dhe portale t\u00eb ndryshme online k\u00ebnga m\u00eb e re e k\u00ebng\u00ebtarit t\u00eb dashur shkupjan, Shpat Kasapi. Pse Adelina\" \/>\n<meta property=\"og:url\" content=\"https:\/\/www.visit-ulcinj.com\/blog\/2012\/12\/16\/shpati-pse-i-kendova-adelines-dhe-jo-aferdites\/\" \/>\n<meta property=\"og:site_name\" content=\"Lajme nga Ulqini\" \/>\n<meta property=\"article:published_time\" content=\"2012-12-16T14:29:50+00:00\" \/>\n<meta property=\"article:modified_time\" content=\"2012-12-16T14:30:51+00:00\" \/>\n<meta property=\"og:image\" content=\"http:\/\/www.visit-ulcinj.com\/blog\/wp-content\/uploads\/2012\/12\/shpati_aferdita.jpg\" \/>\n<meta name=\"twitter:label1\" content=\"Written by\" \/>\n\t<meta name=\"twitter:data1\" content=\"ulqini\" \/>\n\t<meta name=\"twitter:label2\" content=\"Est. reading time\" \/>\n\t<meta name=\"twitter:data2\" content=\"1 minute\" \/>\n<script type=\"application\/ld+json\" class=\"yoast-schema-graph\">{\"@context\":\"https:\/\/schema.org\",\"@graph\":[{\"@type\":\"WebSite\",\"@id\":\"https:\/\/www.visit-ulcinj.com\/blog\/#website\",\"url\":\"https:\/\/www.visit-ulcinj.com\/blog\/\",\"name\":\"Lajme nga Ulqini\",\"description\":\"Lajme,Vijesti,Ulqini,Ulqin,Crna Gora,Mali i Zi\",\"potentialAction\":[{\"@type\":\"SearchAction\",\"target\":{\"@type\":\"EntryPoint\",\"urlTemplate\":\"https:\/\/www.visit-ulcinj.com\/blog\/?s={search_term_string}\"},\"query-input\":\"required name=search_term_string\"}],\"inLanguage\":\"en-US\"},{\"@type\":\"ImageObject\",\"inLanguage\":\"en-US\",\"@id\":\"https:\/\/www.visit-ulcinj.com\/blog\/2012\/12\/16\/shpati-pse-i-kendova-adelines-dhe-jo-aferdites\/#primaryimage\",\"url\":\"http:\/\/www.visit-ulcinj.com\/blog\/wp-content\/uploads\/2012\/12\/shpati_aferdita.jpg\",\"contentUrl\":\"http:\/\/www.visit-ulcinj.com\/blog\/wp-content\/uploads\/2012\/12\/shpati_aferdita.jpg\"},{\"@type\":\"WebPage\",\"@id\":\"https:\/\/www.visit-ulcinj.com\/blog\/2012\/12\/16\/shpati-pse-i-kendova-adelines-dhe-jo-aferdites\/#webpage\",\"url\":\"https:\/\/www.visit-ulcinj.com\/blog\/2012\/12\/16\/shpati-pse-i-kendova-adelines-dhe-jo-aferdites\/\",\"name\":\"Shpati: Pse i k\u00ebndova Adelin\u00ebs dhe jo Af\u00ebrdit\u00ebs - Lajme nga Ulqini\",\"isPartOf\":{\"@id\":\"https:\/\/www.visit-ulcinj.com\/blog\/#website\"},\"primaryImageOfPage\":{\"@id\":\"https:\/\/www.visit-ulcinj.com\/blog\/2012\/12\/16\/shpati-pse-i-kendova-adelines-dhe-jo-aferdites\/#primaryimage\"},\"datePublished\":\"2012-12-16T14:29:50+00:00\",\"dateModified\":\"2012-12-16T14:30:51+00:00\",\"author\":{\"@id\":\"https:\/\/www.visit-ulcinj.com\/blog\/#\/schema\/person\/dcab619c614d3038751c63bc2aadc06d\"},\"description\":\"\u00cbsht\u00eb p\u00ebrfolur shum\u00eb k\u00ebto dit\u00ebt e fundit n\u00eb media dhe portale t\u00eb ndryshme online k\u00ebnga m\u00eb e re e k\u00ebng\u00ebtarit t\u00eb dashur shkupjan, Shpat Kasapi. Pse Adelina\",\"breadcrumb\":{\"@id\":\"https:\/\/www.visit-ulcinj.com\/blog\/2012\/12\/16\/shpati-pse-i-kendova-adelines-dhe-jo-aferdites\/#breadcrumb\"},\"inLanguage\":\"en-US\",\"potentialAction\":[{\"@type\":\"ReadAction\",\"target\":[\"https:\/\/www.visit-ulcinj.com\/blog\/2012\/12\/16\/shpati-pse-i-kendova-adelines-dhe-jo-aferdites\/\"]}]},{\"@type\":\"BreadcrumbList\",\"@id\":\"https:\/\/www.visit-ulcinj.com\/blog\/2012\/12\/16\/shpati-pse-i-kendova-adelines-dhe-jo-aferdites\/#breadcrumb\",\"itemListElement\":[{\"@type\":\"ListItem\",\"position\":1,\"name\":\"Shpati: Pse i k\u00ebndova Adelin\u00ebs dhe jo Af\u00ebrdit\u00ebs\"}]},{\"@type\":\"Person\",\"@id\":\"https:\/\/www.visit-ulcinj.com\/blog\/#\/schema\/person\/dcab619c614d3038751c63bc2aadc06d\",\"name\":\"ulqini\",\"sameAs\":[\"http:\/\/www.visit-ulcinj.com\"],\"url\":\"https:\/\/www.visit-ulcinj.com\/blog\/author\/admin\/\"}]}<\/script>\n<!-- \/ Yoast SEO plugin. -->","yoast_head_json":{"title":"Shpati: Pse i k\u00ebndova Adelin\u00ebs dhe jo Af\u00ebrdit\u00ebs - Lajme nga Ulqini","description":"\u00cbsht\u00eb p\u00ebrfolur shum\u00eb k\u00ebto dit\u00ebt e fundit n\u00eb media dhe portale t\u00eb ndryshme online k\u00ebnga m\u00eb e re e k\u00ebng\u00ebtarit t\u00eb dashur shkupjan, Shpat Kasapi. Pse Adelina","robots":{"index":"index","follow":"follow","max-snippet":"max-snippet:-1","max-image-preview":"max-image-preview:large","max-video-preview":"max-video-preview:-1"},"canonical":"https:\/\/www.visit-ulcinj.com\/blog\/2012\/12\/16\/shpati-pse-i-kendova-adelines-dhe-jo-aferdites\/","og_locale":"en_US","og_type":"article","og_title":"Shpati: Pse i k\u00ebndova Adelin\u00ebs dhe jo Af\u00ebrdit\u00ebs - Lajme nga Ulqini","og_description":"\u00cbsht\u00eb p\u00ebrfolur shum\u00eb k\u00ebto dit\u00ebt e fundit n\u00eb media dhe portale t\u00eb ndryshme online k\u00ebnga m\u00eb e re e k\u00ebng\u00ebtarit t\u00eb dashur shkupjan, Shpat Kasapi. Pse Adelina","og_url":"https:\/\/www.visit-ulcinj.com\/blog\/2012\/12\/16\/shpati-pse-i-kendova-adelines-dhe-jo-aferdites\/","og_site_name":"Lajme nga Ulqini","article_published_time":"2012-12-16T14:29:50+00:00","article_modified_time":"2012-12-16T14:30:51+00:00","og_image":[{"url":"http:\/\/www.visit-ulcinj.com\/blog\/wp-content\/uploads\/2012\/12\/shpati_aferdita.jpg"}],"twitter_misc":{"Written by":"ulqini","Est. reading time":"1 minute"},"schema":{"@context":"https:\/\/schema.org","@graph":[{"@type":"WebSite","@id":"https:\/\/www.visit-ulcinj.com\/blog\/#website","url":"https:\/\/www.visit-ulcinj.com\/blog\/","name":"Lajme nga Ulqini","description":"Lajme,Vijesti,Ulqini,Ulqin,Crna Gora,Mali i Zi","potentialAction":[{"@type":"SearchAction","target":{"@type":"EntryPoint","urlTemplate":"https:\/\/www.visit-ulcinj.com\/blog\/?s={search_term_string}"},"query-input":"required name=search_term_string"}],"inLanguage":"en-US"},{"@type":"ImageObject","inLanguage":"en-US","@id":"https:\/\/www.visit-ulcinj.com\/blog\/2012\/12\/16\/shpati-pse-i-kendova-adelines-dhe-jo-aferdites\/#primaryimage","url":"http:\/\/www.visit-ulcinj.com\/blog\/wp-content\/uploads\/2012\/12\/shpati_aferdita.jpg","contentUrl":"http:\/\/www.visit-ulcinj.com\/blog\/wp-content\/uploads\/2012\/12\/shpati_aferdita.jpg"},{"@type":"WebPage","@id":"https:\/\/www.visit-ulcinj.com\/blog\/2012\/12\/16\/shpati-pse-i-kendova-adelines-dhe-jo-aferdites\/#webpage","url":"https:\/\/www.visit-ulcinj.com\/blog\/2012\/12\/16\/shpati-pse-i-kendova-adelines-dhe-jo-aferdites\/","name":"Shpati: Pse i k\u00ebndova Adelin\u00ebs dhe jo Af\u00ebrdit\u00ebs - Lajme nga Ulqini","isPartOf":{"@id":"https:\/\/www.visit-ulcinj.com\/blog\/#website"},"primaryImageOfPage":{"@id":"https:\/\/www.visit-ulcinj.com\/blog\/2012\/12\/16\/shpati-pse-i-kendova-adelines-dhe-jo-aferdites\/#primaryimage"},"datePublished":"2012-12-16T14:29:50+00:00","dateModified":"2012-12-16T14:30:51+00:00","author":{"@id":"https:\/\/www.visit-ulcinj.com\/blog\/#\/schema\/person\/dcab619c614d3038751c63bc2aadc06d"},"description":"\u00cbsht\u00eb p\u00ebrfolur shum\u00eb k\u00ebto dit\u00ebt e fundit n\u00eb media dhe portale t\u00eb ndryshme online k\u00ebnga m\u00eb e re e k\u00ebng\u00ebtarit t\u00eb dashur shkupjan, Shpat Kasapi. Pse Adelina","breadcrumb":{"@id":"https:\/\/www.visit-ulcinj.com\/blog\/2012\/12\/16\/shpati-pse-i-kendova-adelines-dhe-jo-aferdites\/#breadcrumb"},"inLanguage":"en-US","potentialAction":[{"@type":"ReadAction","target":["https:\/\/www.visit-ulcinj.com\/blog\/2012\/12\/16\/shpati-pse-i-kendova-adelines-dhe-jo-aferdites\/"]}]},{"@type":"BreadcrumbList","@id":"https:\/\/www.visit-ulcinj.com\/blog\/2012\/12\/16\/shpati-pse-i-kendova-adelines-dhe-jo-aferdites\/#breadcrumb","itemListElement":[{"@type":"ListItem","position":1,"name":"Shpati: Pse i k\u00ebndova Adelin\u00ebs dhe jo Af\u00ebrdit\u00ebs"}]},{"@type":"Person","@id":"https:\/\/www.visit-ulcinj.com\/blog\/#\/schema\/person\/dcab619c614d3038751c63bc2aadc06d","name":"ulqini","sameAs":["http:\/\/www.visit-ulcinj.com"],"url":"https:\/\/www.visit-ulcinj.com\/blog\/author\/admin\/"}]}},"jetpack_featured_media_url":"","jetpack_sharing_enabled":true,"jetpack_shortlink":"https:\/\/wp.me\/pe6lTn-hn7","_links":{"self":[{"href":"https:\/\/www.visit-ulcinj.com\/blog\/wp-json\/wp\/v2\/posts\/66781"}],"collection":[{"href":"https:\/\/www.visit-ulcinj.com\/blog\/wp-json\/wp\/v2\/posts"}],"about":[{"href":"https:\/\/www.visit-ulcinj.com\/blog\/wp-json\/wp\/v2\/types\/post"}],"author":[{"embeddable":true,"href":"https:\/\/www.visit-ulcinj.com\/blog\/wp-json\/wp\/v2\/users\/1"}],"replies":[{"embeddable":true,"href":"https:\/\/www.visit-ulcinj.com\/blog\/wp-json\/wp\/v2\/comments?post=66781"}],"version-history":[{"count":2,"href":"https:\/\/www.visit-ulcinj.com\/blog\/wp-json\/wp\/v2\/posts\/66781\/revisions"}],"predecessor-version":[{"id":66784,"href":"https:\/\/www.visit-ulcinj.com\/blog\/wp-json\/wp\/v2\/posts\/66781\/revisions\/66784"}],"wp:attachment":[{"href":"https:\/\/www.visit-ulcinj.com\/blog\/wp-json\/wp\/v2\/media?parent=66781"}],"wp:term":[{"taxonomy":"category","embeddable":true,"href":"https:\/\/www.visit-ulcinj.com\/blog\/wp-json\/wp\/v2\/categories?post=66781"},{"taxonomy":"post_tag","embeddable":true,"href":"https:\/\/www.visit-ulcinj.com\/blog\/wp-json\/wp\/v2\/tags?post=66781"}],"curies":[{"name":"wp","href":"https:\/\/api.w.org\/{rel}","templated":true}]}}