{"id":66786,"date":"2012-12-16T19:03:00","date_gmt":"2012-12-16T18:03:00","guid":{"rendered":"http:\/\/www.visit-ulcinj.com\/blog\/?p=66786"},"modified":"2012-12-16T19:03:00","modified_gmt":"2012-12-16T18:03:00","slug":"sabri-salaj-magjister-i-politikes-nderkombetare-dhe-i-diplomacise","status":"publish","type":"post","link":"https:\/\/www.visit-ulcinj.com\/blog\/2012\/12\/16\/sabri-salaj-magjister-i-politikes-nderkombetare-dhe-i-diplomacise\/","title":{"rendered":"Sabri Salaj Magjist\u00ebr i Politik\u00ebs Nd\u00ebrkomb\u00ebtare dhe i Diplomacis\u00eb"},"content":{"rendered":"<p><a href=\"http:\/\/www.visit-ulcinj.com\/blog\/wp-content\/uploads\/2012\/12\/Sabri-Salaj-Magjister-i-Politikes-Nderkombetare-dhe-i-Diplomacise.jpg\"><img loading=\"lazy\" class=\"alignleft  wp-image-66787\" alt=\"Sabri Salaj Magjister i Politikes Nderkombetare dhe i Diplomacise\" src=\"http:\/\/www.visit-ulcinj.com\/blog\/wp-content\/uploads\/2012\/12\/Sabri-Salaj-Magjister-i-Politikes-Nderkombetare-dhe-i-Diplomacise.jpg\" width=\"508\" height=\"360\" \/><\/a>Mbr\u00ebm\u00eb me dat\u00ebn 15.12.2012, n\u00eb Amfiteatrin e Kolegjit Universitar Victory,ka mbrojtur Tem\u00ebn e Magjistratur\u00ebs me titull:<br \/>\n<strong>DIPLOMACIA DHE ZGJIDHJA E \u00c7\u00cbSHTJES SE ULQINIT<\/strong><br \/>\ndhe ka fituar grad\u00ebn shkencore: Magjist\u00ebr i Politik\u00ebs Nd\u00ebrkomb\u00ebtare dhe i Diplomacis\u00eb<\/p>\n<div>T\u00eb gjith\u00eb t\u00eb pranishmit i falenderoj p\u00ebr prezenc\u00ebn e tyre, nj\u00ebherit i falenderoj shum\u00eb edhe komisionin:<\/div>\n<div>\nProf.dr. Martin Berishaj \u2013 Kryetar i Komisionit<br \/>\nProf.dr.Fehmi Pushkolli\u2013 Mentor<br \/>\nProf.dr.Habib Hashani \u2013An\u00ebtar i Komisionit<\/div>\n<div><\/div>\n<div>\n<p><strong><a id=\"js_3\" href=\"https:\/\/www.facebook.com\/sabri.salaj\" data-hovercard=\"\/ajax\/hovercard\/user.php?id=100000221695520\">Sabri Salaj Facebook<\/a><\/strong><\/p>\n<\/div>\n","protected":false},"excerpt":{"rendered":"<p>Mbr\u00ebm\u00eb me dat\u00ebn 15.12.2012, n\u00eb Amfiteatrin e Kolegjit Universitar Victory,ka mbrojtur Tem\u00ebn e Magjistratur\u00ebs me titull: DIPLOMACIA DHE ZGJIDHJA E \u00c7\u00cbSHTJES SE ULQINIT dhe ka fituar grad\u00ebn shkencore: Magjist\u00ebr i Politik\u00ebs Nd\u00ebrkomb\u00ebtare dhe i Diplomacis\u00eb T\u00eb gjith\u00eb t\u00eb pranishmit i falenderoj p\u00ebr prezenc\u00ebn e tyre, nj\u00ebherit i falenderoj shum\u00eb edhe komisionin: Prof.dr. Martin Berishaj \u2013 [&hellip;]<\/p>\n","protected":false},"author":1,"featured_media":0,"comment_status":"open","ping_status":"closed","sticky":false,"template":"","format":"standard","meta":{"spay_email":"","jetpack_publicize_message":"","jetpack_is_tweetstorm":false,"jetpack_publicize_feature_enabled":true},"categories":[4],"tags":[11609,21509,21512,21521,212,21522,17828,21239,17834,3382,21237,18370,17811,21523,21242,20884,7930,17831,18362,14353,17808,14354,12340,17840,17839,17468,8161,18363,21524,21221,21525,21222,18532,17835,21240,17814,17810,17816,2326,17071,2319,21246,10400,17807,21526,21253,21617,21468,21469,19517,3516,14652,17837,2322,17827,18023,21219,21416,8470,21244,21572,21503,21494,2338,21238,21527,21248,14358,21528,222,2321,17802,17812,17803,2323,3584,17820,1499,21236,21250,21529,17825,21530,17817,21531,17805,21252,3169,305,21574,21251,840,17823,2325,17832,3506,17818,214,21231,3993,5913,17680,2327,14362,21532,14363,18371,297,21493,21230,21241,21513,21533,3507,730,21471,21249,17800,498,3500,21421,21534,21228,21255,115,14364,21234,18694,21254,21535,21536,21223,21418,21537,17799,21538,3327,21226,17841,3944,17826,15213,18236,3512,17806,21539,18399,11648,18289,21233,21540,17838,19653,499,21541,95,2331,21542,21543,2348,21427,17813,21544,17804,21545,15141,347,21546,19495,17836,14366,21547,21510,2332,3875,79,17073,18294,21570,21573,318,118,18368,18369,21417,21257,21258,1653,21420,21426,21419,21548,2304,21261,2360,21232,1909,21549,21550,21551,21243,21224,14367,500,21552,21553,21235,2354,5380,21554,17801,40,2306,2334,2335,21470,18360,21227,3577,17822,14368,14369,21555,208,21225,21492,17824,21616,14370,4244,21247,18291,16228,21556,21259,2083,3231,14371,21220,41,3617,5040,3582,2350,3722,21260,2310,14372,17844,17821,2312,21557,18372,21256,17830,17077,18295,14375,17833,17829,899,21245,20894,2337,42,3797,3583,1655,21558,21559,21229,21560,200,18,10421,17819,21561,21562,2339,4243,16445,3333,17809,21563,2340,4265,14376],"jetpack_publicize_connections":[],"yoast_head":"<!-- This site is optimized with the Yoast SEO plugin v19.1 - https:\/\/yoast.com\/wordpress\/plugins\/seo\/ -->\n<title>Sabri Salaj Magjist\u00ebr i Politik\u00ebs Nd\u00ebrkomb\u00ebtare dhe i Diplomacis\u00eb - Lajme nga Ulqini<\/title>\n<meta name=\"description\" content=\"Mbr\u00ebm\u00eb me dat\u00ebn 15.12.2012, n\u00eb Amfiteatrin e Kolegjit Universitar Victory,ka mbrojtur Tem\u00ebn e Magjistratur\u00ebs me titull: DIPLOMACIA DHE ZGJIDHJA E \u00c7\u00cbSHTJES\" \/>\n<meta name=\"robots\" content=\"index, follow, max-snippet:-1, max-image-preview:large, max-video-preview:-1\" \/>\n<link rel=\"canonical\" href=\"https:\/\/www.visit-ulcinj.com\/blog\/2012\/12\/16\/sabri-salaj-magjister-i-politikes-nderkombetare-dhe-i-diplomacise\/\" \/>\n<meta property=\"og:locale\" content=\"en_US\" \/>\n<meta property=\"og:type\" content=\"article\" \/>\n<meta property=\"og:title\" content=\"Sabri Salaj Magjist\u00ebr i Politik\u00ebs Nd\u00ebrkomb\u00ebtare dhe i Diplomacis\u00eb - Lajme nga Ulqini\" \/>\n<meta property=\"og:description\" content=\"Mbr\u00ebm\u00eb me dat\u00ebn 15.12.2012, n\u00eb Amfiteatrin e Kolegjit Universitar Victory,ka mbrojtur Tem\u00ebn e Magjistratur\u00ebs me titull: DIPLOMACIA DHE ZGJIDHJA E \u00c7\u00cbSHTJES\" \/>\n<meta property=\"og:url\" content=\"https:\/\/www.visit-ulcinj.com\/blog\/2012\/12\/16\/sabri-salaj-magjister-i-politikes-nderkombetare-dhe-i-diplomacise\/\" \/>\n<meta property=\"og:site_name\" content=\"Lajme nga Ulqini\" \/>\n<meta property=\"article:published_time\" content=\"2012-12-16T18:03:00+00:00\" \/>\n<meta property=\"og:image\" content=\"http:\/\/www.visit-ulcinj.com\/blog\/wp-content\/uploads\/2012\/12\/Sabri-Salaj-Magjister-i-Politikes-Nderkombetare-dhe-i-Diplomacise.jpg\" \/>\n<meta name=\"twitter:label1\" content=\"Written by\" \/>\n\t<meta name=\"twitter:data1\" content=\"ulqini\" \/>\n<script type=\"application\/ld+json\" class=\"yoast-schema-graph\">{\"@context\":\"https:\/\/schema.org\",\"@graph\":[{\"@type\":\"WebSite\",\"@id\":\"https:\/\/www.visit-ulcinj.com\/blog\/#website\",\"url\":\"https:\/\/www.visit-ulcinj.com\/blog\/\",\"name\":\"Lajme nga Ulqini\",\"description\":\"Lajme,Vijesti,Ulqini,Ulqin,Crna Gora,Mali i Zi\",\"potentialAction\":[{\"@type\":\"SearchAction\",\"target\":{\"@type\":\"EntryPoint\",\"urlTemplate\":\"https:\/\/www.visit-ulcinj.com\/blog\/?s={search_term_string}\"},\"query-input\":\"required name=search_term_string\"}],\"inLanguage\":\"en-US\"},{\"@type\":\"ImageObject\",\"inLanguage\":\"en-US\",\"@id\":\"https:\/\/www.visit-ulcinj.com\/blog\/2012\/12\/16\/sabri-salaj-magjister-i-politikes-nderkombetare-dhe-i-diplomacise\/#primaryimage\",\"url\":\"https:\/\/www.visit-ulcinj.com\/blog\/wp-content\/uploads\/2012\/12\/Sabri-Salaj-Magjister-i-Politikes-Nderkombetare-dhe-i-Diplomacise.jpg\",\"contentUrl\":\"https:\/\/www.visit-ulcinj.com\/blog\/wp-content\/uploads\/2012\/12\/Sabri-Salaj-Magjister-i-Politikes-Nderkombetare-dhe-i-Diplomacise.jpg\",\"width\":960,\"height\":640},{\"@type\":\"WebPage\",\"@id\":\"https:\/\/www.visit-ulcinj.com\/blog\/2012\/12\/16\/sabri-salaj-magjister-i-politikes-nderkombetare-dhe-i-diplomacise\/#webpage\",\"url\":\"https:\/\/www.visit-ulcinj.com\/blog\/2012\/12\/16\/sabri-salaj-magjister-i-politikes-nderkombetare-dhe-i-diplomacise\/\",\"name\":\"Sabri Salaj Magjist\u00ebr i Politik\u00ebs Nd\u00ebrkomb\u00ebtare dhe i Diplomacis\u00eb - Lajme nga Ulqini\",\"isPartOf\":{\"@id\":\"https:\/\/www.visit-ulcinj.com\/blog\/#website\"},\"primaryImageOfPage\":{\"@id\":\"https:\/\/www.visit-ulcinj.com\/blog\/2012\/12\/16\/sabri-salaj-magjister-i-politikes-nderkombetare-dhe-i-diplomacise\/#primaryimage\"},\"datePublished\":\"2012-12-16T18:03:00+00:00\",\"dateModified\":\"2012-12-16T18:03:00+00:00\",\"author\":{\"@id\":\"https:\/\/www.visit-ulcinj.com\/blog\/#\/schema\/person\/dcab619c614d3038751c63bc2aadc06d\"},\"description\":\"Mbr\u00ebm\u00eb me dat\u00ebn 15.12.2012, n\u00eb Amfiteatrin e Kolegjit Universitar Victory,ka mbrojtur Tem\u00ebn e Magjistratur\u00ebs me titull: DIPLOMACIA DHE ZGJIDHJA E \u00c7\u00cbSHTJES\",\"breadcrumb\":{\"@id\":\"https:\/\/www.visit-ulcinj.com\/blog\/2012\/12\/16\/sabri-salaj-magjister-i-politikes-nderkombetare-dhe-i-diplomacise\/#breadcrumb\"},\"inLanguage\":\"en-US\",\"potentialAction\":[{\"@type\":\"ReadAction\",\"target\":[\"https:\/\/www.visit-ulcinj.com\/blog\/2012\/12\/16\/sabri-salaj-magjister-i-politikes-nderkombetare-dhe-i-diplomacise\/\"]}]},{\"@type\":\"BreadcrumbList\",\"@id\":\"https:\/\/www.visit-ulcinj.com\/blog\/2012\/12\/16\/sabri-salaj-magjister-i-politikes-nderkombetare-dhe-i-diplomacise\/#breadcrumb\",\"itemListElement\":[{\"@type\":\"ListItem\",\"position\":1,\"name\":\"Sabri Salaj Magjist\u00ebr i Politik\u00ebs Nd\u00ebrkomb\u00ebtare dhe i Diplomacis\u00eb\"}]},{\"@type\":\"Person\",\"@id\":\"https:\/\/www.visit-ulcinj.com\/blog\/#\/schema\/person\/dcab619c614d3038751c63bc2aadc06d\",\"name\":\"ulqini\",\"sameAs\":[\"http:\/\/www.visit-ulcinj.com\"],\"url\":\"https:\/\/www.visit-ulcinj.com\/blog\/author\/admin\/\"}]}<\/script>\n<!-- \/ Yoast SEO plugin. -->","yoast_head_json":{"title":"Sabri Salaj Magjist\u00ebr i Politik\u00ebs Nd\u00ebrkomb\u00ebtare dhe i Diplomacis\u00eb - Lajme nga Ulqini","description":"Mbr\u00ebm\u00eb me dat\u00ebn 15.12.2012, n\u00eb Amfiteatrin e Kolegjit Universitar Victory,ka mbrojtur Tem\u00ebn e Magjistratur\u00ebs me titull: DIPLOMACIA DHE ZGJIDHJA E \u00c7\u00cbSHTJES","robots":{"index":"index","follow":"follow","max-snippet":"max-snippet:-1","max-image-preview":"max-image-preview:large","max-video-preview":"max-video-preview:-1"},"canonical":"https:\/\/www.visit-ulcinj.com\/blog\/2012\/12\/16\/sabri-salaj-magjister-i-politikes-nderkombetare-dhe-i-diplomacise\/","og_locale":"en_US","og_type":"article","og_title":"Sabri Salaj Magjist\u00ebr i Politik\u00ebs Nd\u00ebrkomb\u00ebtare dhe i Diplomacis\u00eb - Lajme nga Ulqini","og_description":"Mbr\u00ebm\u00eb me dat\u00ebn 15.12.2012, n\u00eb Amfiteatrin e Kolegjit Universitar Victory,ka mbrojtur Tem\u00ebn e Magjistratur\u00ebs me titull: DIPLOMACIA DHE ZGJIDHJA E \u00c7\u00cbSHTJES","og_url":"https:\/\/www.visit-ulcinj.com\/blog\/2012\/12\/16\/sabri-salaj-magjister-i-politikes-nderkombetare-dhe-i-diplomacise\/","og_site_name":"Lajme nga Ulqini","article_published_time":"2012-12-16T18:03:00+00:00","og_image":[{"url":"http:\/\/www.visit-ulcinj.com\/blog\/wp-content\/uploads\/2012\/12\/Sabri-Salaj-Magjister-i-Politikes-Nderkombetare-dhe-i-Diplomacise.jpg"}],"twitter_misc":{"Written by":"ulqini"},"schema":{"@context":"https:\/\/schema.org","@graph":[{"@type":"WebSite","@id":"https:\/\/www.visit-ulcinj.com\/blog\/#website","url":"https:\/\/www.visit-ulcinj.com\/blog\/","name":"Lajme nga Ulqini","description":"Lajme,Vijesti,Ulqini,Ulqin,Crna Gora,Mali i Zi","potentialAction":[{"@type":"SearchAction","target":{"@type":"EntryPoint","urlTemplate":"https:\/\/www.visit-ulcinj.com\/blog\/?s={search_term_string}"},"query-input":"required name=search_term_string"}],"inLanguage":"en-US"},{"@type":"ImageObject","inLanguage":"en-US","@id":"https:\/\/www.visit-ulcinj.com\/blog\/2012\/12\/16\/sabri-salaj-magjister-i-politikes-nderkombetare-dhe-i-diplomacise\/#primaryimage","url":"https:\/\/www.visit-ulcinj.com\/blog\/wp-content\/uploads\/2012\/12\/Sabri-Salaj-Magjister-i-Politikes-Nderkombetare-dhe-i-Diplomacise.jpg","contentUrl":"https:\/\/www.visit-ulcinj.com\/blog\/wp-content\/uploads\/2012\/12\/Sabri-Salaj-Magjister-i-Politikes-Nderkombetare-dhe-i-Diplomacise.jpg","width":960,"height":640},{"@type":"WebPage","@id":"https:\/\/www.visit-ulcinj.com\/blog\/2012\/12\/16\/sabri-salaj-magjister-i-politikes-nderkombetare-dhe-i-diplomacise\/#webpage","url":"https:\/\/www.visit-ulcinj.com\/blog\/2012\/12\/16\/sabri-salaj-magjister-i-politikes-nderkombetare-dhe-i-diplomacise\/","name":"Sabri Salaj Magjist\u00ebr i Politik\u00ebs Nd\u00ebrkomb\u00ebtare dhe i Diplomacis\u00eb - Lajme nga Ulqini","isPartOf":{"@id":"https:\/\/www.visit-ulcinj.com\/blog\/#website"},"primaryImageOfPage":{"@id":"https:\/\/www.visit-ulcinj.com\/blog\/2012\/12\/16\/sabri-salaj-magjister-i-politikes-nderkombetare-dhe-i-diplomacise\/#primaryimage"},"datePublished":"2012-12-16T18:03:00+00:00","dateModified":"2012-12-16T18:03:00+00:00","author":{"@id":"https:\/\/www.visit-ulcinj.com\/blog\/#\/schema\/person\/dcab619c614d3038751c63bc2aadc06d"},"description":"Mbr\u00ebm\u00eb me dat\u00ebn 15.12.2012, n\u00eb Amfiteatrin e Kolegjit Universitar Victory,ka mbrojtur Tem\u00ebn e Magjistratur\u00ebs me titull: DIPLOMACIA DHE ZGJIDHJA E \u00c7\u00cbSHTJES","breadcrumb":{"@id":"https:\/\/www.visit-ulcinj.com\/blog\/2012\/12\/16\/sabri-salaj-magjister-i-politikes-nderkombetare-dhe-i-diplomacise\/#breadcrumb"},"inLanguage":"en-US","potentialAction":[{"@type":"ReadAction","target":["https:\/\/www.visit-ulcinj.com\/blog\/2012\/12\/16\/sabri-salaj-magjister-i-politikes-nderkombetare-dhe-i-diplomacise\/"]}]},{"@type":"BreadcrumbList","@id":"https:\/\/www.visit-ulcinj.com\/blog\/2012\/12\/16\/sabri-salaj-magjister-i-politikes-nderkombetare-dhe-i-diplomacise\/#breadcrumb","itemListElement":[{"@type":"ListItem","position":1,"name":"Sabri Salaj Magjist\u00ebr i Politik\u00ebs Nd\u00ebrkomb\u00ebtare dhe i Diplomacis\u00eb"}]},{"@type":"Person","@id":"https:\/\/www.visit-ulcinj.com\/blog\/#\/schema\/person\/dcab619c614d3038751c63bc2aadc06d","name":"ulqini","sameAs":["http:\/\/www.visit-ulcinj.com"],"url":"https:\/\/www.visit-ulcinj.com\/blog\/author\/admin\/"}]}},"jetpack_featured_media_url":"","jetpack_sharing_enabled":true,"jetpack_shortlink":"https:\/\/wp.me\/pe6lTn-hnc","_links":{"self":[{"href":"https:\/\/www.visit-ulcinj.com\/blog\/wp-json\/wp\/v2\/posts\/66786"}],"collection":[{"href":"https:\/\/www.visit-ulcinj.com\/blog\/wp-json\/wp\/v2\/posts"}],"about":[{"href":"https:\/\/www.visit-ulcinj.com\/blog\/wp-json\/wp\/v2\/types\/post"}],"author":[{"embeddable":true,"href":"https:\/\/www.visit-ulcinj.com\/blog\/wp-json\/wp\/v2\/users\/1"}],"replies":[{"embeddable":true,"href":"https:\/\/www.visit-ulcinj.com\/blog\/wp-json\/wp\/v2\/comments?post=66786"}],"version-history":[{"count":1,"href":"https:\/\/www.visit-ulcinj.com\/blog\/wp-json\/wp\/v2\/posts\/66786\/revisions"}],"predecessor-version":[{"id":66788,"href":"https:\/\/www.visit-ulcinj.com\/blog\/wp-json\/wp\/v2\/posts\/66786\/revisions\/66788"}],"wp:attachment":[{"href":"https:\/\/www.visit-ulcinj.com\/blog\/wp-json\/wp\/v2\/media?parent=66786"}],"wp:term":[{"taxonomy":"category","embeddable":true,"href":"https:\/\/www.visit-ulcinj.com\/blog\/wp-json\/wp\/v2\/categories?post=66786"},{"taxonomy":"post_tag","embeddable":true,"href":"https:\/\/www.visit-ulcinj.com\/blog\/wp-json\/wp\/v2\/tags?post=66786"}],"curies":[{"name":"wp","href":"https:\/\/api.w.org\/{rel}","templated":true}]}}