{"id":66789,"date":"2012-12-16T19:17:58","date_gmt":"2012-12-16T18:17:58","guid":{"rendered":"http:\/\/www.visit-ulcinj.com\/blog\/?p=66789"},"modified":"2012-12-16T19:18:48","modified_gmt":"2012-12-16T18:18:48","slug":"nimanbegu-mi-nijesmo-imali-preletaca-u-nasu-stranku","status":"publish","type":"post","link":"https:\/\/www.visit-ulcinj.com\/blog\/2012\/12\/16\/nimanbegu-mi-nijesmo-imali-preletaca-u-nasu-stranku\/","title":{"rendered":"Nimanbegu: Mi nijesmo imali \u201epreleta\u010da\u201c u na\u0161u stranku"},"content":{"rendered":"<p><strong>Forca: Nijesmo imali \u201epreleta\u010da\u201c<\/strong><\/p>\n<p>Slu\u010daj u Nik\u0161i\u0107u je pokazao slabosti izbornog sistema Crne Gore, rije\u010di su Gencija Nimanbegua, poslanika i potpredsjednika Force<br \/>\n<a href=\"http:\/\/www.visit-ulcinj.com\/blog\/wp-content\/uploads\/2012\/12\/Genci-Nimanbegu_ulcinj.jpg\"><img loading=\"lazy\" class=\"alignleft  wp-image-66790\" alt=\"Genci Nimanbegu_ulcinj\" src=\"http:\/\/www.visit-ulcinj.com\/blog\/wp-content\/uploads\/2012\/12\/Genci-Nimanbegu_ulcinj.jpg\" width=\"508\" height=\"360\" \/><\/a><\/p>\n<p><strong>Mi nijesmo imali \u201epreleta\u010da\u201c u na\u0161u stranku, ka\u017ee Genci Nimanbegu za Pobjedu.<\/strong><\/p>\n<p><strong>Ulcinjski slu\u010daj iz 2007.<\/strong><\/p>\n<p>Ipak, 2007. godine imamo slu\u010daj kada se jedna izborna lista (DsuCG i PDP) sa kojom smo \u010dinili vlast u SO Ulcinj podijelila i kada su odbornici PDP-a bez jasnih razloga i uz \u010detiri funkcije za tri odbornika preletjeli u krilo DUA i DPS-SDP koalicije. Broj funkcija koji su ti odbornici dobili, a bio je u \u010distoj nesrazmjeri sa njihovim brojem u Skup\u0161tini, jasan je i neoboriv dokaz da se tu radilo o politi\u010dkoj korupciji.<\/p>\n<p>Ipak, \u201eslu\u010daj \u0110urovi\u0107\u201c po njemu obesmi\u0161ljava izborni proces u Crnoj Gori.<\/p>\n<p>&#8211; Sada je veoma te\u0161ko da se do\u0111e do kompromisa kojim bi se konstituisala vlast u Nik\u0161i\u0107u, i gra\u0111ani \u0107e sve manje vjerovati u izborni proces tj. sve manje \u0107e davati va\u017enosti institutu glasanja i glasa\u010dkog prava. \u201eSlu\u010daj \u0110urovi\u0107\u201c je evidentno pokazao slabosti koje ima izborni sistem u Crnoj Gori, a to je da je prerano i to po zahtjevu i OEBS, Evropske komisije i javnosti, dijela NVO sektora u Izbornom zakonu definisano da odbornici a i poslanici po redosljedu na izbornoj listi dobijaju mandat.<\/p>\n<p><strong>U Ma\u0111arskoj zabranjeno!<\/strong><\/p>\n<p>Govore\u0107i o praksi iz okru\u017eenja Nimanbegu ka\u017ee da je u Ma\u0111arskoj, na primjer, zabranjeno da se tokom jednog izbornog ciklusa mijenja partijski dres tj. ako ste jednom izabrali jednu skup\u0161tinsku ve\u0107inu, ako bi jedan dio promijenilo stranu \u0161to bi rezultiralo novom skup\u0161tinskom ve\u0107inom onda se raspisuju novi izbori.<\/p>\n<p>Na pitanje da li bi se raspisivanjem vanrednih izbora rije\u0161ilo pitanje \u201epreleta\u010da\u201c on ka\u017ee:<\/p>\n<p>&#8211; Na\u0161e zakonodavstvo daje slobodan mandat odbornicima i poslanicima te je raspisivanje vanrednih izbora stvar politi\u010dkog dogovora partija.<\/p>\n<p>\u0160to se ti\u010de pitanja da li je prelaz iz jedne partije u drugu politi\u010dka korupcija poslanik u parlamentu Crne Gore i potpredsjednik Force ka\u017ee:<\/p>\n<p>&#8211; Ne postoji jasan odgovor na to pitanje. Svakako kada se to de\u0161ava bez jasnih argumenata i nedosljedno sa izbornim programima, politi\u010dkim izjavama, i programima onda je evidentno da je razlog u neprincipijelnoj politi\u010dkoj trgovini, odnosno koruptivnoj radnji.<\/p>\n<p><strong>Kako dokazati korupciju?<\/strong><\/p>\n<p>Ina\u010de, izuzetno je te\u0161ko dokazati politi\u010dku korupciju, ka\u017ee on, ali ako se radi o naglom mijenjanju imovinskog stanja odbornika u vremenskom periodu koji slijedi poslije \u201eprelijetanja\u201c koji ne odgovara primanjima onda je lako dokaziva. Ako je pak politi\u010dka korupcija uslovljena ne\u010dim drugim onda je gotovo nemogu\u0107e dokazati.<\/p>\n<p>A \u0161to se ti\u010de predloga nekih na\u0161ih sagovornika da se ubudu\u0107e glasa o imenima i prezimenima, a ne o strankama, Nimanbegu ka\u017ee da bi to bio veliki korak naprijed i mandati bi bili vezani za li\u010dnosti odbornika ili poslanika, ka\u017ee on na kraju.<\/p>\n<p><strong><a href=\"http:\/\/www.pobjeda.me\/2012\/12\/16\/forca-nijesmo-imali-preletaca\/\" target=\"_blank\">J.S. \u2013 D.C.<\/a><br \/>\n<a href=\"http:\/\/www.pobjeda.me\/2012\/12\/16\/forca-nijesmo-imali-preletaca\/\" target=\"_blank\">Izvor: Pobjeda<\/a><br \/>\n<\/strong><\/p>\n","protected":false},"excerpt":{"rendered":"<p>Forca: Nijesmo imali \u201epreleta\u010da\u201c Slu\u010daj u Nik\u0161i\u0107u je pokazao slabosti izbornog sistema Crne Gore, rije\u010di su Gencija Nimanbegua, poslanika i potpredsjednika Force Mi nijesmo imali \u201epreleta\u010da\u201c u na\u0161u stranku, ka\u017ee Genci Nimanbegu za Pobjedu. Ulcinjski slu\u010daj iz 2007. Ipak, 2007. godine imamo slu\u010daj kada se jedna izborna lista (DsuCG i PDP) sa kojom smo \u010dinili [&hellip;]<\/p>\n","protected":false},"author":1,"featured_media":0,"comment_status":"open","ping_status":"closed","sticky":false,"template":"","format":"standard","meta":{"spay_email":"","jetpack_publicize_message":"","jetpack_is_tweetstorm":false,"jetpack_publicize_feature_enabled":true},"categories":[6950],"tags":[117,1073,264,19],"jetpack_publicize_connections":[],"yoast_head":"<!-- This site is optimized with the Yoast SEO plugin v19.1 - https:\/\/yoast.com\/wordpress\/plugins\/seo\/ -->\n<title>Nimanbegu: Mi nijesmo imali \u201epreleta\u010da\u201c u na\u0161u stranku - Lajme nga Ulqini<\/title>\n<meta name=\"description\" content=\"Forca: Nijesmo imali \u201epreleta\u010da\u201c Slu\u010daj u Nik\u0161i\u0107u je pokazao slabosti izbornog sistema Crne Gore, rije\u010di su Gencija Nimanbegua, poslanika i\" \/>\n<meta name=\"robots\" content=\"index, follow, max-snippet:-1, max-image-preview:large, max-video-preview:-1\" \/>\n<link rel=\"canonical\" href=\"https:\/\/www.visit-ulcinj.com\/blog\/2012\/12\/16\/nimanbegu-mi-nijesmo-imali-preletaca-u-nasu-stranku\/\" \/>\n<meta property=\"og:locale\" content=\"en_US\" \/>\n<meta property=\"og:type\" content=\"article\" \/>\n<meta property=\"og:title\" content=\"Nimanbegu: Mi nijesmo imali \u201epreleta\u010da\u201c u na\u0161u stranku - Lajme nga Ulqini\" \/>\n<meta property=\"og:description\" content=\"Forca: Nijesmo imali \u201epreleta\u010da\u201c Slu\u010daj u Nik\u0161i\u0107u je pokazao slabosti izbornog sistema Crne Gore, rije\u010di su Gencija Nimanbegua, poslanika i\" \/>\n<meta property=\"og:url\" content=\"https:\/\/www.visit-ulcinj.com\/blog\/2012\/12\/16\/nimanbegu-mi-nijesmo-imali-preletaca-u-nasu-stranku\/\" \/>\n<meta property=\"og:site_name\" content=\"Lajme nga Ulqini\" \/>\n<meta property=\"article:published_time\" content=\"2012-12-16T18:17:58+00:00\" \/>\n<meta property=\"article:modified_time\" content=\"2012-12-16T18:18:48+00:00\" \/>\n<meta property=\"og:image\" content=\"http:\/\/www.visit-ulcinj.com\/blog\/wp-content\/uploads\/2012\/12\/Genci-Nimanbegu_ulcinj.jpg\" \/>\n<meta name=\"twitter:label1\" content=\"Written by\" \/>\n\t<meta name=\"twitter:data1\" content=\"ulqini\" \/>\n\t<meta name=\"twitter:label2\" content=\"Est. reading time\" \/>\n\t<meta name=\"twitter:data2\" content=\"3 minutes\" \/>\n<script type=\"application\/ld+json\" class=\"yoast-schema-graph\">{\"@context\":\"https:\/\/schema.org\",\"@graph\":[{\"@type\":\"WebSite\",\"@id\":\"https:\/\/www.visit-ulcinj.com\/blog\/#website\",\"url\":\"https:\/\/www.visit-ulcinj.com\/blog\/\",\"name\":\"Lajme nga Ulqini\",\"description\":\"Lajme,Vijesti,Ulqini,Ulqin,Crna Gora,Mali i Zi\",\"potentialAction\":[{\"@type\":\"SearchAction\",\"target\":{\"@type\":\"EntryPoint\",\"urlTemplate\":\"https:\/\/www.visit-ulcinj.com\/blog\/?s={search_term_string}\"},\"query-input\":\"required name=search_term_string\"}],\"inLanguage\":\"en-US\"},{\"@type\":\"ImageObject\",\"inLanguage\":\"en-US\",\"@id\":\"https:\/\/www.visit-ulcinj.com\/blog\/2012\/12\/16\/nimanbegu-mi-nijesmo-imali-preletaca-u-nasu-stranku\/#primaryimage\",\"url\":\"https:\/\/www.visit-ulcinj.com\/blog\/wp-content\/uploads\/2012\/12\/Genci-Nimanbegu_ulcinj.jpg\",\"contentUrl\":\"https:\/\/www.visit-ulcinj.com\/blog\/wp-content\/uploads\/2012\/12\/Genci-Nimanbegu_ulcinj.jpg\",\"width\":640,\"height\":425},{\"@type\":\"WebPage\",\"@id\":\"https:\/\/www.visit-ulcinj.com\/blog\/2012\/12\/16\/nimanbegu-mi-nijesmo-imali-preletaca-u-nasu-stranku\/#webpage\",\"url\":\"https:\/\/www.visit-ulcinj.com\/blog\/2012\/12\/16\/nimanbegu-mi-nijesmo-imali-preletaca-u-nasu-stranku\/\",\"name\":\"Nimanbegu: Mi nijesmo imali \u201epreleta\u010da\u201c u na\u0161u stranku - Lajme nga Ulqini\",\"isPartOf\":{\"@id\":\"https:\/\/www.visit-ulcinj.com\/blog\/#website\"},\"primaryImageOfPage\":{\"@id\":\"https:\/\/www.visit-ulcinj.com\/blog\/2012\/12\/16\/nimanbegu-mi-nijesmo-imali-preletaca-u-nasu-stranku\/#primaryimage\"},\"datePublished\":\"2012-12-16T18:17:58+00:00\",\"dateModified\":\"2012-12-16T18:18:48+00:00\",\"author\":{\"@id\":\"https:\/\/www.visit-ulcinj.com\/blog\/#\/schema\/person\/dcab619c614d3038751c63bc2aadc06d\"},\"description\":\"Forca: Nijesmo imali \u201epreleta\u010da\u201c Slu\u010daj u Nik\u0161i\u0107u je pokazao slabosti izbornog sistema Crne Gore, rije\u010di su Gencija Nimanbegua, poslanika i\",\"breadcrumb\":{\"@id\":\"https:\/\/www.visit-ulcinj.com\/blog\/2012\/12\/16\/nimanbegu-mi-nijesmo-imali-preletaca-u-nasu-stranku\/#breadcrumb\"},\"inLanguage\":\"en-US\",\"potentialAction\":[{\"@type\":\"ReadAction\",\"target\":[\"https:\/\/www.visit-ulcinj.com\/blog\/2012\/12\/16\/nimanbegu-mi-nijesmo-imali-preletaca-u-nasu-stranku\/\"]}]},{\"@type\":\"BreadcrumbList\",\"@id\":\"https:\/\/www.visit-ulcinj.com\/blog\/2012\/12\/16\/nimanbegu-mi-nijesmo-imali-preletaca-u-nasu-stranku\/#breadcrumb\",\"itemListElement\":[{\"@type\":\"ListItem\",\"position\":1,\"name\":\"Nimanbegu: Mi nijesmo imali \u201epreleta\u010da\u201c u na\u0161u stranku\"}]},{\"@type\":\"Person\",\"@id\":\"https:\/\/www.visit-ulcinj.com\/blog\/#\/schema\/person\/dcab619c614d3038751c63bc2aadc06d\",\"name\":\"ulqini\",\"sameAs\":[\"http:\/\/www.visit-ulcinj.com\"],\"url\":\"https:\/\/www.visit-ulcinj.com\/blog\/author\/admin\/\"}]}<\/script>\n<!-- \/ Yoast SEO plugin. -->","yoast_head_json":{"title":"Nimanbegu: Mi nijesmo imali \u201epreleta\u010da\u201c u na\u0161u stranku - Lajme nga Ulqini","description":"Forca: Nijesmo imali \u201epreleta\u010da\u201c Slu\u010daj u Nik\u0161i\u0107u je pokazao slabosti izbornog sistema Crne Gore, rije\u010di su Gencija Nimanbegua, poslanika i","robots":{"index":"index","follow":"follow","max-snippet":"max-snippet:-1","max-image-preview":"max-image-preview:large","max-video-preview":"max-video-preview:-1"},"canonical":"https:\/\/www.visit-ulcinj.com\/blog\/2012\/12\/16\/nimanbegu-mi-nijesmo-imali-preletaca-u-nasu-stranku\/","og_locale":"en_US","og_type":"article","og_title":"Nimanbegu: Mi nijesmo imali \u201epreleta\u010da\u201c u na\u0161u stranku - Lajme nga Ulqini","og_description":"Forca: Nijesmo imali \u201epreleta\u010da\u201c Slu\u010daj u Nik\u0161i\u0107u je pokazao slabosti izbornog sistema Crne Gore, rije\u010di su Gencija Nimanbegua, poslanika i","og_url":"https:\/\/www.visit-ulcinj.com\/blog\/2012\/12\/16\/nimanbegu-mi-nijesmo-imali-preletaca-u-nasu-stranku\/","og_site_name":"Lajme nga Ulqini","article_published_time":"2012-12-16T18:17:58+00:00","article_modified_time":"2012-12-16T18:18:48+00:00","og_image":[{"url":"http:\/\/www.visit-ulcinj.com\/blog\/wp-content\/uploads\/2012\/12\/Genci-Nimanbegu_ulcinj.jpg"}],"twitter_misc":{"Written by":"ulqini","Est. reading time":"3 minutes"},"schema":{"@context":"https:\/\/schema.org","@graph":[{"@type":"WebSite","@id":"https:\/\/www.visit-ulcinj.com\/blog\/#website","url":"https:\/\/www.visit-ulcinj.com\/blog\/","name":"Lajme nga Ulqini","description":"Lajme,Vijesti,Ulqini,Ulqin,Crna Gora,Mali i Zi","potentialAction":[{"@type":"SearchAction","target":{"@type":"EntryPoint","urlTemplate":"https:\/\/www.visit-ulcinj.com\/blog\/?s={search_term_string}"},"query-input":"required name=search_term_string"}],"inLanguage":"en-US"},{"@type":"ImageObject","inLanguage":"en-US","@id":"https:\/\/www.visit-ulcinj.com\/blog\/2012\/12\/16\/nimanbegu-mi-nijesmo-imali-preletaca-u-nasu-stranku\/#primaryimage","url":"https:\/\/www.visit-ulcinj.com\/blog\/wp-content\/uploads\/2012\/12\/Genci-Nimanbegu_ulcinj.jpg","contentUrl":"https:\/\/www.visit-ulcinj.com\/blog\/wp-content\/uploads\/2012\/12\/Genci-Nimanbegu_ulcinj.jpg","width":640,"height":425},{"@type":"WebPage","@id":"https:\/\/www.visit-ulcinj.com\/blog\/2012\/12\/16\/nimanbegu-mi-nijesmo-imali-preletaca-u-nasu-stranku\/#webpage","url":"https:\/\/www.visit-ulcinj.com\/blog\/2012\/12\/16\/nimanbegu-mi-nijesmo-imali-preletaca-u-nasu-stranku\/","name":"Nimanbegu: Mi nijesmo imali \u201epreleta\u010da\u201c u na\u0161u stranku - Lajme nga Ulqini","isPartOf":{"@id":"https:\/\/www.visit-ulcinj.com\/blog\/#website"},"primaryImageOfPage":{"@id":"https:\/\/www.visit-ulcinj.com\/blog\/2012\/12\/16\/nimanbegu-mi-nijesmo-imali-preletaca-u-nasu-stranku\/#primaryimage"},"datePublished":"2012-12-16T18:17:58+00:00","dateModified":"2012-12-16T18:18:48+00:00","author":{"@id":"https:\/\/www.visit-ulcinj.com\/blog\/#\/schema\/person\/dcab619c614d3038751c63bc2aadc06d"},"description":"Forca: Nijesmo imali \u201epreleta\u010da\u201c Slu\u010daj u Nik\u0161i\u0107u je pokazao slabosti izbornog sistema Crne Gore, rije\u010di su Gencija Nimanbegua, poslanika i","breadcrumb":{"@id":"https:\/\/www.visit-ulcinj.com\/blog\/2012\/12\/16\/nimanbegu-mi-nijesmo-imali-preletaca-u-nasu-stranku\/#breadcrumb"},"inLanguage":"en-US","potentialAction":[{"@type":"ReadAction","target":["https:\/\/www.visit-ulcinj.com\/blog\/2012\/12\/16\/nimanbegu-mi-nijesmo-imali-preletaca-u-nasu-stranku\/"]}]},{"@type":"BreadcrumbList","@id":"https:\/\/www.visit-ulcinj.com\/blog\/2012\/12\/16\/nimanbegu-mi-nijesmo-imali-preletaca-u-nasu-stranku\/#breadcrumb","itemListElement":[{"@type":"ListItem","position":1,"name":"Nimanbegu: Mi nijesmo imali \u201epreleta\u010da\u201c u na\u0161u stranku"}]},{"@type":"Person","@id":"https:\/\/www.visit-ulcinj.com\/blog\/#\/schema\/person\/dcab619c614d3038751c63bc2aadc06d","name":"ulqini","sameAs":["http:\/\/www.visit-ulcinj.com"],"url":"https:\/\/www.visit-ulcinj.com\/blog\/author\/admin\/"}]}},"jetpack_featured_media_url":"","jetpack_sharing_enabled":true,"jetpack_shortlink":"https:\/\/wp.me\/pe6lTn-hnf","_links":{"self":[{"href":"https:\/\/www.visit-ulcinj.com\/blog\/wp-json\/wp\/v2\/posts\/66789"}],"collection":[{"href":"https:\/\/www.visit-ulcinj.com\/blog\/wp-json\/wp\/v2\/posts"}],"about":[{"href":"https:\/\/www.visit-ulcinj.com\/blog\/wp-json\/wp\/v2\/types\/post"}],"author":[{"embeddable":true,"href":"https:\/\/www.visit-ulcinj.com\/blog\/wp-json\/wp\/v2\/users\/1"}],"replies":[{"embeddable":true,"href":"https:\/\/www.visit-ulcinj.com\/blog\/wp-json\/wp\/v2\/comments?post=66789"}],"version-history":[{"count":2,"href":"https:\/\/www.visit-ulcinj.com\/blog\/wp-json\/wp\/v2\/posts\/66789\/revisions"}],"predecessor-version":[{"id":66792,"href":"https:\/\/www.visit-ulcinj.com\/blog\/wp-json\/wp\/v2\/posts\/66789\/revisions\/66792"}],"wp:attachment":[{"href":"https:\/\/www.visit-ulcinj.com\/blog\/wp-json\/wp\/v2\/media?parent=66789"}],"wp:term":[{"taxonomy":"category","embeddable":true,"href":"https:\/\/www.visit-ulcinj.com\/blog\/wp-json\/wp\/v2\/categories?post=66789"},{"taxonomy":"post_tag","embeddable":true,"href":"https:\/\/www.visit-ulcinj.com\/blog\/wp-json\/wp\/v2\/tags?post=66789"}],"curies":[{"name":"wp","href":"https:\/\/api.w.org\/{rel}","templated":true}]}}