{"id":66794,"date":"2012-12-17T16:33:48","date_gmt":"2012-12-17T15:33:48","guid":{"rendered":"http:\/\/www.visit-ulcinj.com\/blog\/?p=66794"},"modified":"2012-12-17T16:33:48","modified_gmt":"2012-12-17T15:33:48","slug":"dafina-zeqiri-do-te-sjelle-nje-bashkepunim-me-genen","status":"publish","type":"post","link":"https:\/\/www.visit-ulcinj.com\/blog\/2012\/12\/17\/dafina-zeqiri-do-te-sjelle-nje-bashkepunim-me-genen\/","title":{"rendered":"Dafina Zeqiri do t\u00eb sjell\u00eb nj\u00eb bashk\u00ebpunim me Gen\u00ebn?"},"content":{"rendered":"<p>Pasi u kthye nga Amerika, k\u00ebng\u00ebtarja Dafina Zeqeri premtoi se do t\u00eb sillte shum\u00eb projekte t\u00eb reja dhe duket se nj\u00eb nd\u00ebr to mund t\u00eb jet\u00eb edhe nj\u00eb bashk\u00ebpunim me k\u00ebng\u00ebtarin e njohur Gena. Ky i fundit \u00ebsht\u00eb b\u00ebr\u00eb shum\u00eb i njohur k\u00ebto koh\u00eb dhe po e zhvillon karrier\u00ebn e tij artiske n\u00eb Kosov\u00eb.<br \/>\n<a href=\"http:\/\/www.visit-ulcinj.com\/blog\/wp-content\/uploads\/2012\/12\/dafinazeqiri_gena.jpg\"><img loading=\"lazy\" class=\"alignleft  wp-image-66795\" alt=\"dafinazeqiri_gena\" src=\"http:\/\/www.visit-ulcinj.com\/blog\/wp-content\/uploads\/2012\/12\/dafinazeqiri_gena.jpg\" width=\"508\" height=\"403\" \/><\/a><\/p>\n<p>Ende nuk ka ndonj\u00eb\u00a0informacion nga dy k\u00ebng\u00ebtar\u00ebt por ata jan\u00eb fotografuar s\u00eb bashku dhe me siguri q\u00eb jan\u00eb duke menduar p\u00ebr t\u00eb sjell\u00eb di\u00e7ka s\u00eb bashku. Shpresojm\u00eb shum\u00eb q\u00eb k\u00ebng\u00ebtar\u00ebt t\u00eb sjellin nj\u00eb projekt s\u00eb bashku, pasi si Dafina ashtu edhe gena,jo vet\u00ebm q\u00eb kan\u00eb shum\u00eb fansa, por i kan\u00eb munguar p\u00ebr nj\u00eb periudh\u00eb kohe ekraneve muzikore.<\/p>\n<p>Koha Jone<br \/>\n<iframe loading=\"lazy\" width=\"508\" height=\"360\" src=\"http:\/\/www.youtube.com\/embed\/O0MGGUEUfBk\" frameborder=\"0\" allowfullscreen><\/iframe><\/p>\n","protected":false},"excerpt":{"rendered":"<p>Pasi u kthye nga Amerika, k\u00ebng\u00ebtarja Dafina Zeqeri premtoi se do t\u00eb sillte shum\u00eb projekte t\u00eb reja dhe duket se nj\u00eb nd\u00ebr to mund t\u00eb jet\u00eb edhe nj\u00eb bashk\u00ebpunim me k\u00ebng\u00ebtarin e njohur Gena. Ky i fundit \u00ebsht\u00eb b\u00ebr\u00eb shum\u00eb i njohur k\u00ebto koh\u00eb dhe po e zhvillon karrier\u00ebn e tij artiske n\u00eb Kosov\u00eb. Ende [&hellip;]<\/p>\n","protected":false},"author":1,"featured_media":0,"comment_status":"open","ping_status":"closed","sticky":false,"template":"","format":"standard","meta":{"spay_email":"","jetpack_publicize_message":"","jetpack_is_tweetstorm":false,"jetpack_publicize_feature_enabled":true},"categories":[1],"tags":[19677,4926,19806,16036,19514,19511,6693,4684,19460],"jetpack_publicize_connections":[],"yoast_head":"<!-- This site is optimized with the Yoast SEO plugin v19.1 - https:\/\/yoast.com\/wordpress\/plugins\/seo\/ -->\n<title>Dafina Zeqiri do t\u00eb sjell\u00eb nj\u00eb bashk\u00ebpunim me Gen\u00ebn? - Lajme nga Ulqini<\/title>\n<meta name=\"description\" content=\"Pasi u kthye nga Amerika, k\u00ebng\u00ebtarja Dafina Zeqeri premtoi se do t\u00eb sillte shum\u00eb projekte t\u00eb reja dhe duket se nj\u00eb nd\u00ebr to mund t\u00eb jet\u00eb edhe nj\u00eb\" \/>\n<meta name=\"robots\" content=\"index, follow, max-snippet:-1, max-image-preview:large, max-video-preview:-1\" \/>\n<link rel=\"canonical\" href=\"https:\/\/www.visit-ulcinj.com\/blog\/2012\/12\/17\/dafina-zeqiri-do-te-sjelle-nje-bashkepunim-me-genen\/\" \/>\n<meta property=\"og:locale\" content=\"en_US\" \/>\n<meta property=\"og:type\" content=\"article\" \/>\n<meta property=\"og:title\" content=\"Dafina Zeqiri do t\u00eb sjell\u00eb nj\u00eb bashk\u00ebpunim me Gen\u00ebn? - Lajme nga Ulqini\" \/>\n<meta property=\"og:description\" content=\"Pasi u kthye nga Amerika, k\u00ebng\u00ebtarja Dafina Zeqeri premtoi se do t\u00eb sillte shum\u00eb projekte t\u00eb reja dhe duket se nj\u00eb nd\u00ebr to mund t\u00eb jet\u00eb edhe nj\u00eb\" \/>\n<meta property=\"og:url\" content=\"https:\/\/www.visit-ulcinj.com\/blog\/2012\/12\/17\/dafina-zeqiri-do-te-sjelle-nje-bashkepunim-me-genen\/\" \/>\n<meta property=\"og:site_name\" content=\"Lajme nga Ulqini\" \/>\n<meta property=\"article:published_time\" content=\"2012-12-17T15:33:48+00:00\" \/>\n<meta property=\"og:image\" content=\"http:\/\/www.visit-ulcinj.com\/blog\/wp-content\/uploads\/2012\/12\/dafinazeqiri_gena.jpg\" \/>\n<meta name=\"twitter:label1\" content=\"Written by\" \/>\n\t<meta name=\"twitter:data1\" content=\"ulqini\" \/>\n\t<meta name=\"twitter:label2\" content=\"Est. reading time\" \/>\n\t<meta name=\"twitter:data2\" content=\"1 minute\" \/>\n<script type=\"application\/ld+json\" class=\"yoast-schema-graph\">{\"@context\":\"https:\/\/schema.org\",\"@graph\":[{\"@type\":\"WebSite\",\"@id\":\"https:\/\/www.visit-ulcinj.com\/blog\/#website\",\"url\":\"https:\/\/www.visit-ulcinj.com\/blog\/\",\"name\":\"Lajme nga Ulqini\",\"description\":\"Lajme,Vijesti,Ulqini,Ulqin,Crna Gora,Mali i Zi\",\"potentialAction\":[{\"@type\":\"SearchAction\",\"target\":{\"@type\":\"EntryPoint\",\"urlTemplate\":\"https:\/\/www.visit-ulcinj.com\/blog\/?s={search_term_string}\"},\"query-input\":\"required name=search_term_string\"}],\"inLanguage\":\"en-US\"},{\"@type\":\"ImageObject\",\"inLanguage\":\"en-US\",\"@id\":\"https:\/\/www.visit-ulcinj.com\/blog\/2012\/12\/17\/dafina-zeqiri-do-te-sjelle-nje-bashkepunim-me-genen\/#primaryimage\",\"url\":\"http:\/\/www.visit-ulcinj.com\/blog\/wp-content\/uploads\/2012\/12\/dafinazeqiri_gena.jpg\",\"contentUrl\":\"http:\/\/www.visit-ulcinj.com\/blog\/wp-content\/uploads\/2012\/12\/dafinazeqiri_gena.jpg\"},{\"@type\":\"WebPage\",\"@id\":\"https:\/\/www.visit-ulcinj.com\/blog\/2012\/12\/17\/dafina-zeqiri-do-te-sjelle-nje-bashkepunim-me-genen\/#webpage\",\"url\":\"https:\/\/www.visit-ulcinj.com\/blog\/2012\/12\/17\/dafina-zeqiri-do-te-sjelle-nje-bashkepunim-me-genen\/\",\"name\":\"Dafina Zeqiri do t\u00eb sjell\u00eb nj\u00eb bashk\u00ebpunim me Gen\u00ebn? - Lajme nga Ulqini\",\"isPartOf\":{\"@id\":\"https:\/\/www.visit-ulcinj.com\/blog\/#website\"},\"primaryImageOfPage\":{\"@id\":\"https:\/\/www.visit-ulcinj.com\/blog\/2012\/12\/17\/dafina-zeqiri-do-te-sjelle-nje-bashkepunim-me-genen\/#primaryimage\"},\"datePublished\":\"2012-12-17T15:33:48+00:00\",\"dateModified\":\"2012-12-17T15:33:48+00:00\",\"author\":{\"@id\":\"https:\/\/www.visit-ulcinj.com\/blog\/#\/schema\/person\/dcab619c614d3038751c63bc2aadc06d\"},\"description\":\"Pasi u kthye nga Amerika, k\u00ebng\u00ebtarja Dafina Zeqeri premtoi se do t\u00eb sillte shum\u00eb projekte t\u00eb reja dhe duket se nj\u00eb nd\u00ebr to mund t\u00eb jet\u00eb edhe nj\u00eb\",\"breadcrumb\":{\"@id\":\"https:\/\/www.visit-ulcinj.com\/blog\/2012\/12\/17\/dafina-zeqiri-do-te-sjelle-nje-bashkepunim-me-genen\/#breadcrumb\"},\"inLanguage\":\"en-US\",\"potentialAction\":[{\"@type\":\"ReadAction\",\"target\":[\"https:\/\/www.visit-ulcinj.com\/blog\/2012\/12\/17\/dafina-zeqiri-do-te-sjelle-nje-bashkepunim-me-genen\/\"]}]},{\"@type\":\"BreadcrumbList\",\"@id\":\"https:\/\/www.visit-ulcinj.com\/blog\/2012\/12\/17\/dafina-zeqiri-do-te-sjelle-nje-bashkepunim-me-genen\/#breadcrumb\",\"itemListElement\":[{\"@type\":\"ListItem\",\"position\":1,\"name\":\"Dafina Zeqiri do t\u00eb sjell\u00eb nj\u00eb bashk\u00ebpunim me Gen\u00ebn?\"}]},{\"@type\":\"Person\",\"@id\":\"https:\/\/www.visit-ulcinj.com\/blog\/#\/schema\/person\/dcab619c614d3038751c63bc2aadc06d\",\"name\":\"ulqini\",\"sameAs\":[\"http:\/\/www.visit-ulcinj.com\"],\"url\":\"https:\/\/www.visit-ulcinj.com\/blog\/author\/admin\/\"}]}<\/script>\n<!-- \/ Yoast SEO plugin. -->","yoast_head_json":{"title":"Dafina Zeqiri do t\u00eb sjell\u00eb nj\u00eb bashk\u00ebpunim me Gen\u00ebn? - Lajme nga Ulqini","description":"Pasi u kthye nga Amerika, k\u00ebng\u00ebtarja Dafina Zeqeri premtoi se do t\u00eb sillte shum\u00eb projekte t\u00eb reja dhe duket se nj\u00eb nd\u00ebr to mund t\u00eb jet\u00eb edhe nj\u00eb","robots":{"index":"index","follow":"follow","max-snippet":"max-snippet:-1","max-image-preview":"max-image-preview:large","max-video-preview":"max-video-preview:-1"},"canonical":"https:\/\/www.visit-ulcinj.com\/blog\/2012\/12\/17\/dafina-zeqiri-do-te-sjelle-nje-bashkepunim-me-genen\/","og_locale":"en_US","og_type":"article","og_title":"Dafina Zeqiri do t\u00eb sjell\u00eb nj\u00eb bashk\u00ebpunim me Gen\u00ebn? - Lajme nga Ulqini","og_description":"Pasi u kthye nga Amerika, k\u00ebng\u00ebtarja Dafina Zeqeri premtoi se do t\u00eb sillte shum\u00eb projekte t\u00eb reja dhe duket se nj\u00eb nd\u00ebr to mund t\u00eb jet\u00eb edhe nj\u00eb","og_url":"https:\/\/www.visit-ulcinj.com\/blog\/2012\/12\/17\/dafina-zeqiri-do-te-sjelle-nje-bashkepunim-me-genen\/","og_site_name":"Lajme nga Ulqini","article_published_time":"2012-12-17T15:33:48+00:00","og_image":[{"url":"http:\/\/www.visit-ulcinj.com\/blog\/wp-content\/uploads\/2012\/12\/dafinazeqiri_gena.jpg"}],"twitter_misc":{"Written by":"ulqini","Est. reading time":"1 minute"},"schema":{"@context":"https:\/\/schema.org","@graph":[{"@type":"WebSite","@id":"https:\/\/www.visit-ulcinj.com\/blog\/#website","url":"https:\/\/www.visit-ulcinj.com\/blog\/","name":"Lajme nga Ulqini","description":"Lajme,Vijesti,Ulqini,Ulqin,Crna Gora,Mali i Zi","potentialAction":[{"@type":"SearchAction","target":{"@type":"EntryPoint","urlTemplate":"https:\/\/www.visit-ulcinj.com\/blog\/?s={search_term_string}"},"query-input":"required name=search_term_string"}],"inLanguage":"en-US"},{"@type":"ImageObject","inLanguage":"en-US","@id":"https:\/\/www.visit-ulcinj.com\/blog\/2012\/12\/17\/dafina-zeqiri-do-te-sjelle-nje-bashkepunim-me-genen\/#primaryimage","url":"http:\/\/www.visit-ulcinj.com\/blog\/wp-content\/uploads\/2012\/12\/dafinazeqiri_gena.jpg","contentUrl":"http:\/\/www.visit-ulcinj.com\/blog\/wp-content\/uploads\/2012\/12\/dafinazeqiri_gena.jpg"},{"@type":"WebPage","@id":"https:\/\/www.visit-ulcinj.com\/blog\/2012\/12\/17\/dafina-zeqiri-do-te-sjelle-nje-bashkepunim-me-genen\/#webpage","url":"https:\/\/www.visit-ulcinj.com\/blog\/2012\/12\/17\/dafina-zeqiri-do-te-sjelle-nje-bashkepunim-me-genen\/","name":"Dafina Zeqiri do t\u00eb sjell\u00eb nj\u00eb bashk\u00ebpunim me Gen\u00ebn? - Lajme nga Ulqini","isPartOf":{"@id":"https:\/\/www.visit-ulcinj.com\/blog\/#website"},"primaryImageOfPage":{"@id":"https:\/\/www.visit-ulcinj.com\/blog\/2012\/12\/17\/dafina-zeqiri-do-te-sjelle-nje-bashkepunim-me-genen\/#primaryimage"},"datePublished":"2012-12-17T15:33:48+00:00","dateModified":"2012-12-17T15:33:48+00:00","author":{"@id":"https:\/\/www.visit-ulcinj.com\/blog\/#\/schema\/person\/dcab619c614d3038751c63bc2aadc06d"},"description":"Pasi u kthye nga Amerika, k\u00ebng\u00ebtarja Dafina Zeqeri premtoi se do t\u00eb sillte shum\u00eb projekte t\u00eb reja dhe duket se nj\u00eb nd\u00ebr to mund t\u00eb jet\u00eb edhe nj\u00eb","breadcrumb":{"@id":"https:\/\/www.visit-ulcinj.com\/blog\/2012\/12\/17\/dafina-zeqiri-do-te-sjelle-nje-bashkepunim-me-genen\/#breadcrumb"},"inLanguage":"en-US","potentialAction":[{"@type":"ReadAction","target":["https:\/\/www.visit-ulcinj.com\/blog\/2012\/12\/17\/dafina-zeqiri-do-te-sjelle-nje-bashkepunim-me-genen\/"]}]},{"@type":"BreadcrumbList","@id":"https:\/\/www.visit-ulcinj.com\/blog\/2012\/12\/17\/dafina-zeqiri-do-te-sjelle-nje-bashkepunim-me-genen\/#breadcrumb","itemListElement":[{"@type":"ListItem","position":1,"name":"Dafina Zeqiri do t\u00eb sjell\u00eb nj\u00eb bashk\u00ebpunim me Gen\u00ebn?"}]},{"@type":"Person","@id":"https:\/\/www.visit-ulcinj.com\/blog\/#\/schema\/person\/dcab619c614d3038751c63bc2aadc06d","name":"ulqini","sameAs":["http:\/\/www.visit-ulcinj.com"],"url":"https:\/\/www.visit-ulcinj.com\/blog\/author\/admin\/"}]}},"jetpack_featured_media_url":"","jetpack_sharing_enabled":true,"jetpack_shortlink":"https:\/\/wp.me\/pe6lTn-hnk","_links":{"self":[{"href":"https:\/\/www.visit-ulcinj.com\/blog\/wp-json\/wp\/v2\/posts\/66794"}],"collection":[{"href":"https:\/\/www.visit-ulcinj.com\/blog\/wp-json\/wp\/v2\/posts"}],"about":[{"href":"https:\/\/www.visit-ulcinj.com\/blog\/wp-json\/wp\/v2\/types\/post"}],"author":[{"embeddable":true,"href":"https:\/\/www.visit-ulcinj.com\/blog\/wp-json\/wp\/v2\/users\/1"}],"replies":[{"embeddable":true,"href":"https:\/\/www.visit-ulcinj.com\/blog\/wp-json\/wp\/v2\/comments?post=66794"}],"version-history":[{"count":1,"href":"https:\/\/www.visit-ulcinj.com\/blog\/wp-json\/wp\/v2\/posts\/66794\/revisions"}],"predecessor-version":[{"id":66796,"href":"https:\/\/www.visit-ulcinj.com\/blog\/wp-json\/wp\/v2\/posts\/66794\/revisions\/66796"}],"wp:attachment":[{"href":"https:\/\/www.visit-ulcinj.com\/blog\/wp-json\/wp\/v2\/media?parent=66794"}],"wp:term":[{"taxonomy":"category","embeddable":true,"href":"https:\/\/www.visit-ulcinj.com\/blog\/wp-json\/wp\/v2\/categories?post=66794"},{"taxonomy":"post_tag","embeddable":true,"href":"https:\/\/www.visit-ulcinj.com\/blog\/wp-json\/wp\/v2\/tags?post=66794"}],"curies":[{"name":"wp","href":"https:\/\/api.w.org\/{rel}","templated":true}]}}