{"id":66797,"date":"2012-12-17T17:22:54","date_gmt":"2012-12-17T16:22:54","guid":{"rendered":"http:\/\/www.visit-ulcinj.com\/blog\/?p=66797"},"modified":"2012-12-17T17:22:54","modified_gmt":"2012-12-17T16:22:54","slug":"martina-ivezaj-pozon-nudo","status":"publish","type":"post","link":"https:\/\/www.visit-ulcinj.com\/blog\/2012\/12\/17\/martina-ivezaj-pozon-nudo\/","title":{"rendered":"Martina Ivezaj pozon nudo"},"content":{"rendered":"<p><a href=\"http:\/\/www.visit-ulcinj.com\/blog\/wp-content\/uploads\/2012\/12\/Martina-Ivezaj_nudo.jpg\"><img loading=\"lazy\" class=\"alignleft size-full wp-image-66798\" alt=\"Martina Ivezaj_nudo\" src=\"http:\/\/www.visit-ulcinj.com\/blog\/wp-content\/uploads\/2012\/12\/Martina-Ivezaj_nudo.jpg\" width=\"508\" height=\"360\" \/><\/a><a href=\"http:\/\/www.visit-ulcinj.com\/blog\/wp-content\/uploads\/2012\/12\/Martina-Ivezaj_nudo.1.jpg\"><img loading=\"lazy\" class=\"alignleft  wp-image-66800\" alt=\"Martina Ivezaj_nudo.1\" src=\"http:\/\/www.visit-ulcinj.com\/blog\/wp-content\/uploads\/2012\/12\/Martina-Ivezaj_nudo.1.jpg\" width=\"350\" height=\"400\" \/><\/a>Mund t\u00eb konsiderohet si nj\u00eb nga vajzat m\u00eb t\u00eb bukura n\u00eb Gjermani, pasi p\u00ebrfaq\u00ebsoi vendin n\u00eb spektaklin m\u00eb t\u00eb madh t\u00eb bukuris\u00eb n\u00eb bot\u00eb, \u201dMiss World\u201d. Martina Ivezaj, vajza me origjin\u00eb shqiptare, por q\u00eb \u00ebsht\u00eb e lindur dhe e rritur n\u00eb Gjermani, vazhdon karrier\u00ebn e saj si modele, duke realizuar fushata p\u00ebr kompani t\u00eb ndryshme atje. I gjith\u00eb ky sukses asaj i ka ardhur pik\u00ebrisht pas kthimit nga Kina, ku p\u00ebrfaq\u00ebsoi shtetin gjerman n\u00eb spektaklin e bukuris\u00eb \u201dMiss Bota\u201d.<\/p>\n<p>Ndon\u00ebse nuk fitoi ndonj\u00eb \u00e7mim t\u00eb r\u00ebnd\u00ebsish\u00ebm atje, Martina Ivezaj vazhdon t\u00eb dominoj\u00eb me bukurin\u00eb e saj, duke u zgjedhur k\u00ebshtu si imazh n\u00ebp\u00ebr fushata t\u00eb ndryshme. Madje si rrug\u00eb t\u00eb suksesit, ashtu si shumica e modeleve t\u00eb njohura bot\u00ebrore, ajo ka zgjedhur edhe pozimin nudo. Me nj\u00eb ngjyr\u00eb t\u00eb err\u00ebt t\u00eb l\u00ebkur\u00ebs, bukuroshja zeshkane ka mbuluar vet\u00ebm gjoksin e saj\u2026<\/p>\n<p><strong>Panorama<\/strong><\/p>\n","protected":false},"excerpt":{"rendered":"<p>Mund t\u00eb konsiderohet si nj\u00eb nga vajzat m\u00eb t\u00eb bukura n\u00eb Gjermani, pasi p\u00ebrfaq\u00ebsoi vendin n\u00eb spektaklin m\u00eb t\u00eb madh t\u00eb bukuris\u00eb n\u00eb bot\u00eb, \u201dMiss World\u201d. Martina Ivezaj, vajza me origjin\u00eb shqiptare, por q\u00eb \u00ebsht\u00eb e lindur dhe e rritur n\u00eb Gjermani, vazhdon karrier\u00ebn e saj si modele, duke realizuar fushata p\u00ebr kompani t\u00eb ndryshme [&hellip;]<\/p>\n","protected":false},"author":1,"featured_media":0,"comment_status":"open","ping_status":"closed","sticky":false,"template":"","format":"standard","meta":{"spay_email":"","jetpack_publicize_message":"","jetpack_is_tweetstorm":false,"jetpack_publicize_feature_enabled":true},"categories":[1],"tags":[19677,19806,16036,19514,21618,7721,19511,6071,19513,19679,4684,19460],"jetpack_publicize_connections":[],"yoast_head":"<!-- This site is optimized with the Yoast SEO plugin v19.1 - https:\/\/yoast.com\/wordpress\/plugins\/seo\/ -->\n<title>Martina Ivezaj pozon nudo - Lajme nga Ulqini<\/title>\n<meta name=\"description\" content=\"Mund t\u00eb konsiderohet si nj\u00eb nga vajzat m\u00eb t\u00eb bukura n\u00eb Gjermani, pasi p\u00ebrfaq\u00ebsoi vendin n\u00eb spektaklin m\u00eb t\u00eb madh t\u00eb bukuris\u00eb n\u00eb bot\u00eb, \u201dMiss World\u201d.\" \/>\n<meta name=\"robots\" content=\"index, follow, max-snippet:-1, max-image-preview:large, max-video-preview:-1\" \/>\n<link rel=\"canonical\" href=\"https:\/\/www.visit-ulcinj.com\/blog\/2012\/12\/17\/martina-ivezaj-pozon-nudo\/\" \/>\n<meta property=\"og:locale\" content=\"en_US\" \/>\n<meta property=\"og:type\" content=\"article\" \/>\n<meta property=\"og:title\" content=\"Martina Ivezaj pozon nudo - Lajme nga Ulqini\" \/>\n<meta property=\"og:description\" content=\"Mund t\u00eb konsiderohet si nj\u00eb nga vajzat m\u00eb t\u00eb bukura n\u00eb Gjermani, pasi p\u00ebrfaq\u00ebsoi vendin n\u00eb spektaklin m\u00eb t\u00eb madh t\u00eb bukuris\u00eb n\u00eb bot\u00eb, \u201dMiss World\u201d.\" \/>\n<meta property=\"og:url\" content=\"https:\/\/www.visit-ulcinj.com\/blog\/2012\/12\/17\/martina-ivezaj-pozon-nudo\/\" \/>\n<meta property=\"og:site_name\" content=\"Lajme nga Ulqini\" \/>\n<meta property=\"article:published_time\" content=\"2012-12-17T16:22:54+00:00\" \/>\n<meta property=\"og:image\" content=\"http:\/\/www.visit-ulcinj.com\/blog\/wp-content\/uploads\/2012\/12\/Martina-Ivezaj_nudo.jpg\" \/>\n<meta name=\"twitter:label1\" content=\"Written by\" \/>\n\t<meta name=\"twitter:data1\" content=\"ulqini\" \/>\n\t<meta name=\"twitter:label2\" content=\"Est. reading time\" \/>\n\t<meta name=\"twitter:data2\" content=\"1 minute\" \/>\n<script type=\"application\/ld+json\" class=\"yoast-schema-graph\">{\"@context\":\"https:\/\/schema.org\",\"@graph\":[{\"@type\":\"WebSite\",\"@id\":\"https:\/\/www.visit-ulcinj.com\/blog\/#website\",\"url\":\"https:\/\/www.visit-ulcinj.com\/blog\/\",\"name\":\"Lajme nga Ulqini\",\"description\":\"Lajme,Vijesti,Ulqini,Ulqin,Crna Gora,Mali i Zi\",\"potentialAction\":[{\"@type\":\"SearchAction\",\"target\":{\"@type\":\"EntryPoint\",\"urlTemplate\":\"https:\/\/www.visit-ulcinj.com\/blog\/?s={search_term_string}\"},\"query-input\":\"required name=search_term_string\"}],\"inLanguage\":\"en-US\"},{\"@type\":\"ImageObject\",\"inLanguage\":\"en-US\",\"@id\":\"https:\/\/www.visit-ulcinj.com\/blog\/2012\/12\/17\/martina-ivezaj-pozon-nudo\/#primaryimage\",\"url\":\"http:\/\/www.visit-ulcinj.com\/blog\/wp-content\/uploads\/2012\/12\/Martina-Ivezaj_nudo.jpg\",\"contentUrl\":\"http:\/\/www.visit-ulcinj.com\/blog\/wp-content\/uploads\/2012\/12\/Martina-Ivezaj_nudo.jpg\"},{\"@type\":\"WebPage\",\"@id\":\"https:\/\/www.visit-ulcinj.com\/blog\/2012\/12\/17\/martina-ivezaj-pozon-nudo\/#webpage\",\"url\":\"https:\/\/www.visit-ulcinj.com\/blog\/2012\/12\/17\/martina-ivezaj-pozon-nudo\/\",\"name\":\"Martina Ivezaj pozon nudo - Lajme nga Ulqini\",\"isPartOf\":{\"@id\":\"https:\/\/www.visit-ulcinj.com\/blog\/#website\"},\"primaryImageOfPage\":{\"@id\":\"https:\/\/www.visit-ulcinj.com\/blog\/2012\/12\/17\/martina-ivezaj-pozon-nudo\/#primaryimage\"},\"datePublished\":\"2012-12-17T16:22:54+00:00\",\"dateModified\":\"2012-12-17T16:22:54+00:00\",\"author\":{\"@id\":\"https:\/\/www.visit-ulcinj.com\/blog\/#\/schema\/person\/dcab619c614d3038751c63bc2aadc06d\"},\"description\":\"Mund t\u00eb konsiderohet si nj\u00eb nga vajzat m\u00eb t\u00eb bukura n\u00eb Gjermani, pasi p\u00ebrfaq\u00ebsoi vendin n\u00eb spektaklin m\u00eb t\u00eb madh t\u00eb bukuris\u00eb n\u00eb bot\u00eb, \u201dMiss World\u201d.\",\"breadcrumb\":{\"@id\":\"https:\/\/www.visit-ulcinj.com\/blog\/2012\/12\/17\/martina-ivezaj-pozon-nudo\/#breadcrumb\"},\"inLanguage\":\"en-US\",\"potentialAction\":[{\"@type\":\"ReadAction\",\"target\":[\"https:\/\/www.visit-ulcinj.com\/blog\/2012\/12\/17\/martina-ivezaj-pozon-nudo\/\"]}]},{\"@type\":\"BreadcrumbList\",\"@id\":\"https:\/\/www.visit-ulcinj.com\/blog\/2012\/12\/17\/martina-ivezaj-pozon-nudo\/#breadcrumb\",\"itemListElement\":[{\"@type\":\"ListItem\",\"position\":1,\"name\":\"Martina Ivezaj pozon nudo\"}]},{\"@type\":\"Person\",\"@id\":\"https:\/\/www.visit-ulcinj.com\/blog\/#\/schema\/person\/dcab619c614d3038751c63bc2aadc06d\",\"name\":\"ulqini\",\"sameAs\":[\"http:\/\/www.visit-ulcinj.com\"],\"url\":\"https:\/\/www.visit-ulcinj.com\/blog\/author\/admin\/\"}]}<\/script>\n<!-- \/ Yoast SEO plugin. -->","yoast_head_json":{"title":"Martina Ivezaj pozon nudo - Lajme nga Ulqini","description":"Mund t\u00eb konsiderohet si nj\u00eb nga vajzat m\u00eb t\u00eb bukura n\u00eb Gjermani, pasi p\u00ebrfaq\u00ebsoi vendin n\u00eb spektaklin m\u00eb t\u00eb madh t\u00eb bukuris\u00eb n\u00eb bot\u00eb, \u201dMiss World\u201d.","robots":{"index":"index","follow":"follow","max-snippet":"max-snippet:-1","max-image-preview":"max-image-preview:large","max-video-preview":"max-video-preview:-1"},"canonical":"https:\/\/www.visit-ulcinj.com\/blog\/2012\/12\/17\/martina-ivezaj-pozon-nudo\/","og_locale":"en_US","og_type":"article","og_title":"Martina Ivezaj pozon nudo - Lajme nga Ulqini","og_description":"Mund t\u00eb konsiderohet si nj\u00eb nga vajzat m\u00eb t\u00eb bukura n\u00eb Gjermani, pasi p\u00ebrfaq\u00ebsoi vendin n\u00eb spektaklin m\u00eb t\u00eb madh t\u00eb bukuris\u00eb n\u00eb bot\u00eb, \u201dMiss World\u201d.","og_url":"https:\/\/www.visit-ulcinj.com\/blog\/2012\/12\/17\/martina-ivezaj-pozon-nudo\/","og_site_name":"Lajme nga Ulqini","article_published_time":"2012-12-17T16:22:54+00:00","og_image":[{"url":"http:\/\/www.visit-ulcinj.com\/blog\/wp-content\/uploads\/2012\/12\/Martina-Ivezaj_nudo.jpg"}],"twitter_misc":{"Written by":"ulqini","Est. reading time":"1 minute"},"schema":{"@context":"https:\/\/schema.org","@graph":[{"@type":"WebSite","@id":"https:\/\/www.visit-ulcinj.com\/blog\/#website","url":"https:\/\/www.visit-ulcinj.com\/blog\/","name":"Lajme nga Ulqini","description":"Lajme,Vijesti,Ulqini,Ulqin,Crna Gora,Mali i Zi","potentialAction":[{"@type":"SearchAction","target":{"@type":"EntryPoint","urlTemplate":"https:\/\/www.visit-ulcinj.com\/blog\/?s={search_term_string}"},"query-input":"required name=search_term_string"}],"inLanguage":"en-US"},{"@type":"ImageObject","inLanguage":"en-US","@id":"https:\/\/www.visit-ulcinj.com\/blog\/2012\/12\/17\/martina-ivezaj-pozon-nudo\/#primaryimage","url":"http:\/\/www.visit-ulcinj.com\/blog\/wp-content\/uploads\/2012\/12\/Martina-Ivezaj_nudo.jpg","contentUrl":"http:\/\/www.visit-ulcinj.com\/blog\/wp-content\/uploads\/2012\/12\/Martina-Ivezaj_nudo.jpg"},{"@type":"WebPage","@id":"https:\/\/www.visit-ulcinj.com\/blog\/2012\/12\/17\/martina-ivezaj-pozon-nudo\/#webpage","url":"https:\/\/www.visit-ulcinj.com\/blog\/2012\/12\/17\/martina-ivezaj-pozon-nudo\/","name":"Martina Ivezaj pozon nudo - Lajme nga Ulqini","isPartOf":{"@id":"https:\/\/www.visit-ulcinj.com\/blog\/#website"},"primaryImageOfPage":{"@id":"https:\/\/www.visit-ulcinj.com\/blog\/2012\/12\/17\/martina-ivezaj-pozon-nudo\/#primaryimage"},"datePublished":"2012-12-17T16:22:54+00:00","dateModified":"2012-12-17T16:22:54+00:00","author":{"@id":"https:\/\/www.visit-ulcinj.com\/blog\/#\/schema\/person\/dcab619c614d3038751c63bc2aadc06d"},"description":"Mund t\u00eb konsiderohet si nj\u00eb nga vajzat m\u00eb t\u00eb bukura n\u00eb Gjermani, pasi p\u00ebrfaq\u00ebsoi vendin n\u00eb spektaklin m\u00eb t\u00eb madh t\u00eb bukuris\u00eb n\u00eb bot\u00eb, \u201dMiss World\u201d.","breadcrumb":{"@id":"https:\/\/www.visit-ulcinj.com\/blog\/2012\/12\/17\/martina-ivezaj-pozon-nudo\/#breadcrumb"},"inLanguage":"en-US","potentialAction":[{"@type":"ReadAction","target":["https:\/\/www.visit-ulcinj.com\/blog\/2012\/12\/17\/martina-ivezaj-pozon-nudo\/"]}]},{"@type":"BreadcrumbList","@id":"https:\/\/www.visit-ulcinj.com\/blog\/2012\/12\/17\/martina-ivezaj-pozon-nudo\/#breadcrumb","itemListElement":[{"@type":"ListItem","position":1,"name":"Martina Ivezaj pozon nudo"}]},{"@type":"Person","@id":"https:\/\/www.visit-ulcinj.com\/blog\/#\/schema\/person\/dcab619c614d3038751c63bc2aadc06d","name":"ulqini","sameAs":["http:\/\/www.visit-ulcinj.com"],"url":"https:\/\/www.visit-ulcinj.com\/blog\/author\/admin\/"}]}},"jetpack_featured_media_url":"","jetpack_sharing_enabled":true,"jetpack_shortlink":"https:\/\/wp.me\/pe6lTn-hnn","_links":{"self":[{"href":"https:\/\/www.visit-ulcinj.com\/blog\/wp-json\/wp\/v2\/posts\/66797"}],"collection":[{"href":"https:\/\/www.visit-ulcinj.com\/blog\/wp-json\/wp\/v2\/posts"}],"about":[{"href":"https:\/\/www.visit-ulcinj.com\/blog\/wp-json\/wp\/v2\/types\/post"}],"author":[{"embeddable":true,"href":"https:\/\/www.visit-ulcinj.com\/blog\/wp-json\/wp\/v2\/users\/1"}],"replies":[{"embeddable":true,"href":"https:\/\/www.visit-ulcinj.com\/blog\/wp-json\/wp\/v2\/comments?post=66797"}],"version-history":[{"count":1,"href":"https:\/\/www.visit-ulcinj.com\/blog\/wp-json\/wp\/v2\/posts\/66797\/revisions"}],"predecessor-version":[{"id":66801,"href":"https:\/\/www.visit-ulcinj.com\/blog\/wp-json\/wp\/v2\/posts\/66797\/revisions\/66801"}],"wp:attachment":[{"href":"https:\/\/www.visit-ulcinj.com\/blog\/wp-json\/wp\/v2\/media?parent=66797"}],"wp:term":[{"taxonomy":"category","embeddable":true,"href":"https:\/\/www.visit-ulcinj.com\/blog\/wp-json\/wp\/v2\/categories?post=66797"},{"taxonomy":"post_tag","embeddable":true,"href":"https:\/\/www.visit-ulcinj.com\/blog\/wp-json\/wp\/v2\/tags?post=66797"}],"curies":[{"name":"wp","href":"https:\/\/api.w.org\/{rel}","templated":true}]}}