{"id":66806,"date":"2012-12-17T17:53:41","date_gmt":"2012-12-17T16:53:41","guid":{"rendered":"http:\/\/www.visit-ulcinj.com\/blog\/?p=66806"},"modified":"2012-12-17T17:53:41","modified_gmt":"2012-12-17T16:53:41","slug":"nora-istrefi-u-rikthehet-baladave","status":"publish","type":"post","link":"https:\/\/www.visit-ulcinj.com\/blog\/2012\/12\/17\/nora-istrefi-u-rikthehet-baladave\/","title":{"rendered":"Nora Istrefi u rikthehet baladave"},"content":{"rendered":"<p><a href=\"http:\/\/www.visit-ulcinj.com\/blog\/wp-content\/uploads\/2012\/12\/Nora-Istrefi.jpg\"><img loading=\"lazy\" class=\"alignleft  wp-image-66807\" alt=\"Nora Istrefi\" src=\"http:\/\/www.visit-ulcinj.com\/blog\/wp-content\/uploads\/2012\/12\/Nora-Istrefi.jpg\" width=\"508\" height=\"400\" \/><\/a>K\u00ebng\u00ebtarja kosovare Nora Istrefi ka b\u00ebr\u00eb publike k\u00ebng\u00ebn e saj t\u00eb re, \u201cNe t\u00eb 2\u201d. Kjo k\u00ebng\u00eb pas shum\u00eb koh\u00ebsh e sjell\u00eb Nor\u00ebn p\u00ebrs\u00ebri me nj\u00eb balad\u00eb t\u00eb ngroht\u00eb dashurie.<\/p>\n<p>K\u00ebnga flet p\u00ebr nj\u00eb dashuri t\u00ebhumbur si pasoj\u00eb e munges\u00ebs s\u00eb dashuris\u00eb reciproke dhe tashm\u00eb po p\u00ebrdoret p\u00ebr xhirimet e vitit t\u00eb ri, dhe besohet se do t\u00eb mbetet si sing\u00ebl pa klip pasi pak dit\u00eb kan\u00eb mbetur deri n\u00eb publikimin e k\u00ebng\u00ebs tjet\u00ebr t\u00eb saj n\u00eb bashk\u00ebpunim me Vig Poppa nga Kaos k\u00ebng\u00eb e cila \u00ebsht\u00eb punuar me klip, pasi q\u00eb Nora disa her\u00eb ka publikuar edhe foto nga shesh xhirimi.<\/p>\n<p>K\u00ebnga \u201cNe t\u00eb 2\u201d \u00ebsht\u00eb mir\u00ebpritur nga publiku i Nor\u00ebs t\u00eb cil\u00ebt u shpreh\u00ebn t\u00eb g\u00ebzuar q\u00eb ajo la pak pas vete k\u00ebng\u00ebt \u201ce egra\u201d si \u201cGangsa\u201d \u201cSki me ik\u201d etj. \/Indeksonline\/<\/p>\n<p><iframe loading=\"lazy\" width=\"508\" height=\"360\" src=\"http:\/\/www.youtube.com\/embed\/yg5Ty-9BSkk\" frameborder=\"0\" allowfullscreen><\/iframe><\/p>\n","protected":false},"excerpt":{"rendered":"<p>K\u00ebng\u00ebtarja kosovare Nora Istrefi ka b\u00ebr\u00eb publike k\u00ebng\u00ebn e saj t\u00eb re, \u201cNe t\u00eb 2\u201d. Kjo k\u00ebng\u00eb pas shum\u00eb koh\u00ebsh e sjell\u00eb Nor\u00ebn p\u00ebrs\u00ebri me nj\u00eb balad\u00eb t\u00eb ngroht\u00eb dashurie. K\u00ebnga flet p\u00ebr nj\u00eb dashuri t\u00ebhumbur si pasoj\u00eb e munges\u00ebs s\u00eb dashuris\u00eb reciproke dhe tashm\u00eb po p\u00ebrdoret p\u00ebr xhirimet e vitit t\u00eb ri, dhe besohet [&hellip;]<\/p>\n","protected":false},"author":1,"featured_media":0,"comment_status":"open","ping_status":"closed","sticky":false,"template":"","format":"standard","meta":{"spay_email":"","jetpack_publicize_message":"","jetpack_is_tweetstorm":false,"jetpack_publicize_feature_enabled":true},"categories":[1],"tags":[19677,19806,16036,19514,19511,4939,6693,4684,19460],"jetpack_publicize_connections":[],"yoast_head":"<!-- This site is optimized with the Yoast SEO plugin v19.1 - https:\/\/yoast.com\/wordpress\/plugins\/seo\/ -->\n<title>Nora Istrefi u rikthehet baladave - Lajme nga Ulqini<\/title>\n<meta name=\"description\" content=\"K\u00ebng\u00ebtarja kosovare Nora Istrefi ka b\u00ebr\u00eb publike k\u00ebng\u00ebn e saj t\u00eb re, \u201cNe t\u00eb 2\u201d. Kjo k\u00ebng\u00eb pas shum\u00eb koh\u00ebsh e sjell\u00eb Nor\u00ebn p\u00ebrs\u00ebri me nj\u00eb balad\u00eb t\u00eb ngroht\u00eb\" \/>\n<meta name=\"robots\" content=\"index, follow, max-snippet:-1, max-image-preview:large, max-video-preview:-1\" \/>\n<link rel=\"canonical\" href=\"https:\/\/www.visit-ulcinj.com\/blog\/2012\/12\/17\/nora-istrefi-u-rikthehet-baladave\/\" \/>\n<meta property=\"og:locale\" content=\"en_US\" \/>\n<meta property=\"og:type\" content=\"article\" \/>\n<meta property=\"og:title\" content=\"Nora Istrefi u rikthehet baladave - Lajme nga Ulqini\" \/>\n<meta property=\"og:description\" content=\"K\u00ebng\u00ebtarja kosovare Nora Istrefi ka b\u00ebr\u00eb publike k\u00ebng\u00ebn e saj t\u00eb re, \u201cNe t\u00eb 2\u201d. Kjo k\u00ebng\u00eb pas shum\u00eb koh\u00ebsh e sjell\u00eb Nor\u00ebn p\u00ebrs\u00ebri me nj\u00eb balad\u00eb t\u00eb ngroht\u00eb\" \/>\n<meta property=\"og:url\" content=\"https:\/\/www.visit-ulcinj.com\/blog\/2012\/12\/17\/nora-istrefi-u-rikthehet-baladave\/\" \/>\n<meta property=\"og:site_name\" content=\"Lajme nga Ulqini\" \/>\n<meta property=\"article:published_time\" content=\"2012-12-17T16:53:41+00:00\" \/>\n<meta property=\"og:image\" content=\"http:\/\/www.visit-ulcinj.com\/blog\/wp-content\/uploads\/2012\/12\/Nora-Istrefi.jpg\" \/>\n<meta name=\"twitter:label1\" content=\"Written by\" \/>\n\t<meta name=\"twitter:data1\" content=\"ulqini\" \/>\n\t<meta name=\"twitter:label2\" content=\"Est. reading time\" \/>\n\t<meta name=\"twitter:data2\" content=\"1 minute\" \/>\n<script type=\"application\/ld+json\" class=\"yoast-schema-graph\">{\"@context\":\"https:\/\/schema.org\",\"@graph\":[{\"@type\":\"WebSite\",\"@id\":\"https:\/\/www.visit-ulcinj.com\/blog\/#website\",\"url\":\"https:\/\/www.visit-ulcinj.com\/blog\/\",\"name\":\"Lajme nga Ulqini\",\"description\":\"Lajme,Vijesti,Ulqini,Ulqin,Crna Gora,Mali i Zi\",\"potentialAction\":[{\"@type\":\"SearchAction\",\"target\":{\"@type\":\"EntryPoint\",\"urlTemplate\":\"https:\/\/www.visit-ulcinj.com\/blog\/?s={search_term_string}\"},\"query-input\":\"required name=search_term_string\"}],\"inLanguage\":\"en-US\"},{\"@type\":\"ImageObject\",\"inLanguage\":\"en-US\",\"@id\":\"https:\/\/www.visit-ulcinj.com\/blog\/2012\/12\/17\/nora-istrefi-u-rikthehet-baladave\/#primaryimage\",\"url\":\"http:\/\/www.visit-ulcinj.com\/blog\/wp-content\/uploads\/2012\/12\/Nora-Istrefi.jpg\",\"contentUrl\":\"http:\/\/www.visit-ulcinj.com\/blog\/wp-content\/uploads\/2012\/12\/Nora-Istrefi.jpg\"},{\"@type\":\"WebPage\",\"@id\":\"https:\/\/www.visit-ulcinj.com\/blog\/2012\/12\/17\/nora-istrefi-u-rikthehet-baladave\/#webpage\",\"url\":\"https:\/\/www.visit-ulcinj.com\/blog\/2012\/12\/17\/nora-istrefi-u-rikthehet-baladave\/\",\"name\":\"Nora Istrefi u rikthehet baladave - Lajme nga Ulqini\",\"isPartOf\":{\"@id\":\"https:\/\/www.visit-ulcinj.com\/blog\/#website\"},\"primaryImageOfPage\":{\"@id\":\"https:\/\/www.visit-ulcinj.com\/blog\/2012\/12\/17\/nora-istrefi-u-rikthehet-baladave\/#primaryimage\"},\"datePublished\":\"2012-12-17T16:53:41+00:00\",\"dateModified\":\"2012-12-17T16:53:41+00:00\",\"author\":{\"@id\":\"https:\/\/www.visit-ulcinj.com\/blog\/#\/schema\/person\/dcab619c614d3038751c63bc2aadc06d\"},\"description\":\"K\u00ebng\u00ebtarja kosovare Nora Istrefi ka b\u00ebr\u00eb publike k\u00ebng\u00ebn e saj t\u00eb re, \u201cNe t\u00eb 2\u201d. Kjo k\u00ebng\u00eb pas shum\u00eb koh\u00ebsh e sjell\u00eb Nor\u00ebn p\u00ebrs\u00ebri me nj\u00eb balad\u00eb t\u00eb ngroht\u00eb\",\"breadcrumb\":{\"@id\":\"https:\/\/www.visit-ulcinj.com\/blog\/2012\/12\/17\/nora-istrefi-u-rikthehet-baladave\/#breadcrumb\"},\"inLanguage\":\"en-US\",\"potentialAction\":[{\"@type\":\"ReadAction\",\"target\":[\"https:\/\/www.visit-ulcinj.com\/blog\/2012\/12\/17\/nora-istrefi-u-rikthehet-baladave\/\"]}]},{\"@type\":\"BreadcrumbList\",\"@id\":\"https:\/\/www.visit-ulcinj.com\/blog\/2012\/12\/17\/nora-istrefi-u-rikthehet-baladave\/#breadcrumb\",\"itemListElement\":[{\"@type\":\"ListItem\",\"position\":1,\"name\":\"Nora Istrefi u rikthehet baladave\"}]},{\"@type\":\"Person\",\"@id\":\"https:\/\/www.visit-ulcinj.com\/blog\/#\/schema\/person\/dcab619c614d3038751c63bc2aadc06d\",\"name\":\"ulqini\",\"sameAs\":[\"http:\/\/www.visit-ulcinj.com\"],\"url\":\"https:\/\/www.visit-ulcinj.com\/blog\/author\/admin\/\"}]}<\/script>\n<!-- \/ Yoast SEO plugin. -->","yoast_head_json":{"title":"Nora Istrefi u rikthehet baladave - Lajme nga Ulqini","description":"K\u00ebng\u00ebtarja kosovare Nora Istrefi ka b\u00ebr\u00eb publike k\u00ebng\u00ebn e saj t\u00eb re, \u201cNe t\u00eb 2\u201d. Kjo k\u00ebng\u00eb pas shum\u00eb koh\u00ebsh e sjell\u00eb Nor\u00ebn p\u00ebrs\u00ebri me nj\u00eb balad\u00eb t\u00eb ngroht\u00eb","robots":{"index":"index","follow":"follow","max-snippet":"max-snippet:-1","max-image-preview":"max-image-preview:large","max-video-preview":"max-video-preview:-1"},"canonical":"https:\/\/www.visit-ulcinj.com\/blog\/2012\/12\/17\/nora-istrefi-u-rikthehet-baladave\/","og_locale":"en_US","og_type":"article","og_title":"Nora Istrefi u rikthehet baladave - Lajme nga Ulqini","og_description":"K\u00ebng\u00ebtarja kosovare Nora Istrefi ka b\u00ebr\u00eb publike k\u00ebng\u00ebn e saj t\u00eb re, \u201cNe t\u00eb 2\u201d. Kjo k\u00ebng\u00eb pas shum\u00eb koh\u00ebsh e sjell\u00eb Nor\u00ebn p\u00ebrs\u00ebri me nj\u00eb balad\u00eb t\u00eb ngroht\u00eb","og_url":"https:\/\/www.visit-ulcinj.com\/blog\/2012\/12\/17\/nora-istrefi-u-rikthehet-baladave\/","og_site_name":"Lajme nga Ulqini","article_published_time":"2012-12-17T16:53:41+00:00","og_image":[{"url":"http:\/\/www.visit-ulcinj.com\/blog\/wp-content\/uploads\/2012\/12\/Nora-Istrefi.jpg"}],"twitter_misc":{"Written by":"ulqini","Est. reading time":"1 minute"},"schema":{"@context":"https:\/\/schema.org","@graph":[{"@type":"WebSite","@id":"https:\/\/www.visit-ulcinj.com\/blog\/#website","url":"https:\/\/www.visit-ulcinj.com\/blog\/","name":"Lajme nga Ulqini","description":"Lajme,Vijesti,Ulqini,Ulqin,Crna Gora,Mali i Zi","potentialAction":[{"@type":"SearchAction","target":{"@type":"EntryPoint","urlTemplate":"https:\/\/www.visit-ulcinj.com\/blog\/?s={search_term_string}"},"query-input":"required name=search_term_string"}],"inLanguage":"en-US"},{"@type":"ImageObject","inLanguage":"en-US","@id":"https:\/\/www.visit-ulcinj.com\/blog\/2012\/12\/17\/nora-istrefi-u-rikthehet-baladave\/#primaryimage","url":"http:\/\/www.visit-ulcinj.com\/blog\/wp-content\/uploads\/2012\/12\/Nora-Istrefi.jpg","contentUrl":"http:\/\/www.visit-ulcinj.com\/blog\/wp-content\/uploads\/2012\/12\/Nora-Istrefi.jpg"},{"@type":"WebPage","@id":"https:\/\/www.visit-ulcinj.com\/blog\/2012\/12\/17\/nora-istrefi-u-rikthehet-baladave\/#webpage","url":"https:\/\/www.visit-ulcinj.com\/blog\/2012\/12\/17\/nora-istrefi-u-rikthehet-baladave\/","name":"Nora Istrefi u rikthehet baladave - Lajme nga Ulqini","isPartOf":{"@id":"https:\/\/www.visit-ulcinj.com\/blog\/#website"},"primaryImageOfPage":{"@id":"https:\/\/www.visit-ulcinj.com\/blog\/2012\/12\/17\/nora-istrefi-u-rikthehet-baladave\/#primaryimage"},"datePublished":"2012-12-17T16:53:41+00:00","dateModified":"2012-12-17T16:53:41+00:00","author":{"@id":"https:\/\/www.visit-ulcinj.com\/blog\/#\/schema\/person\/dcab619c614d3038751c63bc2aadc06d"},"description":"K\u00ebng\u00ebtarja kosovare Nora Istrefi ka b\u00ebr\u00eb publike k\u00ebng\u00ebn e saj t\u00eb re, \u201cNe t\u00eb 2\u201d. Kjo k\u00ebng\u00eb pas shum\u00eb koh\u00ebsh e sjell\u00eb Nor\u00ebn p\u00ebrs\u00ebri me nj\u00eb balad\u00eb t\u00eb ngroht\u00eb","breadcrumb":{"@id":"https:\/\/www.visit-ulcinj.com\/blog\/2012\/12\/17\/nora-istrefi-u-rikthehet-baladave\/#breadcrumb"},"inLanguage":"en-US","potentialAction":[{"@type":"ReadAction","target":["https:\/\/www.visit-ulcinj.com\/blog\/2012\/12\/17\/nora-istrefi-u-rikthehet-baladave\/"]}]},{"@type":"BreadcrumbList","@id":"https:\/\/www.visit-ulcinj.com\/blog\/2012\/12\/17\/nora-istrefi-u-rikthehet-baladave\/#breadcrumb","itemListElement":[{"@type":"ListItem","position":1,"name":"Nora Istrefi u rikthehet baladave"}]},{"@type":"Person","@id":"https:\/\/www.visit-ulcinj.com\/blog\/#\/schema\/person\/dcab619c614d3038751c63bc2aadc06d","name":"ulqini","sameAs":["http:\/\/www.visit-ulcinj.com"],"url":"https:\/\/www.visit-ulcinj.com\/blog\/author\/admin\/"}]}},"jetpack_featured_media_url":"","jetpack_sharing_enabled":true,"jetpack_shortlink":"https:\/\/wp.me\/pe6lTn-hnw","_links":{"self":[{"href":"https:\/\/www.visit-ulcinj.com\/blog\/wp-json\/wp\/v2\/posts\/66806"}],"collection":[{"href":"https:\/\/www.visit-ulcinj.com\/blog\/wp-json\/wp\/v2\/posts"}],"about":[{"href":"https:\/\/www.visit-ulcinj.com\/blog\/wp-json\/wp\/v2\/types\/post"}],"author":[{"embeddable":true,"href":"https:\/\/www.visit-ulcinj.com\/blog\/wp-json\/wp\/v2\/users\/1"}],"replies":[{"embeddable":true,"href":"https:\/\/www.visit-ulcinj.com\/blog\/wp-json\/wp\/v2\/comments?post=66806"}],"version-history":[{"count":1,"href":"https:\/\/www.visit-ulcinj.com\/blog\/wp-json\/wp\/v2\/posts\/66806\/revisions"}],"predecessor-version":[{"id":66808,"href":"https:\/\/www.visit-ulcinj.com\/blog\/wp-json\/wp\/v2\/posts\/66806\/revisions\/66808"}],"wp:attachment":[{"href":"https:\/\/www.visit-ulcinj.com\/blog\/wp-json\/wp\/v2\/media?parent=66806"}],"wp:term":[{"taxonomy":"category","embeddable":true,"href":"https:\/\/www.visit-ulcinj.com\/blog\/wp-json\/wp\/v2\/categories?post=66806"},{"taxonomy":"post_tag","embeddable":true,"href":"https:\/\/www.visit-ulcinj.com\/blog\/wp-json\/wp\/v2\/tags?post=66806"}],"curies":[{"name":"wp","href":"https:\/\/api.w.org\/{rel}","templated":true}]}}