{"id":66809,"date":"2012-12-17T21:38:59","date_gmt":"2012-12-17T20:38:59","guid":{"rendered":"http:\/\/www.visit-ulcinj.com\/blog\/?p=66809"},"modified":"2012-12-25T19:46:03","modified_gmt":"2012-12-25T18:46:03","slug":"forca-do-te-inicoje-ndryshimin-e-ligjit-per-festa-shteterore","status":"publish","type":"post","link":"https:\/\/www.visit-ulcinj.com\/blog\/2012\/12\/17\/forca-do-te-inicoje-ndryshimin-e-ligjit-per-festa-shteterore\/","title":{"rendered":"Forca do t\u00eb inicoj\u00eb ndryshimin e ligjit p\u00ebr festa shtet\u00ebrore"},"content":{"rendered":"<p><a href=\"http:\/\/www.visit-ulcinj.com\/blog\/wp-content\/uploads\/2012\/12\/forca-e-re.gif\"><img loading=\"lazy\" class=\"alignleft size-full wp-image-66810\" alt=\"forca e re\" src=\"http:\/\/www.visit-ulcinj.com\/blog\/wp-content\/uploads\/2012\/12\/forca-e-re.gif\" width=\"200\" height=\"200\" \/><\/a>FORCA E RE DEMOKRATIKE<br \/>\nNOVA DEMOKRATSKA SNAGA<br \/>\nBul. Skenderbeupn\/bb 85360 Ulqin\/Ulcinj<br \/>\nTel:. +382 030 401 760 Fax:; +382 030 401 761<br \/>\ninfo@forca.me, www.forca.me<\/p>\n<p style=\"text-align: right;\">Ulqin me 17.12.2012<br \/>\nNr.124 \/12<\/p>\n<p style=\"text-align: center;\"><strong>Kumtese p\u00ebr opinion<\/strong><\/p>\n<p style=\"text-align: center;\"><strong>FORCA DO T\u00cb INICOJ\u00cb NDRYSHIMIN E LIGJIT P\u00cbR FESTA SHTET\u00cbRORE<\/strong><\/p>\n<p style=\"text-align: left;\">Kremtimi i Dit\u00ebs s\u00eb Flamurit-28 N\u00ebntorit dhe vitit jubIlar t\u00eb 100 vjetorit t\u00eb themelimit t\u00eb Shqip\u00ebris\u00eb, edhe shqiptar\u00ebt n\u00eb Mal t\u00eb Zi e sh\u00ebnuan n\u00eb m\u00ebnyr\u00eb madheshtore. N\u00eb organizim t\u00eb K\u00ebshillit Nacional t\u00eb Shqiptar\u00ebve u organizuan manifestime dinjitoze nga Ulqini e deri n\u00eb Rozhaj\u00eb si asnj\u00ebher m\u00eb par\u00eb. Shqiptar\u00ebt ne ket\u00eb vit jubilar kan\u00eb stolisur sht\u00ebpiat e tyre me Falmuj komb\u00ebtar\u00eb m\u00eb tep\u00ebr se asnj\u00ebher tjet\u00ebr, ku \u00e7do gj\u00eb ishte n\u00eb ngjyrat kuq e zi.<\/p>\n<p>Por kjo atmosfer\u00eb festive si duket nuk ka qen\u00eb e mir\u00ebpritur nga struktura t\u00eb ndryshme. K\u00ebshtu n\u00eb saj\u00eb t\u00eb informacioneve q\u00eb disponojm\u00eb p\u00ebrve\u00e7 rastit t\u00eb marrjes n\u00eb polici n\u00eb bised\u00eb informative t\u00eb nx\u00ebn\u00ebsve t\u00eb shkoll\u00ebs s\u00eb mesme \u201cV\u00ebllaz\u00ebrim-bashkim\u201d n\u00eb Ulqin me 29 n\u00ebntor, p\u00ebr shkak se kan\u00eb k\u00ebnduar k\u00ebng\u00ebn \u201cXhamadani vija-vija, asht Kosova, asht Shqipnija\u201d dhe kan\u00eb shpalosur Flamurin Komb\u00ebtar Shqiptar me 28 n\u00ebntor n\u00eb lokalet e shkoll\u00ebs, po ashtu n\u00eb nj\u00eb bised\u00eb t\u00eb till\u00eb nga inspektori i arsimit, jan\u00eb marr\u00eb edhe m\u00ebsimdhen\u00ebsit e SHF \u201cBedri Elezaga\u201d n\u00eb Kat\u00ebrkoll\u00eb, paralelja e ndar\u00eb n\u00eb Kryth\u00eb me dat\u00ebn 26 n\u00ebntor 2012. Shkas sipas tij ishte se me rastin e organizimit t\u00eb nj\u00eb programi artistik me dat\u00ebn 20 n\u00ebntor 2012, nx\u00ebn\u00ebsit e k\u00ebsaj shkolle n\u00eb lokalet e shkoll\u00ebs kan\u00eb shpalosur Flamurin Komb\u00ebtar Shqiptar, ku sipas inspektorit \u00ebsht\u00eb vepruar n\u00eb m\u00ebnyr\u00eb kund\u00ebr ligjore, qe d\u00ebshmohet sipas procesverbalit.<br \/>\nVeprimet e tilla si nga ana e policis\u00eb dhe e inspektorit t\u00eb arsimit, jan\u00eb t\u00eb denueshme dhe t\u00eb palejueshme sepse cenojn\u00eb t\u00eb drejt\u00ebn nacionale dhe qytetare t\u00eb shqiptar\u00ebve qe jan\u00eb t\u00eb garantuara me Kushtetut\u00ebn e Malit t\u00eb Zi, Ligjin p\u00ebr mbrojtjen e pakicave nacionale, si dhe Kart\u00ebn Evropiane e t\u00eb Drejtave t\u00eb Njeriut.<br \/>\nVeprimet e tilla t\u00eb kujtojn\u00eb koh\u00ebn e pas vitit 1981 kur shqiptar\u00ebt merreshin n\u00eb pyetje dhe denoheshin me procese gjyq\u00ebsore t\u00eb montuara. Veprimet e tilla jan\u00eb irituese dhe nuk jan\u00eb n\u00eb favor t\u00eb barazis\u00eb nacionale dhe qytetare n\u00eb nj\u00eb mjedis multinacional sikurse esht\u00eb Mali i Zi.<br \/>\nN\u00eb lidhje me k\u00ebto \u00e7\u00ebshtje Forca p\u00ebr bashkim do inicoj\u00eb ndryshimin e Ligjit p\u00ebr festat shtet\u00ebrore dhe ato te tjera, duke k\u00ebrkuar legalizimin edhe t\u00eb festave nacionale t\u00eb popujve q\u00eb jetojn\u00eb n\u00eb ket\u00eb bashk\u00ebsi multinacionale sikurse n\u00eb shtetet demokratike evropiane.<\/p>\n<p style=\"text-align: left;\">Sh\u00ebrbimi p\u00ebr informim<\/p>\n","protected":false},"excerpt":{"rendered":"<p>FORCA E RE DEMOKRATIKE NOVA DEMOKRATSKA SNAGA Bul. Skenderbeupn\/bb 85360 Ulqin\/Ulcinj Tel:. +382 030 401 760 Fax:; +382 030 401 761 info@forca.me, www.forca.me Ulqin me 17.12.2012 Nr.124 \/12 Kumtese p\u00ebr opinion FORCA DO T\u00cb INICOJ\u00cb NDRYSHIMIN E LIGJIT P\u00cbR FESTA SHTET\u00cbRORE Kremtimi i Dit\u00ebs s\u00eb Flamurit-28 N\u00ebntorit dhe vitit jubIlar t\u00eb 100 vjetorit t\u00eb themelimit [&hellip;]<\/p>\n","protected":false},"author":1,"featured_media":0,"comment_status":"open","ping_status":"closed","sticky":false,"template":"","format":"standard","meta":{"spay_email":"","jetpack_publicize_message":"","jetpack_is_tweetstorm":false,"jetpack_publicize_feature_enabled":true},"categories":[1,12],"tags":[14351,3505,212,16553,17828,16552,17834,18370,17811,14352,17831,18362,14349,15136,14353,3510,17808,16245,17401,3502,14354,714,12340,14355,15798,17840,17839,18363,16558,19585,16216,17835,20,17814,17810,17816,14356,17071,17807,3730,3516,14652,14357,3511,15139,17837,17827,16246,16237,16238,21579,6011,10203,3504,14358,19020,3220,222,17802,17812,17803,16214,17820,17825,17817,16249,16564,16547,16559,16565,16551,17805,8966,22011,305,16491,19584,16247,16563,17823,17832,19586,14359,3506,17818,3499,214,17680,14360,14361,3509,16210,17402,16211,14362,19541,216,14363,18371,194,16248,19501,3507,14655,17800,498,3717,3500,1762,4625,16490,115,3228,14364,362,22008,17799,14657,3327,15140,17841,19627,17826,15213,18236,13230,3512,17806,729,16212,11648,18289,17838,95,19583,17813,19587,17804,5937,14365,15141,14658,3227,17836,14366,79,14661,17073,3513,14348,1082,16234,16241,16233,18369,16478,4642,3514,1653,16244,1909,17815,14367,92,13393,16566,17801,18360,14663,19543,125,14906,17822,3501,14368,14369,19542,14665,14664,16243,17824,14370,14666,18291,16557,10472,16236,16232,2083,3231,14371,41,3617,16769,3508,15143,14372,3503,14373,14374,17844,3515,17821,16235,16240,5589,18372,17830,16215,17077,3498,2800,18295,15160,14375,17833,17829,899,16242,16546,19,409,200,18,17819,1388,17809,16570,16213,16239,14376],"jetpack_publicize_connections":[],"yoast_head":"<!-- This site is optimized with the Yoast SEO plugin v19.1 - https:\/\/yoast.com\/wordpress\/plugins\/seo\/ -->\n<title>Forca do t\u00eb inicoj\u00eb ndryshimin e ligjit p\u00ebr festa shtet\u00ebrore - Lajme nga Ulqini<\/title>\n<meta name=\"description\" content=\"FORCA E RE DEMOKRATIKE NOVA DEMOKRATSKA SNAGA Bul. Skenderbeupn\/bb 85360 Ulqin\/Ulcinj Tel:. +382 030 401 760 Fax:; +382 030 401 761 info@forca.me,\" \/>\n<meta name=\"robots\" content=\"index, follow, max-snippet:-1, max-image-preview:large, max-video-preview:-1\" \/>\n<link rel=\"canonical\" href=\"https:\/\/www.visit-ulcinj.com\/blog\/2012\/12\/17\/forca-do-te-inicoje-ndryshimin-e-ligjit-per-festa-shteterore\/\" \/>\n<meta property=\"og:locale\" content=\"en_US\" \/>\n<meta property=\"og:type\" content=\"article\" \/>\n<meta property=\"og:title\" content=\"Forca do t\u00eb inicoj\u00eb ndryshimin e ligjit p\u00ebr festa shtet\u00ebrore - Lajme nga Ulqini\" \/>\n<meta property=\"og:description\" content=\"FORCA E RE DEMOKRATIKE NOVA DEMOKRATSKA SNAGA Bul. Skenderbeupn\/bb 85360 Ulqin\/Ulcinj Tel:. +382 030 401 760 Fax:; +382 030 401 761 info@forca.me,\" \/>\n<meta property=\"og:url\" content=\"https:\/\/www.visit-ulcinj.com\/blog\/2012\/12\/17\/forca-do-te-inicoje-ndryshimin-e-ligjit-per-festa-shteterore\/\" \/>\n<meta property=\"og:site_name\" content=\"Lajme nga Ulqini\" \/>\n<meta property=\"article:published_time\" content=\"2012-12-17T20:38:59+00:00\" \/>\n<meta property=\"article:modified_time\" content=\"2012-12-25T18:46:03+00:00\" \/>\n<meta property=\"og:image\" content=\"http:\/\/www.visit-ulcinj.com\/blog\/wp-content\/uploads\/2012\/12\/forca-e-re.gif\" \/>\n<meta name=\"twitter:label1\" content=\"Written by\" \/>\n\t<meta name=\"twitter:data1\" content=\"ulqini\" \/>\n\t<meta name=\"twitter:label2\" content=\"Est. reading time\" \/>\n\t<meta name=\"twitter:data2\" content=\"2 minutes\" \/>\n<script type=\"application\/ld+json\" class=\"yoast-schema-graph\">{\"@context\":\"https:\/\/schema.org\",\"@graph\":[{\"@type\":\"WebSite\",\"@id\":\"https:\/\/www.visit-ulcinj.com\/blog\/#website\",\"url\":\"https:\/\/www.visit-ulcinj.com\/blog\/\",\"name\":\"Lajme nga Ulqini\",\"description\":\"Lajme,Vijesti,Ulqini,Ulqin,Crna Gora,Mali i Zi\",\"potentialAction\":[{\"@type\":\"SearchAction\",\"target\":{\"@type\":\"EntryPoint\",\"urlTemplate\":\"https:\/\/www.visit-ulcinj.com\/blog\/?s={search_term_string}\"},\"query-input\":\"required name=search_term_string\"}],\"inLanguage\":\"en-US\"},{\"@type\":\"ImageObject\",\"inLanguage\":\"en-US\",\"@id\":\"https:\/\/www.visit-ulcinj.com\/blog\/2012\/12\/17\/forca-do-te-inicoje-ndryshimin-e-ligjit-per-festa-shteterore\/#primaryimage\",\"url\":\"https:\/\/www.visit-ulcinj.com\/blog\/wp-content\/uploads\/2012\/12\/forca-e-re.gif\",\"contentUrl\":\"https:\/\/www.visit-ulcinj.com\/blog\/wp-content\/uploads\/2012\/12\/forca-e-re.gif\",\"width\":200,\"height\":200},{\"@type\":\"WebPage\",\"@id\":\"https:\/\/www.visit-ulcinj.com\/blog\/2012\/12\/17\/forca-do-te-inicoje-ndryshimin-e-ligjit-per-festa-shteterore\/#webpage\",\"url\":\"https:\/\/www.visit-ulcinj.com\/blog\/2012\/12\/17\/forca-do-te-inicoje-ndryshimin-e-ligjit-per-festa-shteterore\/\",\"name\":\"Forca do t\u00eb inicoj\u00eb ndryshimin e ligjit p\u00ebr festa shtet\u00ebrore - Lajme nga Ulqini\",\"isPartOf\":{\"@id\":\"https:\/\/www.visit-ulcinj.com\/blog\/#website\"},\"primaryImageOfPage\":{\"@id\":\"https:\/\/www.visit-ulcinj.com\/blog\/2012\/12\/17\/forca-do-te-inicoje-ndryshimin-e-ligjit-per-festa-shteterore\/#primaryimage\"},\"datePublished\":\"2012-12-17T20:38:59+00:00\",\"dateModified\":\"2012-12-25T18:46:03+00:00\",\"author\":{\"@id\":\"https:\/\/www.visit-ulcinj.com\/blog\/#\/schema\/person\/dcab619c614d3038751c63bc2aadc06d\"},\"description\":\"FORCA E RE DEMOKRATIKE NOVA DEMOKRATSKA SNAGA Bul. Skenderbeupn\/bb 85360 Ulqin\/Ulcinj Tel:. +382 030 401 760 Fax:; +382 030 401 761 info@forca.me,\",\"breadcrumb\":{\"@id\":\"https:\/\/www.visit-ulcinj.com\/blog\/2012\/12\/17\/forca-do-te-inicoje-ndryshimin-e-ligjit-per-festa-shteterore\/#breadcrumb\"},\"inLanguage\":\"en-US\",\"potentialAction\":[{\"@type\":\"ReadAction\",\"target\":[\"https:\/\/www.visit-ulcinj.com\/blog\/2012\/12\/17\/forca-do-te-inicoje-ndryshimin-e-ligjit-per-festa-shteterore\/\"]}]},{\"@type\":\"BreadcrumbList\",\"@id\":\"https:\/\/www.visit-ulcinj.com\/blog\/2012\/12\/17\/forca-do-te-inicoje-ndryshimin-e-ligjit-per-festa-shteterore\/#breadcrumb\",\"itemListElement\":[{\"@type\":\"ListItem\",\"position\":1,\"name\":\"Forca do t\u00eb inicoj\u00eb ndryshimin e ligjit p\u00ebr festa shtet\u00ebrore\"}]},{\"@type\":\"Person\",\"@id\":\"https:\/\/www.visit-ulcinj.com\/blog\/#\/schema\/person\/dcab619c614d3038751c63bc2aadc06d\",\"name\":\"ulqini\",\"sameAs\":[\"http:\/\/www.visit-ulcinj.com\"],\"url\":\"https:\/\/www.visit-ulcinj.com\/blog\/author\/admin\/\"}]}<\/script>\n<!-- \/ Yoast SEO plugin. -->","yoast_head_json":{"title":"Forca do t\u00eb inicoj\u00eb ndryshimin e ligjit p\u00ebr festa shtet\u00ebrore - Lajme nga Ulqini","description":"FORCA E RE DEMOKRATIKE NOVA DEMOKRATSKA SNAGA Bul. Skenderbeupn\/bb 85360 Ulqin\/Ulcinj Tel:. +382 030 401 760 Fax:; +382 030 401 761 info@forca.me,","robots":{"index":"index","follow":"follow","max-snippet":"max-snippet:-1","max-image-preview":"max-image-preview:large","max-video-preview":"max-video-preview:-1"},"canonical":"https:\/\/www.visit-ulcinj.com\/blog\/2012\/12\/17\/forca-do-te-inicoje-ndryshimin-e-ligjit-per-festa-shteterore\/","og_locale":"en_US","og_type":"article","og_title":"Forca do t\u00eb inicoj\u00eb ndryshimin e ligjit p\u00ebr festa shtet\u00ebrore - Lajme nga Ulqini","og_description":"FORCA E RE DEMOKRATIKE NOVA DEMOKRATSKA SNAGA Bul. Skenderbeupn\/bb 85360 Ulqin\/Ulcinj Tel:. +382 030 401 760 Fax:; +382 030 401 761 info@forca.me,","og_url":"https:\/\/www.visit-ulcinj.com\/blog\/2012\/12\/17\/forca-do-te-inicoje-ndryshimin-e-ligjit-per-festa-shteterore\/","og_site_name":"Lajme nga Ulqini","article_published_time":"2012-12-17T20:38:59+00:00","article_modified_time":"2012-12-25T18:46:03+00:00","og_image":[{"url":"http:\/\/www.visit-ulcinj.com\/blog\/wp-content\/uploads\/2012\/12\/forca-e-re.gif"}],"twitter_misc":{"Written by":"ulqini","Est. reading time":"2 minutes"},"schema":{"@context":"https:\/\/schema.org","@graph":[{"@type":"WebSite","@id":"https:\/\/www.visit-ulcinj.com\/blog\/#website","url":"https:\/\/www.visit-ulcinj.com\/blog\/","name":"Lajme nga Ulqini","description":"Lajme,Vijesti,Ulqini,Ulqin,Crna Gora,Mali i Zi","potentialAction":[{"@type":"SearchAction","target":{"@type":"EntryPoint","urlTemplate":"https:\/\/www.visit-ulcinj.com\/blog\/?s={search_term_string}"},"query-input":"required name=search_term_string"}],"inLanguage":"en-US"},{"@type":"ImageObject","inLanguage":"en-US","@id":"https:\/\/www.visit-ulcinj.com\/blog\/2012\/12\/17\/forca-do-te-inicoje-ndryshimin-e-ligjit-per-festa-shteterore\/#primaryimage","url":"https:\/\/www.visit-ulcinj.com\/blog\/wp-content\/uploads\/2012\/12\/forca-e-re.gif","contentUrl":"https:\/\/www.visit-ulcinj.com\/blog\/wp-content\/uploads\/2012\/12\/forca-e-re.gif","width":200,"height":200},{"@type":"WebPage","@id":"https:\/\/www.visit-ulcinj.com\/blog\/2012\/12\/17\/forca-do-te-inicoje-ndryshimin-e-ligjit-per-festa-shteterore\/#webpage","url":"https:\/\/www.visit-ulcinj.com\/blog\/2012\/12\/17\/forca-do-te-inicoje-ndryshimin-e-ligjit-per-festa-shteterore\/","name":"Forca do t\u00eb inicoj\u00eb ndryshimin e ligjit p\u00ebr festa shtet\u00ebrore - Lajme nga Ulqini","isPartOf":{"@id":"https:\/\/www.visit-ulcinj.com\/blog\/#website"},"primaryImageOfPage":{"@id":"https:\/\/www.visit-ulcinj.com\/blog\/2012\/12\/17\/forca-do-te-inicoje-ndryshimin-e-ligjit-per-festa-shteterore\/#primaryimage"},"datePublished":"2012-12-17T20:38:59+00:00","dateModified":"2012-12-25T18:46:03+00:00","author":{"@id":"https:\/\/www.visit-ulcinj.com\/blog\/#\/schema\/person\/dcab619c614d3038751c63bc2aadc06d"},"description":"FORCA E RE DEMOKRATIKE NOVA DEMOKRATSKA SNAGA Bul. Skenderbeupn\/bb 85360 Ulqin\/Ulcinj Tel:. +382 030 401 760 Fax:; +382 030 401 761 info@forca.me,","breadcrumb":{"@id":"https:\/\/www.visit-ulcinj.com\/blog\/2012\/12\/17\/forca-do-te-inicoje-ndryshimin-e-ligjit-per-festa-shteterore\/#breadcrumb"},"inLanguage":"en-US","potentialAction":[{"@type":"ReadAction","target":["https:\/\/www.visit-ulcinj.com\/blog\/2012\/12\/17\/forca-do-te-inicoje-ndryshimin-e-ligjit-per-festa-shteterore\/"]}]},{"@type":"BreadcrumbList","@id":"https:\/\/www.visit-ulcinj.com\/blog\/2012\/12\/17\/forca-do-te-inicoje-ndryshimin-e-ligjit-per-festa-shteterore\/#breadcrumb","itemListElement":[{"@type":"ListItem","position":1,"name":"Forca do t\u00eb inicoj\u00eb ndryshimin e ligjit p\u00ebr festa shtet\u00ebrore"}]},{"@type":"Person","@id":"https:\/\/www.visit-ulcinj.com\/blog\/#\/schema\/person\/dcab619c614d3038751c63bc2aadc06d","name":"ulqini","sameAs":["http:\/\/www.visit-ulcinj.com"],"url":"https:\/\/www.visit-ulcinj.com\/blog\/author\/admin\/"}]}},"jetpack_featured_media_url":"","jetpack_sharing_enabled":true,"jetpack_shortlink":"https:\/\/wp.me\/pe6lTn-hnz","_links":{"self":[{"href":"https:\/\/www.visit-ulcinj.com\/blog\/wp-json\/wp\/v2\/posts\/66809"}],"collection":[{"href":"https:\/\/www.visit-ulcinj.com\/blog\/wp-json\/wp\/v2\/posts"}],"about":[{"href":"https:\/\/www.visit-ulcinj.com\/blog\/wp-json\/wp\/v2\/types\/post"}],"author":[{"embeddable":true,"href":"https:\/\/www.visit-ulcinj.com\/blog\/wp-json\/wp\/v2\/users\/1"}],"replies":[{"embeddable":true,"href":"https:\/\/www.visit-ulcinj.com\/blog\/wp-json\/wp\/v2\/comments?post=66809"}],"version-history":[{"count":7,"href":"https:\/\/www.visit-ulcinj.com\/blog\/wp-json\/wp\/v2\/posts\/66809\/revisions"}],"predecessor-version":[{"id":67148,"href":"https:\/\/www.visit-ulcinj.com\/blog\/wp-json\/wp\/v2\/posts\/66809\/revisions\/67148"}],"wp:attachment":[{"href":"https:\/\/www.visit-ulcinj.com\/blog\/wp-json\/wp\/v2\/media?parent=66809"}],"wp:term":[{"taxonomy":"category","embeddable":true,"href":"https:\/\/www.visit-ulcinj.com\/blog\/wp-json\/wp\/v2\/categories?post=66809"},{"taxonomy":"post_tag","embeddable":true,"href":"https:\/\/www.visit-ulcinj.com\/blog\/wp-json\/wp\/v2\/tags?post=66809"}],"curies":[{"name":"wp","href":"https:\/\/api.w.org\/{rel}","templated":true}]}}