{"id":66828,"date":"2012-12-18T17:57:02","date_gmt":"2012-12-18T16:57:02","guid":{"rendered":"http:\/\/www.visit-ulcinj.com\/blog\/?p=66828"},"modified":"2012-12-22T09:32:46","modified_gmt":"2012-12-22T08:32:46","slug":"srecnu-novu-2013-vam-zeli-htp-ulcinjska-rivijera","status":"publish","type":"post","link":"https:\/\/www.visit-ulcinj.com\/blog\/2012\/12\/18\/srecnu-novu-2013-vam-zeli-htp-ulcinjska-rivijera\/","title":{"rendered":"Sre\u0107nu Novu 2013 vam \u017eeli HTP &#8220;Ulcinjska rivijera&#8221;"},"content":{"rendered":"<p><a href=\"http:\/\/www.visit-ulcinj.com\/blog\/wp-content\/uploads\/2012\/12\/Srecnu-Novu-godinu-2013_-HTP-Ulcinjska-rivijera.jpg\"><img loading=\"lazy\" class=\"alignleft  wp-image-66829\" alt=\"Srecnu Novu godinu 2013_ HTP Ulcinjska rivijera\" src=\"http:\/\/www.visit-ulcinj.com\/blog\/wp-content\/uploads\/2012\/12\/Srecnu-Novu-godinu-2013_-HTP-Ulcinjska-rivijera.jpg\" width=\"508\" height=\"360\" \/><\/a>\u017delimo Vam da praznike koji predstoje provedete u zdravlju! Sre\u0107nu i uspje\u0161nu Novu 2013. Vam \u017eeli HTP &#8220;Ulcinjska rivijera&#8221;.<\/p>\n","protected":false},"excerpt":{"rendered":"<p>\u017delimo Vam da praznike koji predstoje provedete u zdravlju! Sre\u0107nu i uspje\u0161nu Novu 2013. Vam \u017eeli HTP &#8220;Ulcinjska rivijera&#8221;.<\/p>\n","protected":false},"author":1,"featured_media":0,"comment_status":"open","ping_status":"closed","sticky":false,"template":"","format":"standard","meta":{"spay_email":"","jetpack_publicize_message":"","jetpack_is_tweetstorm":false,"jetpack_publicize_feature_enabled":true},"categories":[8337],"tags":[250,21622,19],"jetpack_publicize_connections":[],"yoast_head":"<!-- This site is optimized with the Yoast SEO plugin v19.1 - https:\/\/yoast.com\/wordpress\/plugins\/seo\/ -->\n<title>Sre\u0107nu Novu 2013 vam \u017eeli HTP &quot;Ulcinjska rivijera&quot; - Lajme nga Ulqini<\/title>\n<meta name=\"description\" content=\"\u017delimo Vam da praznike koji predstoje provedete u zdravlju! Sre\u0107nu i uspje\u0161nu Novu 2013. Vam \u017eeli HTP &quot;Ulcinjska rivijera&quot;.\" \/>\n<meta name=\"robots\" content=\"index, follow, max-snippet:-1, max-image-preview:large, max-video-preview:-1\" \/>\n<link rel=\"canonical\" href=\"https:\/\/www.visit-ulcinj.com\/blog\/2012\/12\/18\/srecnu-novu-2013-vam-zeli-htp-ulcinjska-rivijera\/\" \/>\n<meta property=\"og:locale\" content=\"en_US\" \/>\n<meta property=\"og:type\" content=\"article\" \/>\n<meta property=\"og:title\" content=\"Sre\u0107nu Novu 2013 vam \u017eeli HTP &quot;Ulcinjska rivijera&quot; - Lajme nga Ulqini\" \/>\n<meta property=\"og:description\" content=\"\u017delimo Vam da praznike koji predstoje provedete u zdravlju! Sre\u0107nu i uspje\u0161nu Novu 2013. Vam \u017eeli HTP &quot;Ulcinjska rivijera&quot;.\" \/>\n<meta property=\"og:url\" content=\"https:\/\/www.visit-ulcinj.com\/blog\/2012\/12\/18\/srecnu-novu-2013-vam-zeli-htp-ulcinjska-rivijera\/\" \/>\n<meta property=\"og:site_name\" content=\"Lajme nga Ulqini\" \/>\n<meta property=\"article:published_time\" content=\"2012-12-18T16:57:02+00:00\" \/>\n<meta property=\"article:modified_time\" content=\"2012-12-22T08:32:46+00:00\" \/>\n<meta property=\"og:image\" content=\"http:\/\/www.visit-ulcinj.com\/blog\/wp-content\/uploads\/2012\/12\/Srecnu-Novu-godinu-2013_-HTP-Ulcinjska-rivijera.jpg\" \/>\n<meta name=\"twitter:label1\" content=\"Written by\" \/>\n\t<meta name=\"twitter:data1\" content=\"ulqini\" \/>\n<script type=\"application\/ld+json\" class=\"yoast-schema-graph\">{\"@context\":\"https:\/\/schema.org\",\"@graph\":[{\"@type\":\"WebSite\",\"@id\":\"https:\/\/www.visit-ulcinj.com\/blog\/#website\",\"url\":\"https:\/\/www.visit-ulcinj.com\/blog\/\",\"name\":\"Lajme nga Ulqini\",\"description\":\"Lajme,Vijesti,Ulqini,Ulqin,Crna Gora,Mali i Zi\",\"potentialAction\":[{\"@type\":\"SearchAction\",\"target\":{\"@type\":\"EntryPoint\",\"urlTemplate\":\"https:\/\/www.visit-ulcinj.com\/blog\/?s={search_term_string}\"},\"query-input\":\"required name=search_term_string\"}],\"inLanguage\":\"en-US\"},{\"@type\":\"ImageObject\",\"inLanguage\":\"en-US\",\"@id\":\"https:\/\/www.visit-ulcinj.com\/blog\/2012\/12\/18\/srecnu-novu-2013-vam-zeli-htp-ulcinjska-rivijera\/#primaryimage\",\"url\":\"https:\/\/www.visit-ulcinj.com\/blog\/wp-content\/uploads\/2012\/12\/Srecnu-Novu-godinu-2013_-HTP-Ulcinjska-rivijera.jpg\",\"contentUrl\":\"https:\/\/www.visit-ulcinj.com\/blog\/wp-content\/uploads\/2012\/12\/Srecnu-Novu-godinu-2013_-HTP-Ulcinjska-rivijera.jpg\",\"width\":1024,\"height\":683},{\"@type\":\"WebPage\",\"@id\":\"https:\/\/www.visit-ulcinj.com\/blog\/2012\/12\/18\/srecnu-novu-2013-vam-zeli-htp-ulcinjska-rivijera\/#webpage\",\"url\":\"https:\/\/www.visit-ulcinj.com\/blog\/2012\/12\/18\/srecnu-novu-2013-vam-zeli-htp-ulcinjska-rivijera\/\",\"name\":\"Sre\u0107nu Novu 2013 vam \u017eeli HTP \\\"Ulcinjska rivijera\\\" - Lajme nga Ulqini\",\"isPartOf\":{\"@id\":\"https:\/\/www.visit-ulcinj.com\/blog\/#website\"},\"primaryImageOfPage\":{\"@id\":\"https:\/\/www.visit-ulcinj.com\/blog\/2012\/12\/18\/srecnu-novu-2013-vam-zeli-htp-ulcinjska-rivijera\/#primaryimage\"},\"datePublished\":\"2012-12-18T16:57:02+00:00\",\"dateModified\":\"2012-12-22T08:32:46+00:00\",\"author\":{\"@id\":\"https:\/\/www.visit-ulcinj.com\/blog\/#\/schema\/person\/dcab619c614d3038751c63bc2aadc06d\"},\"description\":\"\u017delimo Vam da praznike koji predstoje provedete u zdravlju! Sre\u0107nu i uspje\u0161nu Novu 2013. Vam \u017eeli HTP \\\"Ulcinjska rivijera\\\".\",\"breadcrumb\":{\"@id\":\"https:\/\/www.visit-ulcinj.com\/blog\/2012\/12\/18\/srecnu-novu-2013-vam-zeli-htp-ulcinjska-rivijera\/#breadcrumb\"},\"inLanguage\":\"en-US\",\"potentialAction\":[{\"@type\":\"ReadAction\",\"target\":[\"https:\/\/www.visit-ulcinj.com\/blog\/2012\/12\/18\/srecnu-novu-2013-vam-zeli-htp-ulcinjska-rivijera\/\"]}]},{\"@type\":\"BreadcrumbList\",\"@id\":\"https:\/\/www.visit-ulcinj.com\/blog\/2012\/12\/18\/srecnu-novu-2013-vam-zeli-htp-ulcinjska-rivijera\/#breadcrumb\",\"itemListElement\":[{\"@type\":\"ListItem\",\"position\":1,\"name\":\"Sre\u0107nu Novu 2013 vam \u017eeli HTP &#8220;Ulcinjska rivijera&#8221;\"}]},{\"@type\":\"Person\",\"@id\":\"https:\/\/www.visit-ulcinj.com\/blog\/#\/schema\/person\/dcab619c614d3038751c63bc2aadc06d\",\"name\":\"ulqini\",\"sameAs\":[\"http:\/\/www.visit-ulcinj.com\"],\"url\":\"https:\/\/www.visit-ulcinj.com\/blog\/author\/admin\/\"}]}<\/script>\n<!-- \/ Yoast SEO plugin. -->","yoast_head_json":{"title":"Sre\u0107nu Novu 2013 vam \u017eeli HTP \"Ulcinjska rivijera\" - Lajme nga Ulqini","description":"\u017delimo Vam da praznike koji predstoje provedete u zdravlju! Sre\u0107nu i uspje\u0161nu Novu 2013. Vam \u017eeli HTP \"Ulcinjska rivijera\".","robots":{"index":"index","follow":"follow","max-snippet":"max-snippet:-1","max-image-preview":"max-image-preview:large","max-video-preview":"max-video-preview:-1"},"canonical":"https:\/\/www.visit-ulcinj.com\/blog\/2012\/12\/18\/srecnu-novu-2013-vam-zeli-htp-ulcinjska-rivijera\/","og_locale":"en_US","og_type":"article","og_title":"Sre\u0107nu Novu 2013 vam \u017eeli HTP \"Ulcinjska rivijera\" - Lajme nga Ulqini","og_description":"\u017delimo Vam da praznike koji predstoje provedete u zdravlju! Sre\u0107nu i uspje\u0161nu Novu 2013. Vam \u017eeli HTP \"Ulcinjska rivijera\".","og_url":"https:\/\/www.visit-ulcinj.com\/blog\/2012\/12\/18\/srecnu-novu-2013-vam-zeli-htp-ulcinjska-rivijera\/","og_site_name":"Lajme nga Ulqini","article_published_time":"2012-12-18T16:57:02+00:00","article_modified_time":"2012-12-22T08:32:46+00:00","og_image":[{"url":"http:\/\/www.visit-ulcinj.com\/blog\/wp-content\/uploads\/2012\/12\/Srecnu-Novu-godinu-2013_-HTP-Ulcinjska-rivijera.jpg"}],"twitter_misc":{"Written by":"ulqini"},"schema":{"@context":"https:\/\/schema.org","@graph":[{"@type":"WebSite","@id":"https:\/\/www.visit-ulcinj.com\/blog\/#website","url":"https:\/\/www.visit-ulcinj.com\/blog\/","name":"Lajme nga Ulqini","description":"Lajme,Vijesti,Ulqini,Ulqin,Crna Gora,Mali i Zi","potentialAction":[{"@type":"SearchAction","target":{"@type":"EntryPoint","urlTemplate":"https:\/\/www.visit-ulcinj.com\/blog\/?s={search_term_string}"},"query-input":"required name=search_term_string"}],"inLanguage":"en-US"},{"@type":"ImageObject","inLanguage":"en-US","@id":"https:\/\/www.visit-ulcinj.com\/blog\/2012\/12\/18\/srecnu-novu-2013-vam-zeli-htp-ulcinjska-rivijera\/#primaryimage","url":"https:\/\/www.visit-ulcinj.com\/blog\/wp-content\/uploads\/2012\/12\/Srecnu-Novu-godinu-2013_-HTP-Ulcinjska-rivijera.jpg","contentUrl":"https:\/\/www.visit-ulcinj.com\/blog\/wp-content\/uploads\/2012\/12\/Srecnu-Novu-godinu-2013_-HTP-Ulcinjska-rivijera.jpg","width":1024,"height":683},{"@type":"WebPage","@id":"https:\/\/www.visit-ulcinj.com\/blog\/2012\/12\/18\/srecnu-novu-2013-vam-zeli-htp-ulcinjska-rivijera\/#webpage","url":"https:\/\/www.visit-ulcinj.com\/blog\/2012\/12\/18\/srecnu-novu-2013-vam-zeli-htp-ulcinjska-rivijera\/","name":"Sre\u0107nu Novu 2013 vam \u017eeli HTP \"Ulcinjska rivijera\" - Lajme nga Ulqini","isPartOf":{"@id":"https:\/\/www.visit-ulcinj.com\/blog\/#website"},"primaryImageOfPage":{"@id":"https:\/\/www.visit-ulcinj.com\/blog\/2012\/12\/18\/srecnu-novu-2013-vam-zeli-htp-ulcinjska-rivijera\/#primaryimage"},"datePublished":"2012-12-18T16:57:02+00:00","dateModified":"2012-12-22T08:32:46+00:00","author":{"@id":"https:\/\/www.visit-ulcinj.com\/blog\/#\/schema\/person\/dcab619c614d3038751c63bc2aadc06d"},"description":"\u017delimo Vam da praznike koji predstoje provedete u zdravlju! Sre\u0107nu i uspje\u0161nu Novu 2013. Vam \u017eeli HTP \"Ulcinjska rivijera\".","breadcrumb":{"@id":"https:\/\/www.visit-ulcinj.com\/blog\/2012\/12\/18\/srecnu-novu-2013-vam-zeli-htp-ulcinjska-rivijera\/#breadcrumb"},"inLanguage":"en-US","potentialAction":[{"@type":"ReadAction","target":["https:\/\/www.visit-ulcinj.com\/blog\/2012\/12\/18\/srecnu-novu-2013-vam-zeli-htp-ulcinjska-rivijera\/"]}]},{"@type":"BreadcrumbList","@id":"https:\/\/www.visit-ulcinj.com\/blog\/2012\/12\/18\/srecnu-novu-2013-vam-zeli-htp-ulcinjska-rivijera\/#breadcrumb","itemListElement":[{"@type":"ListItem","position":1,"name":"Sre\u0107nu Novu 2013 vam \u017eeli HTP &#8220;Ulcinjska rivijera&#8221;"}]},{"@type":"Person","@id":"https:\/\/www.visit-ulcinj.com\/blog\/#\/schema\/person\/dcab619c614d3038751c63bc2aadc06d","name":"ulqini","sameAs":["http:\/\/www.visit-ulcinj.com"],"url":"https:\/\/www.visit-ulcinj.com\/blog\/author\/admin\/"}]}},"jetpack_featured_media_url":"","jetpack_sharing_enabled":true,"jetpack_shortlink":"https:\/\/wp.me\/pe6lTn-hnS","_links":{"self":[{"href":"https:\/\/www.visit-ulcinj.com\/blog\/wp-json\/wp\/v2\/posts\/66828"}],"collection":[{"href":"https:\/\/www.visit-ulcinj.com\/blog\/wp-json\/wp\/v2\/posts"}],"about":[{"href":"https:\/\/www.visit-ulcinj.com\/blog\/wp-json\/wp\/v2\/types\/post"}],"author":[{"embeddable":true,"href":"https:\/\/www.visit-ulcinj.com\/blog\/wp-json\/wp\/v2\/users\/1"}],"replies":[{"embeddable":true,"href":"https:\/\/www.visit-ulcinj.com\/blog\/wp-json\/wp\/v2\/comments?post=66828"}],"version-history":[{"count":2,"href":"https:\/\/www.visit-ulcinj.com\/blog\/wp-json\/wp\/v2\/posts\/66828\/revisions"}],"predecessor-version":[{"id":66970,"href":"https:\/\/www.visit-ulcinj.com\/blog\/wp-json\/wp\/v2\/posts\/66828\/revisions\/66970"}],"wp:attachment":[{"href":"https:\/\/www.visit-ulcinj.com\/blog\/wp-json\/wp\/v2\/media?parent=66828"}],"wp:term":[{"taxonomy":"category","embeddable":true,"href":"https:\/\/www.visit-ulcinj.com\/blog\/wp-json\/wp\/v2\/categories?post=66828"},{"taxonomy":"post_tag","embeddable":true,"href":"https:\/\/www.visit-ulcinj.com\/blog\/wp-json\/wp\/v2\/tags?post=66828"}],"curies":[{"name":"wp","href":"https:\/\/api.w.org\/{rel}","templated":true}]}}