{"id":66835,"date":"2012-12-18T19:31:23","date_gmt":"2012-12-18T18:31:23","guid":{"rendered":"http:\/\/www.visit-ulcinj.com\/blog\/?p=66835"},"modified":"2012-12-18T19:46:09","modified_gmt":"2012-12-18T18:46:09","slug":"stari-grad-u-ulcinju-u-smecu-ulice-danima-u-mraku","status":"publish","type":"post","link":"https:\/\/www.visit-ulcinj.com\/blog\/2012\/12\/18\/stari-grad-u-ulcinju-u-smecu-ulice-danima-u-mraku\/","title":{"rendered":"Stari grad u Ulcinju u sme\u0107u, ulice danima u mraku"},"content":{"rendered":"<p><a href=\"http:\/\/www.visit-ulcinj.com\/blog\/wp-content\/uploads\/2012\/12\/Stari-Grad-Ulcinj-u-mraku.jpg\"><img loading=\"lazy\" class=\"alignleft  wp-image-66836\" alt=\"Stari Grad Ulcinj u mraku\" src=\"http:\/\/www.visit-ulcinj.com\/blog\/wp-content\/uploads\/2012\/12\/Stari-Grad-Ulcinj-u-mraku.jpg\" width=\"508\" height=\"360\" \/><\/a>U najljep\u0161em primorskom Starom gradu, jesen i zima svake godine iznova donose stare i nove nevolje.<\/p>\n<p>Oko 45 familija sa oko ukupno oko 170 \u010dlanova, ovih dana suo\u010dava se danima sa mra\u010dnim ulicama, sme\u0107em, krhkim TV prijemom i slabim telefonskim i internet vezama.<\/p>\n<p>Mje\u0161tanin Ljatif Vogli\u0107 samo jednom rije\u010dju vjerno do\u010darava stanje unutar drevnih zidina &#8211; stra\u0161no. On tvrdi da su ulice mra\u010dne i da nema rasvjete, \u0161to no\u0107u ote\u017eava kretanje po \u201eionako u\u017easnoj kaldrmi\u201c.<\/p>\n<p>\u201cBojim se kad stara majka no\u0107u iza\u0111e iz ku\u0107e da se negdje ne oklizne i padne, za mene je lako\u201d, ka\u017ee on.<\/p>\n<p>Dodaje da mu sa prvom ki\u0161om nestaje TV prijem u ku\u0107i.<\/p>\n<p>\u201cImam Extra TV, ali d\u017eaba, jer slike nema sa prvom ki\u0161om. Na prijem putem obi\u010dne antene i ne pomi\u0161ljam &#8211; crnogorskih kanala nema ni kad je nevrijeme, ni kad je vedro, samo albanskih i malo italijanskih\u201d, tvrdi on.<\/p>\n<p>Nije zadovoljan ni odr\u017eavanjem \u010disto\u0107e unutar Starog grada.<\/p>\n<p><a href=\"http:\/\/www.visit-ulcinj.com\/blog\/wp-content\/uploads\/2012\/12\/Stari-Grad-Ulcinj-u-mraku.1.jpg\"><img loading=\"lazy\" class=\"alignleft  wp-image-66837\" alt=\"Stari Grad Ulcinj u mraku.1\" src=\"http:\/\/www.visit-ulcinj.com\/blog\/wp-content\/uploads\/2012\/12\/Stari-Grad-Ulcinj-u-mraku.1.jpg\" width=\"508\" height=\"300\" \/><\/a><\/p>\n<p>\u201cTraktor odnosi sme\u0107e samo ispred restorana, dok se mi ostali snalazimo. Svaki dan kad idem na posao moram sme\u0107e da odnesem do kontejnera ispod Starog grada\u201d, ka\u017ee on.<\/p>\n<p>No, to nijesu jedine nevolje sa kojima se Vogli\u0107 susre\u0107e. Njegov otac nedavno je imao mo\u017edani udar i problem mu predstavlja da ga odvede kod doktora.<\/p>\n<p>&#8220;On je veoma krupan \u010dovjek i ne mo\u017ee da hoda, a doktor tra\u017ei da ga odvedem kod njega u ordinaciju. Moraju ga nositi bar dva \u010dovjeka do izlaza, a kakva je to misija vidite i sami\u201d, ka\u017ee pokazuju\u0107i na strmu kaldrmu na ulazu u Stari grad, na kojoj se nalaze ostaci rizle, sitnog pijeska, koji u kombinciji sa ki\u0161om, mo\u017ee biti fatalan.<\/p>\n<p>Njegov sugra\u0111anin Ismet Karamanaga, koji je predsjednik NVO \u201cKaljaja\u201d, odnosno Dru\u0161tva za za\u0161titu Starog grada, tako\u0111e je nezadovoljan stanjem u Starom gradu, ali i samokriti\u010dan.<br \/>\n<a href=\"http:\/\/www.visit-ulcinj.com\/blog\/wp-content\/uploads\/2012\/12\/Stari-Grad-Ulcinj-u-mraku.6.jpg\"><img loading=\"lazy\" class=\"alignleft  wp-image-66842\" alt=\"Stari Grad Ulcinj u mraku.6\" src=\"http:\/\/www.visit-ulcinj.com\/blog\/wp-content\/uploads\/2012\/12\/Stari-Grad-Ulcinj-u-mraku.6.jpg\" width=\"508\" height=\"300\" \/><\/a><\/p>\n<p>\u201cOvakvom stanju doprinosimo i mi sami. Pa skoro pola grada je jo\u0161 u ru\u0161evinama od zemljotresa 1979. godine i nikog nije briga za to. A te ru\u0161evine ne\u0107e do\u0107i da nam skloni bilo ko sa strane\u201d, ka\u017ee on, kritikuju\u0107i svoje sugra\u0111ane koji jo\u0161 nijesu uklonili ru\u0161evine koje predstavljaju opasnost i po bezbjedno kretanje uli\u010dicama Starog grada.<\/p>\n<p>\u201cI tu rizlu na ulazu u tvr\u0111avu, taj koji je radio, morao je potpuno ukloniti i oprati kaldrmu, jer sada postoji opasnost da se neko oklizne i padne\u201d, dodaje.<\/p>\n<p>I on, kao i Vogli\u0107, isti\u010de probleme sa rasvjetom, telefonima i interentom, slabim TV prijemom i nekvalitnom kaldrmom u ve\u0107em dijelu tvr\u0111ave.<\/p>\n<p>&#8220;Tu se vidi krajnje nemaran odnos Zavoda sa Cetinja i resornog ministarstva prema Starom gradu kao spomeniku prve kategorije koji i dalje gaji ambicije za prijem u UNESCO. Tome u prilog idu i \u010dinjenice da mi niko nije odgovrio na brojne dopise, da su predstavnici Zavoda ovdje rijetko, a ministar ni toliko\u201d, ka\u017ee Karamanaga.<\/p>\n<p>Tvrdi da Zavod za za\u0161titu spomenika kulture sa Cetinja selektivno vodi ra\u010duna o Starim gradovima.<\/p>\n<p>&#8220;Da se Zavod okrenuo nama makar i 30 odsto koliko drugim starim gradovima, mi bismo danas ovdje imali turiste, a ne prazne i mra\u010dne uli\u010dice i zatvorene restorane\u201d, ka\u017ee, apeluju\u0107i na Zavod da \u201ckona\u010dno obrati pa\u017enju na najljep\u0161i i najzapu\u0161teniji stari grad na primorju\u201c.<\/p>\n<p>\u201cTo nije fraza, to su \u010dinjenice. O ljepoti na\u0161e tvr\u0111ave mogu vam pri\u010dati i Budvani i Kotorani i Barani, a o zapu\u0161tenosti svi koji su je posjetili\u201d, ka\u017ee Karamanaga.<br \/>\n<a href=\"http:\/\/www.visit-ulcinj.com\/blog\/wp-content\/uploads\/2012\/12\/Stari-Grad-Ulcinj-u-mraku.2.jpg\"><img loading=\"lazy\" class=\"alignleft  wp-image-66838\" alt=\"Stari Grad Ulcinj u mraku.2\" src=\"http:\/\/www.visit-ulcinj.com\/blog\/wp-content\/uploads\/2012\/12\/Stari-Grad-Ulcinj-u-mraku.2.jpg\" width=\"508\" height=\"300\" \/><\/a><\/p>\n<p>Stari grad &#8220;izronila&#8221; je hridina koja uranja u more tamo gdje se zavr\u0161avaju kiklopske zidine, na desnom obodu Male pla\u017ee i po svojoj konfiguraciji, jedinstven je na na\u0161em primorju pa i \u0161ire. Sa tri strane okru\u017een je morem, a brojne pu\u0161karnice svjedo\u010de o burnoj istoriji zidina starih dva i po milenijuma.<\/p>\n<p>Bogat je brojnim kulturno istorijskim spomenicima, a njegovi stanovnici tokom istorije bili su i reformator Talmuda Sabataj Cevi, odnosno Mehmet-efendija, koji je bio upravnik tvr\u0111ave i tvorac Don Kihota, Miguel Servantes, koji je tu, kako se pretpostavlja, robovao neko vrijeme.<br \/>\n<a href=\"http:\/\/www.visit-ulcinj.com\/blog\/wp-content\/uploads\/2012\/12\/Stari-Grad-Ulcinj-u-mraku.3.jpg\"><img loading=\"lazy\" class=\"alignleft  wp-image-66839\" alt=\"Stari Grad Ulcinj u mraku.3\" src=\"http:\/\/www.visit-ulcinj.com\/blog\/wp-content\/uploads\/2012\/12\/Stari-Grad-Ulcinj-u-mraku.3.jpg\" width=\"508\" height=\"300\" \/><\/a><\/p>\n<p>Grad je isprepletan brojnim uskim uli\u010dicama od kojih svaka vodi ka donjem dijelu tvr\u0111ave, odakle &#8220;pucaju pogledi&#8221; na Malu pla\u017eu, beskrajnu pu\u010dinu i Liman. Postoji i muzejski kompleks koji se sastoji od kazamata, Trga robova i Servantesovog trga, Kule Bal\u0161i\u0107a i jedinstvenog spomenika, sada muzejske zgrade &#8211; crkva &#8211; d\u017eamija.<\/p>\n<p><strong>Rade samo Dvori Bal\u0161i\u0107a<\/strong><\/p>\n<p>Karamanaga ka\u017ee da u tvr\u0111avi sada rade samo Dvori Bal\u0161i\u0107a, dok ostale restorane, njih sedam &#8211; osam, vlasnici otvaraju samo po potrebi.<\/p>\n<p>Karamanaga je pozvao i lokalnu vlast da pomogne i intervini\u0161e kod Zavoda i ministarstva.<br \/>\n<a href=\"http:\/\/www.visit-ulcinj.com\/blog\/wp-content\/uploads\/2012\/12\/Stari-Grad-Ulcinj-u-mraku.4.jpg\"><img loading=\"lazy\" class=\"alignleft  wp-image-66840\" alt=\"Stari Grad Ulcinj u mraku.4\" src=\"http:\/\/www.visit-ulcinj.com\/blog\/wp-content\/uploads\/2012\/12\/Stari-Grad-Ulcinj-u-mraku.4.jpg\" width=\"508\" height=\"300\" \/><\/a><\/p>\n<p>&#8220;Kvalitetna kaldrma samo postoji na ulazu u Stari grad sa sjeverne strane. Ostale uli\u010dice ra\u0111ene su kamenom od ru\u0161evina i nekvalitetno, \u0161to se vidi i golim okom\u201d, ka\u017ee on i dodaje da bi \u0161to prije trebalo kaldrmisati glavnu ulicu koja vodi do Dvora Bal\u0161i\u0107a.<\/p>\n<p>&#8220;Projekat za to postoji, potreban je novac, a \u010dini mi se vi\u0161e dobra volja nadle\u017enih instanci\u201d, ka\u017ee Karamanaga.<\/p>\n<p>On je pozvao nadle\u017ene da natjeraju vlasnike glomaznog objekta u donjem dijelu tvr\u0111ave da ga dovr\u0161i.<\/p>\n<p>\u201cOvako, sa svim ovim tarabama, predstavlja pravo ruglo i \u0161teti imid\u017eu Starog grada\u201d, ocijenio je on.<\/p>\n<p><a href=\"http:\/\/www.vijesti.me\/vijesti\/stari-grad-ulcinju-smecu-ulice-danima-mraku-clanak-105089\" target=\"_blank\"><strong>Samir Adrovi\u0107<\/strong><\/a><br \/>\n<a href=\"http:\/\/www.vijesti.me\/vijesti\/stari-grad-ulcinju-smecu-ulice-danima-mraku-clanak-105089\" target=\"_blank\"><strong>Izvor: Vijesti online<\/strong><\/a><\/p>\n","protected":false},"excerpt":{"rendered":"<p>U najljep\u0161em primorskom Starom gradu, jesen i zima svake godine iznova donose stare i nove nevolje. Oko 45 familija sa oko ukupno oko 170 \u010dlanova, ovih dana suo\u010dava se danima sa mra\u010dnim ulicama, sme\u0107em, krhkim TV prijemom i slabim telefonskim i internet vezama. Mje\u0161tanin Ljatif Vogli\u0107 samo jednom rije\u010dju vjerno do\u010darava stanje unutar drevnih zidina [&hellip;]<\/p>\n","protected":false},"author":1,"featured_media":0,"comment_status":"open","ping_status":"closed","sticky":false,"template":"","format":"standard","meta":{"spay_email":"","jetpack_publicize_message":"","jetpack_is_tweetstorm":false,"jetpack_publicize_feature_enabled":true},"categories":[8337],"tags":[306,19527,13594],"jetpack_publicize_connections":[],"yoast_head":"<!-- This site is optimized with the Yoast SEO plugin v19.1 - https:\/\/yoast.com\/wordpress\/plugins\/seo\/ -->\n<title>Stari grad u Ulcinju u sme\u0107u, ulice danima u mraku - Lajme nga Ulqini<\/title>\n<meta name=\"description\" content=\"U najljep\u0161em primorskom Starom gradu, jesen i zima svake godine iznova donose stare i nove nevolje. Oko 45 familija sa oko ukupno oko 170 \u010dlanova, ovih\" \/>\n<meta name=\"robots\" content=\"index, follow, max-snippet:-1, max-image-preview:large, max-video-preview:-1\" \/>\n<link rel=\"canonical\" href=\"https:\/\/www.visit-ulcinj.com\/blog\/2012\/12\/18\/stari-grad-u-ulcinju-u-smecu-ulice-danima-u-mraku\/\" \/>\n<meta property=\"og:locale\" content=\"en_US\" \/>\n<meta property=\"og:type\" content=\"article\" \/>\n<meta property=\"og:title\" content=\"Stari grad u Ulcinju u sme\u0107u, ulice danima u mraku - Lajme nga Ulqini\" \/>\n<meta property=\"og:description\" content=\"U najljep\u0161em primorskom Starom gradu, jesen i zima svake godine iznova donose stare i nove nevolje. Oko 45 familija sa oko ukupno oko 170 \u010dlanova, ovih\" \/>\n<meta property=\"og:url\" content=\"https:\/\/www.visit-ulcinj.com\/blog\/2012\/12\/18\/stari-grad-u-ulcinju-u-smecu-ulice-danima-u-mraku\/\" \/>\n<meta property=\"og:site_name\" content=\"Lajme nga Ulqini\" \/>\n<meta property=\"article:published_time\" content=\"2012-12-18T18:31:23+00:00\" \/>\n<meta property=\"article:modified_time\" content=\"2012-12-18T18:46:09+00:00\" \/>\n<meta property=\"og:image\" content=\"http:\/\/www.visit-ulcinj.com\/blog\/wp-content\/uploads\/2012\/12\/Stari-Grad-Ulcinj-u-mraku.jpg\" \/>\n<meta name=\"twitter:label1\" content=\"Written by\" \/>\n\t<meta name=\"twitter:data1\" content=\"ulqini\" \/>\n\t<meta name=\"twitter:label2\" content=\"Est. reading time\" \/>\n\t<meta name=\"twitter:data2\" content=\"5 minutes\" \/>\n<script type=\"application\/ld+json\" class=\"yoast-schema-graph\">{\"@context\":\"https:\/\/schema.org\",\"@graph\":[{\"@type\":\"WebSite\",\"@id\":\"https:\/\/www.visit-ulcinj.com\/blog\/#website\",\"url\":\"https:\/\/www.visit-ulcinj.com\/blog\/\",\"name\":\"Lajme nga Ulqini\",\"description\":\"Lajme,Vijesti,Ulqini,Ulqin,Crna Gora,Mali i Zi\",\"potentialAction\":[{\"@type\":\"SearchAction\",\"target\":{\"@type\":\"EntryPoint\",\"urlTemplate\":\"https:\/\/www.visit-ulcinj.com\/blog\/?s={search_term_string}\"},\"query-input\":\"required name=search_term_string\"}],\"inLanguage\":\"en-US\"},{\"@type\":\"ImageObject\",\"inLanguage\":\"en-US\",\"@id\":\"https:\/\/www.visit-ulcinj.com\/blog\/2012\/12\/18\/stari-grad-u-ulcinju-u-smecu-ulice-danima-u-mraku\/#primaryimage\",\"url\":\"https:\/\/www.visit-ulcinj.com\/blog\/wp-content\/uploads\/2012\/12\/Stari-Grad-Ulcinj-u-mraku.jpg\",\"contentUrl\":\"https:\/\/www.visit-ulcinj.com\/blog\/wp-content\/uploads\/2012\/12\/Stari-Grad-Ulcinj-u-mraku.jpg\",\"width\":960,\"height\":720},{\"@type\":\"WebPage\",\"@id\":\"https:\/\/www.visit-ulcinj.com\/blog\/2012\/12\/18\/stari-grad-u-ulcinju-u-smecu-ulice-danima-u-mraku\/#webpage\",\"url\":\"https:\/\/www.visit-ulcinj.com\/blog\/2012\/12\/18\/stari-grad-u-ulcinju-u-smecu-ulice-danima-u-mraku\/\",\"name\":\"Stari grad u Ulcinju u sme\u0107u, ulice danima u mraku - Lajme nga Ulqini\",\"isPartOf\":{\"@id\":\"https:\/\/www.visit-ulcinj.com\/blog\/#website\"},\"primaryImageOfPage\":{\"@id\":\"https:\/\/www.visit-ulcinj.com\/blog\/2012\/12\/18\/stari-grad-u-ulcinju-u-smecu-ulice-danima-u-mraku\/#primaryimage\"},\"datePublished\":\"2012-12-18T18:31:23+00:00\",\"dateModified\":\"2012-12-18T18:46:09+00:00\",\"author\":{\"@id\":\"https:\/\/www.visit-ulcinj.com\/blog\/#\/schema\/person\/dcab619c614d3038751c63bc2aadc06d\"},\"description\":\"U najljep\u0161em primorskom Starom gradu, jesen i zima svake godine iznova donose stare i nove nevolje. Oko 45 familija sa oko ukupno oko 170 \u010dlanova, ovih\",\"breadcrumb\":{\"@id\":\"https:\/\/www.visit-ulcinj.com\/blog\/2012\/12\/18\/stari-grad-u-ulcinju-u-smecu-ulice-danima-u-mraku\/#breadcrumb\"},\"inLanguage\":\"en-US\",\"potentialAction\":[{\"@type\":\"ReadAction\",\"target\":[\"https:\/\/www.visit-ulcinj.com\/blog\/2012\/12\/18\/stari-grad-u-ulcinju-u-smecu-ulice-danima-u-mraku\/\"]}]},{\"@type\":\"BreadcrumbList\",\"@id\":\"https:\/\/www.visit-ulcinj.com\/blog\/2012\/12\/18\/stari-grad-u-ulcinju-u-smecu-ulice-danima-u-mraku\/#breadcrumb\",\"itemListElement\":[{\"@type\":\"ListItem\",\"position\":1,\"name\":\"Stari grad u Ulcinju u sme\u0107u, ulice danima u mraku\"}]},{\"@type\":\"Person\",\"@id\":\"https:\/\/www.visit-ulcinj.com\/blog\/#\/schema\/person\/dcab619c614d3038751c63bc2aadc06d\",\"name\":\"ulqini\",\"sameAs\":[\"http:\/\/www.visit-ulcinj.com\"],\"url\":\"https:\/\/www.visit-ulcinj.com\/blog\/author\/admin\/\"}]}<\/script>\n<!-- \/ Yoast SEO plugin. -->","yoast_head_json":{"title":"Stari grad u Ulcinju u sme\u0107u, ulice danima u mraku - Lajme nga Ulqini","description":"U najljep\u0161em primorskom Starom gradu, jesen i zima svake godine iznova donose stare i nove nevolje. Oko 45 familija sa oko ukupno oko 170 \u010dlanova, ovih","robots":{"index":"index","follow":"follow","max-snippet":"max-snippet:-1","max-image-preview":"max-image-preview:large","max-video-preview":"max-video-preview:-1"},"canonical":"https:\/\/www.visit-ulcinj.com\/blog\/2012\/12\/18\/stari-grad-u-ulcinju-u-smecu-ulice-danima-u-mraku\/","og_locale":"en_US","og_type":"article","og_title":"Stari grad u Ulcinju u sme\u0107u, ulice danima u mraku - Lajme nga Ulqini","og_description":"U najljep\u0161em primorskom Starom gradu, jesen i zima svake godine iznova donose stare i nove nevolje. Oko 45 familija sa oko ukupno oko 170 \u010dlanova, ovih","og_url":"https:\/\/www.visit-ulcinj.com\/blog\/2012\/12\/18\/stari-grad-u-ulcinju-u-smecu-ulice-danima-u-mraku\/","og_site_name":"Lajme nga Ulqini","article_published_time":"2012-12-18T18:31:23+00:00","article_modified_time":"2012-12-18T18:46:09+00:00","og_image":[{"url":"http:\/\/www.visit-ulcinj.com\/blog\/wp-content\/uploads\/2012\/12\/Stari-Grad-Ulcinj-u-mraku.jpg"}],"twitter_misc":{"Written by":"ulqini","Est. reading time":"5 minutes"},"schema":{"@context":"https:\/\/schema.org","@graph":[{"@type":"WebSite","@id":"https:\/\/www.visit-ulcinj.com\/blog\/#website","url":"https:\/\/www.visit-ulcinj.com\/blog\/","name":"Lajme nga Ulqini","description":"Lajme,Vijesti,Ulqini,Ulqin,Crna Gora,Mali i Zi","potentialAction":[{"@type":"SearchAction","target":{"@type":"EntryPoint","urlTemplate":"https:\/\/www.visit-ulcinj.com\/blog\/?s={search_term_string}"},"query-input":"required name=search_term_string"}],"inLanguage":"en-US"},{"@type":"ImageObject","inLanguage":"en-US","@id":"https:\/\/www.visit-ulcinj.com\/blog\/2012\/12\/18\/stari-grad-u-ulcinju-u-smecu-ulice-danima-u-mraku\/#primaryimage","url":"https:\/\/www.visit-ulcinj.com\/blog\/wp-content\/uploads\/2012\/12\/Stari-Grad-Ulcinj-u-mraku.jpg","contentUrl":"https:\/\/www.visit-ulcinj.com\/blog\/wp-content\/uploads\/2012\/12\/Stari-Grad-Ulcinj-u-mraku.jpg","width":960,"height":720},{"@type":"WebPage","@id":"https:\/\/www.visit-ulcinj.com\/blog\/2012\/12\/18\/stari-grad-u-ulcinju-u-smecu-ulice-danima-u-mraku\/#webpage","url":"https:\/\/www.visit-ulcinj.com\/blog\/2012\/12\/18\/stari-grad-u-ulcinju-u-smecu-ulice-danima-u-mraku\/","name":"Stari grad u Ulcinju u sme\u0107u, ulice danima u mraku - Lajme nga Ulqini","isPartOf":{"@id":"https:\/\/www.visit-ulcinj.com\/blog\/#website"},"primaryImageOfPage":{"@id":"https:\/\/www.visit-ulcinj.com\/blog\/2012\/12\/18\/stari-grad-u-ulcinju-u-smecu-ulice-danima-u-mraku\/#primaryimage"},"datePublished":"2012-12-18T18:31:23+00:00","dateModified":"2012-12-18T18:46:09+00:00","author":{"@id":"https:\/\/www.visit-ulcinj.com\/blog\/#\/schema\/person\/dcab619c614d3038751c63bc2aadc06d"},"description":"U najljep\u0161em primorskom Starom gradu, jesen i zima svake godine iznova donose stare i nove nevolje. Oko 45 familija sa oko ukupno oko 170 \u010dlanova, ovih","breadcrumb":{"@id":"https:\/\/www.visit-ulcinj.com\/blog\/2012\/12\/18\/stari-grad-u-ulcinju-u-smecu-ulice-danima-u-mraku\/#breadcrumb"},"inLanguage":"en-US","potentialAction":[{"@type":"ReadAction","target":["https:\/\/www.visit-ulcinj.com\/blog\/2012\/12\/18\/stari-grad-u-ulcinju-u-smecu-ulice-danima-u-mraku\/"]}]},{"@type":"BreadcrumbList","@id":"https:\/\/www.visit-ulcinj.com\/blog\/2012\/12\/18\/stari-grad-u-ulcinju-u-smecu-ulice-danima-u-mraku\/#breadcrumb","itemListElement":[{"@type":"ListItem","position":1,"name":"Stari grad u Ulcinju u sme\u0107u, ulice danima u mraku"}]},{"@type":"Person","@id":"https:\/\/www.visit-ulcinj.com\/blog\/#\/schema\/person\/dcab619c614d3038751c63bc2aadc06d","name":"ulqini","sameAs":["http:\/\/www.visit-ulcinj.com"],"url":"https:\/\/www.visit-ulcinj.com\/blog\/author\/admin\/"}]}},"jetpack_featured_media_url":"","jetpack_sharing_enabled":true,"jetpack_shortlink":"https:\/\/wp.me\/pe6lTn-hnZ","_links":{"self":[{"href":"https:\/\/www.visit-ulcinj.com\/blog\/wp-json\/wp\/v2\/posts\/66835"}],"collection":[{"href":"https:\/\/www.visit-ulcinj.com\/blog\/wp-json\/wp\/v2\/posts"}],"about":[{"href":"https:\/\/www.visit-ulcinj.com\/blog\/wp-json\/wp\/v2\/types\/post"}],"author":[{"embeddable":true,"href":"https:\/\/www.visit-ulcinj.com\/blog\/wp-json\/wp\/v2\/users\/1"}],"replies":[{"embeddable":true,"href":"https:\/\/www.visit-ulcinj.com\/blog\/wp-json\/wp\/v2\/comments?post=66835"}],"version-history":[{"count":4,"href":"https:\/\/www.visit-ulcinj.com\/blog\/wp-json\/wp\/v2\/posts\/66835\/revisions"}],"predecessor-version":[{"id":66845,"href":"https:\/\/www.visit-ulcinj.com\/blog\/wp-json\/wp\/v2\/posts\/66835\/revisions\/66845"}],"wp:attachment":[{"href":"https:\/\/www.visit-ulcinj.com\/blog\/wp-json\/wp\/v2\/media?parent=66835"}],"wp:term":[{"taxonomy":"category","embeddable":true,"href":"https:\/\/www.visit-ulcinj.com\/blog\/wp-json\/wp\/v2\/categories?post=66835"},{"taxonomy":"post_tag","embeddable":true,"href":"https:\/\/www.visit-ulcinj.com\/blog\/wp-json\/wp\/v2\/tags?post=66835"}],"curies":[{"name":"wp","href":"https:\/\/api.w.org\/{rel}","templated":true}]}}