{"id":66846,"date":"2012-12-19T08:29:38","date_gmt":"2012-12-19T07:29:38","guid":{"rendered":"http:\/\/www.visit-ulcinj.com\/blog\/?p=66846"},"modified":"2012-12-21T15:46:09","modified_gmt":"2012-12-21T14:46:09","slug":"ldmz-telegram-ngushellimin-ambasadores-se-shba-ne-podgorice","status":"publish","type":"post","link":"https:\/\/www.visit-ulcinj.com\/blog\/2012\/12\/19\/ldmz-telegram-ngushellimin-ambasadores-se-shba-ne-podgorice\/","title":{"rendered":"LDMZ: Telegram ngush\u00ebllimin Ambasadores s\u00eb SHBA n\u00eb Podgoric\u00eb"},"content":{"rendered":"<p style=\"text-align: center;\"><b><span style=\"text-decoration: underline;\"><a href=\"http:\/\/www.visit-ulcinj.com\/blog\/wp-content\/uploads\/2012\/12\/lidhja_demokratike_logo1.jpg\"><img loading=\"lazy\" class=\"alignleft size-full wp-image-66847\" alt=\"lidhja_demokratike_logo\" src=\"http:\/\/www.visit-ulcinj.com\/blog\/wp-content\/uploads\/2012\/12\/lidhja_demokratike_logo1.jpg\" width=\"136\" height=\"125\" \/><\/a><\/span><\/b><\/p>\n<p style=\"text-align: center;\"><b>\u00a0\u00a0\u00a0\u00a0\u00a0\u00a0\u00a0\u00a0\u00a0\u00a0\u00a0\u00a0\u00a0 LIDHJA DEMOKRATIKE N\u00cb MAL T\u00cb ZI<\/b><\/p>\n<p style=\"text-align: center;\">DEMOKRATSKI SAVEZ U CRNOJ GORI<\/p>\n<p style=\"text-align: center;\">\u00a0\u00a0\u00a0\u00a0\u00a0\u00a0 DEMOCRATIC LEAGUE IN MONTENEGRO<\/p>\n<h3><\/h3>\n<p>&nbsp;<\/p>\n<p>&nbsp;<\/p>\n<h3>\u00a0\u00a0\u00a0\u00a0 Nr.\u00a0 320 \/ 12<\/h3>\n<p>Tuz , m\u00eb\u00a0\u00a0\u00a0 17.12. 2012<\/p>\n<p>&nbsp;<\/p>\n<p><b>\u00a0<\/b><\/p>\n<p align=\"center\">Kumtes\u00eb p\u00ebr opinion<\/p>\n<p>&nbsp;<\/p>\n<p align=\"center\">KRYETARI BARDHI, \u00a0ME RASTIN E MASAKR\u00cbS N\u00cb SHKOLL\u00cbN FILLORE &#8220;Sandy Hook elementary School&#8221; \u00a0NJUTOVN T\u00cb KONEKTIKATIT, I D\u00cbRGOI TELEGRAMNGUSH\u00cbLLIMI AMABASADORES S\u00cb SHBA-VE, ZONJ\u00cbS SUE K.BROWN<\/p>\n<p>&nbsp;<\/p>\n<p>N\u00eb telegramin e ngush\u00ebllimit t\u00eb kryetarit Bardhi, n\u00eb mes t\u00eb tjerave, thuhet:<\/p>\n<p><b>\u00a0<\/b><\/p>\n<p><b>AMBASADA E SHTETEVE T\u00cb BASHKUARA T\u00cb AMERIK\u00cbS<\/b><\/p>\n<p><b>Embassy of the United States of America<\/b><\/p>\n<p><b>Ambasadores, Zonj\u00ebs Sue K. Brown<\/b><\/p>\n<p>&nbsp;<\/p>\n<p><b><span style=\"text-decoration: underline;\">P o d g o r i c \u00eb<\/span><\/b><\/p>\n<p><b><span style=\"text-decoration: underline;\">\u00a0<\/span><\/b><\/p>\n<p><b><span style=\"text-decoration: underline;\">\u00a0<\/span><\/b><\/p>\n<p><b><span style=\"text-decoration: underline;\">\u00a0<\/span><\/b><\/p>\n<p>E nderuara Ambasadore,zonja<b> Sue K. Brown,<\/b><\/p>\n<p><b>\u00a0<\/b><\/p>\n<p><b>\u00a0<\/b><\/p>\n<p>Masakra e s\u00eb premtes, e 14 dhjetorit, n\u00eb qytetin e vog\u00ebl \u00a0Newtown, n\u00eb shkoll\u00ebn fillore &#8220;Sandy Hook elementary School&#8221; t\u00eb Konektikatit (Connecticut), kur nje 24-vje\u00e7ar, me emrin Adam Lanza,\u00a0 vrau 26 veta, prej t\u00eb cil\u00ebve 20 f\u00ebmij\u00eb te moshave 6 -10 vje\u00e7, ngjarje kjo q\u00eb paraqet nj\u00eb nga incidentet m\u00eb vdekjepruse, t\u00eb vrasjes n\u00eb mas\u00eb, n\u00eb historin\u00eb e SHBA-ve, na pik\u00eblloi pa mas\u00eb\u00a0 edhe ne, shqiptar\u00ebt n\u00eb Malin e Zi. Kjo tragjedi, vrasja e f\u00ebmij\u00ebve, t\u00eb cil\u00ebt sa kan\u00eb nisur jet\u00ebn, shkaktoi pik\u00ebllim t\u00eb thell\u00eb dhe dhimbje t\u00eb pakufi. Prandaj, e nderuara zonja Ambasadore Brown, n\u00eb em\u00ebr t\u00eb t\u00eb Lidhjes Demokratike n\u00eb Mal t\u00eb Zi, t\u00eb gjith\u00eb an\u00ebtar\u00ebve dhe p\u00ebrkrah\u00ebsve t\u00eb saj\u00a0 dhe nga un\u00eb personalisht dhe shqiptar\u00ebt, sot n\u00eb Malin e Zi, pranoni ngush\u00ebllimet tona m\u00eb t\u00eb sinqerta. Ju lusim q\u00eb ngush\u00ebllimet tona t\u2019ja p\u00ebrcillni kryetarit,\u00a0 zot\u00ebri Barak Obama e sidomos prind\u00ebrve t\u00eb f\u00ebmij\u00ebve t\u00eb vrar\u00eb dhe familjar\u00ebve e far\u00eb e fisit t\u00eb t\u00eb gjith\u00eb t\u00eb vrar\u00ebve n\u00eb k\u00ebt\u00eb masak\u00ebr t\u00eb papar\u00eb.<\/p>\n<p>&nbsp;<\/p>\n<p>Me respekt.<\/p>\n<p>&nbsp;<\/p>\n<p><b>KRYETARI<\/b>,<\/p>\n<p><b>Mehmet BARDHI<\/b><\/p>\n<p>&#8211; thuhet, n\u00eb mes t\u00eb tjerave, n\u00eb telegramin e ngush\u00ebllimit q\u00eb kryetari i LD n\u00eb MZ-s\u00eb,<\/p>\n<p>M. Bardhi, i d\u00ebrgoi zonjes Sue K.Brown, Ambasadores s\u00eb SHBA-ve n\u00eb Podgoric\u00eb.<\/p>\n","protected":false},"excerpt":{"rendered":"<p>\u00a0\u00a0\u00a0\u00a0\u00a0\u00a0\u00a0\u00a0\u00a0\u00a0\u00a0\u00a0\u00a0 LIDHJA DEMOKRATIKE N\u00cb MAL T\u00cb ZI DEMOKRATSKI SAVEZ U CRNOJ GORI \u00a0\u00a0\u00a0\u00a0\u00a0\u00a0 DEMOCRATIC LEAGUE IN MONTENEGRO &nbsp; &nbsp; \u00a0\u00a0\u00a0\u00a0 Nr.\u00a0 320 \/ 12 Tuz , m\u00eb\u00a0\u00a0\u00a0 17.12. 2012 &nbsp; \u00a0 Kumtes\u00eb p\u00ebr opinion &nbsp; KRYETARI BARDHI, \u00a0ME RASTIN E MASAKR\u00cbS N\u00cb SHKOLL\u00cbN FILLORE &#8220;Sandy Hook elementary School&#8221; \u00a0NJUTOVN T\u00cb KONEKTIKATIT, I D\u00cbRGOI TELEGRAMNGUSH\u00cbLLIMI AMABASADORES [&hellip;]<\/p>\n","protected":false},"author":1,"featured_media":0,"comment_status":"open","ping_status":"closed","sticky":false,"template":"","format":"standard","meta":{"spay_email":"","jetpack_publicize_message":"","jetpack_is_tweetstorm":false,"jetpack_publicize_feature_enabled":true},"categories":[11],"tags":[200],"jetpack_publicize_connections":[],"yoast_head":"<!-- This site is optimized with the Yoast SEO plugin v19.1 - https:\/\/yoast.com\/wordpress\/plugins\/seo\/ -->\n<title>LDMZ: Telegram ngush\u00ebllimin Ambasadores s\u00eb SHBA n\u00eb Podgoric\u00eb - Lajme nga Ulqini<\/title>\n<meta name=\"description\" content=\"\u00a0\u00a0\u00a0\u00a0\u00a0\u00a0\u00a0\u00a0\u00a0\u00a0\u00a0\u00a0\u00a0 LIDHJA DEMOKRATIKE N\u00cb MAL T\u00cb ZI DEMOKRATSKI SAVEZ U CRNOJ GORI \u00a0\u00a0\u00a0\u00a0\u00a0\u00a0 DEMOCRATIC LEAGUE IN MONTENEGRO &nbsp; &nbsp; \u00a0\u00a0\u00a0\u00a0 Nr.\u00a0 320 \/ 12 Tuz ,\" \/>\n<meta name=\"robots\" content=\"index, follow, max-snippet:-1, max-image-preview:large, max-video-preview:-1\" \/>\n<link rel=\"canonical\" href=\"https:\/\/www.visit-ulcinj.com\/blog\/2012\/12\/19\/ldmz-telegram-ngushellimin-ambasadores-se-shba-ne-podgorice\/\" \/>\n<meta property=\"og:locale\" content=\"en_US\" \/>\n<meta property=\"og:type\" content=\"article\" \/>\n<meta property=\"og:title\" content=\"LDMZ: Telegram ngush\u00ebllimin Ambasadores s\u00eb SHBA n\u00eb Podgoric\u00eb - Lajme nga Ulqini\" \/>\n<meta property=\"og:description\" content=\"\u00a0\u00a0\u00a0\u00a0\u00a0\u00a0\u00a0\u00a0\u00a0\u00a0\u00a0\u00a0\u00a0 LIDHJA DEMOKRATIKE N\u00cb MAL T\u00cb ZI DEMOKRATSKI SAVEZ U CRNOJ GORI \u00a0\u00a0\u00a0\u00a0\u00a0\u00a0 DEMOCRATIC LEAGUE IN MONTENEGRO &nbsp; &nbsp; \u00a0\u00a0\u00a0\u00a0 Nr.\u00a0 320 \/ 12 Tuz ,\" \/>\n<meta property=\"og:url\" content=\"https:\/\/www.visit-ulcinj.com\/blog\/2012\/12\/19\/ldmz-telegram-ngushellimin-ambasadores-se-shba-ne-podgorice\/\" \/>\n<meta property=\"og:site_name\" content=\"Lajme nga Ulqini\" \/>\n<meta property=\"article:published_time\" content=\"2012-12-19T07:29:38+00:00\" \/>\n<meta property=\"article:modified_time\" content=\"2012-12-21T14:46:09+00:00\" \/>\n<meta property=\"og:image\" content=\"http:\/\/www.visit-ulcinj.com\/blog\/wp-content\/uploads\/2012\/12\/lidhja_demokratike_logo1.jpg\" \/>\n<meta name=\"twitter:label1\" content=\"Written by\" \/>\n\t<meta name=\"twitter:data1\" content=\"ulqini\" \/>\n\t<meta name=\"twitter:label2\" content=\"Est. reading time\" \/>\n\t<meta name=\"twitter:data2\" content=\"2 minutes\" \/>\n<script type=\"application\/ld+json\" class=\"yoast-schema-graph\">{\"@context\":\"https:\/\/schema.org\",\"@graph\":[{\"@type\":\"WebSite\",\"@id\":\"https:\/\/www.visit-ulcinj.com\/blog\/#website\",\"url\":\"https:\/\/www.visit-ulcinj.com\/blog\/\",\"name\":\"Lajme nga Ulqini\",\"description\":\"Lajme,Vijesti,Ulqini,Ulqin,Crna Gora,Mali i Zi\",\"potentialAction\":[{\"@type\":\"SearchAction\",\"target\":{\"@type\":\"EntryPoint\",\"urlTemplate\":\"https:\/\/www.visit-ulcinj.com\/blog\/?s={search_term_string}\"},\"query-input\":\"required name=search_term_string\"}],\"inLanguage\":\"en-US\"},{\"@type\":\"ImageObject\",\"inLanguage\":\"en-US\",\"@id\":\"https:\/\/www.visit-ulcinj.com\/blog\/2012\/12\/19\/ldmz-telegram-ngushellimin-ambasadores-se-shba-ne-podgorice\/#primaryimage\",\"url\":\"https:\/\/www.visit-ulcinj.com\/blog\/wp-content\/uploads\/2012\/12\/lidhja_demokratike_logo1.jpg\",\"contentUrl\":\"https:\/\/www.visit-ulcinj.com\/blog\/wp-content\/uploads\/2012\/12\/lidhja_demokratike_logo1.jpg\",\"width\":136,\"height\":125},{\"@type\":\"WebPage\",\"@id\":\"https:\/\/www.visit-ulcinj.com\/blog\/2012\/12\/19\/ldmz-telegram-ngushellimin-ambasadores-se-shba-ne-podgorice\/#webpage\",\"url\":\"https:\/\/www.visit-ulcinj.com\/blog\/2012\/12\/19\/ldmz-telegram-ngushellimin-ambasadores-se-shba-ne-podgorice\/\",\"name\":\"LDMZ: Telegram ngush\u00ebllimin Ambasadores s\u00eb SHBA n\u00eb Podgoric\u00eb - Lajme nga Ulqini\",\"isPartOf\":{\"@id\":\"https:\/\/www.visit-ulcinj.com\/blog\/#website\"},\"primaryImageOfPage\":{\"@id\":\"https:\/\/www.visit-ulcinj.com\/blog\/2012\/12\/19\/ldmz-telegram-ngushellimin-ambasadores-se-shba-ne-podgorice\/#primaryimage\"},\"datePublished\":\"2012-12-19T07:29:38+00:00\",\"dateModified\":\"2012-12-21T14:46:09+00:00\",\"author\":{\"@id\":\"https:\/\/www.visit-ulcinj.com\/blog\/#\/schema\/person\/dcab619c614d3038751c63bc2aadc06d\"},\"description\":\"\u00a0\u00a0\u00a0\u00a0\u00a0\u00a0\u00a0\u00a0\u00a0\u00a0\u00a0\u00a0\u00a0 LIDHJA DEMOKRATIKE N\u00cb MAL T\u00cb ZI DEMOKRATSKI SAVEZ U CRNOJ GORI \u00a0\u00a0\u00a0\u00a0\u00a0\u00a0 DEMOCRATIC LEAGUE IN MONTENEGRO &nbsp; &nbsp; \u00a0\u00a0\u00a0\u00a0 Nr.\u00a0 320 \/ 12 Tuz ,\",\"breadcrumb\":{\"@id\":\"https:\/\/www.visit-ulcinj.com\/blog\/2012\/12\/19\/ldmz-telegram-ngushellimin-ambasadores-se-shba-ne-podgorice\/#breadcrumb\"},\"inLanguage\":\"en-US\",\"potentialAction\":[{\"@type\":\"ReadAction\",\"target\":[\"https:\/\/www.visit-ulcinj.com\/blog\/2012\/12\/19\/ldmz-telegram-ngushellimin-ambasadores-se-shba-ne-podgorice\/\"]}]},{\"@type\":\"BreadcrumbList\",\"@id\":\"https:\/\/www.visit-ulcinj.com\/blog\/2012\/12\/19\/ldmz-telegram-ngushellimin-ambasadores-se-shba-ne-podgorice\/#breadcrumb\",\"itemListElement\":[{\"@type\":\"ListItem\",\"position\":1,\"name\":\"LDMZ: Telegram ngush\u00ebllimin Ambasadores s\u00eb SHBA n\u00eb Podgoric\u00eb\"}]},{\"@type\":\"Person\",\"@id\":\"https:\/\/www.visit-ulcinj.com\/blog\/#\/schema\/person\/dcab619c614d3038751c63bc2aadc06d\",\"name\":\"ulqini\",\"sameAs\":[\"http:\/\/www.visit-ulcinj.com\"],\"url\":\"https:\/\/www.visit-ulcinj.com\/blog\/author\/admin\/\"}]}<\/script>\n<!-- \/ Yoast SEO plugin. -->","yoast_head_json":{"title":"LDMZ: Telegram ngush\u00ebllimin Ambasadores s\u00eb SHBA n\u00eb Podgoric\u00eb - Lajme nga Ulqini","description":"\u00a0\u00a0\u00a0\u00a0\u00a0\u00a0\u00a0\u00a0\u00a0\u00a0\u00a0\u00a0\u00a0 LIDHJA DEMOKRATIKE N\u00cb MAL T\u00cb ZI DEMOKRATSKI SAVEZ U CRNOJ GORI \u00a0\u00a0\u00a0\u00a0\u00a0\u00a0 DEMOCRATIC LEAGUE IN MONTENEGRO &nbsp; &nbsp; \u00a0\u00a0\u00a0\u00a0 Nr.\u00a0 320 \/ 12 Tuz ,","robots":{"index":"index","follow":"follow","max-snippet":"max-snippet:-1","max-image-preview":"max-image-preview:large","max-video-preview":"max-video-preview:-1"},"canonical":"https:\/\/www.visit-ulcinj.com\/blog\/2012\/12\/19\/ldmz-telegram-ngushellimin-ambasadores-se-shba-ne-podgorice\/","og_locale":"en_US","og_type":"article","og_title":"LDMZ: Telegram ngush\u00ebllimin Ambasadores s\u00eb SHBA n\u00eb Podgoric\u00eb - Lajme nga Ulqini","og_description":"\u00a0\u00a0\u00a0\u00a0\u00a0\u00a0\u00a0\u00a0\u00a0\u00a0\u00a0\u00a0\u00a0 LIDHJA DEMOKRATIKE N\u00cb MAL T\u00cb ZI DEMOKRATSKI SAVEZ U CRNOJ GORI \u00a0\u00a0\u00a0\u00a0\u00a0\u00a0 DEMOCRATIC LEAGUE IN MONTENEGRO &nbsp; &nbsp; \u00a0\u00a0\u00a0\u00a0 Nr.\u00a0 320 \/ 12 Tuz ,","og_url":"https:\/\/www.visit-ulcinj.com\/blog\/2012\/12\/19\/ldmz-telegram-ngushellimin-ambasadores-se-shba-ne-podgorice\/","og_site_name":"Lajme nga Ulqini","article_published_time":"2012-12-19T07:29:38+00:00","article_modified_time":"2012-12-21T14:46:09+00:00","og_image":[{"url":"http:\/\/www.visit-ulcinj.com\/blog\/wp-content\/uploads\/2012\/12\/lidhja_demokratike_logo1.jpg"}],"twitter_misc":{"Written by":"ulqini","Est. reading time":"2 minutes"},"schema":{"@context":"https:\/\/schema.org","@graph":[{"@type":"WebSite","@id":"https:\/\/www.visit-ulcinj.com\/blog\/#website","url":"https:\/\/www.visit-ulcinj.com\/blog\/","name":"Lajme nga Ulqini","description":"Lajme,Vijesti,Ulqini,Ulqin,Crna Gora,Mali i Zi","potentialAction":[{"@type":"SearchAction","target":{"@type":"EntryPoint","urlTemplate":"https:\/\/www.visit-ulcinj.com\/blog\/?s={search_term_string}"},"query-input":"required name=search_term_string"}],"inLanguage":"en-US"},{"@type":"ImageObject","inLanguage":"en-US","@id":"https:\/\/www.visit-ulcinj.com\/blog\/2012\/12\/19\/ldmz-telegram-ngushellimin-ambasadores-se-shba-ne-podgorice\/#primaryimage","url":"https:\/\/www.visit-ulcinj.com\/blog\/wp-content\/uploads\/2012\/12\/lidhja_demokratike_logo1.jpg","contentUrl":"https:\/\/www.visit-ulcinj.com\/blog\/wp-content\/uploads\/2012\/12\/lidhja_demokratike_logo1.jpg","width":136,"height":125},{"@type":"WebPage","@id":"https:\/\/www.visit-ulcinj.com\/blog\/2012\/12\/19\/ldmz-telegram-ngushellimin-ambasadores-se-shba-ne-podgorice\/#webpage","url":"https:\/\/www.visit-ulcinj.com\/blog\/2012\/12\/19\/ldmz-telegram-ngushellimin-ambasadores-se-shba-ne-podgorice\/","name":"LDMZ: Telegram ngush\u00ebllimin Ambasadores s\u00eb SHBA n\u00eb Podgoric\u00eb - Lajme nga Ulqini","isPartOf":{"@id":"https:\/\/www.visit-ulcinj.com\/blog\/#website"},"primaryImageOfPage":{"@id":"https:\/\/www.visit-ulcinj.com\/blog\/2012\/12\/19\/ldmz-telegram-ngushellimin-ambasadores-se-shba-ne-podgorice\/#primaryimage"},"datePublished":"2012-12-19T07:29:38+00:00","dateModified":"2012-12-21T14:46:09+00:00","author":{"@id":"https:\/\/www.visit-ulcinj.com\/blog\/#\/schema\/person\/dcab619c614d3038751c63bc2aadc06d"},"description":"\u00a0\u00a0\u00a0\u00a0\u00a0\u00a0\u00a0\u00a0\u00a0\u00a0\u00a0\u00a0\u00a0 LIDHJA DEMOKRATIKE N\u00cb MAL T\u00cb ZI DEMOKRATSKI SAVEZ U CRNOJ GORI \u00a0\u00a0\u00a0\u00a0\u00a0\u00a0 DEMOCRATIC LEAGUE IN MONTENEGRO &nbsp; &nbsp; \u00a0\u00a0\u00a0\u00a0 Nr.\u00a0 320 \/ 12 Tuz ,","breadcrumb":{"@id":"https:\/\/www.visit-ulcinj.com\/blog\/2012\/12\/19\/ldmz-telegram-ngushellimin-ambasadores-se-shba-ne-podgorice\/#breadcrumb"},"inLanguage":"en-US","potentialAction":[{"@type":"ReadAction","target":["https:\/\/www.visit-ulcinj.com\/blog\/2012\/12\/19\/ldmz-telegram-ngushellimin-ambasadores-se-shba-ne-podgorice\/"]}]},{"@type":"BreadcrumbList","@id":"https:\/\/www.visit-ulcinj.com\/blog\/2012\/12\/19\/ldmz-telegram-ngushellimin-ambasadores-se-shba-ne-podgorice\/#breadcrumb","itemListElement":[{"@type":"ListItem","position":1,"name":"LDMZ: Telegram ngush\u00ebllimin Ambasadores s\u00eb SHBA n\u00eb Podgoric\u00eb"}]},{"@type":"Person","@id":"https:\/\/www.visit-ulcinj.com\/blog\/#\/schema\/person\/dcab619c614d3038751c63bc2aadc06d","name":"ulqini","sameAs":["http:\/\/www.visit-ulcinj.com"],"url":"https:\/\/www.visit-ulcinj.com\/blog\/author\/admin\/"}]}},"jetpack_featured_media_url":"","jetpack_sharing_enabled":true,"jetpack_shortlink":"https:\/\/wp.me\/pe6lTn-hoa","_links":{"self":[{"href":"https:\/\/www.visit-ulcinj.com\/blog\/wp-json\/wp\/v2\/posts\/66846"}],"collection":[{"href":"https:\/\/www.visit-ulcinj.com\/blog\/wp-json\/wp\/v2\/posts"}],"about":[{"href":"https:\/\/www.visit-ulcinj.com\/blog\/wp-json\/wp\/v2\/types\/post"}],"author":[{"embeddable":true,"href":"https:\/\/www.visit-ulcinj.com\/blog\/wp-json\/wp\/v2\/users\/1"}],"replies":[{"embeddable":true,"href":"https:\/\/www.visit-ulcinj.com\/blog\/wp-json\/wp\/v2\/comments?post=66846"}],"version-history":[{"count":5,"href":"https:\/\/www.visit-ulcinj.com\/blog\/wp-json\/wp\/v2\/posts\/66846\/revisions"}],"predecessor-version":[{"id":66916,"href":"https:\/\/www.visit-ulcinj.com\/blog\/wp-json\/wp\/v2\/posts\/66846\/revisions\/66916"}],"wp:attachment":[{"href":"https:\/\/www.visit-ulcinj.com\/blog\/wp-json\/wp\/v2\/media?parent=66846"}],"wp:term":[{"taxonomy":"category","embeddable":true,"href":"https:\/\/www.visit-ulcinj.com\/blog\/wp-json\/wp\/v2\/categories?post=66846"},{"taxonomy":"post_tag","embeddable":true,"href":"https:\/\/www.visit-ulcinj.com\/blog\/wp-json\/wp\/v2\/tags?post=66846"}],"curies":[{"name":"wp","href":"https:\/\/api.w.org\/{rel}","templated":true}]}}