{"id":6685,"date":"2008-11-25T20:05:26","date_gmt":"2008-11-25T19:05:26","guid":{"rendered":"http:\/\/www.visit-ulcinj.com\/blog\/?p=6685"},"modified":"2008-11-25T20:08:03","modified_gmt":"2008-11-25T19:08:03","slug":"berisha-dhe-gjukanoviqbashkepunimi-dhe-zhvillimi-i-projekteve-konkrete-2","status":"publish","type":"post","link":"https:\/\/www.visit-ulcinj.com\/blog\/2008\/11\/25\/berisha-dhe-gjukanoviqbashkepunimi-dhe-zhvillimi-i-projekteve-konkrete-2\/","title":{"rendered":"Berisha dhe Gjukanoviq : Bashk\u00ebpunimi dhe zhvillimi i projekteve konkrete"},"content":{"rendered":"<p><a href=\"http:\/\/www.visit-ulcinj.com\/blog\/wp-content\/uploads\/2008\/11\/berisha_gjukanovic_2008.jpg\"><img loading=\"lazy\" class=\"alignleft size-medium wp-image-6688\" title=\"berisha_gjukanovic_2008\" src=\"http:\/\/www.visit-ulcinj.com\/blog\/wp-content\/uploads\/2008\/11\/berisha_gjukanovic_2008-300x149.jpg\" alt=\"\" width=\"430\" height=\"239\" \/><\/a>Kryeministri Berisha dhe Kryeministri malazez Gjukanovi\u00e7 bien dakord zgjerimin e bashk\u00ebpunimit dhe zhvillimin e projekteve konkrete<br \/>\nDy pal\u00ebt diskutojn\u00eb projekte n\u00eb fush\u00ebn e infrastruktur\u00ebs, turizmit, arsimit, kultur\u00ebs etj..<br \/>\nKryeministri Sali Berisha mir\u00ebpriti sot Kryeministrin e Malit t\u00eb Zi Milo Gjukanovi\u00e7 dhe delegacionin q\u00eb e shoq\u00ebronte. Pas takimit tet a tet t\u00eb dy kryeministrave, u zhvilluan bisedimet mes dy delegacioneve, t\u00eb cilat u p\u00ebrqendruan n\u00eb nxitjen e perspektivave t\u00eb reja n\u00eb bashk\u00ebpunimin dypal\u00ebsh, aspiratat integruese europiane dhe euroatlantike dhe bashk\u00ebpunimi rajonal.<br \/>\nDy homolog\u00ebt i konsideruan marr\u00ebdh\u00ebniet dypal\u00ebshe t\u00eb shk\u00eblqyera dhe shpreh\u00ebn vullnetin p\u00ebr t\u00eb forcuar miq\u00ebsin\u00eb dhe bashk\u00ebpunimin e gjithansh\u00ebm nd\u00ebrmjet dy vendeve. Kryeministri Berisha e fal\u00ebnderoi Kryeministrin Gjukanovi\u00e7 p\u00ebr vizit\u00ebn, duke e konsideruar at\u00eb nj\u00eb kontribut t\u00eb r\u00ebnd\u00ebsish\u00ebm n\u00eb drejtim t\u00eb zgjerimit t\u00eb k\u00ebtij bashk\u00ebpunimi. Vizita n\u00eb Tiran\u00eb dhe bisedimet dypal\u00ebshe u konsideruan, gjithashtu, nga Kryeministri Gjukanovi\u00e7 nj\u00eb mund\u00ebsi e shk\u00eblqyer p\u00ebr t\u00eb sh\u00ebnuar nj\u00eb moment t\u00eb ri n\u00eb marr\u00ebdh\u00ebniet midis dy vendeve.<\/p>\n<p>Kryeministri Gjukanovi\u00e7 shprehu p\u00ebrg\u00ebzimet p\u00ebr marrjen nga Shqip\u00ebria t\u00eb ftes\u00ebs p\u00ebr an\u00ebtar\u00ebsim n\u00eb NATO.<br \/>\nKryeministri Berisha i shprehu homologut t\u00eb tij mb\u00ebshtetjen e qeveris\u00eb shqiptare p\u00ebr p\u00ebrpjekjet e Malit t\u00eb Zi p\u00ebr integrim n\u00eb strukturat euroatlantike. Edhe progresi i vendeve tona drejt Bashkimit Evropian, u shpreh Kryeministri Berisha, \u00ebsht\u00eb n\u00eb interesin m\u00eb t\u00eb mir\u00eb tonin dhe t\u00eb rajonit.<br \/>\nGjat\u00eb takimit, t\u00eb dyja pal\u00ebt ran\u00eb dakord p\u00ebr t\u00eb intensifikuar p\u00ebrpjekjet p\u00ebr zgjerimin e bashk\u00ebpunimit ekonomik, q\u00eb, si\u00e7 u konstatua, po njeh ritme m\u00eb t\u00eb m\u00ebdha pas hyrjes n\u00eb fuqi t\u00eb Marr\u00ebveshjes s\u00eb Tregtis\u00eb s\u00eb Lir\u00eb. Ato ndan\u00eb t\u00eb nj\u00ebjtin vler\u00ebsim se hapja e kufijve do t\u00eb krijonte nj\u00eb treg mjaftueshm\u00ebrisht t\u00eb gjer\u00eb p\u00ebr investimet.<\/p>\n<p>N\u00eb bisedimet e tyre, dy delegacionet u ndal\u00ebn n\u00eb m\u00ebnyr\u00eb t\u00eb ve\u00e7ant\u00eb n\u00eb zhvillimin e projekteve konkrete q\u00eb zgjerojn\u00eb bashk\u00ebpunimin mes dy vendeve, si n\u00eb fush\u00ebn e infrastruktur\u00ebs projekti i nd\u00ebrtimit t\u00eb autostrad\u00ebs Adriatiko-Joniane, shqyrtimi i vendosjes s\u00eb lidhjeve detare Durr\u00ebs-Tivar dhe vendosja e linj\u00ebs ajrore Tiran\u00eb-Podgoric\u00eb. Kryeministri Berisha shprehu angazhimin e qeveris\u00eb shqiptare p\u00ebr t\u2019i krijuar qeveris\u00eb malazeze t\u00eb gjitha leht\u00ebsit\u00eb e nevojshme p\u00ebr autostrad\u00ebn Podgoric\u00eb-Plav\u00eb, e cila, n\u00eb disa kilometra t\u00eb saj, kalon p\u00ebrmes territorit shqiptar. Kryeministri Berisha b\u00ebri t\u00eb ditur se po ecet me shpejt\u00ebsi n\u00eb drejtim t\u00eb p\u00ebrmir\u00ebsimit t\u00eb infrastruktur\u00ebs q\u00eb lidh dy vendet, si rruga Shkod\u00ebr-Hani i Hotit, Sh\u00ebngjin-Ulqin dhe Vermosh-Shkod\u00ebr.<\/p>\n<p>Duke e konsideruar liqenin e Shkodr\u00ebs nj\u00eb aset t\u00eb r\u00ebnd\u00ebsish\u00ebm p\u00ebr t\u00eb vendet, dy kryeministrat theksuan r\u00ebnd\u00ebsin\u00eb e p\u00ebrpjekjeve t\u00eb p\u00ebrbashk\u00ebta p\u00ebr mbrojtjen e ekosistemit t\u00eb tij dhe vendosjen e sh\u00ebrbimeve t\u00eb transportit q\u00eb lidhin t\u00eb dy an\u00ebt e liqenit.<br \/>\nT\u00eb dyja pal\u00ebt u shpreh\u00ebn s\u00eb bashk\u00ebpunimi n\u00eb fush\u00ebn e turizmit midis Shqip\u00ebris\u00eb dhe Malit t\u00eb Zi, ku t\u00eb dy vendet kan\u00eb potenciale t\u00eb m\u00ebdha turistike, \u00ebsht\u00eb nj\u00eb tjet\u00ebr fush\u00eb me interes t\u00eb p\u00ebrbashk\u00ebt. Kryeministri Berisha tha se zhvillimi i nj\u00eb zone turistike rajonale do t\u00eb rriste p\u00ebrfitimet p\u00ebr t\u00eb dy vendet.<br \/>\nT\u00eb dyja pal\u00ebt u angazhuan p\u00ebr intensifikimin e bashk\u00ebpunimit nd\u00ebrmjet dy vendeve edhe n\u00eb fush\u00ebn e kultur\u00ebs, t\u00eb arsimit, t\u00eb siguris\u00eb, luft\u00ebn kund\u00ebr kriminalitetit etj..<br \/>\nDuke u ndalur n\u00eb zhvillimet n\u00eb rajon, Kryeministri Berisha u shpreh se vendimi i qeveris\u00eb malazeze p\u00ebr njohjen e pavar\u00ebsis\u00eb s\u00eb Kosov\u00ebs i sh\u00ebrben paqes dhe stabilitetit t\u00eb rajonit. Kryeministri Gjukanovi\u00e7 shprehu vler\u00ebsimet p\u00ebr rolin konstruktiv t\u00eb qeveris\u00eb shqiptare n\u00eb zgjidhjen e \u00e7\u00ebshtjes s\u00eb Kosov\u00ebs.<\/p>\n<p>Kryeministri i Malit t\u00eb Zi Milo Gjukanovi\u00e7, n\u00eb krye t\u00eb nj\u00eb delegacioni, zhvilloi sot n\u00eb Tiran\u00eb nj\u00eb vizit\u00eb zyrtare me ftes\u00eb t\u00eb Kryeministrit Berisha.<\/p>\n<p><strong>Sherbimi inormatif i kryeministrit<\/strong><\/p>\n\n\t\t<style type=\"text\/css\">\n\t\t\t#gallery-1 {\n\t\t\t\tmargin: auto;\n\t\t\t}\n\t\t\t#gallery-1 .gallery-item {\n\t\t\t\tfloat: left;\n\t\t\t\tmargin-top: 10px;\n\t\t\t\ttext-align: center;\n\t\t\t\twidth: 33%;\n\t\t\t}\n\t\t\t#gallery-1 img {\n\t\t\t\tborder: 2px solid #cfcfcf;\n\t\t\t}\n\t\t\t#gallery-1 .gallery-caption {\n\t\t\t\tmargin-left: 0;\n\t\t\t}\n\t\t\t\/* see gallery_shortcode() in wp-includes\/media.php *\/\n\t\t<\/style>\n\t\t<div id='gallery-1' class='gallery galleryid-6685 gallery-columns-3 gallery-size-thumbnail'><dl class='gallery-item'>\n\t\t\t<dt class='gallery-icon landscape'>\n\t\t\t\t<a href='https:\/\/www.visit-ulcinj.com\/blog\/2008\/11\/25\/berisha-dhe-gjukanoviqbashkepunimi-dhe-zhvillimi-i-projekteve-konkrete-2\/berisha_gjukanovic_2008\/'><img width=\"150\" height=\"150\" src=\"https:\/\/www.visit-ulcinj.com\/blog\/wp-content\/uploads\/2008\/11\/berisha_gjukanovic_2008-150x150.jpg\" class=\"attachment-thumbnail size-thumbnail\" alt=\"\" loading=\"lazy\" \/><\/a>\n\t\t\t<\/dt><\/dl><dl class='gallery-item'>\n\t\t\t<dt class='gallery-icon portrait'>\n\t\t\t\t<a href='https:\/\/www.visit-ulcinj.com\/blog\/2008\/11\/25\/berisha-dhe-gjukanoviqbashkepunimi-dhe-zhvillimi-i-projekteve-konkrete-2\/berisha-_gjukanoviq_20084\/'><img width=\"150\" height=\"150\" src=\"https:\/\/www.visit-ulcinj.com\/blog\/wp-content\/uploads\/2008\/11\/berisha-_gjukanoviq_20084-150x150.jpg\" class=\"attachment-thumbnail size-thumbnail\" alt=\"\" loading=\"lazy\" \/><\/a>\n\t\t\t<\/dt><\/dl><dl class='gallery-item'>\n\t\t\t<dt class='gallery-icon landscape'>\n\t\t\t\t<a href='https:\/\/www.visit-ulcinj.com\/blog\/2008\/11\/25\/berisha-dhe-gjukanoviqbashkepunimi-dhe-zhvillimi-i-projekteve-konkrete-2\/berisha-_gjukanoviq_20083\/'><img width=\"150\" height=\"150\" src=\"https:\/\/www.visit-ulcinj.com\/blog\/wp-content\/uploads\/2008\/11\/berisha-_gjukanoviq_20083-150x150.jpg\" class=\"attachment-thumbnail size-thumbnail\" alt=\"\" loading=\"lazy\" \/><\/a>\n\t\t\t<\/dt><\/dl><br style=\"clear: both\" \/>\n\t\t<\/div>\n\n<p>[flv]http:\/\/shqiphost.top-channel.tv\/18754796\/flv\/kronika\/berisha-gjukanovic.flv[\/flv]<\/p>\n","protected":false},"excerpt":{"rendered":"<p>Kryeministri Berisha dhe Kryeministri malazez Gjukanovi\u00e7 bien dakord zgjerimin e bashk\u00ebpunimit dhe zhvillimin e projekteve konkrete Dy pal\u00ebt diskutojn\u00eb projekte n\u00eb fush\u00ebn e infrastruktur\u00ebs, turizmit, arsimit, kultur\u00ebs etj.. Kryeministri Sali Berisha mir\u00ebpriti sot Kryeministrin e Malit t\u00eb Zi Milo Gjukanovi\u00e7 dhe delegacionin q\u00eb e shoq\u00ebronte. Pas takimit tet a tet t\u00eb dy kryeministrave, u zhvilluan [&hellip;]<\/p>\n","protected":false},"author":1,"featured_media":0,"comment_status":"open","ping_status":"closed","sticky":false,"template":"","format":"standard","meta":{"spay_email":"","jetpack_publicize_message":"","jetpack_is_tweetstorm":false,"jetpack_publicize_feature_enabled":true},"categories":[6],"tags":[95,2433,2224,50],"jetpack_publicize_connections":[],"yoast_head":"<!-- This site is optimized with the Yoast SEO plugin v19.1 - https:\/\/yoast.com\/wordpress\/plugins\/seo\/ -->\n<title>Berisha dhe Gjukanoviq : Bashk\u00ebpunimi dhe zhvillimi i projekteve konkrete - Lajme nga Ulqini<\/title>\n<meta name=\"description\" content=\"Kryeministri Berisha dhe Kryeministri malazez Gjukanovi\u00e7 bien dakord zgjerimin e bashk\u00ebpunimit dhe zhvillimin e projekteve konkrete Dy pal\u00ebt diskutojn\u00eb\" \/>\n<meta name=\"robots\" content=\"index, follow, max-snippet:-1, max-image-preview:large, max-video-preview:-1\" \/>\n<link rel=\"canonical\" href=\"https:\/\/www.visit-ulcinj.com\/blog\/2008\/11\/25\/berisha-dhe-gjukanoviqbashkepunimi-dhe-zhvillimi-i-projekteve-konkrete-2\/\" \/>\n<meta property=\"og:locale\" content=\"en_US\" \/>\n<meta property=\"og:type\" content=\"article\" \/>\n<meta property=\"og:title\" content=\"Berisha dhe Gjukanoviq : Bashk\u00ebpunimi dhe zhvillimi i projekteve konkrete - Lajme nga Ulqini\" \/>\n<meta property=\"og:description\" content=\"Kryeministri Berisha dhe Kryeministri malazez Gjukanovi\u00e7 bien dakord zgjerimin e bashk\u00ebpunimit dhe zhvillimin e projekteve konkrete Dy pal\u00ebt diskutojn\u00eb\" \/>\n<meta property=\"og:url\" content=\"https:\/\/www.visit-ulcinj.com\/blog\/2008\/11\/25\/berisha-dhe-gjukanoviqbashkepunimi-dhe-zhvillimi-i-projekteve-konkrete-2\/\" \/>\n<meta property=\"og:site_name\" content=\"Lajme nga Ulqini\" \/>\n<meta property=\"article:published_time\" content=\"2008-11-25T19:05:26+00:00\" \/>\n<meta property=\"article:modified_time\" content=\"2008-11-25T19:08:03+00:00\" \/>\n<meta property=\"og:image\" content=\"https:\/\/www.visit-ulcinj.com\/blog\/wp-content\/uploads\/2008\/11\/berisha_gjukanovic_2008-150x150.jpg\" \/>\n<meta name=\"twitter:label1\" content=\"Written by\" \/>\n\t<meta name=\"twitter:data1\" content=\"ulqini\" \/>\n\t<meta name=\"twitter:label2\" content=\"Est. reading time\" \/>\n\t<meta name=\"twitter:data2\" content=\"3 minutes\" \/>\n<script type=\"application\/ld+json\" class=\"yoast-schema-graph\">{\"@context\":\"https:\/\/schema.org\",\"@graph\":[{\"@type\":\"WebSite\",\"@id\":\"https:\/\/www.visit-ulcinj.com\/blog\/#website\",\"url\":\"https:\/\/www.visit-ulcinj.com\/blog\/\",\"name\":\"Lajme nga Ulqini\",\"description\":\"Lajme,Vijesti,Ulqini,Ulqin,Crna Gora,Mali i Zi\",\"potentialAction\":[{\"@type\":\"SearchAction\",\"target\":{\"@type\":\"EntryPoint\",\"urlTemplate\":\"https:\/\/www.visit-ulcinj.com\/blog\/?s={search_term_string}\"},\"query-input\":\"required name=search_term_string\"}],\"inLanguage\":\"en-US\"},{\"@type\":\"ImageObject\",\"inLanguage\":\"en-US\",\"@id\":\"https:\/\/www.visit-ulcinj.com\/blog\/2008\/11\/25\/berisha-dhe-gjukanoviqbashkepunimi-dhe-zhvillimi-i-projekteve-konkrete-2\/#primaryimage\",\"url\":\"http:\/\/www.visit-ulcinj.com\/blog\/wp-content\/uploads\/2008\/11\/berisha_gjukanovic_2008-300x149.jpg\",\"contentUrl\":\"http:\/\/www.visit-ulcinj.com\/blog\/wp-content\/uploads\/2008\/11\/berisha_gjukanovic_2008-300x149.jpg\"},{\"@type\":\"WebPage\",\"@id\":\"https:\/\/www.visit-ulcinj.com\/blog\/2008\/11\/25\/berisha-dhe-gjukanoviqbashkepunimi-dhe-zhvillimi-i-projekteve-konkrete-2\/#webpage\",\"url\":\"https:\/\/www.visit-ulcinj.com\/blog\/2008\/11\/25\/berisha-dhe-gjukanoviqbashkepunimi-dhe-zhvillimi-i-projekteve-konkrete-2\/\",\"name\":\"Berisha dhe Gjukanoviq : Bashk\u00ebpunimi dhe zhvillimi i projekteve konkrete - Lajme nga Ulqini\",\"isPartOf\":{\"@id\":\"https:\/\/www.visit-ulcinj.com\/blog\/#website\"},\"primaryImageOfPage\":{\"@id\":\"https:\/\/www.visit-ulcinj.com\/blog\/2008\/11\/25\/berisha-dhe-gjukanoviqbashkepunimi-dhe-zhvillimi-i-projekteve-konkrete-2\/#primaryimage\"},\"datePublished\":\"2008-11-25T19:05:26+00:00\",\"dateModified\":\"2008-11-25T19:08:03+00:00\",\"author\":{\"@id\":\"https:\/\/www.visit-ulcinj.com\/blog\/#\/schema\/person\/dcab619c614d3038751c63bc2aadc06d\"},\"description\":\"Kryeministri Berisha dhe Kryeministri malazez Gjukanovi\u00e7 bien dakord zgjerimin e bashk\u00ebpunimit dhe zhvillimin e projekteve konkrete Dy pal\u00ebt diskutojn\u00eb\",\"breadcrumb\":{\"@id\":\"https:\/\/www.visit-ulcinj.com\/blog\/2008\/11\/25\/berisha-dhe-gjukanoviqbashkepunimi-dhe-zhvillimi-i-projekteve-konkrete-2\/#breadcrumb\"},\"inLanguage\":\"en-US\",\"potentialAction\":[{\"@type\":\"ReadAction\",\"target\":[\"https:\/\/www.visit-ulcinj.com\/blog\/2008\/11\/25\/berisha-dhe-gjukanoviqbashkepunimi-dhe-zhvillimi-i-projekteve-konkrete-2\/\"]}]},{\"@type\":\"BreadcrumbList\",\"@id\":\"https:\/\/www.visit-ulcinj.com\/blog\/2008\/11\/25\/berisha-dhe-gjukanoviqbashkepunimi-dhe-zhvillimi-i-projekteve-konkrete-2\/#breadcrumb\",\"itemListElement\":[{\"@type\":\"ListItem\",\"position\":1,\"name\":\"Berisha dhe Gjukanoviq : Bashk\u00ebpunimi dhe zhvillimi i projekteve konkrete\"}]},{\"@type\":\"Person\",\"@id\":\"https:\/\/www.visit-ulcinj.com\/blog\/#\/schema\/person\/dcab619c614d3038751c63bc2aadc06d\",\"name\":\"ulqini\",\"sameAs\":[\"http:\/\/www.visit-ulcinj.com\"],\"url\":\"https:\/\/www.visit-ulcinj.com\/blog\/author\/admin\/\"}]}<\/script>\n<!-- \/ Yoast SEO plugin. -->","yoast_head_json":{"title":"Berisha dhe Gjukanoviq : Bashk\u00ebpunimi dhe zhvillimi i projekteve konkrete - Lajme nga Ulqini","description":"Kryeministri Berisha dhe Kryeministri malazez Gjukanovi\u00e7 bien dakord zgjerimin e bashk\u00ebpunimit dhe zhvillimin e projekteve konkrete Dy pal\u00ebt diskutojn\u00eb","robots":{"index":"index","follow":"follow","max-snippet":"max-snippet:-1","max-image-preview":"max-image-preview:large","max-video-preview":"max-video-preview:-1"},"canonical":"https:\/\/www.visit-ulcinj.com\/blog\/2008\/11\/25\/berisha-dhe-gjukanoviqbashkepunimi-dhe-zhvillimi-i-projekteve-konkrete-2\/","og_locale":"en_US","og_type":"article","og_title":"Berisha dhe Gjukanoviq : Bashk\u00ebpunimi dhe zhvillimi i projekteve konkrete - Lajme nga Ulqini","og_description":"Kryeministri Berisha dhe Kryeministri malazez Gjukanovi\u00e7 bien dakord zgjerimin e bashk\u00ebpunimit dhe zhvillimin e projekteve konkrete Dy pal\u00ebt diskutojn\u00eb","og_url":"https:\/\/www.visit-ulcinj.com\/blog\/2008\/11\/25\/berisha-dhe-gjukanoviqbashkepunimi-dhe-zhvillimi-i-projekteve-konkrete-2\/","og_site_name":"Lajme nga Ulqini","article_published_time":"2008-11-25T19:05:26+00:00","article_modified_time":"2008-11-25T19:08:03+00:00","og_image":[{"url":"https:\/\/www.visit-ulcinj.com\/blog\/wp-content\/uploads\/2008\/11\/berisha_gjukanovic_2008-150x150.jpg"}],"twitter_misc":{"Written by":"ulqini","Est. reading time":"3 minutes"},"schema":{"@context":"https:\/\/schema.org","@graph":[{"@type":"WebSite","@id":"https:\/\/www.visit-ulcinj.com\/blog\/#website","url":"https:\/\/www.visit-ulcinj.com\/blog\/","name":"Lajme nga Ulqini","description":"Lajme,Vijesti,Ulqini,Ulqin,Crna Gora,Mali i Zi","potentialAction":[{"@type":"SearchAction","target":{"@type":"EntryPoint","urlTemplate":"https:\/\/www.visit-ulcinj.com\/blog\/?s={search_term_string}"},"query-input":"required name=search_term_string"}],"inLanguage":"en-US"},{"@type":"ImageObject","inLanguage":"en-US","@id":"https:\/\/www.visit-ulcinj.com\/blog\/2008\/11\/25\/berisha-dhe-gjukanoviqbashkepunimi-dhe-zhvillimi-i-projekteve-konkrete-2\/#primaryimage","url":"http:\/\/www.visit-ulcinj.com\/blog\/wp-content\/uploads\/2008\/11\/berisha_gjukanovic_2008-300x149.jpg","contentUrl":"http:\/\/www.visit-ulcinj.com\/blog\/wp-content\/uploads\/2008\/11\/berisha_gjukanovic_2008-300x149.jpg"},{"@type":"WebPage","@id":"https:\/\/www.visit-ulcinj.com\/blog\/2008\/11\/25\/berisha-dhe-gjukanoviqbashkepunimi-dhe-zhvillimi-i-projekteve-konkrete-2\/#webpage","url":"https:\/\/www.visit-ulcinj.com\/blog\/2008\/11\/25\/berisha-dhe-gjukanoviqbashkepunimi-dhe-zhvillimi-i-projekteve-konkrete-2\/","name":"Berisha dhe Gjukanoviq : Bashk\u00ebpunimi dhe zhvillimi i projekteve konkrete - Lajme nga Ulqini","isPartOf":{"@id":"https:\/\/www.visit-ulcinj.com\/blog\/#website"},"primaryImageOfPage":{"@id":"https:\/\/www.visit-ulcinj.com\/blog\/2008\/11\/25\/berisha-dhe-gjukanoviqbashkepunimi-dhe-zhvillimi-i-projekteve-konkrete-2\/#primaryimage"},"datePublished":"2008-11-25T19:05:26+00:00","dateModified":"2008-11-25T19:08:03+00:00","author":{"@id":"https:\/\/www.visit-ulcinj.com\/blog\/#\/schema\/person\/dcab619c614d3038751c63bc2aadc06d"},"description":"Kryeministri Berisha dhe Kryeministri malazez Gjukanovi\u00e7 bien dakord zgjerimin e bashk\u00ebpunimit dhe zhvillimin e projekteve konkrete Dy pal\u00ebt diskutojn\u00eb","breadcrumb":{"@id":"https:\/\/www.visit-ulcinj.com\/blog\/2008\/11\/25\/berisha-dhe-gjukanoviqbashkepunimi-dhe-zhvillimi-i-projekteve-konkrete-2\/#breadcrumb"},"inLanguage":"en-US","potentialAction":[{"@type":"ReadAction","target":["https:\/\/www.visit-ulcinj.com\/blog\/2008\/11\/25\/berisha-dhe-gjukanoviqbashkepunimi-dhe-zhvillimi-i-projekteve-konkrete-2\/"]}]},{"@type":"BreadcrumbList","@id":"https:\/\/www.visit-ulcinj.com\/blog\/2008\/11\/25\/berisha-dhe-gjukanoviqbashkepunimi-dhe-zhvillimi-i-projekteve-konkrete-2\/#breadcrumb","itemListElement":[{"@type":"ListItem","position":1,"name":"Berisha dhe Gjukanoviq : Bashk\u00ebpunimi dhe zhvillimi i projekteve konkrete"}]},{"@type":"Person","@id":"https:\/\/www.visit-ulcinj.com\/blog\/#\/schema\/person\/dcab619c614d3038751c63bc2aadc06d","name":"ulqini","sameAs":["http:\/\/www.visit-ulcinj.com"],"url":"https:\/\/www.visit-ulcinj.com\/blog\/author\/admin\/"}]}},"jetpack_featured_media_url":"","jetpack_sharing_enabled":true,"jetpack_shortlink":"https:\/\/wp.me\/pe6lTn-1JP","_links":{"self":[{"href":"https:\/\/www.visit-ulcinj.com\/blog\/wp-json\/wp\/v2\/posts\/6685"}],"collection":[{"href":"https:\/\/www.visit-ulcinj.com\/blog\/wp-json\/wp\/v2\/posts"}],"about":[{"href":"https:\/\/www.visit-ulcinj.com\/blog\/wp-json\/wp\/v2\/types\/post"}],"author":[{"embeddable":true,"href":"https:\/\/www.visit-ulcinj.com\/blog\/wp-json\/wp\/v2\/users\/1"}],"replies":[{"embeddable":true,"href":"https:\/\/www.visit-ulcinj.com\/blog\/wp-json\/wp\/v2\/comments?post=6685"}],"version-history":[{"count":0,"href":"https:\/\/www.visit-ulcinj.com\/blog\/wp-json\/wp\/v2\/posts\/6685\/revisions"}],"wp:attachment":[{"href":"https:\/\/www.visit-ulcinj.com\/blog\/wp-json\/wp\/v2\/media?parent=6685"}],"wp:term":[{"taxonomy":"category","embeddable":true,"href":"https:\/\/www.visit-ulcinj.com\/blog\/wp-json\/wp\/v2\/categories?post=6685"},{"taxonomy":"post_tag","embeddable":true,"href":"https:\/\/www.visit-ulcinj.com\/blog\/wp-json\/wp\/v2\/tags?post=6685"}],"curies":[{"name":"wp","href":"https:\/\/api.w.org\/{rel}","templated":true}]}}