{"id":66867,"date":"2012-12-19T19:49:38","date_gmt":"2012-12-19T18:49:38","guid":{"rendered":"http:\/\/www.visit-ulcinj.com\/blog\/?p=66867"},"modified":"2012-12-19T19:50:26","modified_gmt":"2012-12-19T18:50:26","slug":"nxenesit-ngrihen-ne-shkollen-marshal-tito-ulqin","status":"publish","type":"post","link":"https:\/\/www.visit-ulcinj.com\/blog\/2012\/12\/19\/nxenesit-ngrihen-ne-shkollen-marshal-tito-ulqin\/","title":{"rendered":"Nx\u00ebn\u00ebsit ngrihen n\u00eb shkollen &#8220;Marshal Tito&#8221; Ulqin"},"content":{"rendered":"<p><a href=\"http:\/\/www.visit-ulcinj.com\/blog\/wp-content\/uploads\/2012\/12\/shkolla-fillore_Marsal-Tito_Ulqin.jpg\"><img loading=\"lazy\" class=\"alignleft  wp-image-66868\" alt=\"shkolla fillore_Marsal Tito_Ulqin\" src=\"http:\/\/www.visit-ulcinj.com\/blog\/wp-content\/uploads\/2012\/12\/shkolla-fillore_Marsal-Tito_Ulqin.jpg\" width=\"508\" height=\"360\" \/><\/a>Nx\u00ebn\u00ebsit e Shkoll\u00ebs fillore &#8220;Marshali Tito&#8221; n\u00eb Ulqin dy dit\u00eb kan\u00eb m\u00ebsuar me orar t\u00eb shkurtuar p\u00ebr arsye se n\u00eb shkoll\u00eb nuk ka patur ngrohje. Drejtori i shkoll\u00ebs, i cili k\u00ebt\u00eb funksion e ushtron q\u00eb 10 vite, Martin Zadrima, i ka th\u00ebn\u00eb t\u00eb p\u00ebrditshmes &#8220;Vijesti&#8221; q\u00eb shkoll\u00ebs i ka munguar l\u00ebnda djeg\u00ebse p\u00ebr aktivizimin e ngrohjes q\u00ebndrore, por q\u00eb tani \u00e7do gj\u00eb funksionon normalisht.<\/p>\n<p><a href=\"http:\/\/www.visit-ulcinj.com\/blog\/wp-content\/uploads\/2012\/12\/Martin-Zadrima_Direktor_-shkolla-fillore_Marsal-Tito_Ulqin.jpg\"><img loading=\"lazy\" class=\"alignleft  wp-image-66869\" alt=\"Martin Zadrima_Direktor_ shkolla fillore_Marsal Tito_Ulqin\" src=\"http:\/\/www.visit-ulcinj.com\/blog\/wp-content\/uploads\/2012\/12\/Martin-Zadrima_Direktor_-shkolla-fillore_Marsal-Tito_Ulqin.jpg\" width=\"508\" height=\"300\" \/><\/a><\/p>\n<p>\u00cbsht\u00eb Ministria e Arsimit ajo e cila kujdeset p\u00ebr furnizimin e shkollave me l\u00ebnd\u00eb djeg\u00ebse por e p\u00ebrditshmja &#8220;Vijesti&#8221; nuk ka marr\u00eb p\u00ebrgjigje nga ky institucion n\u00eb pyetjen se pse \u00ebsht\u00eb b\u00ebr\u00eb ky l\u00ebshim n\u00eb Ulqin.<\/p>\n<p><a href=\"https:\/\/www.facebook.com\/shqiptaretnemz\" target=\"_blank\"><strong>Shqiptar\u00ebt n\u00eb Malin e Zi &#8211; Albanians in Montenegro Facebook<\/strong><\/a><\/p>\n<p>&nbsp;<\/p>\n","protected":false},"excerpt":{"rendered":"<p>Nx\u00ebn\u00ebsit e Shkoll\u00ebs fillore &#8220;Marshali Tito&#8221; n\u00eb Ulqin dy dit\u00eb kan\u00eb m\u00ebsuar me orar t\u00eb shkurtuar p\u00ebr arsye se n\u00eb shkoll\u00eb nuk ka patur ngrohje. Drejtori i shkoll\u00ebs, i cili k\u00ebt\u00eb funksion e ushtron q\u00eb 10 vite, Martin Zadrima, i ka th\u00ebn\u00eb t\u00eb p\u00ebrditshmes &#8220;Vijesti&#8221; q\u00eb shkoll\u00ebs i ka munguar l\u00ebnda djeg\u00ebse p\u00ebr aktivizimin e [&hellip;]<\/p>\n","protected":false},"author":1,"featured_media":0,"comment_status":"open","ping_status":"closed","sticky":false,"template":"","format":"standard","meta":{"spay_email":"","jetpack_publicize_message":"","jetpack_is_tweetstorm":false,"jetpack_publicize_feature_enabled":true},"categories":[13],"tags":[95,21625,200,18],"jetpack_publicize_connections":[],"yoast_head":"<!-- This site is optimized with the Yoast SEO plugin v19.1 - https:\/\/yoast.com\/wordpress\/plugins\/seo\/ -->\n<title>Nx\u00ebn\u00ebsit ngrihen n\u00eb shkollen &quot;Marshal Tito&quot; Ulqin - Lajme nga Ulqini<\/title>\n<meta name=\"description\" content=\"Nx\u00ebn\u00ebsit e Shkoll\u00ebs fillore &quot;Marshali Tito&quot; n\u00eb Ulqin dy dit\u00eb kan\u00eb m\u00ebsuar me orar t\u00eb shkurtuar p\u00ebr arsye se n\u00eb shkoll\u00eb nuk ka patur ngrohje. Drejtori i\" \/>\n<meta name=\"robots\" content=\"index, follow, max-snippet:-1, max-image-preview:large, max-video-preview:-1\" \/>\n<link rel=\"canonical\" href=\"https:\/\/www.visit-ulcinj.com\/blog\/2012\/12\/19\/nxenesit-ngrihen-ne-shkollen-marshal-tito-ulqin\/\" \/>\n<meta property=\"og:locale\" content=\"en_US\" \/>\n<meta property=\"og:type\" content=\"article\" \/>\n<meta property=\"og:title\" content=\"Nx\u00ebn\u00ebsit ngrihen n\u00eb shkollen &quot;Marshal Tito&quot; Ulqin - Lajme nga Ulqini\" \/>\n<meta property=\"og:description\" content=\"Nx\u00ebn\u00ebsit e Shkoll\u00ebs fillore &quot;Marshali Tito&quot; n\u00eb Ulqin dy dit\u00eb kan\u00eb m\u00ebsuar me orar t\u00eb shkurtuar p\u00ebr arsye se n\u00eb shkoll\u00eb nuk ka patur ngrohje. Drejtori i\" \/>\n<meta property=\"og:url\" content=\"https:\/\/www.visit-ulcinj.com\/blog\/2012\/12\/19\/nxenesit-ngrihen-ne-shkollen-marshal-tito-ulqin\/\" \/>\n<meta property=\"og:site_name\" content=\"Lajme nga Ulqini\" \/>\n<meta property=\"article:published_time\" content=\"2012-12-19T18:49:38+00:00\" \/>\n<meta property=\"article:modified_time\" content=\"2012-12-19T18:50:26+00:00\" \/>\n<meta property=\"og:image\" content=\"http:\/\/www.visit-ulcinj.com\/blog\/wp-content\/uploads\/2012\/12\/shkolla-fillore_Marsal-Tito_Ulqin.jpg\" \/>\n<meta name=\"twitter:label1\" content=\"Written by\" \/>\n\t<meta name=\"twitter:data1\" content=\"ulqini\" \/>\n\t<meta name=\"twitter:label2\" content=\"Est. reading time\" \/>\n\t<meta name=\"twitter:data2\" content=\"1 minute\" \/>\n<script type=\"application\/ld+json\" class=\"yoast-schema-graph\">{\"@context\":\"https:\/\/schema.org\",\"@graph\":[{\"@type\":\"WebSite\",\"@id\":\"https:\/\/www.visit-ulcinj.com\/blog\/#website\",\"url\":\"https:\/\/www.visit-ulcinj.com\/blog\/\",\"name\":\"Lajme nga Ulqini\",\"description\":\"Lajme,Vijesti,Ulqini,Ulqin,Crna Gora,Mali i Zi\",\"potentialAction\":[{\"@type\":\"SearchAction\",\"target\":{\"@type\":\"EntryPoint\",\"urlTemplate\":\"https:\/\/www.visit-ulcinj.com\/blog\/?s={search_term_string}\"},\"query-input\":\"required name=search_term_string\"}],\"inLanguage\":\"en-US\"},{\"@type\":\"ImageObject\",\"inLanguage\":\"en-US\",\"@id\":\"https:\/\/www.visit-ulcinj.com\/blog\/2012\/12\/19\/nxenesit-ngrihen-ne-shkollen-marshal-tito-ulqin\/#primaryimage\",\"url\":\"https:\/\/www.visit-ulcinj.com\/blog\/wp-content\/uploads\/2012\/12\/shkolla-fillore_Marsal-Tito_Ulqin.jpg\",\"contentUrl\":\"https:\/\/www.visit-ulcinj.com\/blog\/wp-content\/uploads\/2012\/12\/shkolla-fillore_Marsal-Tito_Ulqin.jpg\",\"width\":646,\"height\":485},{\"@type\":\"WebPage\",\"@id\":\"https:\/\/www.visit-ulcinj.com\/blog\/2012\/12\/19\/nxenesit-ngrihen-ne-shkollen-marshal-tito-ulqin\/#webpage\",\"url\":\"https:\/\/www.visit-ulcinj.com\/blog\/2012\/12\/19\/nxenesit-ngrihen-ne-shkollen-marshal-tito-ulqin\/\",\"name\":\"Nx\u00ebn\u00ebsit ngrihen n\u00eb shkollen \\\"Marshal Tito\\\" Ulqin - Lajme nga Ulqini\",\"isPartOf\":{\"@id\":\"https:\/\/www.visit-ulcinj.com\/blog\/#website\"},\"primaryImageOfPage\":{\"@id\":\"https:\/\/www.visit-ulcinj.com\/blog\/2012\/12\/19\/nxenesit-ngrihen-ne-shkollen-marshal-tito-ulqin\/#primaryimage\"},\"datePublished\":\"2012-12-19T18:49:38+00:00\",\"dateModified\":\"2012-12-19T18:50:26+00:00\",\"author\":{\"@id\":\"https:\/\/www.visit-ulcinj.com\/blog\/#\/schema\/person\/dcab619c614d3038751c63bc2aadc06d\"},\"description\":\"Nx\u00ebn\u00ebsit e Shkoll\u00ebs fillore \\\"Marshali Tito\\\" n\u00eb Ulqin dy dit\u00eb kan\u00eb m\u00ebsuar me orar t\u00eb shkurtuar p\u00ebr arsye se n\u00eb shkoll\u00eb nuk ka patur ngrohje. Drejtori i\",\"breadcrumb\":{\"@id\":\"https:\/\/www.visit-ulcinj.com\/blog\/2012\/12\/19\/nxenesit-ngrihen-ne-shkollen-marshal-tito-ulqin\/#breadcrumb\"},\"inLanguage\":\"en-US\",\"potentialAction\":[{\"@type\":\"ReadAction\",\"target\":[\"https:\/\/www.visit-ulcinj.com\/blog\/2012\/12\/19\/nxenesit-ngrihen-ne-shkollen-marshal-tito-ulqin\/\"]}]},{\"@type\":\"BreadcrumbList\",\"@id\":\"https:\/\/www.visit-ulcinj.com\/blog\/2012\/12\/19\/nxenesit-ngrihen-ne-shkollen-marshal-tito-ulqin\/#breadcrumb\",\"itemListElement\":[{\"@type\":\"ListItem\",\"position\":1,\"name\":\"Nx\u00ebn\u00ebsit ngrihen n\u00eb shkollen &#8220;Marshal Tito&#8221; Ulqin\"}]},{\"@type\":\"Person\",\"@id\":\"https:\/\/www.visit-ulcinj.com\/blog\/#\/schema\/person\/dcab619c614d3038751c63bc2aadc06d\",\"name\":\"ulqini\",\"sameAs\":[\"http:\/\/www.visit-ulcinj.com\"],\"url\":\"https:\/\/www.visit-ulcinj.com\/blog\/author\/admin\/\"}]}<\/script>\n<!-- \/ Yoast SEO plugin. -->","yoast_head_json":{"title":"Nx\u00ebn\u00ebsit ngrihen n\u00eb shkollen \"Marshal Tito\" Ulqin - Lajme nga Ulqini","description":"Nx\u00ebn\u00ebsit e Shkoll\u00ebs fillore \"Marshali Tito\" n\u00eb Ulqin dy dit\u00eb kan\u00eb m\u00ebsuar me orar t\u00eb shkurtuar p\u00ebr arsye se n\u00eb shkoll\u00eb nuk ka patur ngrohje. Drejtori i","robots":{"index":"index","follow":"follow","max-snippet":"max-snippet:-1","max-image-preview":"max-image-preview:large","max-video-preview":"max-video-preview:-1"},"canonical":"https:\/\/www.visit-ulcinj.com\/blog\/2012\/12\/19\/nxenesit-ngrihen-ne-shkollen-marshal-tito-ulqin\/","og_locale":"en_US","og_type":"article","og_title":"Nx\u00ebn\u00ebsit ngrihen n\u00eb shkollen \"Marshal Tito\" Ulqin - Lajme nga Ulqini","og_description":"Nx\u00ebn\u00ebsit e Shkoll\u00ebs fillore \"Marshali Tito\" n\u00eb Ulqin dy dit\u00eb kan\u00eb m\u00ebsuar me orar t\u00eb shkurtuar p\u00ebr arsye se n\u00eb shkoll\u00eb nuk ka patur ngrohje. Drejtori i","og_url":"https:\/\/www.visit-ulcinj.com\/blog\/2012\/12\/19\/nxenesit-ngrihen-ne-shkollen-marshal-tito-ulqin\/","og_site_name":"Lajme nga Ulqini","article_published_time":"2012-12-19T18:49:38+00:00","article_modified_time":"2012-12-19T18:50:26+00:00","og_image":[{"url":"http:\/\/www.visit-ulcinj.com\/blog\/wp-content\/uploads\/2012\/12\/shkolla-fillore_Marsal-Tito_Ulqin.jpg"}],"twitter_misc":{"Written by":"ulqini","Est. reading time":"1 minute"},"schema":{"@context":"https:\/\/schema.org","@graph":[{"@type":"WebSite","@id":"https:\/\/www.visit-ulcinj.com\/blog\/#website","url":"https:\/\/www.visit-ulcinj.com\/blog\/","name":"Lajme nga Ulqini","description":"Lajme,Vijesti,Ulqini,Ulqin,Crna Gora,Mali i Zi","potentialAction":[{"@type":"SearchAction","target":{"@type":"EntryPoint","urlTemplate":"https:\/\/www.visit-ulcinj.com\/blog\/?s={search_term_string}"},"query-input":"required name=search_term_string"}],"inLanguage":"en-US"},{"@type":"ImageObject","inLanguage":"en-US","@id":"https:\/\/www.visit-ulcinj.com\/blog\/2012\/12\/19\/nxenesit-ngrihen-ne-shkollen-marshal-tito-ulqin\/#primaryimage","url":"https:\/\/www.visit-ulcinj.com\/blog\/wp-content\/uploads\/2012\/12\/shkolla-fillore_Marsal-Tito_Ulqin.jpg","contentUrl":"https:\/\/www.visit-ulcinj.com\/blog\/wp-content\/uploads\/2012\/12\/shkolla-fillore_Marsal-Tito_Ulqin.jpg","width":646,"height":485},{"@type":"WebPage","@id":"https:\/\/www.visit-ulcinj.com\/blog\/2012\/12\/19\/nxenesit-ngrihen-ne-shkollen-marshal-tito-ulqin\/#webpage","url":"https:\/\/www.visit-ulcinj.com\/blog\/2012\/12\/19\/nxenesit-ngrihen-ne-shkollen-marshal-tito-ulqin\/","name":"Nx\u00ebn\u00ebsit ngrihen n\u00eb shkollen \"Marshal Tito\" Ulqin - Lajme nga Ulqini","isPartOf":{"@id":"https:\/\/www.visit-ulcinj.com\/blog\/#website"},"primaryImageOfPage":{"@id":"https:\/\/www.visit-ulcinj.com\/blog\/2012\/12\/19\/nxenesit-ngrihen-ne-shkollen-marshal-tito-ulqin\/#primaryimage"},"datePublished":"2012-12-19T18:49:38+00:00","dateModified":"2012-12-19T18:50:26+00:00","author":{"@id":"https:\/\/www.visit-ulcinj.com\/blog\/#\/schema\/person\/dcab619c614d3038751c63bc2aadc06d"},"description":"Nx\u00ebn\u00ebsit e Shkoll\u00ebs fillore \"Marshali Tito\" n\u00eb Ulqin dy dit\u00eb kan\u00eb m\u00ebsuar me orar t\u00eb shkurtuar p\u00ebr arsye se n\u00eb shkoll\u00eb nuk ka patur ngrohje. Drejtori i","breadcrumb":{"@id":"https:\/\/www.visit-ulcinj.com\/blog\/2012\/12\/19\/nxenesit-ngrihen-ne-shkollen-marshal-tito-ulqin\/#breadcrumb"},"inLanguage":"en-US","potentialAction":[{"@type":"ReadAction","target":["https:\/\/www.visit-ulcinj.com\/blog\/2012\/12\/19\/nxenesit-ngrihen-ne-shkollen-marshal-tito-ulqin\/"]}]},{"@type":"BreadcrumbList","@id":"https:\/\/www.visit-ulcinj.com\/blog\/2012\/12\/19\/nxenesit-ngrihen-ne-shkollen-marshal-tito-ulqin\/#breadcrumb","itemListElement":[{"@type":"ListItem","position":1,"name":"Nx\u00ebn\u00ebsit ngrihen n\u00eb shkollen &#8220;Marshal Tito&#8221; Ulqin"}]},{"@type":"Person","@id":"https:\/\/www.visit-ulcinj.com\/blog\/#\/schema\/person\/dcab619c614d3038751c63bc2aadc06d","name":"ulqini","sameAs":["http:\/\/www.visit-ulcinj.com"],"url":"https:\/\/www.visit-ulcinj.com\/blog\/author\/admin\/"}]}},"jetpack_featured_media_url":"","jetpack_sharing_enabled":true,"jetpack_shortlink":"https:\/\/wp.me\/pe6lTn-hov","_links":{"self":[{"href":"https:\/\/www.visit-ulcinj.com\/blog\/wp-json\/wp\/v2\/posts\/66867"}],"collection":[{"href":"https:\/\/www.visit-ulcinj.com\/blog\/wp-json\/wp\/v2\/posts"}],"about":[{"href":"https:\/\/www.visit-ulcinj.com\/blog\/wp-json\/wp\/v2\/types\/post"}],"author":[{"embeddable":true,"href":"https:\/\/www.visit-ulcinj.com\/blog\/wp-json\/wp\/v2\/users\/1"}],"replies":[{"embeddable":true,"href":"https:\/\/www.visit-ulcinj.com\/blog\/wp-json\/wp\/v2\/comments?post=66867"}],"version-history":[{"count":2,"href":"https:\/\/www.visit-ulcinj.com\/blog\/wp-json\/wp\/v2\/posts\/66867\/revisions"}],"predecessor-version":[{"id":66871,"href":"https:\/\/www.visit-ulcinj.com\/blog\/wp-json\/wp\/v2\/posts\/66867\/revisions\/66871"}],"wp:attachment":[{"href":"https:\/\/www.visit-ulcinj.com\/blog\/wp-json\/wp\/v2\/media?parent=66867"}],"wp:term":[{"taxonomy":"category","embeddable":true,"href":"https:\/\/www.visit-ulcinj.com\/blog\/wp-json\/wp\/v2\/categories?post=66867"},{"taxonomy":"post_tag","embeddable":true,"href":"https:\/\/www.visit-ulcinj.com\/blog\/wp-json\/wp\/v2\/tags?post=66867"}],"curies":[{"name":"wp","href":"https:\/\/api.w.org\/{rel}","templated":true}]}}