{"id":66872,"date":"2012-12-20T08:12:46","date_gmt":"2012-12-20T07:12:46","guid":{"rendered":"http:\/\/www.visit-ulcinj.com\/blog\/?p=66872"},"modified":"2012-12-21T15:55:37","modified_gmt":"2012-12-21T14:55:37","slug":"ne-ulqin-aksident-rrugor-ne-mengjez","status":"publish","type":"post","link":"https:\/\/www.visit-ulcinj.com\/blog\/2012\/12\/20\/ne-ulqin-aksident-rrugor-ne-mengjez\/","title":{"rendered":"Ne Ulqin aksident rrugor ne mengjez"},"content":{"rendered":"<p><a href=\"http:\/\/www.visit-ulcinj.com\/blog\/wp-content\/uploads\/2012\/12\/Aksident-n\u00eb-carshi-te-ulqinit.jpg\"><img loading=\"lazy\" class=\"alignleft  wp-image-66873\" alt=\"Aksident n\u00eb carshi te ulqinit\" src=\"http:\/\/www.visit-ulcinj.com\/blog\/wp-content\/uploads\/2012\/12\/Aksident-n\u00eb-carshi-te-ulqinit.jpg\" width=\"508\" height=\"360\" \/><\/a>Nj\u00eb aksident automobilistik \u00ebsht\u00eb sh\u00ebnuar perafersisht ne ora 3h45 t\u00eb mengjesit n\u00eb aksin rrugor mu tek Restoranti Bazar , vet\u00ebm pak metra nga kthesa e q\u00eb \u00e7on p\u00ebr n\u00eb Meteriz\u00eb.<\/p>\n<p>Drejtuesit e k\u00ebsaj p\u00ebrplasjeje jan d\u00ebrguar p\u00ebr ndihm\u00eb mjek\u00ebsore.<\/p>\n<p>Menjehere ne vendngjarje ka shkuar grupi hetimor qe po heton shkaqet zyrtare te aksidentit.Pjes\u00eb e ndihm\u00ebs n\u00eb vend\u00eb t\u00eb ngjarjes u shoqrua nga ekipi i zjarfik\u00ebseve.M\u00eb von do jeni t\u00eb informuar m\u00eb gjansisht\u00eb.<\/p>\n<p>&nbsp;<\/p>\n<p><a href=\"https:\/\/www.facebook.com\/keti.hajdinaga\" target=\"_blank\"><strong>Autori\u00a0 i Fotografiave: Fikret Hajdinaga Facebook<\/strong><\/a><\/p>\n<p>&nbsp;<\/p>\n<p>&nbsp;<\/p>\n<p><a href=\"http:\/\/www.visit-ulcinj.com\/blog\/wp-content\/uploads\/2012\/12\/Aksident-n\u00eb-carshi-te-ulqinit.1.jpg\"><img loading=\"lazy\" class=\"alignleft  wp-image-66874\" alt=\"Aksident n\u00eb carshi te ulqinit.1\" src=\"http:\/\/www.visit-ulcinj.com\/blog\/wp-content\/uploads\/2012\/12\/Aksident-n\u00eb-carshi-te-ulqinit.1.jpg\" width=\"508\" height=\"300\" \/><\/a> <a href=\"http:\/\/www.visit-ulcinj.com\/blog\/wp-content\/uploads\/2012\/12\/Aksident-n\u00eb-carshi-te-ulqinit.2.jpg\"><img loading=\"lazy\" class=\"alignleft  wp-image-66875\" alt=\"Aksident n\u00eb carshi te ulqinit.2\" src=\"http:\/\/www.visit-ulcinj.com\/blog\/wp-content\/uploads\/2012\/12\/Aksident-n\u00eb-carshi-te-ulqinit.2.jpg\" width=\"508\" height=\"300\" \/><\/a> <a href=\"http:\/\/www.visit-ulcinj.com\/blog\/wp-content\/uploads\/2012\/12\/Aksident-n\u00eb-carshi-te-ulqinit.3.jpg\"><img loading=\"lazy\" class=\"alignleft  wp-image-66876\" alt=\"Aksident n\u00eb carshi te ulqinit.3\" src=\"http:\/\/www.visit-ulcinj.com\/blog\/wp-content\/uploads\/2012\/12\/Aksident-n\u00eb-carshi-te-ulqinit.3.jpg\" width=\"508\" height=\"300\" \/><\/a><\/p>\n","protected":false},"excerpt":{"rendered":"<p>Nj\u00eb aksident automobilistik \u00ebsht\u00eb sh\u00ebnuar perafersisht ne ora 3h45 t\u00eb mengjesit n\u00eb aksin rrugor mu tek Restoranti Bazar , vet\u00ebm pak metra nga kthesa e q\u00eb \u00e7on p\u00ebr n\u00eb Meteriz\u00eb. Drejtuesit e k\u00ebsaj p\u00ebrplasjeje jan d\u00ebrguar p\u00ebr ndihm\u00eb mjek\u00ebsore. Menjehere ne vendngjarje ka shkuar grupi hetimor qe po heton shkaqet zyrtare te aksidentit.Pjes\u00eb e ndihm\u00ebs [&hellip;]<\/p>\n","protected":false},"author":1,"featured_media":0,"comment_status":"open","ping_status":"closed","sticky":false,"template":"","format":"standard","meta":{"spay_email":"","jetpack_publicize_message":"","jetpack_is_tweetstorm":false,"jetpack_publicize_feature_enabled":true},"categories":[1,6950],"tags":[20564],"jetpack_publicize_connections":[],"yoast_head":"<!-- This site is optimized with the Yoast SEO plugin v19.1 - https:\/\/yoast.com\/wordpress\/plugins\/seo\/ -->\n<title>Ne Ulqin aksident rrugor ne mengjez - Lajme nga Ulqini<\/title>\n<meta name=\"description\" content=\"Nj\u00eb aksident automobilistik \u00ebsht\u00eb sh\u00ebnuar perafersisht ne ora 3h45 t\u00eb mengjesit n\u00eb aksin rrugor mu tek Restoranti Bazar , vet\u00ebm pak metra nga kthesa e q\u00eb\" \/>\n<meta name=\"robots\" content=\"index, follow, max-snippet:-1, max-image-preview:large, max-video-preview:-1\" \/>\n<link rel=\"canonical\" href=\"https:\/\/www.visit-ulcinj.com\/blog\/2012\/12\/20\/ne-ulqin-aksident-rrugor-ne-mengjez\/\" \/>\n<meta property=\"og:locale\" content=\"en_US\" \/>\n<meta property=\"og:type\" content=\"article\" \/>\n<meta property=\"og:title\" content=\"Ne Ulqin aksident rrugor ne mengjez - Lajme nga Ulqini\" \/>\n<meta property=\"og:description\" content=\"Nj\u00eb aksident automobilistik \u00ebsht\u00eb sh\u00ebnuar perafersisht ne ora 3h45 t\u00eb mengjesit n\u00eb aksin rrugor mu tek Restoranti Bazar , vet\u00ebm pak metra nga kthesa e q\u00eb\" \/>\n<meta property=\"og:url\" content=\"https:\/\/www.visit-ulcinj.com\/blog\/2012\/12\/20\/ne-ulqin-aksident-rrugor-ne-mengjez\/\" \/>\n<meta property=\"og:site_name\" content=\"Lajme nga Ulqini\" \/>\n<meta property=\"article:published_time\" content=\"2012-12-20T07:12:46+00:00\" \/>\n<meta property=\"article:modified_time\" content=\"2012-12-21T14:55:37+00:00\" \/>\n<meta name=\"twitter:label1\" content=\"Written by\" \/>\n\t<meta name=\"twitter:data1\" content=\"ulqini\" \/>\n<script type=\"application\/ld+json\" class=\"yoast-schema-graph\">{\"@context\":\"https:\/\/schema.org\",\"@graph\":[{\"@type\":\"WebSite\",\"@id\":\"https:\/\/www.visit-ulcinj.com\/blog\/#website\",\"url\":\"https:\/\/www.visit-ulcinj.com\/blog\/\",\"name\":\"Lajme nga Ulqini\",\"description\":\"Lajme,Vijesti,Ulqini,Ulqin,Crna Gora,Mali i Zi\",\"potentialAction\":[{\"@type\":\"SearchAction\",\"target\":{\"@type\":\"EntryPoint\",\"urlTemplate\":\"https:\/\/www.visit-ulcinj.com\/blog\/?s={search_term_string}\"},\"query-input\":\"required name=search_term_string\"}],\"inLanguage\":\"en-US\"},{\"@type\":\"WebPage\",\"@id\":\"https:\/\/www.visit-ulcinj.com\/blog\/2012\/12\/20\/ne-ulqin-aksident-rrugor-ne-mengjez\/#webpage\",\"url\":\"https:\/\/www.visit-ulcinj.com\/blog\/2012\/12\/20\/ne-ulqin-aksident-rrugor-ne-mengjez\/\",\"name\":\"Ne Ulqin aksident rrugor ne mengjez - Lajme nga Ulqini\",\"isPartOf\":{\"@id\":\"https:\/\/www.visit-ulcinj.com\/blog\/#website\"},\"datePublished\":\"2012-12-20T07:12:46+00:00\",\"dateModified\":\"2012-12-21T14:55:37+00:00\",\"author\":{\"@id\":\"https:\/\/www.visit-ulcinj.com\/blog\/#\/schema\/person\/dcab619c614d3038751c63bc2aadc06d\"},\"description\":\"Nj\u00eb aksident automobilistik \u00ebsht\u00eb sh\u00ebnuar perafersisht ne ora 3h45 t\u00eb mengjesit n\u00eb aksin rrugor mu tek Restoranti Bazar , vet\u00ebm pak metra nga kthesa e q\u00eb\",\"breadcrumb\":{\"@id\":\"https:\/\/www.visit-ulcinj.com\/blog\/2012\/12\/20\/ne-ulqin-aksident-rrugor-ne-mengjez\/#breadcrumb\"},\"inLanguage\":\"en-US\",\"potentialAction\":[{\"@type\":\"ReadAction\",\"target\":[\"https:\/\/www.visit-ulcinj.com\/blog\/2012\/12\/20\/ne-ulqin-aksident-rrugor-ne-mengjez\/\"]}]},{\"@type\":\"BreadcrumbList\",\"@id\":\"https:\/\/www.visit-ulcinj.com\/blog\/2012\/12\/20\/ne-ulqin-aksident-rrugor-ne-mengjez\/#breadcrumb\",\"itemListElement\":[{\"@type\":\"ListItem\",\"position\":1,\"name\":\"Ne Ulqin aksident rrugor ne mengjez\"}]},{\"@type\":\"Person\",\"@id\":\"https:\/\/www.visit-ulcinj.com\/blog\/#\/schema\/person\/dcab619c614d3038751c63bc2aadc06d\",\"name\":\"ulqini\",\"sameAs\":[\"http:\/\/www.visit-ulcinj.com\"],\"url\":\"https:\/\/www.visit-ulcinj.com\/blog\/author\/admin\/\"}]}<\/script>\n<!-- \/ Yoast SEO plugin. -->","yoast_head_json":{"title":"Ne Ulqin aksident rrugor ne mengjez - Lajme nga Ulqini","description":"Nj\u00eb aksident automobilistik \u00ebsht\u00eb sh\u00ebnuar perafersisht ne ora 3h45 t\u00eb mengjesit n\u00eb aksin rrugor mu tek Restoranti Bazar , vet\u00ebm pak metra nga kthesa e q\u00eb","robots":{"index":"index","follow":"follow","max-snippet":"max-snippet:-1","max-image-preview":"max-image-preview:large","max-video-preview":"max-video-preview:-1"},"canonical":"https:\/\/www.visit-ulcinj.com\/blog\/2012\/12\/20\/ne-ulqin-aksident-rrugor-ne-mengjez\/","og_locale":"en_US","og_type":"article","og_title":"Ne Ulqin aksident rrugor ne mengjez - Lajme nga Ulqini","og_description":"Nj\u00eb aksident automobilistik \u00ebsht\u00eb sh\u00ebnuar perafersisht ne ora 3h45 t\u00eb mengjesit n\u00eb aksin rrugor mu tek Restoranti Bazar , vet\u00ebm pak metra nga kthesa e q\u00eb","og_url":"https:\/\/www.visit-ulcinj.com\/blog\/2012\/12\/20\/ne-ulqin-aksident-rrugor-ne-mengjez\/","og_site_name":"Lajme nga Ulqini","article_published_time":"2012-12-20T07:12:46+00:00","article_modified_time":"2012-12-21T14:55:37+00:00","twitter_misc":{"Written by":"ulqini"},"schema":{"@context":"https:\/\/schema.org","@graph":[{"@type":"WebSite","@id":"https:\/\/www.visit-ulcinj.com\/blog\/#website","url":"https:\/\/www.visit-ulcinj.com\/blog\/","name":"Lajme nga Ulqini","description":"Lajme,Vijesti,Ulqini,Ulqin,Crna Gora,Mali i Zi","potentialAction":[{"@type":"SearchAction","target":{"@type":"EntryPoint","urlTemplate":"https:\/\/www.visit-ulcinj.com\/blog\/?s={search_term_string}"},"query-input":"required name=search_term_string"}],"inLanguage":"en-US"},{"@type":"WebPage","@id":"https:\/\/www.visit-ulcinj.com\/blog\/2012\/12\/20\/ne-ulqin-aksident-rrugor-ne-mengjez\/#webpage","url":"https:\/\/www.visit-ulcinj.com\/blog\/2012\/12\/20\/ne-ulqin-aksident-rrugor-ne-mengjez\/","name":"Ne Ulqin aksident rrugor ne mengjez - Lajme nga Ulqini","isPartOf":{"@id":"https:\/\/www.visit-ulcinj.com\/blog\/#website"},"datePublished":"2012-12-20T07:12:46+00:00","dateModified":"2012-12-21T14:55:37+00:00","author":{"@id":"https:\/\/www.visit-ulcinj.com\/blog\/#\/schema\/person\/dcab619c614d3038751c63bc2aadc06d"},"description":"Nj\u00eb aksident automobilistik \u00ebsht\u00eb sh\u00ebnuar perafersisht ne ora 3h45 t\u00eb mengjesit n\u00eb aksin rrugor mu tek Restoranti Bazar , vet\u00ebm pak metra nga kthesa e q\u00eb","breadcrumb":{"@id":"https:\/\/www.visit-ulcinj.com\/blog\/2012\/12\/20\/ne-ulqin-aksident-rrugor-ne-mengjez\/#breadcrumb"},"inLanguage":"en-US","potentialAction":[{"@type":"ReadAction","target":["https:\/\/www.visit-ulcinj.com\/blog\/2012\/12\/20\/ne-ulqin-aksident-rrugor-ne-mengjez\/"]}]},{"@type":"BreadcrumbList","@id":"https:\/\/www.visit-ulcinj.com\/blog\/2012\/12\/20\/ne-ulqin-aksident-rrugor-ne-mengjez\/#breadcrumb","itemListElement":[{"@type":"ListItem","position":1,"name":"Ne Ulqin aksident rrugor ne mengjez"}]},{"@type":"Person","@id":"https:\/\/www.visit-ulcinj.com\/blog\/#\/schema\/person\/dcab619c614d3038751c63bc2aadc06d","name":"ulqini","sameAs":["http:\/\/www.visit-ulcinj.com"],"url":"https:\/\/www.visit-ulcinj.com\/blog\/author\/admin\/"}]}},"jetpack_featured_media_url":"","jetpack_sharing_enabled":true,"jetpack_shortlink":"https:\/\/wp.me\/pe6lTn-hoA","_links":{"self":[{"href":"https:\/\/www.visit-ulcinj.com\/blog\/wp-json\/wp\/v2\/posts\/66872"}],"collection":[{"href":"https:\/\/www.visit-ulcinj.com\/blog\/wp-json\/wp\/v2\/posts"}],"about":[{"href":"https:\/\/www.visit-ulcinj.com\/blog\/wp-json\/wp\/v2\/types\/post"}],"author":[{"embeddable":true,"href":"https:\/\/www.visit-ulcinj.com\/blog\/wp-json\/wp\/v2\/users\/1"}],"replies":[{"embeddable":true,"href":"https:\/\/www.visit-ulcinj.com\/blog\/wp-json\/wp\/v2\/comments?post=66872"}],"version-history":[{"count":4,"href":"https:\/\/www.visit-ulcinj.com\/blog\/wp-json\/wp\/v2\/posts\/66872\/revisions"}],"predecessor-version":[{"id":66923,"href":"https:\/\/www.visit-ulcinj.com\/blog\/wp-json\/wp\/v2\/posts\/66872\/revisions\/66923"}],"wp:attachment":[{"href":"https:\/\/www.visit-ulcinj.com\/blog\/wp-json\/wp\/v2\/media?parent=66872"}],"wp:term":[{"taxonomy":"category","embeddable":true,"href":"https:\/\/www.visit-ulcinj.com\/blog\/wp-json\/wp\/v2\/categories?post=66872"},{"taxonomy":"post_tag","embeddable":true,"href":"https:\/\/www.visit-ulcinj.com\/blog\/wp-json\/wp\/v2\/tags?post=66872"}],"curies":[{"name":"wp","href":"https:\/\/api.w.org\/{rel}","templated":true}]}}