{"id":66881,"date":"2012-12-20T20:18:57","date_gmt":"2012-12-20T19:18:57","guid":{"rendered":"http:\/\/www.visit-ulcinj.com\/blog\/?p=66881"},"modified":"2012-12-20T20:18:57","modified_gmt":"2012-12-20T19:18:57","slug":"genta-ismajli-pa-te-brendshme-ne-koncert","status":"publish","type":"post","link":"https:\/\/www.visit-ulcinj.com\/blog\/2012\/12\/20\/genta-ismajli-pa-te-brendshme-ne-koncert\/","title":{"rendered":"Genta Ismajli pa t\u00eb brendshme n\u00eb koncert"},"content":{"rendered":"<p>Mediat kosovare kapin mat k\u00ebng\u00ebtaren Genta Ismajli. Gjat\u00eb xhirimeve p\u00ebr emisionin festiv t\u00eb Vitit t\u00eb Ri, teksa Genta performonte s\u00eb bashku me k\u00ebng\u00ebtarin Sabri Fezullahu, ajo \u00ebsht\u00eb shfaqur pa t\u00eb brendshme.\u00a0E veshur me nj\u00eb fustan t\u00eb zi, tep\u00ebr ekstravagant, k\u00ebng\u00ebtarja nuk \u00ebsht\u00eb kursyer t\u00eb k\u00ebrcej\u00eb, nj\u00eb gj\u00eb q\u00eb di ta b\u00ebj\u00eb me t\u00eb v\u00ebrtet\u00eb mir\u00eb, por p\u00ebrve\u00e7 k\u00ebsaj, kamerat kan\u00eb filmuar edhe aty ku nuk duhej.<\/p>\n<p><a href=\"http:\/\/www.visit-ulcinj.com\/blog\/wp-content\/uploads\/2012\/12\/Genta-Ismajli-pa-t\u00eb-brendshme.jpg\"><img loading=\"lazy\" class=\"alignleft  wp-image-66882\" alt=\"Genta Ismajli pa t\u00eb brendshme\" src=\"http:\/\/www.visit-ulcinj.com\/blog\/wp-content\/uploads\/2012\/12\/Genta-Ismajli-pa-t\u00eb-brendshme.jpg\" width=\"508\" height=\"400\" \/><\/a><\/p>\n<p>Genta n\u00eb nj\u00eb moment \u00ebsht\u00eb shfaqur zbuluar, duke treguar p\u00ebr t\u00eb gjith\u00eb se nuk ka veshur t\u00eb brendshme.<\/p>\n<p>Ndoshta kjo \u00ebsht\u00eb ndonj\u00eb taktik\u00eb e k\u00ebng\u00ebtareve, pasi nuk \u00ebsht\u00eb e vetmja e p\u00ebrfolur.<\/p>\n<p>Balkanweb<br \/>\n<iframe loading=\"lazy\" width=\"508\" height=\"360\" src=\"http:\/\/www.youtube.com\/embed\/oEsCEo3QsKM\" frameborder=\"0\" allowfullscreen><\/iframe><\/p>\n","protected":false},"excerpt":{"rendered":"<p>Mediat kosovare kapin mat k\u00ebng\u00ebtaren Genta Ismajli. Gjat\u00eb xhirimeve p\u00ebr emisionin festiv t\u00eb Vitit t\u00eb Ri, teksa Genta performonte s\u00eb bashku me k\u00ebng\u00ebtarin Sabri Fezullahu, ajo \u00ebsht\u00eb shfaqur pa t\u00eb brendshme.\u00a0E veshur me nj\u00eb fustan t\u00eb zi, tep\u00ebr ekstravagant, k\u00ebng\u00ebtarja nuk \u00ebsht\u00eb kursyer t\u00eb k\u00ebrcej\u00eb, nj\u00eb gj\u00eb q\u00eb di ta b\u00ebj\u00eb me t\u00eb v\u00ebrtet\u00eb mir\u00eb, [&hellip;]<\/p>\n","protected":false},"author":1,"featured_media":0,"comment_status":"open","ping_status":"closed","sticky":false,"template":"","format":"standard","meta":{"spay_email":"","jetpack_publicize_message":"","jetpack_is_tweetstorm":false,"jetpack_publicize_feature_enabled":true},"categories":[1],"tags":[4888,21627],"jetpack_publicize_connections":[],"yoast_head":"<!-- This site is optimized with the Yoast SEO plugin v19.1 - https:\/\/yoast.com\/wordpress\/plugins\/seo\/ -->\n<title>Genta Ismajli pa t\u00eb brendshme n\u00eb koncert - Lajme nga Ulqini<\/title>\n<meta name=\"description\" content=\"Mediat kosovare kapin mat k\u00ebng\u00ebtaren Genta Ismajli. Gjat\u00eb xhirimeve p\u00ebr emisionin festiv t\u00eb Vitit t\u00eb Ri, teksa Genta performonte s\u00eb bashku me k\u00ebng\u00ebtarin\" \/>\n<meta name=\"robots\" content=\"index, follow, max-snippet:-1, max-image-preview:large, max-video-preview:-1\" \/>\n<link rel=\"canonical\" href=\"https:\/\/www.visit-ulcinj.com\/blog\/2012\/12\/20\/genta-ismajli-pa-te-brendshme-ne-koncert\/\" \/>\n<meta property=\"og:locale\" content=\"en_US\" \/>\n<meta property=\"og:type\" content=\"article\" \/>\n<meta property=\"og:title\" content=\"Genta Ismajli pa t\u00eb brendshme n\u00eb koncert - Lajme nga Ulqini\" \/>\n<meta property=\"og:description\" content=\"Mediat kosovare kapin mat k\u00ebng\u00ebtaren Genta Ismajli. Gjat\u00eb xhirimeve p\u00ebr emisionin festiv t\u00eb Vitit t\u00eb Ri, teksa Genta performonte s\u00eb bashku me k\u00ebng\u00ebtarin\" \/>\n<meta property=\"og:url\" content=\"https:\/\/www.visit-ulcinj.com\/blog\/2012\/12\/20\/genta-ismajli-pa-te-brendshme-ne-koncert\/\" \/>\n<meta property=\"og:site_name\" content=\"Lajme nga Ulqini\" \/>\n<meta property=\"article:published_time\" content=\"2012-12-20T19:18:57+00:00\" \/>\n<meta name=\"twitter:label1\" content=\"Written by\" \/>\n\t<meta name=\"twitter:data1\" content=\"ulqini\" \/>\n\t<meta name=\"twitter:label2\" content=\"Est. reading time\" \/>\n\t<meta name=\"twitter:data2\" content=\"1 minute\" \/>\n<script type=\"application\/ld+json\" class=\"yoast-schema-graph\">{\"@context\":\"https:\/\/schema.org\",\"@graph\":[{\"@type\":\"WebSite\",\"@id\":\"https:\/\/www.visit-ulcinj.com\/blog\/#website\",\"url\":\"https:\/\/www.visit-ulcinj.com\/blog\/\",\"name\":\"Lajme nga Ulqini\",\"description\":\"Lajme,Vijesti,Ulqini,Ulqin,Crna Gora,Mali i Zi\",\"potentialAction\":[{\"@type\":\"SearchAction\",\"target\":{\"@type\":\"EntryPoint\",\"urlTemplate\":\"https:\/\/www.visit-ulcinj.com\/blog\/?s={search_term_string}\"},\"query-input\":\"required name=search_term_string\"}],\"inLanguage\":\"en-US\"},{\"@type\":\"WebPage\",\"@id\":\"https:\/\/www.visit-ulcinj.com\/blog\/2012\/12\/20\/genta-ismajli-pa-te-brendshme-ne-koncert\/#webpage\",\"url\":\"https:\/\/www.visit-ulcinj.com\/blog\/2012\/12\/20\/genta-ismajli-pa-te-brendshme-ne-koncert\/\",\"name\":\"Genta Ismajli pa t\u00eb brendshme n\u00eb koncert - Lajme nga Ulqini\",\"isPartOf\":{\"@id\":\"https:\/\/www.visit-ulcinj.com\/blog\/#website\"},\"datePublished\":\"2012-12-20T19:18:57+00:00\",\"dateModified\":\"2012-12-20T19:18:57+00:00\",\"author\":{\"@id\":\"https:\/\/www.visit-ulcinj.com\/blog\/#\/schema\/person\/dcab619c614d3038751c63bc2aadc06d\"},\"description\":\"Mediat kosovare kapin mat k\u00ebng\u00ebtaren Genta Ismajli. Gjat\u00eb xhirimeve p\u00ebr emisionin festiv t\u00eb Vitit t\u00eb Ri, teksa Genta performonte s\u00eb bashku me k\u00ebng\u00ebtarin\",\"breadcrumb\":{\"@id\":\"https:\/\/www.visit-ulcinj.com\/blog\/2012\/12\/20\/genta-ismajli-pa-te-brendshme-ne-koncert\/#breadcrumb\"},\"inLanguage\":\"en-US\",\"potentialAction\":[{\"@type\":\"ReadAction\",\"target\":[\"https:\/\/www.visit-ulcinj.com\/blog\/2012\/12\/20\/genta-ismajli-pa-te-brendshme-ne-koncert\/\"]}]},{\"@type\":\"BreadcrumbList\",\"@id\":\"https:\/\/www.visit-ulcinj.com\/blog\/2012\/12\/20\/genta-ismajli-pa-te-brendshme-ne-koncert\/#breadcrumb\",\"itemListElement\":[{\"@type\":\"ListItem\",\"position\":1,\"name\":\"Genta Ismajli pa t\u00eb brendshme n\u00eb koncert\"}]},{\"@type\":\"Person\",\"@id\":\"https:\/\/www.visit-ulcinj.com\/blog\/#\/schema\/person\/dcab619c614d3038751c63bc2aadc06d\",\"name\":\"ulqini\",\"sameAs\":[\"http:\/\/www.visit-ulcinj.com\"],\"url\":\"https:\/\/www.visit-ulcinj.com\/blog\/author\/admin\/\"}]}<\/script>\n<!-- \/ Yoast SEO plugin. -->","yoast_head_json":{"title":"Genta Ismajli pa t\u00eb brendshme n\u00eb koncert - Lajme nga Ulqini","description":"Mediat kosovare kapin mat k\u00ebng\u00ebtaren Genta Ismajli. Gjat\u00eb xhirimeve p\u00ebr emisionin festiv t\u00eb Vitit t\u00eb Ri, teksa Genta performonte s\u00eb bashku me k\u00ebng\u00ebtarin","robots":{"index":"index","follow":"follow","max-snippet":"max-snippet:-1","max-image-preview":"max-image-preview:large","max-video-preview":"max-video-preview:-1"},"canonical":"https:\/\/www.visit-ulcinj.com\/blog\/2012\/12\/20\/genta-ismajli-pa-te-brendshme-ne-koncert\/","og_locale":"en_US","og_type":"article","og_title":"Genta Ismajli pa t\u00eb brendshme n\u00eb koncert - Lajme nga Ulqini","og_description":"Mediat kosovare kapin mat k\u00ebng\u00ebtaren Genta Ismajli. Gjat\u00eb xhirimeve p\u00ebr emisionin festiv t\u00eb Vitit t\u00eb Ri, teksa Genta performonte s\u00eb bashku me k\u00ebng\u00ebtarin","og_url":"https:\/\/www.visit-ulcinj.com\/blog\/2012\/12\/20\/genta-ismajli-pa-te-brendshme-ne-koncert\/","og_site_name":"Lajme nga Ulqini","article_published_time":"2012-12-20T19:18:57+00:00","twitter_misc":{"Written by":"ulqini","Est. reading time":"1 minute"},"schema":{"@context":"https:\/\/schema.org","@graph":[{"@type":"WebSite","@id":"https:\/\/www.visit-ulcinj.com\/blog\/#website","url":"https:\/\/www.visit-ulcinj.com\/blog\/","name":"Lajme nga Ulqini","description":"Lajme,Vijesti,Ulqini,Ulqin,Crna Gora,Mali i Zi","potentialAction":[{"@type":"SearchAction","target":{"@type":"EntryPoint","urlTemplate":"https:\/\/www.visit-ulcinj.com\/blog\/?s={search_term_string}"},"query-input":"required name=search_term_string"}],"inLanguage":"en-US"},{"@type":"WebPage","@id":"https:\/\/www.visit-ulcinj.com\/blog\/2012\/12\/20\/genta-ismajli-pa-te-brendshme-ne-koncert\/#webpage","url":"https:\/\/www.visit-ulcinj.com\/blog\/2012\/12\/20\/genta-ismajli-pa-te-brendshme-ne-koncert\/","name":"Genta Ismajli pa t\u00eb brendshme n\u00eb koncert - Lajme nga Ulqini","isPartOf":{"@id":"https:\/\/www.visit-ulcinj.com\/blog\/#website"},"datePublished":"2012-12-20T19:18:57+00:00","dateModified":"2012-12-20T19:18:57+00:00","author":{"@id":"https:\/\/www.visit-ulcinj.com\/blog\/#\/schema\/person\/dcab619c614d3038751c63bc2aadc06d"},"description":"Mediat kosovare kapin mat k\u00ebng\u00ebtaren Genta Ismajli. Gjat\u00eb xhirimeve p\u00ebr emisionin festiv t\u00eb Vitit t\u00eb Ri, teksa Genta performonte s\u00eb bashku me k\u00ebng\u00ebtarin","breadcrumb":{"@id":"https:\/\/www.visit-ulcinj.com\/blog\/2012\/12\/20\/genta-ismajli-pa-te-brendshme-ne-koncert\/#breadcrumb"},"inLanguage":"en-US","potentialAction":[{"@type":"ReadAction","target":["https:\/\/www.visit-ulcinj.com\/blog\/2012\/12\/20\/genta-ismajli-pa-te-brendshme-ne-koncert\/"]}]},{"@type":"BreadcrumbList","@id":"https:\/\/www.visit-ulcinj.com\/blog\/2012\/12\/20\/genta-ismajli-pa-te-brendshme-ne-koncert\/#breadcrumb","itemListElement":[{"@type":"ListItem","position":1,"name":"Genta Ismajli pa t\u00eb brendshme n\u00eb koncert"}]},{"@type":"Person","@id":"https:\/\/www.visit-ulcinj.com\/blog\/#\/schema\/person\/dcab619c614d3038751c63bc2aadc06d","name":"ulqini","sameAs":["http:\/\/www.visit-ulcinj.com"],"url":"https:\/\/www.visit-ulcinj.com\/blog\/author\/admin\/"}]}},"jetpack_featured_media_url":"","jetpack_sharing_enabled":true,"jetpack_shortlink":"https:\/\/wp.me\/pe6lTn-hoJ","_links":{"self":[{"href":"https:\/\/www.visit-ulcinj.com\/blog\/wp-json\/wp\/v2\/posts\/66881"}],"collection":[{"href":"https:\/\/www.visit-ulcinj.com\/blog\/wp-json\/wp\/v2\/posts"}],"about":[{"href":"https:\/\/www.visit-ulcinj.com\/blog\/wp-json\/wp\/v2\/types\/post"}],"author":[{"embeddable":true,"href":"https:\/\/www.visit-ulcinj.com\/blog\/wp-json\/wp\/v2\/users\/1"}],"replies":[{"embeddable":true,"href":"https:\/\/www.visit-ulcinj.com\/blog\/wp-json\/wp\/v2\/comments?post=66881"}],"version-history":[{"count":1,"href":"https:\/\/www.visit-ulcinj.com\/blog\/wp-json\/wp\/v2\/posts\/66881\/revisions"}],"predecessor-version":[{"id":66883,"href":"https:\/\/www.visit-ulcinj.com\/blog\/wp-json\/wp\/v2\/posts\/66881\/revisions\/66883"}],"wp:attachment":[{"href":"https:\/\/www.visit-ulcinj.com\/blog\/wp-json\/wp\/v2\/media?parent=66881"}],"wp:term":[{"taxonomy":"category","embeddable":true,"href":"https:\/\/www.visit-ulcinj.com\/blog\/wp-json\/wp\/v2\/categories?post=66881"},{"taxonomy":"post_tag","embeddable":true,"href":"https:\/\/www.visit-ulcinj.com\/blog\/wp-json\/wp\/v2\/tags?post=66881"}],"curies":[{"name":"wp","href":"https:\/\/api.w.org\/{rel}","templated":true}]}}