{"id":66896,"date":"2012-12-21T14:18:39","date_gmt":"2012-12-21T13:18:39","guid":{"rendered":"http:\/\/www.visit-ulcinj.com\/blog\/?p=66896"},"modified":"2012-12-21T14:18:39","modified_gmt":"2012-12-21T13:18:39","slug":"gezuar-krishtlindjet-nga-forca-e-re-demokratike","status":"publish","type":"post","link":"https:\/\/www.visit-ulcinj.com\/blog\/2012\/12\/21\/gezuar-krishtlindjet-nga-forca-e-re-demokratike\/","title":{"rendered":"G\u00ebzuar Krishtlindjet nga Forca e re demokratike"},"content":{"rendered":"<p style=\"text-align: right;\"><a href=\"http:\/\/www.visit-ulcinj.com\/blog\/wp-content\/uploads\/2012\/12\/Forca-e-re-Gezuar-Krishtlindjet.jpg\"><img loading=\"lazy\" class=\"alignleft  wp-image-66897\" alt=\"Forca e re - Gezuar Krishtlindjet\" src=\"http:\/\/www.visit-ulcinj.com\/blog\/wp-content\/uploads\/2012\/12\/Forca-e-re-Gezuar-Krishtlindjet.jpg\" width=\"508\" height=\"360\" \/><\/a>Ulqin me 21.12.2012<\/p>\n<p style=\"text-align: right;\">Nr.129\/12<\/p>\n<p>&nbsp;<\/p>\n<p>&nbsp;<\/p>\n<p style=\"text-align: center;\"><strong>Urimi per Krishtlindje<\/strong><\/p>\n<p>&nbsp;<\/p>\n<p>T\u00eb gjith\u00eb besimtar\u00ebve katolik i urojm\u00eb fest\u00ebn\u00a0 e krishtlindjes. Kjo fest\u00eb e madhe t\u00eb jet\u00eb fest\u00eb e paqes dhe dashuris\u00eb nd\u00ebrnjer\u00ebzore.<\/p>\n<p>Le t\u00eb jet\u00eb kjo fest\u00eb, burim i mir\u00ebqenies, begatis\u00eb dhe t\u00eb dashuris\u00eb shpirt\u00ebrore n\u00eb mes\u00eb t\u00eb njer\u00ebzve.<\/p>\n<p>&nbsp;<\/p>\n<p>Kryetari i Forc\u00ebs s\u00eb Re Demokratike<\/p>\n<p>Nazif Cungu<\/p>\n","protected":false},"excerpt":{"rendered":"<p>Ulqin me 21.12.2012 Nr.129\/12 &nbsp; &nbsp; Urimi per Krishtlindje &nbsp; T\u00eb gjith\u00eb besimtar\u00ebve katolik i urojm\u00eb fest\u00ebn\u00a0 e krishtlindjes. Kjo fest\u00eb e madhe t\u00eb jet\u00eb fest\u00eb e paqes dhe dashuris\u00eb nd\u00ebrnjer\u00ebzore. Le t\u00eb jet\u00eb kjo fest\u00eb, burim i mir\u00ebqenies, begatis\u00eb dhe t\u00eb dashuris\u00eb shpirt\u00ebrore n\u00eb mes\u00eb t\u00eb njer\u00ebzve. &nbsp; Kryetari i Forc\u00ebs s\u00eb Re Demokratike [&hellip;]<\/p>\n","protected":false},"author":1,"featured_media":0,"comment_status":"open","ping_status":"closed","sticky":false,"template":"","format":"standard","meta":{"spay_email":"","jetpack_publicize_message":"","jetpack_is_tweetstorm":false,"jetpack_publicize_feature_enabled":true},"categories":[6950],"tags":[117,21631,21632,19696],"jetpack_publicize_connections":[],"yoast_head":"<!-- This site is optimized with the Yoast SEO plugin v19.1 - https:\/\/yoast.com\/wordpress\/plugins\/seo\/ -->\n<title>G\u00ebzuar Krishtlindjet nga Forca e re demokratike - Lajme nga Ulqini<\/title>\n<meta name=\"description\" content=\"Ulqin me 21.12.2012 Nr.129\/12 &nbsp; &nbsp; Urimi per Krishtlindje &nbsp; T\u00eb gjith\u00eb besimtar\u00ebve katolik i urojm\u00eb fest\u00ebn\u00a0 e krishtlindjes. Kjo fest\u00eb e\" \/>\n<meta name=\"robots\" content=\"index, follow, max-snippet:-1, max-image-preview:large, max-video-preview:-1\" \/>\n<link rel=\"canonical\" href=\"https:\/\/www.visit-ulcinj.com\/blog\/2012\/12\/21\/gezuar-krishtlindjet-nga-forca-e-re-demokratike\/\" \/>\n<meta property=\"og:locale\" content=\"en_US\" \/>\n<meta property=\"og:type\" content=\"article\" \/>\n<meta property=\"og:title\" content=\"G\u00ebzuar Krishtlindjet nga Forca e re demokratike - Lajme nga Ulqini\" \/>\n<meta property=\"og:description\" content=\"Ulqin me 21.12.2012 Nr.129\/12 &nbsp; &nbsp; Urimi per Krishtlindje &nbsp; T\u00eb gjith\u00eb besimtar\u00ebve katolik i urojm\u00eb fest\u00ebn\u00a0 e krishtlindjes. Kjo fest\u00eb e\" \/>\n<meta property=\"og:url\" content=\"https:\/\/www.visit-ulcinj.com\/blog\/2012\/12\/21\/gezuar-krishtlindjet-nga-forca-e-re-demokratike\/\" \/>\n<meta property=\"og:site_name\" content=\"Lajme nga Ulqini\" \/>\n<meta property=\"article:published_time\" content=\"2012-12-21T13:18:39+00:00\" \/>\n<meta property=\"og:image\" content=\"http:\/\/www.visit-ulcinj.com\/blog\/wp-content\/uploads\/2012\/12\/Forca-e-re-Gezuar-Krishtlindjet.jpg\" \/>\n<meta name=\"twitter:label1\" content=\"Written by\" \/>\n\t<meta name=\"twitter:data1\" content=\"ulqini\" \/>\n<script type=\"application\/ld+json\" class=\"yoast-schema-graph\">{\"@context\":\"https:\/\/schema.org\",\"@graph\":[{\"@type\":\"WebSite\",\"@id\":\"https:\/\/www.visit-ulcinj.com\/blog\/#website\",\"url\":\"https:\/\/www.visit-ulcinj.com\/blog\/\",\"name\":\"Lajme nga Ulqini\",\"description\":\"Lajme,Vijesti,Ulqini,Ulqin,Crna Gora,Mali i Zi\",\"potentialAction\":[{\"@type\":\"SearchAction\",\"target\":{\"@type\":\"EntryPoint\",\"urlTemplate\":\"https:\/\/www.visit-ulcinj.com\/blog\/?s={search_term_string}\"},\"query-input\":\"required name=search_term_string\"}],\"inLanguage\":\"en-US\"},{\"@type\":\"ImageObject\",\"inLanguage\":\"en-US\",\"@id\":\"https:\/\/www.visit-ulcinj.com\/blog\/2012\/12\/21\/gezuar-krishtlindjet-nga-forca-e-re-demokratike\/#primaryimage\",\"url\":\"https:\/\/www.visit-ulcinj.com\/blog\/wp-content\/uploads\/2012\/12\/Forca-e-re-Gezuar-Krishtlindjet.jpg\",\"contentUrl\":\"https:\/\/www.visit-ulcinj.com\/blog\/wp-content\/uploads\/2012\/12\/Forca-e-re-Gezuar-Krishtlindjet.jpg\",\"width\":500,\"height\":375},{\"@type\":\"WebPage\",\"@id\":\"https:\/\/www.visit-ulcinj.com\/blog\/2012\/12\/21\/gezuar-krishtlindjet-nga-forca-e-re-demokratike\/#webpage\",\"url\":\"https:\/\/www.visit-ulcinj.com\/blog\/2012\/12\/21\/gezuar-krishtlindjet-nga-forca-e-re-demokratike\/\",\"name\":\"G\u00ebzuar Krishtlindjet nga Forca e re demokratike - Lajme nga Ulqini\",\"isPartOf\":{\"@id\":\"https:\/\/www.visit-ulcinj.com\/blog\/#website\"},\"primaryImageOfPage\":{\"@id\":\"https:\/\/www.visit-ulcinj.com\/blog\/2012\/12\/21\/gezuar-krishtlindjet-nga-forca-e-re-demokratike\/#primaryimage\"},\"datePublished\":\"2012-12-21T13:18:39+00:00\",\"dateModified\":\"2012-12-21T13:18:39+00:00\",\"author\":{\"@id\":\"https:\/\/www.visit-ulcinj.com\/blog\/#\/schema\/person\/dcab619c614d3038751c63bc2aadc06d\"},\"description\":\"Ulqin me 21.12.2012 Nr.129\/12 &nbsp; &nbsp; Urimi per Krishtlindje &nbsp; T\u00eb gjith\u00eb besimtar\u00ebve katolik i urojm\u00eb fest\u00ebn\u00a0 e krishtlindjes. Kjo fest\u00eb e\",\"breadcrumb\":{\"@id\":\"https:\/\/www.visit-ulcinj.com\/blog\/2012\/12\/21\/gezuar-krishtlindjet-nga-forca-e-re-demokratike\/#breadcrumb\"},\"inLanguage\":\"en-US\",\"potentialAction\":[{\"@type\":\"ReadAction\",\"target\":[\"https:\/\/www.visit-ulcinj.com\/blog\/2012\/12\/21\/gezuar-krishtlindjet-nga-forca-e-re-demokratike\/\"]}]},{\"@type\":\"BreadcrumbList\",\"@id\":\"https:\/\/www.visit-ulcinj.com\/blog\/2012\/12\/21\/gezuar-krishtlindjet-nga-forca-e-re-demokratike\/#breadcrumb\",\"itemListElement\":[{\"@type\":\"ListItem\",\"position\":1,\"name\":\"G\u00ebzuar Krishtlindjet nga Forca e re demokratike\"}]},{\"@type\":\"Person\",\"@id\":\"https:\/\/www.visit-ulcinj.com\/blog\/#\/schema\/person\/dcab619c614d3038751c63bc2aadc06d\",\"name\":\"ulqini\",\"sameAs\":[\"http:\/\/www.visit-ulcinj.com\"],\"url\":\"https:\/\/www.visit-ulcinj.com\/blog\/author\/admin\/\"}]}<\/script>\n<!-- \/ Yoast SEO plugin. -->","yoast_head_json":{"title":"G\u00ebzuar Krishtlindjet nga Forca e re demokratike - Lajme nga Ulqini","description":"Ulqin me 21.12.2012 Nr.129\/12 &nbsp; &nbsp; Urimi per Krishtlindje &nbsp; T\u00eb gjith\u00eb besimtar\u00ebve katolik i urojm\u00eb fest\u00ebn\u00a0 e krishtlindjes. Kjo fest\u00eb e","robots":{"index":"index","follow":"follow","max-snippet":"max-snippet:-1","max-image-preview":"max-image-preview:large","max-video-preview":"max-video-preview:-1"},"canonical":"https:\/\/www.visit-ulcinj.com\/blog\/2012\/12\/21\/gezuar-krishtlindjet-nga-forca-e-re-demokratike\/","og_locale":"en_US","og_type":"article","og_title":"G\u00ebzuar Krishtlindjet nga Forca e re demokratike - Lajme nga Ulqini","og_description":"Ulqin me 21.12.2012 Nr.129\/12 &nbsp; &nbsp; Urimi per Krishtlindje &nbsp; T\u00eb gjith\u00eb besimtar\u00ebve katolik i urojm\u00eb fest\u00ebn\u00a0 e krishtlindjes. Kjo fest\u00eb e","og_url":"https:\/\/www.visit-ulcinj.com\/blog\/2012\/12\/21\/gezuar-krishtlindjet-nga-forca-e-re-demokratike\/","og_site_name":"Lajme nga Ulqini","article_published_time":"2012-12-21T13:18:39+00:00","og_image":[{"url":"http:\/\/www.visit-ulcinj.com\/blog\/wp-content\/uploads\/2012\/12\/Forca-e-re-Gezuar-Krishtlindjet.jpg"}],"twitter_misc":{"Written by":"ulqini"},"schema":{"@context":"https:\/\/schema.org","@graph":[{"@type":"WebSite","@id":"https:\/\/www.visit-ulcinj.com\/blog\/#website","url":"https:\/\/www.visit-ulcinj.com\/blog\/","name":"Lajme nga Ulqini","description":"Lajme,Vijesti,Ulqini,Ulqin,Crna Gora,Mali i Zi","potentialAction":[{"@type":"SearchAction","target":{"@type":"EntryPoint","urlTemplate":"https:\/\/www.visit-ulcinj.com\/blog\/?s={search_term_string}"},"query-input":"required name=search_term_string"}],"inLanguage":"en-US"},{"@type":"ImageObject","inLanguage":"en-US","@id":"https:\/\/www.visit-ulcinj.com\/blog\/2012\/12\/21\/gezuar-krishtlindjet-nga-forca-e-re-demokratike\/#primaryimage","url":"https:\/\/www.visit-ulcinj.com\/blog\/wp-content\/uploads\/2012\/12\/Forca-e-re-Gezuar-Krishtlindjet.jpg","contentUrl":"https:\/\/www.visit-ulcinj.com\/blog\/wp-content\/uploads\/2012\/12\/Forca-e-re-Gezuar-Krishtlindjet.jpg","width":500,"height":375},{"@type":"WebPage","@id":"https:\/\/www.visit-ulcinj.com\/blog\/2012\/12\/21\/gezuar-krishtlindjet-nga-forca-e-re-demokratike\/#webpage","url":"https:\/\/www.visit-ulcinj.com\/blog\/2012\/12\/21\/gezuar-krishtlindjet-nga-forca-e-re-demokratike\/","name":"G\u00ebzuar Krishtlindjet nga Forca e re demokratike - Lajme nga Ulqini","isPartOf":{"@id":"https:\/\/www.visit-ulcinj.com\/blog\/#website"},"primaryImageOfPage":{"@id":"https:\/\/www.visit-ulcinj.com\/blog\/2012\/12\/21\/gezuar-krishtlindjet-nga-forca-e-re-demokratike\/#primaryimage"},"datePublished":"2012-12-21T13:18:39+00:00","dateModified":"2012-12-21T13:18:39+00:00","author":{"@id":"https:\/\/www.visit-ulcinj.com\/blog\/#\/schema\/person\/dcab619c614d3038751c63bc2aadc06d"},"description":"Ulqin me 21.12.2012 Nr.129\/12 &nbsp; &nbsp; Urimi per Krishtlindje &nbsp; T\u00eb gjith\u00eb besimtar\u00ebve katolik i urojm\u00eb fest\u00ebn\u00a0 e krishtlindjes. Kjo fest\u00eb e","breadcrumb":{"@id":"https:\/\/www.visit-ulcinj.com\/blog\/2012\/12\/21\/gezuar-krishtlindjet-nga-forca-e-re-demokratike\/#breadcrumb"},"inLanguage":"en-US","potentialAction":[{"@type":"ReadAction","target":["https:\/\/www.visit-ulcinj.com\/blog\/2012\/12\/21\/gezuar-krishtlindjet-nga-forca-e-re-demokratike\/"]}]},{"@type":"BreadcrumbList","@id":"https:\/\/www.visit-ulcinj.com\/blog\/2012\/12\/21\/gezuar-krishtlindjet-nga-forca-e-re-demokratike\/#breadcrumb","itemListElement":[{"@type":"ListItem","position":1,"name":"G\u00ebzuar Krishtlindjet nga Forca e re demokratike"}]},{"@type":"Person","@id":"https:\/\/www.visit-ulcinj.com\/blog\/#\/schema\/person\/dcab619c614d3038751c63bc2aadc06d","name":"ulqini","sameAs":["http:\/\/www.visit-ulcinj.com"],"url":"https:\/\/www.visit-ulcinj.com\/blog\/author\/admin\/"}]}},"jetpack_featured_media_url":"","jetpack_sharing_enabled":true,"jetpack_shortlink":"https:\/\/wp.me\/pe6lTn-hoY","_links":{"self":[{"href":"https:\/\/www.visit-ulcinj.com\/blog\/wp-json\/wp\/v2\/posts\/66896"}],"collection":[{"href":"https:\/\/www.visit-ulcinj.com\/blog\/wp-json\/wp\/v2\/posts"}],"about":[{"href":"https:\/\/www.visit-ulcinj.com\/blog\/wp-json\/wp\/v2\/types\/post"}],"author":[{"embeddable":true,"href":"https:\/\/www.visit-ulcinj.com\/blog\/wp-json\/wp\/v2\/users\/1"}],"replies":[{"embeddable":true,"href":"https:\/\/www.visit-ulcinj.com\/blog\/wp-json\/wp\/v2\/comments?post=66896"}],"version-history":[{"count":1,"href":"https:\/\/www.visit-ulcinj.com\/blog\/wp-json\/wp\/v2\/posts\/66896\/revisions"}],"predecessor-version":[{"id":66898,"href":"https:\/\/www.visit-ulcinj.com\/blog\/wp-json\/wp\/v2\/posts\/66896\/revisions\/66898"}],"wp:attachment":[{"href":"https:\/\/www.visit-ulcinj.com\/blog\/wp-json\/wp\/v2\/media?parent=66896"}],"wp:term":[{"taxonomy":"category","embeddable":true,"href":"https:\/\/www.visit-ulcinj.com\/blog\/wp-json\/wp\/v2\/categories?post=66896"},{"taxonomy":"post_tag","embeddable":true,"href":"https:\/\/www.visit-ulcinj.com\/blog\/wp-json\/wp\/v2\/tags?post=66896"}],"curies":[{"name":"wp","href":"https:\/\/api.w.org\/{rel}","templated":true}]}}