{"id":66924,"date":"2012-12-21T18:05:04","date_gmt":"2012-12-21T17:05:04","guid":{"rendered":"http:\/\/www.visit-ulcinj.com\/blog\/?p=66924"},"modified":"2012-12-22T10:20:35","modified_gmt":"2012-12-22T09:20:35","slug":"xh-zeneli-bashkeqeverisja-nuk-eshte-zgjidhje-e-problemeve-te-shqiptareve-ne-mal-te-zi","status":"publish","type":"post","link":"https:\/\/www.visit-ulcinj.com\/blog\/2012\/12\/21\/xh-zeneli-bashkeqeverisja-nuk-eshte-zgjidhje-e-problemeve-te-shqiptareve-ne-mal-te-zi\/","title":{"rendered":"Xh.Zeneli: Bashk\u00ebqeverisja nuk \u00ebsht\u00eb zgjidhje e problemeve t\u00eb shqiptar\u00ebve n\u0113 Mal t\u0113 Zi"},"content":{"rendered":"<p><a href=\"http:\/\/www.visit-ulcinj.com\/blog\/wp-content\/uploads\/2012\/12\/Xheladin-Zeneli_New-York.jpg\"><img loading=\"lazy\" class=\"alignleft  wp-image-66929\" alt=\"Xheladin-Zeneli_New York\" src=\"http:\/\/www.visit-ulcinj.com\/blog\/wp-content\/uploads\/2012\/12\/Xheladin-Zeneli_New-York.jpg\" width=\"508\" height=\"360\" \/><\/a>N\u00eb zgjedhjet e fundit parlamentare n\u00eb Mal t\u00eb Zi t\u00eb dat\u00ebs 14 Tetor t\u00eb k\u00ebtij viti, subjektet shqiptare q\u00eb fituan nga nj\u00eb mandat ishin, Koalicioni \u201cP\u00ebr Bashkim\u201d (i cili p\u00ebrb\u00ebhet nga Forca e Re Demokratike, Iniciativa Qytetare \u2013 Tuz dhe L\u00ebvizja Perspektiva) dhe &#8220;Koalicioni Shqiptar\u201d (i cili p\u00ebrb\u00ebhet nga Lidhja Demokratike, Partia Demokratike dhe Alternativa Shqiptare).<\/p>\n<p>Pak dit\u00eb pas zgjedhjeve, me 30 Tetor 2012 dy Kualicionet shqiptare,bashk\u00eb me Partin\u00eb Boshnjake dhe Iniciativ\u00ebn Kroate ,n\u00eb kuad\u00ebr t\u00eb partive t\u00eb pakicave,n\u00ebnshkruan Marr\u00ebveshjen p\u00ebr formimin e shumic\u00ebs parlamentare me Kualicionin &#8220;Mali i Zi Europian&#8221; t\u00eb Millo Gjukanoviqit, \u00e7ka do t\u00eb thot\u00eb se arrit\u00ebn marr\u00ebveshjen p\u00ebr qeverisje t\u00eb p\u00ebrbashk\u00ebt n\u00eb mandatin e ardhsh\u00ebm.<\/p>\n<p>N\u00eb disa mandate t\u00eb m\u00ebparsh\u00ebme, partner i qeveris\u00eb nga rradh\u00ebt e partive politike shqiptare ishte Unioni Demokratik i Shqiptar\u00ebve.<\/p>\n<p>Me k\u00ebt\u00eb rast,sikurse n&#8217;a imponohet pyetja se a \u00ebsht\u00eb bashk\u00ebqeverisja domosdoshm\u00ebrisht,zgjidhje e problemeve t\u00eb shqiptar\u00ebve n\u00eb Mal t\u00eb Zi ?\u00a0 Mendoi se n\u00eb k\u00ebto rrethana politike,pjes\u00ebmarrja e shqiptar\u00ebve n\u00eb Qeveri, mund t\u00eb mos luaj rolin e duhur\u00a0 n\u00eb raport me avancimin e mir\u00ebfillt\u00eb t\u00eb pozit\u00ebs s\u00eb shqiptar\u00ebve n\u00eb Mal t\u00eb Zi,p\u00ebr disa arsy:<\/p>\n<p>&nbsp;<\/p>\n<p>1. Nga p\u00ebrvoja e s\u00eb kaluar\u00ebs, mund\u00a0 t\u00eb nxjerrim konkludime se bashk\u00ebpunimi\u00a0 (kualicioni) disavje\u00e7ar i partis\u00eb n\u00eb pushtet (PDS) me subjektin politik shqiptar (UDSH) nuk ka dhan\u00eb rezulltatet e pritura n\u00eb aspektin e p\u00ebrmir\u00ebsimit t\u00eb pozit\u00ebs s\u00eb shqiptar\u00ebve, por p\u00ebrkundrazi, pik\u00ebrisht gjat\u00eb k\u00ebsaj periudhe bashk\u00ebpunimi,jan\u00eb aprovuar disa ligje q\u00eb degradojn\u00eb duksh\u00ebm statusin e shqiptar\u0113ve n\u0113 Mal t\u00eb Zi. Nga ky k\u00ebndv\u00ebshtrim, lind pyetja se p\u00ebrse supozohet se nj\u00eb kualicion tjet\u00ebr i shqiptar\u00ebve me Qeverin\u00eb,do t\u00eb jet\u00eb n\u00eb interes t\u00eb shqiptar\u00ebve dhe do t\u00eb ndryshonte di\u00e7ka pozitivisht n\u00eb aspektin e statusit t\u00eb tyre!?<\/p>\n<p>2. N\u00eb mandatin e tanish\u00ebm t\u00eb\u00a0 bashk\u00ebqeverisjes n\u00eb mes t\u00eb partis\u00eb n\u00eb pushtet dhe dy kualicioneve shqiptare, m\u00eb shum\u00eb p\u00ebrfiton partia n\u00eb pushtet, duke ngritur imazhin e vet para faktorit t\u00eb jasht\u00ebm dhe atij t\u00eb\u00a0 brendsh\u00ebm , si Qeveri gjith\u00ebp\u00ebrfshir\u00ebse, pra si Qeveri e cila n\u00eb p\u00ebrb\u00ebrjen e vet ka edhe popujt pakic\u00eb, respektivisht p\u00ebrfaq\u00ebsuesit e partive dominuese shqiptare;<\/p>\n<p>3. Me pjes\u00ebmarrjen e shqiptar\u00ebve n\u00eb bashk\u00ebqeverisje,zhduket z\u00ebri i tyre kund\u00ebrshtar (opozitar) me rastin e k\u00ebrkesave dhe t\u00eb drejtave t\u00eb tyre.N\u00eb t\u00eb v\u0113rtet\u00eb,p\u00ebrfitimi i disa posteve n\u00eb qeveri,nuk \u00ebsht\u00eb gj\u00eb tjet\u00ebr ve\u00e7 shk\u00ebmbim p\u00ebr heshtje lidhur me gjendjen dhe problemet reale\u00a0 t\u00eb shqiptar\u00ebve n\u00eb Mal t\u00eb Zi;<\/p>\n<p>4. N\u00eb shumic\u00ebn e rasteve,postet q\u00eb iu ndahen shqiptar\u00ebve kan\u00eb karakter formal dhe si t\u00eb tilla nuk kan\u00eb fuqi vendim-marr\u00ebse sidomos p\u00ebr \u00e7\u00ebshtjet q\u00eb kan\u00eb t\u00eb b\u00ebjn\u00eb me pozit\u00ebn e shqiptar\u00ebve n\u00eb Mal t\u00eb Zi.Si gjith\u00ebher\u00eb,n\u00eb k\u00ebt\u00eb shtet politika udh\u00ebhiqet nga qendra dhe vendimet merr\u00ebn vet\u00ebm nga pozita e mbrojtjes s\u00eb interesit t\u00eb partis\u00eb n\u00eb pushtet ; dhe<\/p>\n<p>5.\u00a0 Ishin vet\u00eb k\u00ebto subjekte politike shqiptare q\u00eb deri deri sa ishin n\u00eb opozit\u00eb,koh\u00eb pas kohe kritikonin partin\u00eb pjes\u00ebmarr\u00ebse t\u00eb at\u00ebhershme n\u00eb pushtet( UDSH-n\u00eb) p\u00ebr bashk\u00ebqeverisje me PDS-n\u00eb e Gjukanoviqit.N\u00eb fakt,ato disa her\u00eb k\u00ebrkuan t\u00ebrheqjen e UDSH-s\u00eb nga pushteti qendror.Pjes\u00ebmarrja e kualicioneve fituese shqiptare n\u00eb mandatin e tanish\u00ebm t\u00eb Qeveris\u00eb s\u00eb Malit t\u0113 Zi, \u00ebsht\u00eb kund\u00ebr parimeve dhe q\u00ebndrimeve t\u00eb tyre t\u00eb m\u00ebparshme, pra si e till\u00eb \u00ebsht\u00eb\u00a0 joparimore dhe kontradiktore.<\/p>\n<p>&nbsp;<\/p>\n<p>Sa jan\u00eb efektive marr\u00ebveshjet politike me Qeverin\u00eb?<\/p>\n<p>Gatishm\u00ebria e\u00a0 kualicioneve\u00a0 fituese shqiptare ,t\u00eb dal\u00eb nga zgjedhjet e 14 Tetorit t\u00eb k\u00ebtij viti ,p\u00ebr t&#8217;u bashkangjitur kualicionit qeveritar,d\u00ebshmoi p\u00ebrs\u00ebri se subjektet politike shqiptare, n\u00eb p\u00ebrgjith\u00ebsi, si prioritet t\u00eb tyre kryesor kan\u00eb ate q\u00eb t\u00eb jen\u00eb pjes\u00eb e qeverisjes qendrore n\u00eb Podgoric\u00eb.<\/p>\n<p>\u00cbsht\u00eb me r\u00ebnd\u00ebsi t\u00eb potencohet q\u00eb k\u00ebsaj rradhe, partia fituese n\u00eb nivel qendror n\u00eb Mal t\u00eb Zi ( PDS-i) mund t\u00eb kishte formuar shumic\u00ebn parlamentare edhe pa ndihm\u00ebn e partive (kualicioneve) shqiptare. Prandaj,kualicionet shqiptare sikurse u ngut\u00ebn t\u00eb b\u00ebjn\u00eb negociata me partin\u00eb n\u00eb pushtet,duke mos patur fuqi negocuese. Kjo ndikoi q\u00eb Platforma p\u00ebr veprim t\u00eb p\u00ebrbashk\u00ebt politik q\u00eb u n\u00ebnshkrua me k\u00ebte rast n\u00eb mes t\u00eb<\/p>\n<p>partive(kualicioneve) t\u00eb pakicave dhe PDS -it t\u00eb Gjukanoviqit, n\u00eb p\u00ebrb\u00ebrjen e fjalorit t\u00eb vet t\u00eb ken\u00eb nj\u00eb gjuh\u00eb t\u00eb p\u00ebrgjith\u00ebsuar dhe ofron shum\u00eb pak n\u00eb aspektin konkret t\u00eb realizimit t\u00eb k\u00ebrkesave t\u00eb shqiptar\u00ebve. P\u00ebr shembull,k\u00ebrkesa p\u00ebr statusin e Komun\u00ebs s\u00eb Tuzit-Mal\u00ebsis\u00eb, me presion t\u00eb Partis\u00eb Boshnjake,fillimisht u hoq nga Platforma e p\u00ebrbashk\u00ebt politike dhe u z\u00ebv\u00ebndsua me termin &#8220;decentralizim&#8221;,fjal\u00eb q\u00eb n\u00ebnkupton bartjen e kompetencave nga pushteti qendror (n\u00eb k\u00ebte rast, nga Podgorica) deri te komunat lokale dhe ngritja e shkall\u00ebs qeveris\u00ebse t\u00eb tyre dhe nj\u00eb terminologji e till\u00eb, domosdoshm\u00ebrisht nuk n\u00ebnkupton realizimin e Komun\u00ebs s\u00eb Tuzit.<\/p>\n<p>M\u00eb von\u00eb, n\u00eb Aneks marr\u00ebveshjen mbi veprimin e p\u00ebrbashk\u00ebt politik n\u00eb mes\u00a0 Qeveris\u00eb se re t\u00eb Malit t\u00eb Zi dhe partis\u00eb Forca e Re Demokratike (t\u00eb cil\u00ebn kjo e fundit e b\u00ebn publike me 3 Dhjetor 2012), n\u00eb kontekstin e Komun\u00ebs s\u00eb Tuzit,thuhet se &#8220;\u00ebsht\u00eb v\u00ebrtetuar q\u00eb s\u00eb bashku do t\u00eb b\u00ebhen p\u00ebrpjekje n\u00eb p\u00ebrshpejtimin e procesit t\u00eb themelimit t\u00eb Komun\u00ebs s\u00eb Tuzit-Mal\u00ebsis\u00eb&#8221;. Pra, problemi \u00ebsht\u00eb ku thuhet se &#8220;do t\u00eb b\u00ebh\u00ebn\u00a0 p\u00ebrpjekje&#8230;&#8221;. A nuk \u00ebsht\u00eb b\u00ebr\u00eb p\u00ebrpjekje tash n\u00eb 20 vitet e fundit q\u00eb t\u00eb realizohet Komuna e Mal\u00ebsis\u00eb, por pa rezulltate?Pra,gjuha e p\u00ebrdorur n\u00eb Aneks Platform\u00eb nuk e obligon pal\u00ebn tjet\u00ebr (PSD-n\u00eb) q\u00eb medeomos dhe seriozisht t\u00eb merret me realizimin e \u00e7\u00ebshtjes s\u00eb Komun\u00ebs.<\/p>\n<p>P\u00ebrkujtojm\u00eb lexuesit se n\u00eb vitin 1997,gjithashtu u arrit nj\u00eb marr\u00ebveshje e ngjajshme n\u00eb mes t\u00eb faktorit t\u00eb at\u00ebhersh\u00ebm politik shqiptar dhe Qeveris\u00eb malazeze e cila u quajt\u00a0 &#8221; Marr\u00ebveshja mbi parimet minimale p\u00ebr zhvillimin e infastruktur\u00ebs demokratike n\u00eb Mal t\u00eb Zi&#8221;, me p\u00ebrb\u00ebrje prej pes\u00eb pikash ku n\u00eb mes t\u00eb tjerash pika 1(c) b\u00ebn fjal\u00eb p\u00ebr organizimin teritorial t\u00eb Malit t\u00eb Zi n\u00eb kuptimin e themelimit t\u00eb komunave t\u00eb reja dhe &#8220;decentralizimin e pushtetit&#8221;, p\u00ebrs\u00ebri pa p\u00ebrmendur konkretisht me em\u00ebr Komun\u00ebn e Mal\u00ebsis\u00eb!? Q\u00eb nga ajo koh\u00eb disa vendbanime me popullsi sllave themeluan Komunat e veta kurse Mal\u00ebsia q\u00eb nga viti 2006 \u00ebsht\u00eb Komun\u00eb e ashtuquajtur urbane e Podgoric\u00ebs,\u00e7ka do t\u00eb thot\u00eb entitet me t\u00eb drejta dhe ingjerenca t\u00eb cunguara.<\/p>\n<p>Nga p\u00ebrvoja e s\u00eb kaluar\u00ebs politike mund t\u00eb nxirr\u00ebn m\u00ebsime se fjalori i paqart\u00eb dhe jo konkret me rastin e p\u00ebrpilimit dhe n\u00ebnshkrimit t\u00eb marr\u00ebveshjeve dhe dokumenteve t\u00eb tjera politike me pal\u00ebn qeveritare,len hap\u00ebsir\u00eb p\u00ebr manipulime dhe keq-interpretime t\u00eb ndryshme.\u00a0 Gjithashtu, me rastin e n\u00ebnshkrimeve t\u00eb dokumenteve t\u00eb ndryshme me Qeverin\u00eb e Malit t\u00eb Zi, duke p\u00ebrfshir\u00eb edhe Marr\u00ebveshjen p\u00ebr formimin e shumic\u00ebs parlamentare, do t\u00eb ishte e udh\u00ebs q\u00eb t\u00eb b\u00ebhen n\u00eb prezenc\u00ebn e pal\u00ebs s\u00eb tret\u00eb,mund\u00ebsisht asaj nd\u00ebrkomb\u00ebtare me q\u00ebllim t\u00eb p\u00ebrfitimit t\u00eb garancis\u00eb s\u00eb implementimit t\u00eb tyre.<\/p>\n<p>Megjithate,n\u00eb aren\u00ebn politike, kat\u00ebr vitet e ardhshme do t\u00eb jen\u00eb sprov\u00eb e aft\u00ebsis\u00eb s\u00eb dy kualicioneve shqiptare si subjekte t\u00eb reja bashk\u00ebqeveris\u00ebse,n\u00eb aspektin e ballafaqimit me sfidat e p\u00ebrmir\u00ebsimit t\u00eb pozit\u00ebs s\u00eb\u00a0 shqiptar\u00ebve n\u00eb Mal t\u00eb Zi.<\/p>\n<p>&nbsp;<\/p>\n<p>&nbsp;<\/p>\n<p>Xheladin Zeneli<\/p>\n<p>New York<\/p>\n<p>21 Dhjetor 2012<\/p>\n","protected":false},"excerpt":{"rendered":"<p>N\u00eb zgjedhjet e fundit parlamentare n\u00eb Mal t\u00eb Zi t\u00eb dat\u00ebs 14 Tetor t\u00eb k\u00ebtij viti, subjektet shqiptare q\u00eb fituan nga nj\u00eb mandat ishin, Koalicioni \u201cP\u00ebr Bashkim\u201d (i cili p\u00ebrb\u00ebhet nga Forca e Re Demokratike, Iniciativa Qytetare \u2013 Tuz dhe L\u00ebvizja Perspektiva) dhe &#8220;Koalicioni Shqiptar\u201d (i cili p\u00ebrb\u00ebhet nga Lidhja Demokratike, Partia Demokratike dhe Alternativa [&hellip;]<\/p>\n","protected":false},"author":1,"featured_media":0,"comment_status":"open","ping_status":"closed","sticky":false,"template":"","format":"standard","meta":{"spay_email":"","jetpack_publicize_message":"","jetpack_is_tweetstorm":false,"jetpack_publicize_feature_enabled":true},"categories":[1,14249],"tags":[14351,3505,212,16553,17828,16552,17834,18370,17811,14352,17831,18362,14349,15136,14353,3510,17808,16245,17401,3502,14354,714,12340,14355,15798,17840,17839,18363,16558,19585,16216,17835,20,17814,17810,17816,14356,17071,17807,3730,3516,14652,14357,3511,15139,17837,17827,16246,16237,16238,21579,6011,10203,3504,14358,19020,3220,222,17802,17812,17803,16214,17820,17825,17817,16249,16564,16547,16559,16565,16551,17805,8966,22011,305,16491,19584,16247,16563,17823,17832,19586,14359,3506,17818,3499,214,17680,14360,14361,3509,16210,17402,16211,14362,19541,216,14363,18371,194,16248,19501,3507,14655,17800,498,3717,3500,1762,4625,16490,115,3228,14364,362,22008,17799,14657,3327,15140,17841,19627,17826,15213,18236,13230,3512,17806,729,16212,11648,18289,17838,95,19583,17813,19587,17804,5937,14365,15141,14658,3227,17836,14366,79,14661,17073,3513,14348,1082,16234,16241,16233,18369,16478,4642,3514,1653,16244,1909,17815,14367,92,13393,16566,17801,18360,14663,19543,125,14906,17822,3501,14368,14369,19542,14665,14664,18527,16243,17824,14370,14666,18291,16557,10472,16236,16232,2083,3231,14371,41,3617,16769,496,3508,15143,14372,3503,14373,14374,17844,3515,17821,16235,16240,5589,18372,17830,16215,17077,3498,2800,18295,15160,14375,17833,17829,899,16242,16546,19,409,200,18,17819,1388,17809,16570,16213,16239,14376],"jetpack_publicize_connections":[],"yoast_head":"<!-- This site is optimized with the Yoast SEO plugin v19.1 - https:\/\/yoast.com\/wordpress\/plugins\/seo\/ -->\n<title>Xh.Zeneli: Bashk\u00ebqeverisja nuk \u00ebsht\u00eb zgjidhje e problemeve t\u00eb shqiptar\u00ebve n\u0113 Mal t\u0113 Zi - Lajme nga Ulqini<\/title>\n<meta name=\"description\" content=\"N\u00eb zgjedhjet e fundit parlamentare n\u00eb Mal t\u00eb Zi t\u00eb dat\u00ebs 14 Tetor t\u00eb k\u00ebtij viti, subjektet shqiptare q\u00eb fituan nga nj\u00eb mandat ishin, Koalicioni \u201cP\u00ebr\" \/>\n<meta name=\"robots\" content=\"index, follow, max-snippet:-1, max-image-preview:large, max-video-preview:-1\" \/>\n<link rel=\"canonical\" href=\"https:\/\/www.visit-ulcinj.com\/blog\/2012\/12\/21\/xh-zeneli-bashkeqeverisja-nuk-eshte-zgjidhje-e-problemeve-te-shqiptareve-ne-mal-te-zi\/\" \/>\n<meta property=\"og:locale\" content=\"en_US\" \/>\n<meta property=\"og:type\" content=\"article\" \/>\n<meta property=\"og:title\" content=\"Xh.Zeneli: Bashk\u00ebqeverisja nuk \u00ebsht\u00eb zgjidhje e problemeve t\u00eb shqiptar\u00ebve n\u0113 Mal t\u0113 Zi - Lajme nga Ulqini\" \/>\n<meta property=\"og:description\" content=\"N\u00eb zgjedhjet e fundit parlamentare n\u00eb Mal t\u00eb Zi t\u00eb dat\u00ebs 14 Tetor t\u00eb k\u00ebtij viti, subjektet shqiptare q\u00eb fituan nga nj\u00eb mandat ishin, Koalicioni \u201cP\u00ebr\" \/>\n<meta property=\"og:url\" content=\"https:\/\/www.visit-ulcinj.com\/blog\/2012\/12\/21\/xh-zeneli-bashkeqeverisja-nuk-eshte-zgjidhje-e-problemeve-te-shqiptareve-ne-mal-te-zi\/\" \/>\n<meta property=\"og:site_name\" content=\"Lajme nga Ulqini\" \/>\n<meta property=\"article:published_time\" content=\"2012-12-21T17:05:04+00:00\" \/>\n<meta property=\"article:modified_time\" content=\"2012-12-22T09:20:35+00:00\" \/>\n<meta property=\"og:image\" content=\"http:\/\/www.visit-ulcinj.com\/blog\/wp-content\/uploads\/2012\/12\/Xheladin-Zeneli_New-York.jpg\" \/>\n<meta name=\"twitter:label1\" content=\"Written by\" \/>\n\t<meta name=\"twitter:data1\" content=\"ulqini\" \/>\n\t<meta name=\"twitter:label2\" content=\"Est. reading time\" \/>\n\t<meta name=\"twitter:data2\" content=\"7 minutes\" \/>\n<script type=\"application\/ld+json\" class=\"yoast-schema-graph\">{\"@context\":\"https:\/\/schema.org\",\"@graph\":[{\"@type\":\"WebSite\",\"@id\":\"https:\/\/www.visit-ulcinj.com\/blog\/#website\",\"url\":\"https:\/\/www.visit-ulcinj.com\/blog\/\",\"name\":\"Lajme nga Ulqini\",\"description\":\"Lajme,Vijesti,Ulqini,Ulqin,Crna Gora,Mali i Zi\",\"potentialAction\":[{\"@type\":\"SearchAction\",\"target\":{\"@type\":\"EntryPoint\",\"urlTemplate\":\"https:\/\/www.visit-ulcinj.com\/blog\/?s={search_term_string}\"},\"query-input\":\"required name=search_term_string\"}],\"inLanguage\":\"en-US\"},{\"@type\":\"ImageObject\",\"inLanguage\":\"en-US\",\"@id\":\"https:\/\/www.visit-ulcinj.com\/blog\/2012\/12\/21\/xh-zeneli-bashkeqeverisja-nuk-eshte-zgjidhje-e-problemeve-te-shqiptareve-ne-mal-te-zi\/#primaryimage\",\"url\":\"https:\/\/www.visit-ulcinj.com\/blog\/wp-content\/uploads\/2012\/12\/Xheladin-Zeneli_New-York.jpg\",\"contentUrl\":\"https:\/\/www.visit-ulcinj.com\/blog\/wp-content\/uploads\/2012\/12\/Xheladin-Zeneli_New-York.jpg\",\"width\":720,\"height\":480},{\"@type\":\"WebPage\",\"@id\":\"https:\/\/www.visit-ulcinj.com\/blog\/2012\/12\/21\/xh-zeneli-bashkeqeverisja-nuk-eshte-zgjidhje-e-problemeve-te-shqiptareve-ne-mal-te-zi\/#webpage\",\"url\":\"https:\/\/www.visit-ulcinj.com\/blog\/2012\/12\/21\/xh-zeneli-bashkeqeverisja-nuk-eshte-zgjidhje-e-problemeve-te-shqiptareve-ne-mal-te-zi\/\",\"name\":\"Xh.Zeneli: Bashk\u00ebqeverisja nuk \u00ebsht\u00eb zgjidhje e problemeve t\u00eb shqiptar\u00ebve n\u0113 Mal t\u0113 Zi - Lajme nga Ulqini\",\"isPartOf\":{\"@id\":\"https:\/\/www.visit-ulcinj.com\/blog\/#website\"},\"primaryImageOfPage\":{\"@id\":\"https:\/\/www.visit-ulcinj.com\/blog\/2012\/12\/21\/xh-zeneli-bashkeqeverisja-nuk-eshte-zgjidhje-e-problemeve-te-shqiptareve-ne-mal-te-zi\/#primaryimage\"},\"datePublished\":\"2012-12-21T17:05:04+00:00\",\"dateModified\":\"2012-12-22T09:20:35+00:00\",\"author\":{\"@id\":\"https:\/\/www.visit-ulcinj.com\/blog\/#\/schema\/person\/dcab619c614d3038751c63bc2aadc06d\"},\"description\":\"N\u00eb zgjedhjet e fundit parlamentare n\u00eb Mal t\u00eb Zi t\u00eb dat\u00ebs 14 Tetor t\u00eb k\u00ebtij viti, subjektet shqiptare q\u00eb fituan nga nj\u00eb mandat ishin, Koalicioni \u201cP\u00ebr\",\"breadcrumb\":{\"@id\":\"https:\/\/www.visit-ulcinj.com\/blog\/2012\/12\/21\/xh-zeneli-bashkeqeverisja-nuk-eshte-zgjidhje-e-problemeve-te-shqiptareve-ne-mal-te-zi\/#breadcrumb\"},\"inLanguage\":\"en-US\",\"potentialAction\":[{\"@type\":\"ReadAction\",\"target\":[\"https:\/\/www.visit-ulcinj.com\/blog\/2012\/12\/21\/xh-zeneli-bashkeqeverisja-nuk-eshte-zgjidhje-e-problemeve-te-shqiptareve-ne-mal-te-zi\/\"]}]},{\"@type\":\"BreadcrumbList\",\"@id\":\"https:\/\/www.visit-ulcinj.com\/blog\/2012\/12\/21\/xh-zeneli-bashkeqeverisja-nuk-eshte-zgjidhje-e-problemeve-te-shqiptareve-ne-mal-te-zi\/#breadcrumb\",\"itemListElement\":[{\"@type\":\"ListItem\",\"position\":1,\"name\":\"Xh.Zeneli: Bashk\u00ebqeverisja nuk \u00ebsht\u00eb zgjidhje e problemeve t\u00eb shqiptar\u00ebve n\u0113 Mal t\u0113 Zi\"}]},{\"@type\":\"Person\",\"@id\":\"https:\/\/www.visit-ulcinj.com\/blog\/#\/schema\/person\/dcab619c614d3038751c63bc2aadc06d\",\"name\":\"ulqini\",\"sameAs\":[\"http:\/\/www.visit-ulcinj.com\"],\"url\":\"https:\/\/www.visit-ulcinj.com\/blog\/author\/admin\/\"}]}<\/script>\n<!-- \/ Yoast SEO plugin. -->","yoast_head_json":{"title":"Xh.Zeneli: Bashk\u00ebqeverisja nuk \u00ebsht\u00eb zgjidhje e problemeve t\u00eb shqiptar\u00ebve n\u0113 Mal t\u0113 Zi - Lajme nga Ulqini","description":"N\u00eb zgjedhjet e fundit parlamentare n\u00eb Mal t\u00eb Zi t\u00eb dat\u00ebs 14 Tetor t\u00eb k\u00ebtij viti, subjektet shqiptare q\u00eb fituan nga nj\u00eb mandat ishin, Koalicioni \u201cP\u00ebr","robots":{"index":"index","follow":"follow","max-snippet":"max-snippet:-1","max-image-preview":"max-image-preview:large","max-video-preview":"max-video-preview:-1"},"canonical":"https:\/\/www.visit-ulcinj.com\/blog\/2012\/12\/21\/xh-zeneli-bashkeqeverisja-nuk-eshte-zgjidhje-e-problemeve-te-shqiptareve-ne-mal-te-zi\/","og_locale":"en_US","og_type":"article","og_title":"Xh.Zeneli: Bashk\u00ebqeverisja nuk \u00ebsht\u00eb zgjidhje e problemeve t\u00eb shqiptar\u00ebve n\u0113 Mal t\u0113 Zi - Lajme nga Ulqini","og_description":"N\u00eb zgjedhjet e fundit parlamentare n\u00eb Mal t\u00eb Zi t\u00eb dat\u00ebs 14 Tetor t\u00eb k\u00ebtij viti, subjektet shqiptare q\u00eb fituan nga nj\u00eb mandat ishin, Koalicioni \u201cP\u00ebr","og_url":"https:\/\/www.visit-ulcinj.com\/blog\/2012\/12\/21\/xh-zeneli-bashkeqeverisja-nuk-eshte-zgjidhje-e-problemeve-te-shqiptareve-ne-mal-te-zi\/","og_site_name":"Lajme nga Ulqini","article_published_time":"2012-12-21T17:05:04+00:00","article_modified_time":"2012-12-22T09:20:35+00:00","og_image":[{"url":"http:\/\/www.visit-ulcinj.com\/blog\/wp-content\/uploads\/2012\/12\/Xheladin-Zeneli_New-York.jpg"}],"twitter_misc":{"Written by":"ulqini","Est. reading time":"7 minutes"},"schema":{"@context":"https:\/\/schema.org","@graph":[{"@type":"WebSite","@id":"https:\/\/www.visit-ulcinj.com\/blog\/#website","url":"https:\/\/www.visit-ulcinj.com\/blog\/","name":"Lajme nga Ulqini","description":"Lajme,Vijesti,Ulqini,Ulqin,Crna Gora,Mali i Zi","potentialAction":[{"@type":"SearchAction","target":{"@type":"EntryPoint","urlTemplate":"https:\/\/www.visit-ulcinj.com\/blog\/?s={search_term_string}"},"query-input":"required name=search_term_string"}],"inLanguage":"en-US"},{"@type":"ImageObject","inLanguage":"en-US","@id":"https:\/\/www.visit-ulcinj.com\/blog\/2012\/12\/21\/xh-zeneli-bashkeqeverisja-nuk-eshte-zgjidhje-e-problemeve-te-shqiptareve-ne-mal-te-zi\/#primaryimage","url":"https:\/\/www.visit-ulcinj.com\/blog\/wp-content\/uploads\/2012\/12\/Xheladin-Zeneli_New-York.jpg","contentUrl":"https:\/\/www.visit-ulcinj.com\/blog\/wp-content\/uploads\/2012\/12\/Xheladin-Zeneli_New-York.jpg","width":720,"height":480},{"@type":"WebPage","@id":"https:\/\/www.visit-ulcinj.com\/blog\/2012\/12\/21\/xh-zeneli-bashkeqeverisja-nuk-eshte-zgjidhje-e-problemeve-te-shqiptareve-ne-mal-te-zi\/#webpage","url":"https:\/\/www.visit-ulcinj.com\/blog\/2012\/12\/21\/xh-zeneli-bashkeqeverisja-nuk-eshte-zgjidhje-e-problemeve-te-shqiptareve-ne-mal-te-zi\/","name":"Xh.Zeneli: Bashk\u00ebqeverisja nuk \u00ebsht\u00eb zgjidhje e problemeve t\u00eb shqiptar\u00ebve n\u0113 Mal t\u0113 Zi - Lajme nga Ulqini","isPartOf":{"@id":"https:\/\/www.visit-ulcinj.com\/blog\/#website"},"primaryImageOfPage":{"@id":"https:\/\/www.visit-ulcinj.com\/blog\/2012\/12\/21\/xh-zeneli-bashkeqeverisja-nuk-eshte-zgjidhje-e-problemeve-te-shqiptareve-ne-mal-te-zi\/#primaryimage"},"datePublished":"2012-12-21T17:05:04+00:00","dateModified":"2012-12-22T09:20:35+00:00","author":{"@id":"https:\/\/www.visit-ulcinj.com\/blog\/#\/schema\/person\/dcab619c614d3038751c63bc2aadc06d"},"description":"N\u00eb zgjedhjet e fundit parlamentare n\u00eb Mal t\u00eb Zi t\u00eb dat\u00ebs 14 Tetor t\u00eb k\u00ebtij viti, subjektet shqiptare q\u00eb fituan nga nj\u00eb mandat ishin, Koalicioni \u201cP\u00ebr","breadcrumb":{"@id":"https:\/\/www.visit-ulcinj.com\/blog\/2012\/12\/21\/xh-zeneli-bashkeqeverisja-nuk-eshte-zgjidhje-e-problemeve-te-shqiptareve-ne-mal-te-zi\/#breadcrumb"},"inLanguage":"en-US","potentialAction":[{"@type":"ReadAction","target":["https:\/\/www.visit-ulcinj.com\/blog\/2012\/12\/21\/xh-zeneli-bashkeqeverisja-nuk-eshte-zgjidhje-e-problemeve-te-shqiptareve-ne-mal-te-zi\/"]}]},{"@type":"BreadcrumbList","@id":"https:\/\/www.visit-ulcinj.com\/blog\/2012\/12\/21\/xh-zeneli-bashkeqeverisja-nuk-eshte-zgjidhje-e-problemeve-te-shqiptareve-ne-mal-te-zi\/#breadcrumb","itemListElement":[{"@type":"ListItem","position":1,"name":"Xh.Zeneli: Bashk\u00ebqeverisja nuk \u00ebsht\u00eb zgjidhje e problemeve t\u00eb shqiptar\u00ebve n\u0113 Mal t\u0113 Zi"}]},{"@type":"Person","@id":"https:\/\/www.visit-ulcinj.com\/blog\/#\/schema\/person\/dcab619c614d3038751c63bc2aadc06d","name":"ulqini","sameAs":["http:\/\/www.visit-ulcinj.com"],"url":"https:\/\/www.visit-ulcinj.com\/blog\/author\/admin\/"}]}},"jetpack_featured_media_url":"","jetpack_sharing_enabled":true,"jetpack_shortlink":"https:\/\/wp.me\/pe6lTn-hpq","_links":{"self":[{"href":"https:\/\/www.visit-ulcinj.com\/blog\/wp-json\/wp\/v2\/posts\/66924"}],"collection":[{"href":"https:\/\/www.visit-ulcinj.com\/blog\/wp-json\/wp\/v2\/posts"}],"about":[{"href":"https:\/\/www.visit-ulcinj.com\/blog\/wp-json\/wp\/v2\/types\/post"}],"author":[{"embeddable":true,"href":"https:\/\/www.visit-ulcinj.com\/blog\/wp-json\/wp\/v2\/users\/1"}],"replies":[{"embeddable":true,"href":"https:\/\/www.visit-ulcinj.com\/blog\/wp-json\/wp\/v2\/comments?post=66924"}],"version-history":[{"count":4,"href":"https:\/\/www.visit-ulcinj.com\/blog\/wp-json\/wp\/v2\/posts\/66924\/revisions"}],"predecessor-version":[{"id":66976,"href":"https:\/\/www.visit-ulcinj.com\/blog\/wp-json\/wp\/v2\/posts\/66924\/revisions\/66976"}],"wp:attachment":[{"href":"https:\/\/www.visit-ulcinj.com\/blog\/wp-json\/wp\/v2\/media?parent=66924"}],"wp:term":[{"taxonomy":"category","embeddable":true,"href":"https:\/\/www.visit-ulcinj.com\/blog\/wp-json\/wp\/v2\/categories?post=66924"},{"taxonomy":"post_tag","embeddable":true,"href":"https:\/\/www.visit-ulcinj.com\/blog\/wp-json\/wp\/v2\/tags?post=66924"}],"curies":[{"name":"wp","href":"https:\/\/api.w.org\/{rel}","templated":true}]}}