{"id":6693,"date":"2008-11-25T20:25:40","date_gmt":"2008-11-25T19:25:40","guid":{"rendered":"http:\/\/www.visit-ulcinj.com\/blog\/?p=6693"},"modified":"2008-11-25T20:25:40","modified_gmt":"2008-11-25T19:25:40","slug":"presidenti-topi-u-takua-sot-me-kryeministrin-e-malit-te-zi-milo-gjukanovic","status":"publish","type":"post","link":"https:\/\/www.visit-ulcinj.com\/blog\/2008\/11\/25\/presidenti-topi-u-takua-sot-me-kryeministrin-e-malit-te-zi-milo-gjukanovic\/","title":{"rendered":"Presidenti Topi u takua sot me Kryeministrin e Malit t\u00eb Zi, Milo Gjukanovi\u00e7"},"content":{"rendered":"<p><a href=\"http:\/\/www.visit-ulcinj.com\/blog\/wp-content\/uploads\/2008\/11\/president-topi-receiving-the-prime-minister-of-montenegro-milo-dukanovic.jpg\"><img loading=\"lazy\" class=\"alignleft size-medium wp-image-6694\" title=\"president-topi-receiving-the-prime-minister-of-montenegro-milo-dukanovic\" src=\"http:\/\/www.visit-ulcinj.com\/blog\/wp-content\/uploads\/2008\/11\/president-topi-receiving-the-prime-minister-of-montenegro-milo-dukanovic-300x219.jpg\" alt=\"\" width=\"342\" height=\"250\" srcset=\"https:\/\/www.visit-ulcinj.com\/blog\/wp-content\/uploads\/2008\/11\/president-topi-receiving-the-prime-minister-of-montenegro-milo-dukanovic-300x219.jpg 300w, https:\/\/www.visit-ulcinj.com\/blog\/wp-content\/uploads\/2008\/11\/president-topi-receiving-the-prime-minister-of-montenegro-milo-dukanovic.jpg 600w\" sizes=\"(max-width: 342px) 100vw, 342px\" \/><\/a>eSot, n\u00eb Pallatin e Brigadave, Presidenti i Republik\u00ebs, Prof. Dr. Bamir Topi u takua me Kryeministrin e Malit t\u00eb Zi, Milo Gjukanovi\u00e7 dhe delegacionin q\u00eb e shoq\u00ebron gjat\u00eb vizit\u00ebs zyrtare n\u00eb vendin ton\u00eb.<br \/>\nDuke shprehur k\u00ebnaq\u00ebsin\u00eb e ve\u00e7ant\u00eb p\u00ebr takimin me Kryeministrin Gjukanovi\u00e7, Presidenti Topi vler\u00ebsoi nivelin aktual shum\u00eb t\u00eb mir\u00eb t\u00eb marr\u00ebdh\u00ebnieve dhe bashk\u00ebpunimit nd\u00ebrmjet Shqip\u00ebris\u00eb dhe Malit t\u00eb Zi.<br \/>\nKreu i shtetit shqiptar, pasi n\u00ebnvizoi vendosm\u00ebrin\u00eb e angazhimin e vendit ton\u00eb p\u00ebr zhvillimin dhe intensifikimin e m\u00ebtejsh\u00ebm t\u00eb marr\u00ebdh\u00ebnieve t\u00eb fqinj\u00ebsis\u00eb s\u00eb mir\u00eb, mir\u00ebkuptimit dhe bashk\u00ebpunimit, q\u00eb ekzistojn\u00eb dhe zhvillohen me vendin mik, Malin e Zi, shprehu angazhimin e Shqip\u00ebris\u00eb p\u00ebr konsolidimin e Malit t\u00eb Zi n\u00eb rrug\u00ebn e forcimit t\u00eb demokracis\u00eb dhe t\u00eb zhvillimit t\u00eb vendit, si dhe p\u00ebr integrimin europian dhe euroatlantik t\u00eb vendit, si aspirata t\u00eb p\u00ebrbashk\u00ebta t\u00eb dy vendeve tona mike.<br \/>\nBashk\u00ebbiseduesit ndan\u00eb mendimin se Shqip\u00ebria dhe Mali i Zi, t\u00eb cil\u00ebt ndajn\u00eb nj\u00eb histori t\u00eb p\u00ebrbashk\u00ebt, kan\u00eb sot t\u00eb gjitha motivet dhe nxitjen p\u00ebr t\u00eb bashk\u00ebpunuar p\u00ebr nj\u00eb t\u00eb ardhme evropiane t\u00eb popujve tan\u00eb dhe t\u00eb rajonit n\u00eb t\u00ebr\u00ebsi. Pasi n\u00ebnvizuan r\u00ebnd\u00ebsin\u00eb e rritjes s\u00eb bashk\u00ebpunimit ekonomik e tregtar midis Shqip\u00ebris\u00eb dhe Malit t\u00eb Zi, Presidenti Topi dhe Kryeministri malazez n\u00ebnvizuan interesin p\u00ebr thellimin e k\u00ebtyre marr\u00ebdh\u00ebnive, ku p\u00ebrpar\u00ebsi merr krijimi i nj\u00eb sistemi energjetik rajonal, fuqizimi i sistemit t\u00eb komunikacionit dhe telekomunikacionit, leht\u00ebsimi i qarkullimit t\u00eb mallrave e njer\u00ebzve, lufta e p\u00ebrbashk\u00ebt kund\u00ebr krimit t\u00eb organizuar dhe trafiqeve t\u00eb paligjshme.<br \/>\nGjat\u00eb takimit, Presidenti Topi, duke v\u00ebn\u00eb n\u00eb dukje se procese t\u00eb tjera me interes t\u00eb nd\u00ebrsjellt\u00eb jan\u00eb edhe bashk\u00ebpunimet n\u00eb fushat e arsimit, bujq\u00ebsis\u00eb, siguris\u00eb dhe rendit publik, mbrojtjes, pun\u00ebs dhe \u00e7\u00ebshtjeve sociale, infrastruktur\u00ebs nd\u00ebrlidh\u00ebse turistike dhe telekomunikacionit, n\u00ebnvizoi se n\u00ebnshkrimi i projekt-marr\u00ebveshjeve n\u00eb proces do t\u00eb nxisnin zhvillimin e m\u00ebtejsh\u00ebm t\u00eb vendeve tona, p\u00ebr t\u00eb krijuar nj\u00eb rajon me standarde evropiane. N\u00eb m\u00ebnyr\u00eb t\u00eb ve\u00e7ant\u00eb, Kryetari i Shtetit inkurajoi rritjen dhe thellimin e bashk\u00ebpunimit ekonomik, hartimin e projekteve t\u00eb p\u00ebrbashk\u00ebta infrastrukturore, atyre p\u00ebr ruajtjen e ekosistemit dhe zhvillimin e turizmit bregdetar.<br \/>\n\u201cQytetar\u00ebt me komb\u00ebsi shqiptare n\u00eb rajon dhe n\u00eb Mal t\u00eb Zi i konsiderojm\u00eb si ur\u00eb lidh\u00ebse dhe miq\u00ebsie me vendet fqinj\u00eb\u201d \u2013 u shpreh Presidenti Topi.<br \/>\nPresidenti Topi vler\u00ebsoi lart rolin e Presidentit t\u00eb Malit t\u00eb Zi si dhe q\u00ebndrimin dhe vendimin e qeveris\u00eb malazeze p\u00ebr njohjen e pavar\u00ebsis\u00eb s\u00eb Kosov\u00ebs, duke shprehur besimin se pavar\u00ebsia e saj i kontribuon krijimit t\u00eb nj\u00eb klime q\u00ebndrueshm\u00ebrie afatgjat\u00eb n\u00eb rajonin ballkanik.<\/p>\n<p>Kryeministri i Malit t\u00eb Zi, Milo Gjukanovi\u00e7 falenderoi p\u00ebr mikpritjen dhe vuri n\u00eb dukje r\u00ebnd\u00ebsin\u00eb e k\u00ebtyre kontakteve, vizitave dhe takimeve reciproke t\u00eb nivelit t\u00eb lart\u00eb sa i p\u00ebrket ruajtjes dhe fuqizimit t\u00eb klim\u00ebs dhe marr\u00ebdh\u00ebnieve t\u00eb fqinj\u00ebsis\u00eb s\u00eb mir\u00eb mes vendeve tona dhe t\u00eb rajonit. Z. Gjukanovi\u00e7 shprehu bindjen se bashk\u00ebpunimi rajonal, dialogu politik dhe rritja e shk\u00ebmbimeve tregtare ekonomike do t\u00eb p\u00ebrmbushin aspiratat integruese t\u00eb popujve tan\u00eb p\u00ebr t\u00eb qen\u00eb an\u00ebtar\u00eb me t\u00eb drejta t\u00eb plota si t\u00eb BE-s\u00eb ashtu dhe t\u00eb NATO-s. Kryeministri Gjukanovi\u00e7 u shpreh i bindur se e ardhmja e t\u00eb gjith\u00eb vendeve t\u00eb Ballkanit Per\u00ebndimor \u00ebsht\u00eb e sigurt n\u00eb gjirin e familjes s\u00eb madhe evropiane dhe t\u00eb strukturave euroatlantike. Z. Gjukanovi\u00e7 vler\u00ebsoi rolin e pakicave komb\u00ebtare n\u00eb t\u00eb dy vendet si ura lidh\u00ebse dhe si nj\u00eb bazament i fort\u00eb p\u00ebr t\u2019i zhvilluar akoma m\u00eb tej marr\u00ebdh\u00ebniet shum\u00eb t\u00eb mira midis dy vendeve tona. Sa i p\u00ebrket vendimit p\u00ebr t\u00eb njohur pavar\u00ebsin\u00eb e Kosov\u00ebs, ai theksoi se ky vendim ishte i matur dhe konstruktiv dhe i kontribuon paqes dhe q\u00ebndrueshm\u00ebris\u00eb afatgjat\u00eb n\u00eb rajon.<\/p>\n<p><strong>Sherbimi informatif i president t\u00eb Shqiperis<\/strong><\/p>\n\n\t\t<style type=\"text\/css\">\n\t\t\t#gallery-1 {\n\t\t\t\tmargin: auto;\n\t\t\t}\n\t\t\t#gallery-1 .gallery-item {\n\t\t\t\tfloat: left;\n\t\t\t\tmargin-top: 10px;\n\t\t\t\ttext-align: center;\n\t\t\t\twidth: 33%;\n\t\t\t}\n\t\t\t#gallery-1 img {\n\t\t\t\tborder: 2px solid #cfcfcf;\n\t\t\t}\n\t\t\t#gallery-1 .gallery-caption {\n\t\t\t\tmargin-left: 0;\n\t\t\t}\n\t\t\t\/* see gallery_shortcode() in wp-includes\/media.php *\/\n\t\t<\/style>\n\t\t<div id='gallery-1' class='gallery galleryid-6693 gallery-columns-3 gallery-size-thumbnail'><dl class='gallery-item'>\n\t\t\t<dt class='gallery-icon landscape'>\n\t\t\t\t<a href='https:\/\/www.visit-ulcinj.com\/blog\/2008\/11\/25\/presidenti-topi-u-takua-sot-me-kryeministrin-e-malit-te-zi-milo-gjukanovic\/president-topi-receiving-the-prime-minister-of-montenegro-milo-dukanovic\/'><img width=\"150\" height=\"150\" src=\"https:\/\/www.visit-ulcinj.com\/blog\/wp-content\/uploads\/2008\/11\/president-topi-receiving-the-prime-minister-of-montenegro-milo-dukanovic-150x150.jpg\" class=\"attachment-thumbnail size-thumbnail\" alt=\"\" loading=\"lazy\" \/><\/a>\n\t\t\t<\/dt><\/dl><dl class='gallery-item'>\n\t\t\t<dt class='gallery-icon landscape'>\n\t\t\t\t<a href='https:\/\/www.visit-ulcinj.com\/blog\/2008\/11\/25\/presidenti-topi-u-takua-sot-me-kryeministrin-e-malit-te-zi-milo-gjukanovic\/president-topi-receiving-the-prime-minister-of-montenegro-milo-dukanovic1\/'><img width=\"150\" height=\"150\" src=\"https:\/\/www.visit-ulcinj.com\/blog\/wp-content\/uploads\/2008\/11\/president-topi-receiving-the-prime-minister-of-montenegro-milo-dukanovic1-150x150.jpg\" class=\"attachment-thumbnail size-thumbnail\" alt=\"\" loading=\"lazy\" \/><\/a>\n\t\t\t<\/dt><\/dl><dl class='gallery-item'>\n\t\t\t<dt class='gallery-icon landscape'>\n\t\t\t\t<a href='https:\/\/www.visit-ulcinj.com\/blog\/2008\/11\/25\/presidenti-topi-u-takua-sot-me-kryeministrin-e-malit-te-zi-milo-gjukanovic\/president-topi-receiving-the-prime-minister-of-montenegro-milo-dukanovic2\/'><img width=\"150\" height=\"150\" src=\"https:\/\/www.visit-ulcinj.com\/blog\/wp-content\/uploads\/2008\/11\/president-topi-receiving-the-prime-minister-of-montenegro-milo-dukanovic2-150x150.jpg\" class=\"attachment-thumbnail size-thumbnail\" alt=\"\" loading=\"lazy\" \/><\/a>\n\t\t\t<\/dt><\/dl><br style=\"clear: both\" \/>\n\t\t<\/div>\n\n","protected":false},"excerpt":{"rendered":"<p>eSot, n\u00eb Pallatin e Brigadave, Presidenti i Republik\u00ebs, Prof. Dr. Bamir Topi u takua me Kryeministrin e Malit t\u00eb Zi, Milo Gjukanovi\u00e7 dhe delegacionin q\u00eb e shoq\u00ebron gjat\u00eb vizit\u00ebs zyrtare n\u00eb vendin ton\u00eb. Duke shprehur k\u00ebnaq\u00ebsin\u00eb e ve\u00e7ant\u00eb p\u00ebr takimin me Kryeministrin Gjukanovi\u00e7, Presidenti Topi vler\u00ebsoi nivelin aktual shum\u00eb t\u00eb mir\u00eb t\u00eb marr\u00ebdh\u00ebnieve dhe bashk\u00ebpunimit [&hellip;]<\/p>\n","protected":false},"author":1,"featured_media":0,"comment_status":"open","ping_status":"closed","sticky":false,"template":"","format":"standard","meta":{"spay_email":"","jetpack_publicize_message":"","jetpack_is_tweetstorm":false,"jetpack_publicize_feature_enabled":true},"categories":[14],"tags":[2416,2433],"jetpack_publicize_connections":[],"yoast_head":"<!-- This site is optimized with the Yoast SEO plugin v19.1 - https:\/\/yoast.com\/wordpress\/plugins\/seo\/ -->\n<title>Presidenti Topi u takua sot me Kryeministrin e Malit t\u00eb Zi, Milo Gjukanovi\u00e7 - Lajme nga Ulqini<\/title>\n<meta name=\"description\" content=\"eSot, n\u00eb Pallatin e Brigadave, Presidenti i Republik\u00ebs, Prof. Dr. Bamir Topi u takua me Kryeministrin e Malit t\u00eb Zi, Milo Gjukanovi\u00e7 dhe delegacionin q\u00eb e\" \/>\n<meta name=\"robots\" content=\"index, follow, max-snippet:-1, max-image-preview:large, max-video-preview:-1\" \/>\n<link rel=\"canonical\" href=\"https:\/\/www.visit-ulcinj.com\/blog\/2008\/11\/25\/presidenti-topi-u-takua-sot-me-kryeministrin-e-malit-te-zi-milo-gjukanovic\/\" \/>\n<meta property=\"og:locale\" content=\"en_US\" \/>\n<meta property=\"og:type\" content=\"article\" \/>\n<meta property=\"og:title\" content=\"Presidenti Topi u takua sot me Kryeministrin e Malit t\u00eb Zi, Milo Gjukanovi\u00e7 - Lajme nga Ulqini\" \/>\n<meta property=\"og:description\" content=\"eSot, n\u00eb Pallatin e Brigadave, Presidenti i Republik\u00ebs, Prof. Dr. Bamir Topi u takua me Kryeministrin e Malit t\u00eb Zi, Milo Gjukanovi\u00e7 dhe delegacionin q\u00eb e\" \/>\n<meta property=\"og:url\" content=\"https:\/\/www.visit-ulcinj.com\/blog\/2008\/11\/25\/presidenti-topi-u-takua-sot-me-kryeministrin-e-malit-te-zi-milo-gjukanovic\/\" \/>\n<meta property=\"og:site_name\" content=\"Lajme nga Ulqini\" \/>\n<meta property=\"article:published_time\" content=\"2008-11-25T19:25:40+00:00\" \/>\n<meta property=\"og:image\" content=\"https:\/\/www.visit-ulcinj.com\/blog\/wp-content\/uploads\/2008\/11\/president-topi-receiving-the-prime-minister-of-montenegro-milo-dukanovic-150x150.jpg\" \/>\n<meta name=\"twitter:label1\" content=\"Written by\" \/>\n\t<meta name=\"twitter:data1\" content=\"ulqini\" \/>\n\t<meta name=\"twitter:label2\" content=\"Est. reading time\" \/>\n\t<meta name=\"twitter:data2\" content=\"3 minutes\" \/>\n<script type=\"application\/ld+json\" class=\"yoast-schema-graph\">{\"@context\":\"https:\/\/schema.org\",\"@graph\":[{\"@type\":\"WebSite\",\"@id\":\"https:\/\/www.visit-ulcinj.com\/blog\/#website\",\"url\":\"https:\/\/www.visit-ulcinj.com\/blog\/\",\"name\":\"Lajme nga Ulqini\",\"description\":\"Lajme,Vijesti,Ulqini,Ulqin,Crna Gora,Mali i Zi\",\"potentialAction\":[{\"@type\":\"SearchAction\",\"target\":{\"@type\":\"EntryPoint\",\"urlTemplate\":\"https:\/\/www.visit-ulcinj.com\/blog\/?s={search_term_string}\"},\"query-input\":\"required name=search_term_string\"}],\"inLanguage\":\"en-US\"},{\"@type\":\"ImageObject\",\"inLanguage\":\"en-US\",\"@id\":\"https:\/\/www.visit-ulcinj.com\/blog\/2008\/11\/25\/presidenti-topi-u-takua-sot-me-kryeministrin-e-malit-te-zi-milo-gjukanovic\/#primaryimage\",\"url\":\"http:\/\/www.visit-ulcinj.com\/blog\/wp-content\/uploads\/2008\/11\/president-topi-receiving-the-prime-minister-of-montenegro-milo-dukanovic-300x219.jpg\",\"contentUrl\":\"http:\/\/www.visit-ulcinj.com\/blog\/wp-content\/uploads\/2008\/11\/president-topi-receiving-the-prime-minister-of-montenegro-milo-dukanovic-300x219.jpg\"},{\"@type\":\"WebPage\",\"@id\":\"https:\/\/www.visit-ulcinj.com\/blog\/2008\/11\/25\/presidenti-topi-u-takua-sot-me-kryeministrin-e-malit-te-zi-milo-gjukanovic\/#webpage\",\"url\":\"https:\/\/www.visit-ulcinj.com\/blog\/2008\/11\/25\/presidenti-topi-u-takua-sot-me-kryeministrin-e-malit-te-zi-milo-gjukanovic\/\",\"name\":\"Presidenti Topi u takua sot me Kryeministrin e Malit t\u00eb Zi, Milo Gjukanovi\u00e7 - Lajme nga Ulqini\",\"isPartOf\":{\"@id\":\"https:\/\/www.visit-ulcinj.com\/blog\/#website\"},\"primaryImageOfPage\":{\"@id\":\"https:\/\/www.visit-ulcinj.com\/blog\/2008\/11\/25\/presidenti-topi-u-takua-sot-me-kryeministrin-e-malit-te-zi-milo-gjukanovic\/#primaryimage\"},\"datePublished\":\"2008-11-25T19:25:40+00:00\",\"dateModified\":\"2008-11-25T19:25:40+00:00\",\"author\":{\"@id\":\"https:\/\/www.visit-ulcinj.com\/blog\/#\/schema\/person\/dcab619c614d3038751c63bc2aadc06d\"},\"description\":\"eSot, n\u00eb Pallatin e Brigadave, Presidenti i Republik\u00ebs, Prof. Dr. Bamir Topi u takua me Kryeministrin e Malit t\u00eb Zi, Milo Gjukanovi\u00e7 dhe delegacionin q\u00eb e\",\"breadcrumb\":{\"@id\":\"https:\/\/www.visit-ulcinj.com\/blog\/2008\/11\/25\/presidenti-topi-u-takua-sot-me-kryeministrin-e-malit-te-zi-milo-gjukanovic\/#breadcrumb\"},\"inLanguage\":\"en-US\",\"potentialAction\":[{\"@type\":\"ReadAction\",\"target\":[\"https:\/\/www.visit-ulcinj.com\/blog\/2008\/11\/25\/presidenti-topi-u-takua-sot-me-kryeministrin-e-malit-te-zi-milo-gjukanovic\/\"]}]},{\"@type\":\"BreadcrumbList\",\"@id\":\"https:\/\/www.visit-ulcinj.com\/blog\/2008\/11\/25\/presidenti-topi-u-takua-sot-me-kryeministrin-e-malit-te-zi-milo-gjukanovic\/#breadcrumb\",\"itemListElement\":[{\"@type\":\"ListItem\",\"position\":1,\"name\":\"Presidenti Topi u takua sot me Kryeministrin e Malit t\u00eb Zi, Milo Gjukanovi\u00e7\"}]},{\"@type\":\"Person\",\"@id\":\"https:\/\/www.visit-ulcinj.com\/blog\/#\/schema\/person\/dcab619c614d3038751c63bc2aadc06d\",\"name\":\"ulqini\",\"sameAs\":[\"http:\/\/www.visit-ulcinj.com\"],\"url\":\"https:\/\/www.visit-ulcinj.com\/blog\/author\/admin\/\"}]}<\/script>\n<!-- \/ Yoast SEO plugin. -->","yoast_head_json":{"title":"Presidenti Topi u takua sot me Kryeministrin e Malit t\u00eb Zi, Milo Gjukanovi\u00e7 - Lajme nga Ulqini","description":"eSot, n\u00eb Pallatin e Brigadave, Presidenti i Republik\u00ebs, Prof. Dr. Bamir Topi u takua me Kryeministrin e Malit t\u00eb Zi, Milo Gjukanovi\u00e7 dhe delegacionin q\u00eb e","robots":{"index":"index","follow":"follow","max-snippet":"max-snippet:-1","max-image-preview":"max-image-preview:large","max-video-preview":"max-video-preview:-1"},"canonical":"https:\/\/www.visit-ulcinj.com\/blog\/2008\/11\/25\/presidenti-topi-u-takua-sot-me-kryeministrin-e-malit-te-zi-milo-gjukanovic\/","og_locale":"en_US","og_type":"article","og_title":"Presidenti Topi u takua sot me Kryeministrin e Malit t\u00eb Zi, Milo Gjukanovi\u00e7 - Lajme nga Ulqini","og_description":"eSot, n\u00eb Pallatin e Brigadave, Presidenti i Republik\u00ebs, Prof. Dr. Bamir Topi u takua me Kryeministrin e Malit t\u00eb Zi, Milo Gjukanovi\u00e7 dhe delegacionin q\u00eb e","og_url":"https:\/\/www.visit-ulcinj.com\/blog\/2008\/11\/25\/presidenti-topi-u-takua-sot-me-kryeministrin-e-malit-te-zi-milo-gjukanovic\/","og_site_name":"Lajme nga Ulqini","article_published_time":"2008-11-25T19:25:40+00:00","og_image":[{"url":"https:\/\/www.visit-ulcinj.com\/blog\/wp-content\/uploads\/2008\/11\/president-topi-receiving-the-prime-minister-of-montenegro-milo-dukanovic-150x150.jpg"}],"twitter_misc":{"Written by":"ulqini","Est. reading time":"3 minutes"},"schema":{"@context":"https:\/\/schema.org","@graph":[{"@type":"WebSite","@id":"https:\/\/www.visit-ulcinj.com\/blog\/#website","url":"https:\/\/www.visit-ulcinj.com\/blog\/","name":"Lajme nga Ulqini","description":"Lajme,Vijesti,Ulqini,Ulqin,Crna Gora,Mali i Zi","potentialAction":[{"@type":"SearchAction","target":{"@type":"EntryPoint","urlTemplate":"https:\/\/www.visit-ulcinj.com\/blog\/?s={search_term_string}"},"query-input":"required name=search_term_string"}],"inLanguage":"en-US"},{"@type":"ImageObject","inLanguage":"en-US","@id":"https:\/\/www.visit-ulcinj.com\/blog\/2008\/11\/25\/presidenti-topi-u-takua-sot-me-kryeministrin-e-malit-te-zi-milo-gjukanovic\/#primaryimage","url":"http:\/\/www.visit-ulcinj.com\/blog\/wp-content\/uploads\/2008\/11\/president-topi-receiving-the-prime-minister-of-montenegro-milo-dukanovic-300x219.jpg","contentUrl":"http:\/\/www.visit-ulcinj.com\/blog\/wp-content\/uploads\/2008\/11\/president-topi-receiving-the-prime-minister-of-montenegro-milo-dukanovic-300x219.jpg"},{"@type":"WebPage","@id":"https:\/\/www.visit-ulcinj.com\/blog\/2008\/11\/25\/presidenti-topi-u-takua-sot-me-kryeministrin-e-malit-te-zi-milo-gjukanovic\/#webpage","url":"https:\/\/www.visit-ulcinj.com\/blog\/2008\/11\/25\/presidenti-topi-u-takua-sot-me-kryeministrin-e-malit-te-zi-milo-gjukanovic\/","name":"Presidenti Topi u takua sot me Kryeministrin e Malit t\u00eb Zi, Milo Gjukanovi\u00e7 - Lajme nga Ulqini","isPartOf":{"@id":"https:\/\/www.visit-ulcinj.com\/blog\/#website"},"primaryImageOfPage":{"@id":"https:\/\/www.visit-ulcinj.com\/blog\/2008\/11\/25\/presidenti-topi-u-takua-sot-me-kryeministrin-e-malit-te-zi-milo-gjukanovic\/#primaryimage"},"datePublished":"2008-11-25T19:25:40+00:00","dateModified":"2008-11-25T19:25:40+00:00","author":{"@id":"https:\/\/www.visit-ulcinj.com\/blog\/#\/schema\/person\/dcab619c614d3038751c63bc2aadc06d"},"description":"eSot, n\u00eb Pallatin e Brigadave, Presidenti i Republik\u00ebs, Prof. Dr. Bamir Topi u takua me Kryeministrin e Malit t\u00eb Zi, Milo Gjukanovi\u00e7 dhe delegacionin q\u00eb e","breadcrumb":{"@id":"https:\/\/www.visit-ulcinj.com\/blog\/2008\/11\/25\/presidenti-topi-u-takua-sot-me-kryeministrin-e-malit-te-zi-milo-gjukanovic\/#breadcrumb"},"inLanguage":"en-US","potentialAction":[{"@type":"ReadAction","target":["https:\/\/www.visit-ulcinj.com\/blog\/2008\/11\/25\/presidenti-topi-u-takua-sot-me-kryeministrin-e-malit-te-zi-milo-gjukanovic\/"]}]},{"@type":"BreadcrumbList","@id":"https:\/\/www.visit-ulcinj.com\/blog\/2008\/11\/25\/presidenti-topi-u-takua-sot-me-kryeministrin-e-malit-te-zi-milo-gjukanovic\/#breadcrumb","itemListElement":[{"@type":"ListItem","position":1,"name":"Presidenti Topi u takua sot me Kryeministrin e Malit t\u00eb Zi, Milo Gjukanovi\u00e7"}]},{"@type":"Person","@id":"https:\/\/www.visit-ulcinj.com\/blog\/#\/schema\/person\/dcab619c614d3038751c63bc2aadc06d","name":"ulqini","sameAs":["http:\/\/www.visit-ulcinj.com"],"url":"https:\/\/www.visit-ulcinj.com\/blog\/author\/admin\/"}]}},"jetpack_featured_media_url":"","jetpack_sharing_enabled":true,"jetpack_shortlink":"https:\/\/wp.me\/pe6lTn-1JX","_links":{"self":[{"href":"https:\/\/www.visit-ulcinj.com\/blog\/wp-json\/wp\/v2\/posts\/6693"}],"collection":[{"href":"https:\/\/www.visit-ulcinj.com\/blog\/wp-json\/wp\/v2\/posts"}],"about":[{"href":"https:\/\/www.visit-ulcinj.com\/blog\/wp-json\/wp\/v2\/types\/post"}],"author":[{"embeddable":true,"href":"https:\/\/www.visit-ulcinj.com\/blog\/wp-json\/wp\/v2\/users\/1"}],"replies":[{"embeddable":true,"href":"https:\/\/www.visit-ulcinj.com\/blog\/wp-json\/wp\/v2\/comments?post=6693"}],"version-history":[{"count":0,"href":"https:\/\/www.visit-ulcinj.com\/blog\/wp-json\/wp\/v2\/posts\/6693\/revisions"}],"wp:attachment":[{"href":"https:\/\/www.visit-ulcinj.com\/blog\/wp-json\/wp\/v2\/media?parent=6693"}],"wp:term":[{"taxonomy":"category","embeddable":true,"href":"https:\/\/www.visit-ulcinj.com\/blog\/wp-json\/wp\/v2\/categories?post=6693"},{"taxonomy":"post_tag","embeddable":true,"href":"https:\/\/www.visit-ulcinj.com\/blog\/wp-json\/wp\/v2\/tags?post=6693"}],"curies":[{"name":"wp","href":"https:\/\/api.w.org\/{rel}","templated":true}]}}