{"id":66935,"date":"2012-12-21T18:44:14","date_gmt":"2012-12-21T17:44:14","guid":{"rendered":"http:\/\/www.visit-ulcinj.com\/blog\/?p=66935"},"modified":"2012-12-25T19:34:37","modified_gmt":"2012-12-25T18:34:37","slug":"nato-and-youth-diversity-dialogue-of-montenegro","status":"publish","type":"post","link":"https:\/\/www.visit-ulcinj.com\/blog\/2012\/12\/21\/nato-and-youth-diversity-dialogue-of-montenegro\/","title":{"rendered":"NATO and Youth Diversity Dialogue of Montenegro"},"content":{"rendered":"<p><strong>NATO and Youth Dialogue Project Closing Event <\/strong><\/p>\n<p>U.S. Ambassador to Montenegro Sue K. Brown gave remarks and presented certificates at the closing event for the \u201cNATO and Youth Diversity Dialogue\u201d project at the Info Center for Euro-Atlantic Integration in Podgorica on December 21.\u00a0 This project is supported by the U.S. Embassy and implemented by New Horizon from Ulcinj and Spona from Berane, two small NGO\u2019s focusing their activities on youth and their inclusion in the Euro-Atlantic integration process.\u00a0 Fifty seven (57) high school students of diverse ethnic and religious origin from both Ulcinj and Berane received the certificates on the successful completion of the project.<\/p>\n<p>***************************************************************************************************<\/p>\n<div id=\"id_50d4d42ee6d2f8119112191\">Ambasadorka SAD u Crnoj Gori Su K. Braun odr\u017eala je govor i predala certifikate na sve\u010danosti povodom zavr\u0161etka projekta \u201eNATO i dijalog mladih\u201c u Info centru o evroatlantskim integracijama u Podgorici 21. decembra. Ovaj projekat je podr\u017eala Ambasada SAD u Podgorici, a realizovale nevladine organizacije \u201eNovi horizonti\u201c iz Ulcinja i \u201eSpona\u201c iz Berana koje se bave mladima i njihovim uklju\u010divanjem u evro-atlanske procese. \u0160ezdesetak srednjo\u0161kolaca razli\u010ditog etni\u010dkog i vjerskog porijekla iz Ulcinja i Berana primili su certifikate povodom uspje\u0161nog zavr\u0161etka projekta.<\/div>\n<p>Source: <a href=\"http:\/\/podgorica.usembassy.gov\/nato_and_youth_dialogue.html\" target=\"_blank\"><strong>podgorica.usembassy.gov<\/strong><\/a><\/p>\n<p><strong><a href=\"https:\/\/www.facebook.com\/media\/set\/?set=a.457098117687992.107080.100001634242248&amp;type=1\" target=\"_blank\">MORE PHOTO<\/a> Horizonti Ngo<\/strong><\/p>\n<p><a href=\"http:\/\/www.visit-ulcinj.com\/blog\/wp-content\/uploads\/2012\/12\/U.S.-Ambassador-to-Montenegro-Sue-K.-Brown-and-NATO-and-Youth-Dialogue-Project.jpg\"><img loading=\"lazy\" class=\"alignleft  wp-image-66938\" alt=\"U.S. Ambassador to Montenegro Sue K. Brown and NATO and Youth Dialogue Project\" src=\"http:\/\/www.visit-ulcinj.com\/blog\/wp-content\/uploads\/2012\/12\/U.S.-Ambassador-to-Montenegro-Sue-K.-Brown-and-NATO-and-Youth-Dialogue-Project.jpg\" width=\"508\" height=\"300\" \/><\/a><br \/>\n<a href=\"http:\/\/www.visit-ulcinj.com\/blog\/wp-content\/uploads\/2012\/12\/U.S.-Ambassador-to-Montenegro-Sue-K.-Brown-and-NATO-and-Youth-Dialogue-Project.2.jpg\"><img loading=\"lazy\" class=\"alignleft size-full wp-image-66939\" alt=\"U.S. Ambassador to Montenegro Sue K. Brown and NATO and Youth Dialogue Project.2\" src=\"http:\/\/www.visit-ulcinj.com\/blog\/wp-content\/uploads\/2012\/12\/U.S.-Ambassador-to-Montenegro-Sue-K.-Brown-and-NATO-and-Youth-Dialogue-Project.2.jpg\" width=\"508\" height=\"300\" \/><\/a><br \/>\n<a href=\"http:\/\/www.visit-ulcinj.com\/blog\/wp-content\/uploads\/2012\/12\/U.S.-Ambassador-to-Montenegro-Sue-K.-Brown-and-NATO-and-Youth-Dialogue-Project.4.jpg\"><img loading=\"lazy\" class=\"alignleft  wp-image-66937\" alt=\"U.S. Ambassador to Montenegro Sue K. Brown and NATO and Youth Dialogue Project.4\" src=\"http:\/\/www.visit-ulcinj.com\/blog\/wp-content\/uploads\/2012\/12\/U.S.-Ambassador-to-Montenegro-Sue-K.-Brown-and-NATO-and-Youth-Dialogue-Project.4.jpg\" width=\"508\" height=\"300\" \/><\/a><\/p>\n","protected":false},"excerpt":{"rendered":"<p>NATO and Youth Dialogue Project Closing Event U.S. Ambassador to Montenegro Sue K. Brown gave remarks and presented certificates at the closing event for the \u201cNATO and Youth Diversity Dialogue\u201d project at the Info Center for Euro-Atlantic Integration in Podgorica on December 21.\u00a0 This project is supported by the U.S. Embassy and implemented by New [&hellip;]<\/p>\n","protected":false},"author":1,"featured_media":0,"comment_status":"open","ping_status":"closed","sticky":false,"template":"","format":"standard","meta":{"spay_email":"","jetpack_publicize_message":"","jetpack_is_tweetstorm":false,"jetpack_publicize_feature_enabled":true},"categories":[14],"tags":[21644,3382,79,19032,19037,19],"jetpack_publicize_connections":[],"yoast_head":"<!-- This site is optimized with the Yoast SEO plugin v19.1 - https:\/\/yoast.com\/wordpress\/plugins\/seo\/ -->\n<title>NATO and Youth Diversity Dialogue of Montenegro - Lajme nga Ulqini<\/title>\n<meta name=\"description\" content=\"NATO and Youth Dialogue Project Closing Event U.S. Ambassador to Montenegro Sue K. Brown gave remarks and presented certificates at the closing event for\" \/>\n<meta name=\"robots\" content=\"index, follow, max-snippet:-1, max-image-preview:large, max-video-preview:-1\" \/>\n<link rel=\"canonical\" href=\"https:\/\/www.visit-ulcinj.com\/blog\/2012\/12\/21\/nato-and-youth-diversity-dialogue-of-montenegro\/\" \/>\n<meta property=\"og:locale\" content=\"en_US\" \/>\n<meta property=\"og:type\" content=\"article\" \/>\n<meta property=\"og:title\" content=\"NATO and Youth Diversity Dialogue of Montenegro - Lajme nga Ulqini\" \/>\n<meta property=\"og:description\" content=\"NATO and Youth Dialogue Project Closing Event U.S. Ambassador to Montenegro Sue K. Brown gave remarks and presented certificates at the closing event for\" \/>\n<meta property=\"og:url\" content=\"https:\/\/www.visit-ulcinj.com\/blog\/2012\/12\/21\/nato-and-youth-diversity-dialogue-of-montenegro\/\" \/>\n<meta property=\"og:site_name\" content=\"Lajme nga Ulqini\" \/>\n<meta property=\"article:published_time\" content=\"2012-12-21T17:44:14+00:00\" \/>\n<meta property=\"article:modified_time\" content=\"2012-12-25T18:34:37+00:00\" \/>\n<meta property=\"og:image\" content=\"http:\/\/www.visit-ulcinj.com\/blog\/wp-content\/uploads\/2012\/12\/U.S.-Ambassador-to-Montenegro-Sue-K.-Brown-and-NATO-and-Youth-Dialogue-Project.jpg\" \/>\n<meta name=\"twitter:label1\" content=\"Written by\" \/>\n\t<meta name=\"twitter:data1\" content=\"ulqini\" \/>\n\t<meta name=\"twitter:label2\" content=\"Est. reading time\" \/>\n\t<meta name=\"twitter:data2\" content=\"1 minute\" \/>\n<script type=\"application\/ld+json\" class=\"yoast-schema-graph\">{\"@context\":\"https:\/\/schema.org\",\"@graph\":[{\"@type\":\"WebSite\",\"@id\":\"https:\/\/www.visit-ulcinj.com\/blog\/#website\",\"url\":\"https:\/\/www.visit-ulcinj.com\/blog\/\",\"name\":\"Lajme nga Ulqini\",\"description\":\"Lajme,Vijesti,Ulqini,Ulqin,Crna Gora,Mali i Zi\",\"potentialAction\":[{\"@type\":\"SearchAction\",\"target\":{\"@type\":\"EntryPoint\",\"urlTemplate\":\"https:\/\/www.visit-ulcinj.com\/blog\/?s={search_term_string}\"},\"query-input\":\"required name=search_term_string\"}],\"inLanguage\":\"en-US\"},{\"@type\":\"ImageObject\",\"inLanguage\":\"en-US\",\"@id\":\"https:\/\/www.visit-ulcinj.com\/blog\/2012\/12\/21\/nato-and-youth-diversity-dialogue-of-montenegro\/#primaryimage\",\"url\":\"https:\/\/www.visit-ulcinj.com\/blog\/wp-content\/uploads\/2012\/12\/U.S.-Ambassador-to-Montenegro-Sue-K.-Brown-and-NATO-and-Youth-Dialogue-Project.jpg\",\"contentUrl\":\"https:\/\/www.visit-ulcinj.com\/blog\/wp-content\/uploads\/2012\/12\/U.S.-Ambassador-to-Montenegro-Sue-K.-Brown-and-NATO-and-Youth-Dialogue-Project.jpg\",\"width\":768,\"height\":494},{\"@type\":\"WebPage\",\"@id\":\"https:\/\/www.visit-ulcinj.com\/blog\/2012\/12\/21\/nato-and-youth-diversity-dialogue-of-montenegro\/#webpage\",\"url\":\"https:\/\/www.visit-ulcinj.com\/blog\/2012\/12\/21\/nato-and-youth-diversity-dialogue-of-montenegro\/\",\"name\":\"NATO and Youth Diversity Dialogue of Montenegro - Lajme nga Ulqini\",\"isPartOf\":{\"@id\":\"https:\/\/www.visit-ulcinj.com\/blog\/#website\"},\"primaryImageOfPage\":{\"@id\":\"https:\/\/www.visit-ulcinj.com\/blog\/2012\/12\/21\/nato-and-youth-diversity-dialogue-of-montenegro\/#primaryimage\"},\"datePublished\":\"2012-12-21T17:44:14+00:00\",\"dateModified\":\"2012-12-25T18:34:37+00:00\",\"author\":{\"@id\":\"https:\/\/www.visit-ulcinj.com\/blog\/#\/schema\/person\/dcab619c614d3038751c63bc2aadc06d\"},\"description\":\"NATO and Youth Dialogue Project Closing Event U.S. Ambassador to Montenegro Sue K. Brown gave remarks and presented certificates at the closing event for\",\"breadcrumb\":{\"@id\":\"https:\/\/www.visit-ulcinj.com\/blog\/2012\/12\/21\/nato-and-youth-diversity-dialogue-of-montenegro\/#breadcrumb\"},\"inLanguage\":\"en-US\",\"potentialAction\":[{\"@type\":\"ReadAction\",\"target\":[\"https:\/\/www.visit-ulcinj.com\/blog\/2012\/12\/21\/nato-and-youth-diversity-dialogue-of-montenegro\/\"]}]},{\"@type\":\"BreadcrumbList\",\"@id\":\"https:\/\/www.visit-ulcinj.com\/blog\/2012\/12\/21\/nato-and-youth-diversity-dialogue-of-montenegro\/#breadcrumb\",\"itemListElement\":[{\"@type\":\"ListItem\",\"position\":1,\"name\":\"NATO and Youth Diversity Dialogue of Montenegro\"}]},{\"@type\":\"Person\",\"@id\":\"https:\/\/www.visit-ulcinj.com\/blog\/#\/schema\/person\/dcab619c614d3038751c63bc2aadc06d\",\"name\":\"ulqini\",\"sameAs\":[\"http:\/\/www.visit-ulcinj.com\"],\"url\":\"https:\/\/www.visit-ulcinj.com\/blog\/author\/admin\/\"}]}<\/script>\n<!-- \/ Yoast SEO plugin. -->","yoast_head_json":{"title":"NATO and Youth Diversity Dialogue of Montenegro - Lajme nga Ulqini","description":"NATO and Youth Dialogue Project Closing Event U.S. Ambassador to Montenegro Sue K. Brown gave remarks and presented certificates at the closing event for","robots":{"index":"index","follow":"follow","max-snippet":"max-snippet:-1","max-image-preview":"max-image-preview:large","max-video-preview":"max-video-preview:-1"},"canonical":"https:\/\/www.visit-ulcinj.com\/blog\/2012\/12\/21\/nato-and-youth-diversity-dialogue-of-montenegro\/","og_locale":"en_US","og_type":"article","og_title":"NATO and Youth Diversity Dialogue of Montenegro - Lajme nga Ulqini","og_description":"NATO and Youth Dialogue Project Closing Event U.S. Ambassador to Montenegro Sue K. Brown gave remarks and presented certificates at the closing event for","og_url":"https:\/\/www.visit-ulcinj.com\/blog\/2012\/12\/21\/nato-and-youth-diversity-dialogue-of-montenegro\/","og_site_name":"Lajme nga Ulqini","article_published_time":"2012-12-21T17:44:14+00:00","article_modified_time":"2012-12-25T18:34:37+00:00","og_image":[{"url":"http:\/\/www.visit-ulcinj.com\/blog\/wp-content\/uploads\/2012\/12\/U.S.-Ambassador-to-Montenegro-Sue-K.-Brown-and-NATO-and-Youth-Dialogue-Project.jpg"}],"twitter_misc":{"Written by":"ulqini","Est. reading time":"1 minute"},"schema":{"@context":"https:\/\/schema.org","@graph":[{"@type":"WebSite","@id":"https:\/\/www.visit-ulcinj.com\/blog\/#website","url":"https:\/\/www.visit-ulcinj.com\/blog\/","name":"Lajme nga Ulqini","description":"Lajme,Vijesti,Ulqini,Ulqin,Crna Gora,Mali i Zi","potentialAction":[{"@type":"SearchAction","target":{"@type":"EntryPoint","urlTemplate":"https:\/\/www.visit-ulcinj.com\/blog\/?s={search_term_string}"},"query-input":"required name=search_term_string"}],"inLanguage":"en-US"},{"@type":"ImageObject","inLanguage":"en-US","@id":"https:\/\/www.visit-ulcinj.com\/blog\/2012\/12\/21\/nato-and-youth-diversity-dialogue-of-montenegro\/#primaryimage","url":"https:\/\/www.visit-ulcinj.com\/blog\/wp-content\/uploads\/2012\/12\/U.S.-Ambassador-to-Montenegro-Sue-K.-Brown-and-NATO-and-Youth-Dialogue-Project.jpg","contentUrl":"https:\/\/www.visit-ulcinj.com\/blog\/wp-content\/uploads\/2012\/12\/U.S.-Ambassador-to-Montenegro-Sue-K.-Brown-and-NATO-and-Youth-Dialogue-Project.jpg","width":768,"height":494},{"@type":"WebPage","@id":"https:\/\/www.visit-ulcinj.com\/blog\/2012\/12\/21\/nato-and-youth-diversity-dialogue-of-montenegro\/#webpage","url":"https:\/\/www.visit-ulcinj.com\/blog\/2012\/12\/21\/nato-and-youth-diversity-dialogue-of-montenegro\/","name":"NATO and Youth Diversity Dialogue of Montenegro - Lajme nga Ulqini","isPartOf":{"@id":"https:\/\/www.visit-ulcinj.com\/blog\/#website"},"primaryImageOfPage":{"@id":"https:\/\/www.visit-ulcinj.com\/blog\/2012\/12\/21\/nato-and-youth-diversity-dialogue-of-montenegro\/#primaryimage"},"datePublished":"2012-12-21T17:44:14+00:00","dateModified":"2012-12-25T18:34:37+00:00","author":{"@id":"https:\/\/www.visit-ulcinj.com\/blog\/#\/schema\/person\/dcab619c614d3038751c63bc2aadc06d"},"description":"NATO and Youth Dialogue Project Closing Event U.S. Ambassador to Montenegro Sue K. Brown gave remarks and presented certificates at the closing event for","breadcrumb":{"@id":"https:\/\/www.visit-ulcinj.com\/blog\/2012\/12\/21\/nato-and-youth-diversity-dialogue-of-montenegro\/#breadcrumb"},"inLanguage":"en-US","potentialAction":[{"@type":"ReadAction","target":["https:\/\/www.visit-ulcinj.com\/blog\/2012\/12\/21\/nato-and-youth-diversity-dialogue-of-montenegro\/"]}]},{"@type":"BreadcrumbList","@id":"https:\/\/www.visit-ulcinj.com\/blog\/2012\/12\/21\/nato-and-youth-diversity-dialogue-of-montenegro\/#breadcrumb","itemListElement":[{"@type":"ListItem","position":1,"name":"NATO and Youth Diversity Dialogue of Montenegro"}]},{"@type":"Person","@id":"https:\/\/www.visit-ulcinj.com\/blog\/#\/schema\/person\/dcab619c614d3038751c63bc2aadc06d","name":"ulqini","sameAs":["http:\/\/www.visit-ulcinj.com"],"url":"https:\/\/www.visit-ulcinj.com\/blog\/author\/admin\/"}]}},"jetpack_featured_media_url":"","jetpack_sharing_enabled":true,"jetpack_shortlink":"https:\/\/wp.me\/pe6lTn-hpB","_links":{"self":[{"href":"https:\/\/www.visit-ulcinj.com\/blog\/wp-json\/wp\/v2\/posts\/66935"}],"collection":[{"href":"https:\/\/www.visit-ulcinj.com\/blog\/wp-json\/wp\/v2\/posts"}],"about":[{"href":"https:\/\/www.visit-ulcinj.com\/blog\/wp-json\/wp\/v2\/types\/post"}],"author":[{"embeddable":true,"href":"https:\/\/www.visit-ulcinj.com\/blog\/wp-json\/wp\/v2\/users\/1"}],"replies":[{"embeddable":true,"href":"https:\/\/www.visit-ulcinj.com\/blog\/wp-json\/wp\/v2\/comments?post=66935"}],"version-history":[{"count":8,"href":"https:\/\/www.visit-ulcinj.com\/blog\/wp-json\/wp\/v2\/posts\/66935\/revisions"}],"predecessor-version":[{"id":67141,"href":"https:\/\/www.visit-ulcinj.com\/blog\/wp-json\/wp\/v2\/posts\/66935\/revisions\/67141"}],"wp:attachment":[{"href":"https:\/\/www.visit-ulcinj.com\/blog\/wp-json\/wp\/v2\/media?parent=66935"}],"wp:term":[{"taxonomy":"category","embeddable":true,"href":"https:\/\/www.visit-ulcinj.com\/blog\/wp-json\/wp\/v2\/categories?post=66935"},{"taxonomy":"post_tag","embeddable":true,"href":"https:\/\/www.visit-ulcinj.com\/blog\/wp-json\/wp\/v2\/tags?post=66935"}],"curies":[{"name":"wp","href":"https:\/\/api.w.org\/{rel}","templated":true}]}}