{"id":66944,"date":"2012-12-21T20:58:50","date_gmt":"2012-12-21T19:58:50","guid":{"rendered":"http:\/\/www.visit-ulcinj.com\/blog\/?p=66944"},"modified":"2012-12-23T08:06:51","modified_gmt":"2012-12-23T07:06:51","slug":"kerkoj-perkthyes-shqip-gjermanisht","status":"publish","type":"post","link":"https:\/\/www.visit-ulcinj.com\/blog\/2012\/12\/21\/kerkoj-perkthyes-shqip-gjermanisht\/","title":{"rendered":"Kerkoj Perkthyes Shqip \u2013 Gjermanisht"},"content":{"rendered":"<p><a href=\"http:\/\/www.visit-ulcinj.com\/blog\/wp-content\/uploads\/2012\/12\/oferta_speciale.gif\"><img loading=\"lazy\" class=\"alignleft size-full wp-image-66948\" alt=\"oferta_speciale\" src=\"http:\/\/www.visit-ulcinj.com\/blog\/wp-content\/uploads\/2012\/12\/oferta_speciale.gif\" width=\"341\" height=\"192\" \/><\/a>Kerkoj Perkthyes Shqip &#8211; Gjermanisht dhe mundemi me pagu deri <strong>\u00c7mimi:<\/strong> 0.01\u20ac ct ne euro fjala. Nese jeni te interesuar te bashkepunoni vite me radh\u00eb me ne na kontaktoni.<\/p>\n<p>Nj\u00eb shembull: T\u00eb p\u00ebrkthesh 5 faqe n\u00eb dit\u00eb nga 300 fjal\u00eb,rroga mujore do ju dale 450\u20ac deri 500\u20ac n\u00eb muaj. Puna si perkthyes do jete afatgjate.<\/p>\n<p>Perkthyesit aktualishte na duhen nga gjuha Shqipe &#8211; Gjermanisht per momentin ,por ne te ardhmen mund te me duhen edhe nga gjuhet tjera,kush eshte i interesuar edhe per gjuhe tjera mund te me kontaktoj ne email dhe ne momentin e par qe me duhet ndoj perkthyes per gjuhe tjeter do i kontaktojm personat qe do na shkruajn.<\/p>\n<p>Kerkoj Perkthyes:<\/p>\n<p>Perkthyesit nga gjuha shqipe, serbishtja, kroatishtja ne gjuhen Gjermane<\/p>\n<p>Perkthyesit nga gjuha shqipe, serbishtja, kroatishtja ne gjuhen Hungareze<\/p>\n<p>Perkthyesit nga gjuha shqipe, serbishtja, kroatishtja ne gjuhen Poloneze<\/p>\n<p>Perkthyesit nga gjuha shqipe, serbishtja, kroatishtja ne gjuhen Ruse<\/p>\n<p>Perkthyesit nga gjuha shqipe, serbishtja, kroatishtja ne gjuhen \u00c7eke<\/p>\n<p>Perkthyesit nga gjuha shqipe n\u00eb gjuhen serbokroate<\/p>\n<p>Pagesa behet me paypal,dhe ata qe jetojn ne Kosov\u00eb \u2013 Shqiperi \u2013 Maqedoni \u2013 Mali i Zi \u2013 Lugina e \u00a0Preshev\u00ebs mund te miremi vesh qe ta beje pagesen kesh apo edhe me ndonje menyr tjeter,per ata qe jan jashte k\u00ebtyre shteteve mund ta beje pagesen edhe permes bankes por ndalesat qe i bene banka i paguan vete.<\/p>\n<p><strong>Kontakt email: <a title=\"Kerkoj Perkthyes Shqip \u2013 Gjermanisht\" href=\"mailto: lajmengaulqini@gmail.com\" target=\"_blank\">lajmengaulqini@gmail.com<\/a><\/strong><\/p>\n","protected":false},"excerpt":{"rendered":"<p>Kerkoj Perkthyes Shqip &#8211; Gjermanisht dhe mundemi me pagu deri \u00c7mimi: 0.01\u20ac ct ne euro fjala. Nese jeni te interesuar te bashkepunoni vite me radh\u00eb me ne na kontaktoni. Nj\u00eb shembull: T\u00eb p\u00ebrkthesh 5 faqe n\u00eb dit\u00eb nga 300 fjal\u00eb,rroga mujore do ju dale 450\u20ac deri 500\u20ac n\u00eb muaj. Puna si perkthyes do jete afatgjate. [&hellip;]<\/p>\n","protected":false},"author":1,"featured_media":0,"comment_status":"open","ping_status":"closed","sticky":false,"template":"","format":"standard","meta":{"spay_email":"","jetpack_publicize_message":"","jetpack_is_tweetstorm":false,"jetpack_publicize_feature_enabled":true},"categories":[6950],"tags":[21290,21645],"jetpack_publicize_connections":[],"yoast_head":"<!-- This site is optimized with the Yoast SEO plugin v19.1 - https:\/\/yoast.com\/wordpress\/plugins\/seo\/ -->\n<title>Kerkoj Perkthyes Shqip \u2013 Gjermanisht - Lajme nga Ulqini<\/title>\n<meta name=\"description\" content=\"Kerkoj Perkthyes Shqip - Gjermanisht dhe mundemi me pagu deri \u00c7mimi: 0.01\u20ac ct ne euro fjala. Nese jeni te interesuar te bashkepunoni vite me radh\u00eb me ne\" \/>\n<meta name=\"robots\" content=\"index, follow, max-snippet:-1, max-image-preview:large, max-video-preview:-1\" \/>\n<link rel=\"canonical\" href=\"https:\/\/www.visit-ulcinj.com\/blog\/2012\/12\/21\/kerkoj-perkthyes-shqip-gjermanisht\/\" \/>\n<meta property=\"og:locale\" content=\"en_US\" \/>\n<meta property=\"og:type\" content=\"article\" \/>\n<meta property=\"og:title\" content=\"Kerkoj Perkthyes Shqip \u2013 Gjermanisht - Lajme nga Ulqini\" \/>\n<meta property=\"og:description\" content=\"Kerkoj Perkthyes Shqip - Gjermanisht dhe mundemi me pagu deri \u00c7mimi: 0.01\u20ac ct ne euro fjala. Nese jeni te interesuar te bashkepunoni vite me radh\u00eb me ne\" \/>\n<meta property=\"og:url\" content=\"https:\/\/www.visit-ulcinj.com\/blog\/2012\/12\/21\/kerkoj-perkthyes-shqip-gjermanisht\/\" \/>\n<meta property=\"og:site_name\" content=\"Lajme nga Ulqini\" \/>\n<meta property=\"article:published_time\" content=\"2012-12-21T19:58:50+00:00\" \/>\n<meta property=\"article:modified_time\" content=\"2012-12-23T07:06:51+00:00\" \/>\n<meta property=\"og:image\" content=\"http:\/\/www.visit-ulcinj.com\/blog\/wp-content\/uploads\/2012\/12\/oferta_speciale.gif\" \/>\n<meta name=\"twitter:label1\" content=\"Written by\" \/>\n\t<meta name=\"twitter:data1\" content=\"ulqini\" \/>\n\t<meta name=\"twitter:label2\" content=\"Est. reading time\" \/>\n\t<meta name=\"twitter:data2\" content=\"1 minute\" \/>\n<script type=\"application\/ld+json\" class=\"yoast-schema-graph\">{\"@context\":\"https:\/\/schema.org\",\"@graph\":[{\"@type\":\"WebSite\",\"@id\":\"https:\/\/www.visit-ulcinj.com\/blog\/#website\",\"url\":\"https:\/\/www.visit-ulcinj.com\/blog\/\",\"name\":\"Lajme nga Ulqini\",\"description\":\"Lajme,Vijesti,Ulqini,Ulqin,Crna Gora,Mali i Zi\",\"potentialAction\":[{\"@type\":\"SearchAction\",\"target\":{\"@type\":\"EntryPoint\",\"urlTemplate\":\"https:\/\/www.visit-ulcinj.com\/blog\/?s={search_term_string}\"},\"query-input\":\"required name=search_term_string\"}],\"inLanguage\":\"en-US\"},{\"@type\":\"ImageObject\",\"inLanguage\":\"en-US\",\"@id\":\"https:\/\/www.visit-ulcinj.com\/blog\/2012\/12\/21\/kerkoj-perkthyes-shqip-gjermanisht\/#primaryimage\",\"url\":\"https:\/\/www.visit-ulcinj.com\/blog\/wp-content\/uploads\/2012\/12\/oferta_speciale.gif\",\"contentUrl\":\"https:\/\/www.visit-ulcinj.com\/blog\/wp-content\/uploads\/2012\/12\/oferta_speciale.gif\",\"width\":341,\"height\":192},{\"@type\":\"WebPage\",\"@id\":\"https:\/\/www.visit-ulcinj.com\/blog\/2012\/12\/21\/kerkoj-perkthyes-shqip-gjermanisht\/#webpage\",\"url\":\"https:\/\/www.visit-ulcinj.com\/blog\/2012\/12\/21\/kerkoj-perkthyes-shqip-gjermanisht\/\",\"name\":\"Kerkoj Perkthyes Shqip \u2013 Gjermanisht - Lajme nga Ulqini\",\"isPartOf\":{\"@id\":\"https:\/\/www.visit-ulcinj.com\/blog\/#website\"},\"primaryImageOfPage\":{\"@id\":\"https:\/\/www.visit-ulcinj.com\/blog\/2012\/12\/21\/kerkoj-perkthyes-shqip-gjermanisht\/#primaryimage\"},\"datePublished\":\"2012-12-21T19:58:50+00:00\",\"dateModified\":\"2012-12-23T07:06:51+00:00\",\"author\":{\"@id\":\"https:\/\/www.visit-ulcinj.com\/blog\/#\/schema\/person\/dcab619c614d3038751c63bc2aadc06d\"},\"description\":\"Kerkoj Perkthyes Shqip - Gjermanisht dhe mundemi me pagu deri \u00c7mimi: 0.01\u20ac ct ne euro fjala. Nese jeni te interesuar te bashkepunoni vite me radh\u00eb me ne\",\"breadcrumb\":{\"@id\":\"https:\/\/www.visit-ulcinj.com\/blog\/2012\/12\/21\/kerkoj-perkthyes-shqip-gjermanisht\/#breadcrumb\"},\"inLanguage\":\"en-US\",\"potentialAction\":[{\"@type\":\"ReadAction\",\"target\":[\"https:\/\/www.visit-ulcinj.com\/blog\/2012\/12\/21\/kerkoj-perkthyes-shqip-gjermanisht\/\"]}]},{\"@type\":\"BreadcrumbList\",\"@id\":\"https:\/\/www.visit-ulcinj.com\/blog\/2012\/12\/21\/kerkoj-perkthyes-shqip-gjermanisht\/#breadcrumb\",\"itemListElement\":[{\"@type\":\"ListItem\",\"position\":1,\"name\":\"Kerkoj Perkthyes Shqip \u2013 Gjermanisht\"}]},{\"@type\":\"Person\",\"@id\":\"https:\/\/www.visit-ulcinj.com\/blog\/#\/schema\/person\/dcab619c614d3038751c63bc2aadc06d\",\"name\":\"ulqini\",\"sameAs\":[\"http:\/\/www.visit-ulcinj.com\"],\"url\":\"https:\/\/www.visit-ulcinj.com\/blog\/author\/admin\/\"}]}<\/script>\n<!-- \/ Yoast SEO plugin. -->","yoast_head_json":{"title":"Kerkoj Perkthyes Shqip \u2013 Gjermanisht - Lajme nga Ulqini","description":"Kerkoj Perkthyes Shqip - Gjermanisht dhe mundemi me pagu deri \u00c7mimi: 0.01\u20ac ct ne euro fjala. Nese jeni te interesuar te bashkepunoni vite me radh\u00eb me ne","robots":{"index":"index","follow":"follow","max-snippet":"max-snippet:-1","max-image-preview":"max-image-preview:large","max-video-preview":"max-video-preview:-1"},"canonical":"https:\/\/www.visit-ulcinj.com\/blog\/2012\/12\/21\/kerkoj-perkthyes-shqip-gjermanisht\/","og_locale":"en_US","og_type":"article","og_title":"Kerkoj Perkthyes Shqip \u2013 Gjermanisht - Lajme nga Ulqini","og_description":"Kerkoj Perkthyes Shqip - Gjermanisht dhe mundemi me pagu deri \u00c7mimi: 0.01\u20ac ct ne euro fjala. Nese jeni te interesuar te bashkepunoni vite me radh\u00eb me ne","og_url":"https:\/\/www.visit-ulcinj.com\/blog\/2012\/12\/21\/kerkoj-perkthyes-shqip-gjermanisht\/","og_site_name":"Lajme nga Ulqini","article_published_time":"2012-12-21T19:58:50+00:00","article_modified_time":"2012-12-23T07:06:51+00:00","og_image":[{"url":"http:\/\/www.visit-ulcinj.com\/blog\/wp-content\/uploads\/2012\/12\/oferta_speciale.gif"}],"twitter_misc":{"Written by":"ulqini","Est. reading time":"1 minute"},"schema":{"@context":"https:\/\/schema.org","@graph":[{"@type":"WebSite","@id":"https:\/\/www.visit-ulcinj.com\/blog\/#website","url":"https:\/\/www.visit-ulcinj.com\/blog\/","name":"Lajme nga Ulqini","description":"Lajme,Vijesti,Ulqini,Ulqin,Crna Gora,Mali i Zi","potentialAction":[{"@type":"SearchAction","target":{"@type":"EntryPoint","urlTemplate":"https:\/\/www.visit-ulcinj.com\/blog\/?s={search_term_string}"},"query-input":"required name=search_term_string"}],"inLanguage":"en-US"},{"@type":"ImageObject","inLanguage":"en-US","@id":"https:\/\/www.visit-ulcinj.com\/blog\/2012\/12\/21\/kerkoj-perkthyes-shqip-gjermanisht\/#primaryimage","url":"https:\/\/www.visit-ulcinj.com\/blog\/wp-content\/uploads\/2012\/12\/oferta_speciale.gif","contentUrl":"https:\/\/www.visit-ulcinj.com\/blog\/wp-content\/uploads\/2012\/12\/oferta_speciale.gif","width":341,"height":192},{"@type":"WebPage","@id":"https:\/\/www.visit-ulcinj.com\/blog\/2012\/12\/21\/kerkoj-perkthyes-shqip-gjermanisht\/#webpage","url":"https:\/\/www.visit-ulcinj.com\/blog\/2012\/12\/21\/kerkoj-perkthyes-shqip-gjermanisht\/","name":"Kerkoj Perkthyes Shqip \u2013 Gjermanisht - Lajme nga Ulqini","isPartOf":{"@id":"https:\/\/www.visit-ulcinj.com\/blog\/#website"},"primaryImageOfPage":{"@id":"https:\/\/www.visit-ulcinj.com\/blog\/2012\/12\/21\/kerkoj-perkthyes-shqip-gjermanisht\/#primaryimage"},"datePublished":"2012-12-21T19:58:50+00:00","dateModified":"2012-12-23T07:06:51+00:00","author":{"@id":"https:\/\/www.visit-ulcinj.com\/blog\/#\/schema\/person\/dcab619c614d3038751c63bc2aadc06d"},"description":"Kerkoj Perkthyes Shqip - Gjermanisht dhe mundemi me pagu deri \u00c7mimi: 0.01\u20ac ct ne euro fjala. Nese jeni te interesuar te bashkepunoni vite me radh\u00eb me ne","breadcrumb":{"@id":"https:\/\/www.visit-ulcinj.com\/blog\/2012\/12\/21\/kerkoj-perkthyes-shqip-gjermanisht\/#breadcrumb"},"inLanguage":"en-US","potentialAction":[{"@type":"ReadAction","target":["https:\/\/www.visit-ulcinj.com\/blog\/2012\/12\/21\/kerkoj-perkthyes-shqip-gjermanisht\/"]}]},{"@type":"BreadcrumbList","@id":"https:\/\/www.visit-ulcinj.com\/blog\/2012\/12\/21\/kerkoj-perkthyes-shqip-gjermanisht\/#breadcrumb","itemListElement":[{"@type":"ListItem","position":1,"name":"Kerkoj Perkthyes Shqip \u2013 Gjermanisht"}]},{"@type":"Person","@id":"https:\/\/www.visit-ulcinj.com\/blog\/#\/schema\/person\/dcab619c614d3038751c63bc2aadc06d","name":"ulqini","sameAs":["http:\/\/www.visit-ulcinj.com"],"url":"https:\/\/www.visit-ulcinj.com\/blog\/author\/admin\/"}]}},"jetpack_featured_media_url":"","jetpack_sharing_enabled":true,"jetpack_shortlink":"https:\/\/wp.me\/pe6lTn-hpK","_links":{"self":[{"href":"https:\/\/www.visit-ulcinj.com\/blog\/wp-json\/wp\/v2\/posts\/66944"}],"collection":[{"href":"https:\/\/www.visit-ulcinj.com\/blog\/wp-json\/wp\/v2\/posts"}],"about":[{"href":"https:\/\/www.visit-ulcinj.com\/blog\/wp-json\/wp\/v2\/types\/post"}],"author":[{"embeddable":true,"href":"https:\/\/www.visit-ulcinj.com\/blog\/wp-json\/wp\/v2\/users\/1"}],"replies":[{"embeddable":true,"href":"https:\/\/www.visit-ulcinj.com\/blog\/wp-json\/wp\/v2\/comments?post=66944"}],"version-history":[{"count":5,"href":"https:\/\/www.visit-ulcinj.com\/blog\/wp-json\/wp\/v2\/posts\/66944\/revisions"}],"predecessor-version":[{"id":66947,"href":"https:\/\/www.visit-ulcinj.com\/blog\/wp-json\/wp\/v2\/posts\/66944\/revisions\/66947"}],"wp:attachment":[{"href":"https:\/\/www.visit-ulcinj.com\/blog\/wp-json\/wp\/v2\/media?parent=66944"}],"wp:term":[{"taxonomy":"category","embeddable":true,"href":"https:\/\/www.visit-ulcinj.com\/blog\/wp-json\/wp\/v2\/categories?post=66944"},{"taxonomy":"post_tag","embeddable":true,"href":"https:\/\/www.visit-ulcinj.com\/blog\/wp-json\/wp\/v2\/tags?post=66944"}],"curies":[{"name":"wp","href":"https:\/\/api.w.org\/{rel}","templated":true}]}}