{"id":66955,"date":"2012-12-21T21:46:39","date_gmt":"2012-12-21T20:46:39","guid":{"rendered":"http:\/\/www.visit-ulcinj.com\/blog\/?p=66955"},"modified":"2012-12-21T21:57:12","modified_gmt":"2012-12-21T20:57:12","slug":"gjyste-vulaj-fluturon-ne-shba-per-te-lindur-djalin-e-saj","status":"publish","type":"post","link":"https:\/\/www.visit-ulcinj.com\/blog\/2012\/12\/21\/gjyste-vulaj-fluturon-ne-shba-per-te-lindur-djalin-e-saj\/","title":{"rendered":"Gjyste Vulaj, fluturon n\u00eb SHBA p\u00ebr t\u00eb lindur djalin e saj"},"content":{"rendered":"<p><a href=\"http:\/\/www.visit-ulcinj.com\/blog\/wp-content\/uploads\/2012\/12\/Gjyste-Vulaj-shtatzene.jpg\"><img loading=\"lazy\" class=\"alignleft  wp-image-66956\" alt=\"Gjyste Vulaj shtatzene\" src=\"http:\/\/www.visit-ulcinj.com\/blog\/wp-content\/uploads\/2012\/12\/Gjyste-Vulaj-shtatzene.jpg\" width=\"508\" height=\"600\" \/><\/a>F\u00ebmij\u00ebn e saj t\u00eb dyt\u00eb i cili do t\u00eb jet\u00eb nj\u00eb djal\u00eb, Gjyste Vulaj k\u00ebng\u00ebtarja prej Ulqini ka vendosur ta lind\u00eb n\u00eb Amerik\u00eb.\u00a0Edhe pse i kan\u00eb mbetur dhe 2 muaj e pak, me lejen e mjekut do t\u00eb udh\u00ebtoj\u00ebp\u00ebr t\u00eb mb\u00ebrritur n\u00eb Amerik\u00eb, ku do ta sjell\u00eb n\u00eb jet\u00eb djalin e saj.<\/p>\n<p>Nd\u00ebrsa p\u00ebr emrin ka th\u00ebn\u00eb se e ka menduar, por nuk ka vendosur ende, dhe me siguri do t\u00eb jet\u00eb nj\u00eb em\u00ebr i bukur shqiptar.<\/p>\n<p>INFOKOSOVA.NET<br \/>\n<iframe loading=\"lazy\" src=\"http:\/\/www.youtube.com\/embed\/HN4eDxwlz1M\" height=\"360\" width=\"508\" allowfullscreen=\"\" frameborder=\"0\"><\/iframe><\/p>\n","protected":false},"excerpt":{"rendered":"<p>F\u00ebmij\u00ebn e saj t\u00eb dyt\u00eb i cili do t\u00eb jet\u00eb nj\u00eb djal\u00eb, Gjyste Vulaj k\u00ebng\u00ebtarja prej Ulqini ka vendosur ta lind\u00eb n\u00eb Amerik\u00eb.\u00a0Edhe pse i kan\u00eb mbetur dhe 2 muaj e pak, me lejen e mjekut do t\u00eb udh\u00ebtoj\u00ebp\u00ebr t\u00eb mb\u00ebrritur n\u00eb Amerik\u00eb, ku do ta sjell\u00eb n\u00eb jet\u00eb djalin e saj. Nd\u00ebrsa p\u00ebr emrin [&hellip;]<\/p>\n","protected":false},"author":1,"featured_media":0,"comment_status":"open","ping_status":"closed","sticky":false,"template":"","format":"standard","meta":{"spay_email":"","jetpack_publicize_message":"","jetpack_is_tweetstorm":false,"jetpack_publicize_feature_enabled":true},"categories":[1],"tags":[21647,12870,12869,5389],"jetpack_publicize_connections":[],"yoast_head":"<!-- This site is optimized with the Yoast SEO plugin v19.1 - https:\/\/yoast.com\/wordpress\/plugins\/seo\/ -->\n<title>Gjyste Vulaj, fluturon n\u00eb SHBA p\u00ebr t\u00eb lindur djalin e saj - Lajme nga Ulqini<\/title>\n<meta name=\"description\" content=\"F\u00ebmij\u00ebn e saj t\u00eb dyt\u00eb i cili do t\u00eb jet\u00eb nj\u00eb djal\u00eb, Gjyste Vulaj k\u00ebng\u00ebtarja prej Ulqini ka vendosur ta lind\u00eb n\u00eb Amerik\u00eb.\u00a0Edhe pse i kan\u00eb mbetur dhe 2 muaj\" \/>\n<meta name=\"robots\" content=\"index, follow, max-snippet:-1, max-image-preview:large, max-video-preview:-1\" \/>\n<link rel=\"canonical\" href=\"https:\/\/www.visit-ulcinj.com\/blog\/2012\/12\/21\/gjyste-vulaj-fluturon-ne-shba-per-te-lindur-djalin-e-saj\/\" \/>\n<meta property=\"og:locale\" content=\"en_US\" \/>\n<meta property=\"og:type\" content=\"article\" \/>\n<meta property=\"og:title\" content=\"Gjyste Vulaj, fluturon n\u00eb SHBA p\u00ebr t\u00eb lindur djalin e saj - Lajme nga Ulqini\" \/>\n<meta property=\"og:description\" content=\"F\u00ebmij\u00ebn e saj t\u00eb dyt\u00eb i cili do t\u00eb jet\u00eb nj\u00eb djal\u00eb, Gjyste Vulaj k\u00ebng\u00ebtarja prej Ulqini ka vendosur ta lind\u00eb n\u00eb Amerik\u00eb.\u00a0Edhe pse i kan\u00eb mbetur dhe 2 muaj\" \/>\n<meta property=\"og:url\" content=\"https:\/\/www.visit-ulcinj.com\/blog\/2012\/12\/21\/gjyste-vulaj-fluturon-ne-shba-per-te-lindur-djalin-e-saj\/\" \/>\n<meta property=\"og:site_name\" content=\"Lajme nga Ulqini\" \/>\n<meta property=\"article:published_time\" content=\"2012-12-21T20:46:39+00:00\" \/>\n<meta property=\"article:modified_time\" content=\"2012-12-21T20:57:12+00:00\" \/>\n<meta property=\"og:image\" content=\"http:\/\/www.visit-ulcinj.com\/blog\/wp-content\/uploads\/2012\/12\/Gjyste-Vulaj-shtatzene.jpg\" \/>\n<meta name=\"twitter:label1\" content=\"Written by\" \/>\n\t<meta name=\"twitter:data1\" content=\"ulqini\" \/>\n<script type=\"application\/ld+json\" class=\"yoast-schema-graph\">{\"@context\":\"https:\/\/schema.org\",\"@graph\":[{\"@type\":\"WebSite\",\"@id\":\"https:\/\/www.visit-ulcinj.com\/blog\/#website\",\"url\":\"https:\/\/www.visit-ulcinj.com\/blog\/\",\"name\":\"Lajme nga Ulqini\",\"description\":\"Lajme,Vijesti,Ulqini,Ulqin,Crna Gora,Mali i Zi\",\"potentialAction\":[{\"@type\":\"SearchAction\",\"target\":{\"@type\":\"EntryPoint\",\"urlTemplate\":\"https:\/\/www.visit-ulcinj.com\/blog\/?s={search_term_string}\"},\"query-input\":\"required name=search_term_string\"}],\"inLanguage\":\"en-US\"},{\"@type\":\"ImageObject\",\"inLanguage\":\"en-US\",\"@id\":\"https:\/\/www.visit-ulcinj.com\/blog\/2012\/12\/21\/gjyste-vulaj-fluturon-ne-shba-per-te-lindur-djalin-e-saj\/#primaryimage\",\"url\":\"http:\/\/www.visit-ulcinj.com\/blog\/wp-content\/uploads\/2012\/12\/Gjyste-Vulaj-shtatzene.jpg\",\"contentUrl\":\"http:\/\/www.visit-ulcinj.com\/blog\/wp-content\/uploads\/2012\/12\/Gjyste-Vulaj-shtatzene.jpg\"},{\"@type\":\"WebPage\",\"@id\":\"https:\/\/www.visit-ulcinj.com\/blog\/2012\/12\/21\/gjyste-vulaj-fluturon-ne-shba-per-te-lindur-djalin-e-saj\/#webpage\",\"url\":\"https:\/\/www.visit-ulcinj.com\/blog\/2012\/12\/21\/gjyste-vulaj-fluturon-ne-shba-per-te-lindur-djalin-e-saj\/\",\"name\":\"Gjyste Vulaj, fluturon n\u00eb SHBA p\u00ebr t\u00eb lindur djalin e saj - Lajme nga Ulqini\",\"isPartOf\":{\"@id\":\"https:\/\/www.visit-ulcinj.com\/blog\/#website\"},\"primaryImageOfPage\":{\"@id\":\"https:\/\/www.visit-ulcinj.com\/blog\/2012\/12\/21\/gjyste-vulaj-fluturon-ne-shba-per-te-lindur-djalin-e-saj\/#primaryimage\"},\"datePublished\":\"2012-12-21T20:46:39+00:00\",\"dateModified\":\"2012-12-21T20:57:12+00:00\",\"author\":{\"@id\":\"https:\/\/www.visit-ulcinj.com\/blog\/#\/schema\/person\/dcab619c614d3038751c63bc2aadc06d\"},\"description\":\"F\u00ebmij\u00ebn e saj t\u00eb dyt\u00eb i cili do t\u00eb jet\u00eb nj\u00eb djal\u00eb, Gjyste Vulaj k\u00ebng\u00ebtarja prej Ulqini ka vendosur ta lind\u00eb n\u00eb Amerik\u00eb.\u00a0Edhe pse i kan\u00eb mbetur dhe 2 muaj\",\"breadcrumb\":{\"@id\":\"https:\/\/www.visit-ulcinj.com\/blog\/2012\/12\/21\/gjyste-vulaj-fluturon-ne-shba-per-te-lindur-djalin-e-saj\/#breadcrumb\"},\"inLanguage\":\"en-US\",\"potentialAction\":[{\"@type\":\"ReadAction\",\"target\":[\"https:\/\/www.visit-ulcinj.com\/blog\/2012\/12\/21\/gjyste-vulaj-fluturon-ne-shba-per-te-lindur-djalin-e-saj\/\"]}]},{\"@type\":\"BreadcrumbList\",\"@id\":\"https:\/\/www.visit-ulcinj.com\/blog\/2012\/12\/21\/gjyste-vulaj-fluturon-ne-shba-per-te-lindur-djalin-e-saj\/#breadcrumb\",\"itemListElement\":[{\"@type\":\"ListItem\",\"position\":1,\"name\":\"Gjyste Vulaj, fluturon n\u00eb SHBA p\u00ebr t\u00eb lindur djalin e saj\"}]},{\"@type\":\"Person\",\"@id\":\"https:\/\/www.visit-ulcinj.com\/blog\/#\/schema\/person\/dcab619c614d3038751c63bc2aadc06d\",\"name\":\"ulqini\",\"sameAs\":[\"http:\/\/www.visit-ulcinj.com\"],\"url\":\"https:\/\/www.visit-ulcinj.com\/blog\/author\/admin\/\"}]}<\/script>\n<!-- \/ Yoast SEO plugin. -->","yoast_head_json":{"title":"Gjyste Vulaj, fluturon n\u00eb SHBA p\u00ebr t\u00eb lindur djalin e saj - Lajme nga Ulqini","description":"F\u00ebmij\u00ebn e saj t\u00eb dyt\u00eb i cili do t\u00eb jet\u00eb nj\u00eb djal\u00eb, Gjyste Vulaj k\u00ebng\u00ebtarja prej Ulqini ka vendosur ta lind\u00eb n\u00eb Amerik\u00eb.\u00a0Edhe pse i kan\u00eb mbetur dhe 2 muaj","robots":{"index":"index","follow":"follow","max-snippet":"max-snippet:-1","max-image-preview":"max-image-preview:large","max-video-preview":"max-video-preview:-1"},"canonical":"https:\/\/www.visit-ulcinj.com\/blog\/2012\/12\/21\/gjyste-vulaj-fluturon-ne-shba-per-te-lindur-djalin-e-saj\/","og_locale":"en_US","og_type":"article","og_title":"Gjyste Vulaj, fluturon n\u00eb SHBA p\u00ebr t\u00eb lindur djalin e saj - Lajme nga Ulqini","og_description":"F\u00ebmij\u00ebn e saj t\u00eb dyt\u00eb i cili do t\u00eb jet\u00eb nj\u00eb djal\u00eb, Gjyste Vulaj k\u00ebng\u00ebtarja prej Ulqini ka vendosur ta lind\u00eb n\u00eb Amerik\u00eb.\u00a0Edhe pse i kan\u00eb mbetur dhe 2 muaj","og_url":"https:\/\/www.visit-ulcinj.com\/blog\/2012\/12\/21\/gjyste-vulaj-fluturon-ne-shba-per-te-lindur-djalin-e-saj\/","og_site_name":"Lajme nga Ulqini","article_published_time":"2012-12-21T20:46:39+00:00","article_modified_time":"2012-12-21T20:57:12+00:00","og_image":[{"url":"http:\/\/www.visit-ulcinj.com\/blog\/wp-content\/uploads\/2012\/12\/Gjyste-Vulaj-shtatzene.jpg"}],"twitter_misc":{"Written by":"ulqini"},"schema":{"@context":"https:\/\/schema.org","@graph":[{"@type":"WebSite","@id":"https:\/\/www.visit-ulcinj.com\/blog\/#website","url":"https:\/\/www.visit-ulcinj.com\/blog\/","name":"Lajme nga Ulqini","description":"Lajme,Vijesti,Ulqini,Ulqin,Crna Gora,Mali i Zi","potentialAction":[{"@type":"SearchAction","target":{"@type":"EntryPoint","urlTemplate":"https:\/\/www.visit-ulcinj.com\/blog\/?s={search_term_string}"},"query-input":"required name=search_term_string"}],"inLanguage":"en-US"},{"@type":"ImageObject","inLanguage":"en-US","@id":"https:\/\/www.visit-ulcinj.com\/blog\/2012\/12\/21\/gjyste-vulaj-fluturon-ne-shba-per-te-lindur-djalin-e-saj\/#primaryimage","url":"http:\/\/www.visit-ulcinj.com\/blog\/wp-content\/uploads\/2012\/12\/Gjyste-Vulaj-shtatzene.jpg","contentUrl":"http:\/\/www.visit-ulcinj.com\/blog\/wp-content\/uploads\/2012\/12\/Gjyste-Vulaj-shtatzene.jpg"},{"@type":"WebPage","@id":"https:\/\/www.visit-ulcinj.com\/blog\/2012\/12\/21\/gjyste-vulaj-fluturon-ne-shba-per-te-lindur-djalin-e-saj\/#webpage","url":"https:\/\/www.visit-ulcinj.com\/blog\/2012\/12\/21\/gjyste-vulaj-fluturon-ne-shba-per-te-lindur-djalin-e-saj\/","name":"Gjyste Vulaj, fluturon n\u00eb SHBA p\u00ebr t\u00eb lindur djalin e saj - Lajme nga Ulqini","isPartOf":{"@id":"https:\/\/www.visit-ulcinj.com\/blog\/#website"},"primaryImageOfPage":{"@id":"https:\/\/www.visit-ulcinj.com\/blog\/2012\/12\/21\/gjyste-vulaj-fluturon-ne-shba-per-te-lindur-djalin-e-saj\/#primaryimage"},"datePublished":"2012-12-21T20:46:39+00:00","dateModified":"2012-12-21T20:57:12+00:00","author":{"@id":"https:\/\/www.visit-ulcinj.com\/blog\/#\/schema\/person\/dcab619c614d3038751c63bc2aadc06d"},"description":"F\u00ebmij\u00ebn e saj t\u00eb dyt\u00eb i cili do t\u00eb jet\u00eb nj\u00eb djal\u00eb, Gjyste Vulaj k\u00ebng\u00ebtarja prej Ulqini ka vendosur ta lind\u00eb n\u00eb Amerik\u00eb.\u00a0Edhe pse i kan\u00eb mbetur dhe 2 muaj","breadcrumb":{"@id":"https:\/\/www.visit-ulcinj.com\/blog\/2012\/12\/21\/gjyste-vulaj-fluturon-ne-shba-per-te-lindur-djalin-e-saj\/#breadcrumb"},"inLanguage":"en-US","potentialAction":[{"@type":"ReadAction","target":["https:\/\/www.visit-ulcinj.com\/blog\/2012\/12\/21\/gjyste-vulaj-fluturon-ne-shba-per-te-lindur-djalin-e-saj\/"]}]},{"@type":"BreadcrumbList","@id":"https:\/\/www.visit-ulcinj.com\/blog\/2012\/12\/21\/gjyste-vulaj-fluturon-ne-shba-per-te-lindur-djalin-e-saj\/#breadcrumb","itemListElement":[{"@type":"ListItem","position":1,"name":"Gjyste Vulaj, fluturon n\u00eb SHBA p\u00ebr t\u00eb lindur djalin e saj"}]},{"@type":"Person","@id":"https:\/\/www.visit-ulcinj.com\/blog\/#\/schema\/person\/dcab619c614d3038751c63bc2aadc06d","name":"ulqini","sameAs":["http:\/\/www.visit-ulcinj.com"],"url":"https:\/\/www.visit-ulcinj.com\/blog\/author\/admin\/"}]}},"jetpack_featured_media_url":"","jetpack_sharing_enabled":true,"jetpack_shortlink":"https:\/\/wp.me\/pe6lTn-hpV","_links":{"self":[{"href":"https:\/\/www.visit-ulcinj.com\/blog\/wp-json\/wp\/v2\/posts\/66955"}],"collection":[{"href":"https:\/\/www.visit-ulcinj.com\/blog\/wp-json\/wp\/v2\/posts"}],"about":[{"href":"https:\/\/www.visit-ulcinj.com\/blog\/wp-json\/wp\/v2\/types\/post"}],"author":[{"embeddable":true,"href":"https:\/\/www.visit-ulcinj.com\/blog\/wp-json\/wp\/v2\/users\/1"}],"replies":[{"embeddable":true,"href":"https:\/\/www.visit-ulcinj.com\/blog\/wp-json\/wp\/v2\/comments?post=66955"}],"version-history":[{"count":3,"href":"https:\/\/www.visit-ulcinj.com\/blog\/wp-json\/wp\/v2\/posts\/66955\/revisions"}],"predecessor-version":[{"id":66959,"href":"https:\/\/www.visit-ulcinj.com\/blog\/wp-json\/wp\/v2\/posts\/66955\/revisions\/66959"}],"wp:attachment":[{"href":"https:\/\/www.visit-ulcinj.com\/blog\/wp-json\/wp\/v2\/media?parent=66955"}],"wp:term":[{"taxonomy":"category","embeddable":true,"href":"https:\/\/www.visit-ulcinj.com\/blog\/wp-json\/wp\/v2\/categories?post=66955"},{"taxonomy":"post_tag","embeddable":true,"href":"https:\/\/www.visit-ulcinj.com\/blog\/wp-json\/wp\/v2\/tags?post=66955"}],"curies":[{"name":"wp","href":"https:\/\/api.w.org\/{rel}","templated":true}]}}