{"id":66963,"date":"2012-12-22T09:20:53","date_gmt":"2012-12-22T08:20:53","guid":{"rendered":"http:\/\/www.visit-ulcinj.com\/blog\/?p=66963"},"modified":"2012-12-22T09:28:55","modified_gmt":"2012-12-22T08:28:55","slug":"ulcinjsko-neznanje-ili-greske-se-sve-skuplje-placaju","status":"publish","type":"post","link":"https:\/\/www.visit-ulcinj.com\/blog\/2012\/12\/22\/ulcinjsko-neznanje-ili-greske-se-sve-skuplje-placaju\/","title":{"rendered":"Ulcinjsko neznanje ili gre\u0161ke se sve skuplje pla\u0107aju"},"content":{"rendered":"<p><a href=\"http:\/\/www.visit-ulcinj.com\/blog\/wp-content\/uploads\/2012\/12\/Ulcinj-grad.jpg\"><img loading=\"lazy\" class=\"alignleft  wp-image-66964\" alt=\"Ulcinj grad\" src=\"http:\/\/www.visit-ulcinj.com\/blog\/wp-content\/uploads\/2012\/12\/Ulcinj-grad.jpg\" width=\"508\" height=\"360\" \/><\/a>U \u010ditavoj ovoj godini Ulcinj je nastavio bauljati. Vidimo to prakti\u010dno na svakom koraku, a oni koji su posmatrali zasjedanje lokalnog Parlamenta imali su prilike da se jo\u0161 jednom i sami uvjere u to. Usvajanje rebalansa za ovu i bud\u017eeta za narednu godinu protivno zakonu, uvodi ovu op\u0161tinu u opasnu zonu. Mislim da je krajnje vrijeme da se oni koji donose odluke dobro presaberu i razmisle da li se zaista na ovaj na\u010din dalje mo\u017ee.<br \/>\nJo\u0161 ako se ima u vidu da stalno padaju tenderi, da su prvostepene sudske presude zbog ka\u0161njenja dono\u0161enja odluka blizu pola miliona eura, a posebno \u0161to su sekretari jo\u0161 uvijek vr\u0161ioci du\u017enosti, potreba brzog mijenjanja stvari dobija dodatno na zna\u010daju.Iako je slijed doga\u0111aja pokazao da je to trebalo uraditi jo\u0161 prije godinu dana, odnosno nakon sto dana nove vlasti. Ve\u0107 se tada, naime, vidjelo da ma\u0161ina ne \u0161tima i da joj je potrebna temeljna rekonstrukcija.<\/p>\n<p><a href=\"http:\/\/www.visit-ulcinj.com\/blog\/wp-content\/uploads\/2012\/12\/Nazif-Cungu_Gezim-Hajdinaga_Ulcinj_Ulqin.jpg\"><img loading=\"lazy\" class=\"alignleft  wp-image-66967\" alt=\"Nazif Cungu_Gezim Hajdinaga_Ulcinj_Ulqin\" src=\"http:\/\/www.visit-ulcinj.com\/blog\/wp-content\/uploads\/2012\/12\/Nazif-Cungu_Gezim-Hajdinaga_Ulcinj_Ulqin.jpg\" width=\"508\" height=\"300\" \/><\/a><br \/>\nKoliko mogu da procijenim, postoji jasna svijest kod svih koalicinih partnera o tome, pa i u opoziciji. Dakle, Ulcinju je potreban jedan novi temeljni dogovor o pravcima i na\u010dinu djelovanja.<br \/>\nTreba pru\u017eiti ruku svima, jer nas je malo i sa mrtvima. Odluke moraju biti transparentne i u punom javnom interesu. Samo na toj platformi ovaj grad ima perspektivu. U suprotnom, nastavi\u0107e da tavori i propada.<br \/>\nNa\u010din na koji treba djelovati pokazuje slu\u010daj morskog dobra. Na tom pitanju bar javno je uvijek postojao puni konsenzus politike, civilnog sektora i medija. Nakon dvije decenije, ciljevi su djelimi\u010dno postignuti, odnosno od 1. januara polovina prihoda iz te zone ostaja\u0107e u Ulcinju.\u00a0 To zna\u010di oko pola miliona eura, \u0161to ako se ima u vidu \u010dinjenica da je op\u0161tinski bud\u017eet ove godine iznosio preskromnih 4,4 miliona eura, nije ba\u0161 mala suma. Naravno, na tome se nipo\u0161to ne smije stati, ve\u0107 treba insistirati da u Ulcinju ostane 80 odsto prikupljenih sredstava od morskog dobra, jer je to evropski standard. \u0160to je jo\u0161 va\u017enije, \u00a0treba vlast u Podgorici na\u0107erati da se pristupi izmjenama linije zahvata morskog dobra u Ulcinju, koja je, i oko toga postoji konsenzus, nezakonita.Oko ovih principa nikako ne smije biti trgovine. Jer, \u0161to zna\u010di ako nam govore da na\u0161oj\u00a0 op\u0161tini pripada 51 odsto prostora biv\u0161eg hotela Jadran, a Morsko dobro ve\u0107 13 godina izdaje u zakup taj dio na\u0161e teritorije.<\/p>\n<p><a href=\"http:\/\/www.visit-ulcinj.com\/blog\/wp-content\/uploads\/2012\/12\/Nazif-Cungu_Rajko-Barovic_Ulqin_JP_Morsko-Dobro.jpg\"><img loading=\"lazy\" class=\"alignleft  wp-image-66968\" alt=\"Nazif-Cungu_Rajko-Barovic_Ulqin_JP_Morsko Dobro\" src=\"http:\/\/www.visit-ulcinj.com\/blog\/wp-content\/uploads\/2012\/12\/Nazif-Cungu_Rajko-Barovic_Ulqin_JP_Morsko-Dobro.jpg\" width=\"508\" height=\"300\" \/><\/a><br \/>\nDakle, vrijeme veoma brzo ide i neaktivnost, neznanje ili gre\u0161ke se sve skuplje pla\u0107aju. Tim prije \u0161to je na\u0161a planeta od 21.12. u\u0161la u novu fazu. Blago onom ko razumije da \u0107e svijet ubudu\u0107e, kona\u010dno i zauvijek, pokretati plemenite i \u010diste namjere, odnosno da je za nama nepovratno vrijeme pohlepe, prevare i la\u017ene mo\u0107i.\u00a0 Na nama je samo da iskreno ka\u017eemo DA, i sve \u0107e biti lak\u0161e i ljep\u0161e. DA novom \u017eivotu, DA ljepoti, DA Ulcinju. Ako se dvoumite, zna\u010di da mislite da jo\u0161 nije vrijeme za novi po\u010detak. Uvjeravam vas da opasno grije\u0161ite. No, odluka je li\u010dna i stvar slobodne volje. A ona nam je na ovom prolaznom svijetu data kao blagodat koju bi trebali koristiti samo da bi birali dobro.<\/p>\n<p>Mustafa Canka<\/p>\n","protected":false},"excerpt":{"rendered":"<p>U \u010ditavoj ovoj godini Ulcinj je nastavio bauljati. Vidimo to prakti\u010dno na svakom koraku, a oni koji su posmatrali zasjedanje lokalnog Parlamenta imali su prilike da se jo\u0161 jednom i sami uvjere u to. Usvajanje rebalansa za ovu i bud\u017eeta za narednu godinu protivno zakonu, uvodi ovu op\u0161tinu u opasnu zonu. Mislim da je krajnje [&hellip;]<\/p>\n","protected":false},"author":1,"featured_media":0,"comment_status":"open","ping_status":"closed","sticky":false,"template":"","format":"standard","meta":{"spay_email":"","jetpack_publicize_message":"","jetpack_is_tweetstorm":false,"jetpack_publicize_feature_enabled":true},"categories":[8337],"tags":[20354,2725,118,264,19],"jetpack_publicize_connections":[],"yoast_head":"<!-- This site is optimized with the Yoast SEO plugin v19.1 - https:\/\/yoast.com\/wordpress\/plugins\/seo\/ -->\n<title>Ulcinjsko neznanje ili gre\u0161ke se sve skuplje pla\u0107aju - Lajme nga Ulqini<\/title>\n<meta name=\"description\" content=\"U \u010ditavoj ovoj godini Ulcinj je nastavio bauljati. Vidimo to prakti\u010dno na svakom koraku, a oni koji su posmatrali zasjedanje lokalnog Parlamenta imali su\" \/>\n<meta name=\"robots\" content=\"index, follow, max-snippet:-1, max-image-preview:large, max-video-preview:-1\" \/>\n<link rel=\"canonical\" href=\"https:\/\/www.visit-ulcinj.com\/blog\/2012\/12\/22\/ulcinjsko-neznanje-ili-greske-se-sve-skuplje-placaju\/\" \/>\n<meta property=\"og:locale\" content=\"en_US\" \/>\n<meta property=\"og:type\" content=\"article\" \/>\n<meta property=\"og:title\" content=\"Ulcinjsko neznanje ili gre\u0161ke se sve skuplje pla\u0107aju - Lajme nga Ulqini\" \/>\n<meta property=\"og:description\" content=\"U \u010ditavoj ovoj godini Ulcinj je nastavio bauljati. Vidimo to prakti\u010dno na svakom koraku, a oni koji su posmatrali zasjedanje lokalnog Parlamenta imali su\" \/>\n<meta property=\"og:url\" content=\"https:\/\/www.visit-ulcinj.com\/blog\/2012\/12\/22\/ulcinjsko-neznanje-ili-greske-se-sve-skuplje-placaju\/\" \/>\n<meta property=\"og:site_name\" content=\"Lajme nga Ulqini\" \/>\n<meta property=\"article:published_time\" content=\"2012-12-22T08:20:53+00:00\" \/>\n<meta property=\"article:modified_time\" content=\"2012-12-22T08:28:55+00:00\" \/>\n<meta property=\"og:image\" content=\"http:\/\/www.visit-ulcinj.com\/blog\/wp-content\/uploads\/2012\/12\/Ulcinj-grad.jpg\" \/>\n<meta name=\"twitter:label1\" content=\"Written by\" \/>\n\t<meta name=\"twitter:data1\" content=\"ulqini\" \/>\n\t<meta name=\"twitter:label2\" content=\"Est. reading time\" \/>\n\t<meta name=\"twitter:data2\" content=\"3 minutes\" \/>\n<script type=\"application\/ld+json\" class=\"yoast-schema-graph\">{\"@context\":\"https:\/\/schema.org\",\"@graph\":[{\"@type\":\"WebSite\",\"@id\":\"https:\/\/www.visit-ulcinj.com\/blog\/#website\",\"url\":\"https:\/\/www.visit-ulcinj.com\/blog\/\",\"name\":\"Lajme nga Ulqini\",\"description\":\"Lajme,Vijesti,Ulqini,Ulqin,Crna Gora,Mali i Zi\",\"potentialAction\":[{\"@type\":\"SearchAction\",\"target\":{\"@type\":\"EntryPoint\",\"urlTemplate\":\"https:\/\/www.visit-ulcinj.com\/blog\/?s={search_term_string}\"},\"query-input\":\"required name=search_term_string\"}],\"inLanguage\":\"en-US\"},{\"@type\":\"ImageObject\",\"inLanguage\":\"en-US\",\"@id\":\"https:\/\/www.visit-ulcinj.com\/blog\/2012\/12\/22\/ulcinjsko-neznanje-ili-greske-se-sve-skuplje-placaju\/#primaryimage\",\"url\":\"https:\/\/www.visit-ulcinj.com\/blog\/wp-content\/uploads\/2012\/12\/Ulcinj-grad.jpg\",\"contentUrl\":\"https:\/\/www.visit-ulcinj.com\/blog\/wp-content\/uploads\/2012\/12\/Ulcinj-grad.jpg\",\"width\":1024,\"height\":682},{\"@type\":\"WebPage\",\"@id\":\"https:\/\/www.visit-ulcinj.com\/blog\/2012\/12\/22\/ulcinjsko-neznanje-ili-greske-se-sve-skuplje-placaju\/#webpage\",\"url\":\"https:\/\/www.visit-ulcinj.com\/blog\/2012\/12\/22\/ulcinjsko-neznanje-ili-greske-se-sve-skuplje-placaju\/\",\"name\":\"Ulcinjsko neznanje ili gre\u0161ke se sve skuplje pla\u0107aju - Lajme nga Ulqini\",\"isPartOf\":{\"@id\":\"https:\/\/www.visit-ulcinj.com\/blog\/#website\"},\"primaryImageOfPage\":{\"@id\":\"https:\/\/www.visit-ulcinj.com\/blog\/2012\/12\/22\/ulcinjsko-neznanje-ili-greske-se-sve-skuplje-placaju\/#primaryimage\"},\"datePublished\":\"2012-12-22T08:20:53+00:00\",\"dateModified\":\"2012-12-22T08:28:55+00:00\",\"author\":{\"@id\":\"https:\/\/www.visit-ulcinj.com\/blog\/#\/schema\/person\/dcab619c614d3038751c63bc2aadc06d\"},\"description\":\"U \u010ditavoj ovoj godini Ulcinj je nastavio bauljati. Vidimo to prakti\u010dno na svakom koraku, a oni koji su posmatrali zasjedanje lokalnog Parlamenta imali su\",\"breadcrumb\":{\"@id\":\"https:\/\/www.visit-ulcinj.com\/blog\/2012\/12\/22\/ulcinjsko-neznanje-ili-greske-se-sve-skuplje-placaju\/#breadcrumb\"},\"inLanguage\":\"en-US\",\"potentialAction\":[{\"@type\":\"ReadAction\",\"target\":[\"https:\/\/www.visit-ulcinj.com\/blog\/2012\/12\/22\/ulcinjsko-neznanje-ili-greske-se-sve-skuplje-placaju\/\"]}]},{\"@type\":\"BreadcrumbList\",\"@id\":\"https:\/\/www.visit-ulcinj.com\/blog\/2012\/12\/22\/ulcinjsko-neznanje-ili-greske-se-sve-skuplje-placaju\/#breadcrumb\",\"itemListElement\":[{\"@type\":\"ListItem\",\"position\":1,\"name\":\"Ulcinjsko neznanje ili gre\u0161ke se sve skuplje pla\u0107aju\"}]},{\"@type\":\"Person\",\"@id\":\"https:\/\/www.visit-ulcinj.com\/blog\/#\/schema\/person\/dcab619c614d3038751c63bc2aadc06d\",\"name\":\"ulqini\",\"sameAs\":[\"http:\/\/www.visit-ulcinj.com\"],\"url\":\"https:\/\/www.visit-ulcinj.com\/blog\/author\/admin\/\"}]}<\/script>\n<!-- \/ Yoast SEO plugin. -->","yoast_head_json":{"title":"Ulcinjsko neznanje ili gre\u0161ke se sve skuplje pla\u0107aju - Lajme nga Ulqini","description":"U \u010ditavoj ovoj godini Ulcinj je nastavio bauljati. Vidimo to prakti\u010dno na svakom koraku, a oni koji su posmatrali zasjedanje lokalnog Parlamenta imali su","robots":{"index":"index","follow":"follow","max-snippet":"max-snippet:-1","max-image-preview":"max-image-preview:large","max-video-preview":"max-video-preview:-1"},"canonical":"https:\/\/www.visit-ulcinj.com\/blog\/2012\/12\/22\/ulcinjsko-neznanje-ili-greske-se-sve-skuplje-placaju\/","og_locale":"en_US","og_type":"article","og_title":"Ulcinjsko neznanje ili gre\u0161ke se sve skuplje pla\u0107aju - Lajme nga Ulqini","og_description":"U \u010ditavoj ovoj godini Ulcinj je nastavio bauljati. Vidimo to prakti\u010dno na svakom koraku, a oni koji su posmatrali zasjedanje lokalnog Parlamenta imali su","og_url":"https:\/\/www.visit-ulcinj.com\/blog\/2012\/12\/22\/ulcinjsko-neznanje-ili-greske-se-sve-skuplje-placaju\/","og_site_name":"Lajme nga Ulqini","article_published_time":"2012-12-22T08:20:53+00:00","article_modified_time":"2012-12-22T08:28:55+00:00","og_image":[{"url":"http:\/\/www.visit-ulcinj.com\/blog\/wp-content\/uploads\/2012\/12\/Ulcinj-grad.jpg"}],"twitter_misc":{"Written by":"ulqini","Est. reading time":"3 minutes"},"schema":{"@context":"https:\/\/schema.org","@graph":[{"@type":"WebSite","@id":"https:\/\/www.visit-ulcinj.com\/blog\/#website","url":"https:\/\/www.visit-ulcinj.com\/blog\/","name":"Lajme nga Ulqini","description":"Lajme,Vijesti,Ulqini,Ulqin,Crna Gora,Mali i Zi","potentialAction":[{"@type":"SearchAction","target":{"@type":"EntryPoint","urlTemplate":"https:\/\/www.visit-ulcinj.com\/blog\/?s={search_term_string}"},"query-input":"required name=search_term_string"}],"inLanguage":"en-US"},{"@type":"ImageObject","inLanguage":"en-US","@id":"https:\/\/www.visit-ulcinj.com\/blog\/2012\/12\/22\/ulcinjsko-neznanje-ili-greske-se-sve-skuplje-placaju\/#primaryimage","url":"https:\/\/www.visit-ulcinj.com\/blog\/wp-content\/uploads\/2012\/12\/Ulcinj-grad.jpg","contentUrl":"https:\/\/www.visit-ulcinj.com\/blog\/wp-content\/uploads\/2012\/12\/Ulcinj-grad.jpg","width":1024,"height":682},{"@type":"WebPage","@id":"https:\/\/www.visit-ulcinj.com\/blog\/2012\/12\/22\/ulcinjsko-neznanje-ili-greske-se-sve-skuplje-placaju\/#webpage","url":"https:\/\/www.visit-ulcinj.com\/blog\/2012\/12\/22\/ulcinjsko-neznanje-ili-greske-se-sve-skuplje-placaju\/","name":"Ulcinjsko neznanje ili gre\u0161ke se sve skuplje pla\u0107aju - Lajme nga Ulqini","isPartOf":{"@id":"https:\/\/www.visit-ulcinj.com\/blog\/#website"},"primaryImageOfPage":{"@id":"https:\/\/www.visit-ulcinj.com\/blog\/2012\/12\/22\/ulcinjsko-neznanje-ili-greske-se-sve-skuplje-placaju\/#primaryimage"},"datePublished":"2012-12-22T08:20:53+00:00","dateModified":"2012-12-22T08:28:55+00:00","author":{"@id":"https:\/\/www.visit-ulcinj.com\/blog\/#\/schema\/person\/dcab619c614d3038751c63bc2aadc06d"},"description":"U \u010ditavoj ovoj godini Ulcinj je nastavio bauljati. Vidimo to prakti\u010dno na svakom koraku, a oni koji su posmatrali zasjedanje lokalnog Parlamenta imali su","breadcrumb":{"@id":"https:\/\/www.visit-ulcinj.com\/blog\/2012\/12\/22\/ulcinjsko-neznanje-ili-greske-se-sve-skuplje-placaju\/#breadcrumb"},"inLanguage":"en-US","potentialAction":[{"@type":"ReadAction","target":["https:\/\/www.visit-ulcinj.com\/blog\/2012\/12\/22\/ulcinjsko-neznanje-ili-greske-se-sve-skuplje-placaju\/"]}]},{"@type":"BreadcrumbList","@id":"https:\/\/www.visit-ulcinj.com\/blog\/2012\/12\/22\/ulcinjsko-neznanje-ili-greske-se-sve-skuplje-placaju\/#breadcrumb","itemListElement":[{"@type":"ListItem","position":1,"name":"Ulcinjsko neznanje ili gre\u0161ke se sve skuplje pla\u0107aju"}]},{"@type":"Person","@id":"https:\/\/www.visit-ulcinj.com\/blog\/#\/schema\/person\/dcab619c614d3038751c63bc2aadc06d","name":"ulqini","sameAs":["http:\/\/www.visit-ulcinj.com"],"url":"https:\/\/www.visit-ulcinj.com\/blog\/author\/admin\/"}]}},"jetpack_featured_media_url":"","jetpack_sharing_enabled":true,"jetpack_shortlink":"https:\/\/wp.me\/pe6lTn-hq3","_links":{"self":[{"href":"https:\/\/www.visit-ulcinj.com\/blog\/wp-json\/wp\/v2\/posts\/66963"}],"collection":[{"href":"https:\/\/www.visit-ulcinj.com\/blog\/wp-json\/wp\/v2\/posts"}],"about":[{"href":"https:\/\/www.visit-ulcinj.com\/blog\/wp-json\/wp\/v2\/types\/post"}],"author":[{"embeddable":true,"href":"https:\/\/www.visit-ulcinj.com\/blog\/wp-json\/wp\/v2\/users\/1"}],"replies":[{"embeddable":true,"href":"https:\/\/www.visit-ulcinj.com\/blog\/wp-json\/wp\/v2\/comments?post=66963"}],"version-history":[{"count":3,"href":"https:\/\/www.visit-ulcinj.com\/blog\/wp-json\/wp\/v2\/posts\/66963\/revisions"}],"predecessor-version":[{"id":66966,"href":"https:\/\/www.visit-ulcinj.com\/blog\/wp-json\/wp\/v2\/posts\/66963\/revisions\/66966"}],"wp:attachment":[{"href":"https:\/\/www.visit-ulcinj.com\/blog\/wp-json\/wp\/v2\/media?parent=66963"}],"wp:term":[{"taxonomy":"category","embeddable":true,"href":"https:\/\/www.visit-ulcinj.com\/blog\/wp-json\/wp\/v2\/categories?post=66963"},{"taxonomy":"post_tag","embeddable":true,"href":"https:\/\/www.visit-ulcinj.com\/blog\/wp-json\/wp\/v2\/tags?post=66963"}],"curies":[{"name":"wp","href":"https:\/\/api.w.org\/{rel}","templated":true}]}}