{"id":66971,"date":"2012-12-22T10:04:39","date_gmt":"2012-12-22T09:04:39","guid":{"rendered":"http:\/\/www.visit-ulcinj.com\/blog\/?p=66971"},"modified":"2012-12-25T19:44:36","modified_gmt":"2012-12-25T18:44:36","slug":"ne-katerkolle-fillon-panairi-i-artizaneve-dhe-ekspozita-etnografike-e-arkeologjike","status":"publish","type":"post","link":"https:\/\/www.visit-ulcinj.com\/blog\/2012\/12\/22\/ne-katerkolle-fillon-panairi-i-artizaneve-dhe-ekspozita-etnografike-e-arkeologjike\/","title":{"rendered":"N\u00eb Kat\u00ebrkoll\u00eb fillon Panairi i Artizan\u00ebve dhe Ekspozita Etnografike e Arkeologjike + Foto"},"content":{"rendered":"<p>Nes\u00ebr n\u00eb ora 11:00 n\u00eb restorantin &#8220;Diamant&#8221; n\u00eb Kat\u00ebrkoll\u00eb, ju ftojm\u00eb t\u00eb merrni pjes\u00eb n\u00eb Panairin e Artizan\u00ebve dhe Ekspozit\u00ebn Etnografike e Arkeologjike.T\u00eb ftuar jan\u00eb artizan\u00eb nga Shqip\u00ebria, Kosova si edhe artizan\u00ebt vendas.E ve\u00e7anta e k\u00ebti panairi do t\u00eb jet\u00eb edhe shpalosja e vlerave etnografike dhe arkeologjike nga Ana e Malit, Ulqini e Kraja, nd\u00ebrsa nga Mal\u00ebsia zot\u00ebri Shtjef\u00ebn Ivezaj.Pjes\u00ebmarrja juaj do ta b\u00ebj\u00eb m\u00eb t\u00eb begat\u00eb k\u00ebt\u00eb eveniment.<\/p>\n<p>Jeni t\u00eb mir\u00ebseardhur!<\/p>\n<p><strong>Foto nga <a id=\"js_8\" href=\"https:\/\/www.facebook.com\/ibroci\" data-hovercard=\"\/ajax\/hovercard\/user.php?id=579132595\">G\u00ebzim Ibro\u00e7i Facebook<\/a><\/strong><\/p>\n\n\t\t<style type=\"text\/css\">\n\t\t\t#gallery-1 {\n\t\t\t\tmargin: auto;\n\t\t\t}\n\t\t\t#gallery-1 .gallery-item {\n\t\t\t\tfloat: left;\n\t\t\t\tmargin-top: 10px;\n\t\t\t\ttext-align: center;\n\t\t\t\twidth: 33%;\n\t\t\t}\n\t\t\t#gallery-1 img {\n\t\t\t\tborder: 2px solid #cfcfcf;\n\t\t\t}\n\t\t\t#gallery-1 .gallery-caption {\n\t\t\t\tmargin-left: 0;\n\t\t\t}\n\t\t\t\/* see gallery_shortcode() in wp-includes\/media.php *\/\n\t\t<\/style>\n\t\t<div id='gallery-1' class='gallery galleryid-66971 gallery-columns-3 gallery-size-thumbnail'><dl class='gallery-item'>\n\t\t\t<dt class='gallery-icon portrait'>\n\t\t\t\t<a href='https:\/\/www.visit-ulcinj.com\/blog\/2012\/12\/22\/ne-katerkolle-fillon-panairi-i-artizaneve-dhe-ekspozita-etnografike-e-arkeologjike\/panairi-i-artizanateve-dhe-etnografik-ne-katerkolle-5\/'><img width=\"150\" height=\"150\" src=\"https:\/\/www.visit-ulcinj.com\/blog\/wp-content\/uploads\/2012\/12\/Panairi-i-artizanateve-dhe-etnografik-ne-Kat\u00ebrkoll\u00eb.5-150x150.jpg\" class=\"attachment-thumbnail size-thumbnail\" alt=\"\" loading=\"lazy\" \/><\/a>\n\t\t\t<\/dt><\/dl><dl class='gallery-item'>\n\t\t\t<dt class='gallery-icon landscape'>\n\t\t\t\t<a href='https:\/\/www.visit-ulcinj.com\/blog\/2012\/12\/22\/ne-katerkolle-fillon-panairi-i-artizaneve-dhe-ekspozita-etnografike-e-arkeologjike\/panairi-i-artizanateve-dhe-etnografik-ne-katerkolle-4\/'><img width=\"150\" height=\"150\" src=\"https:\/\/www.visit-ulcinj.com\/blog\/wp-content\/uploads\/2012\/12\/Panairi-i-artizanateve-dhe-etnografik-ne-Kat\u00ebrkoll\u00eb.4-150x150.jpg\" class=\"attachment-thumbnail size-thumbnail\" alt=\"\" loading=\"lazy\" \/><\/a>\n\t\t\t<\/dt><\/dl><dl class='gallery-item'>\n\t\t\t<dt class='gallery-icon landscape'>\n\t\t\t\t<a href='https:\/\/www.visit-ulcinj.com\/blog\/2012\/12\/22\/ne-katerkolle-fillon-panairi-i-artizaneve-dhe-ekspozita-etnografike-e-arkeologjike\/panairi-i-artizanateve-dhe-etnografik-ne-katerkolle-3\/'><img width=\"150\" height=\"150\" src=\"https:\/\/www.visit-ulcinj.com\/blog\/wp-content\/uploads\/2012\/12\/Panairi-i-artizanateve-dhe-etnografik-ne-Kat\u00ebrkoll\u00eb.3-150x150.jpg\" class=\"attachment-thumbnail size-thumbnail\" alt=\"\" loading=\"lazy\" \/><\/a>\n\t\t\t<\/dt><\/dl><br style=\"clear: both\" \/><dl class='gallery-item'>\n\t\t\t<dt class='gallery-icon landscape'>\n\t\t\t\t<a href='https:\/\/www.visit-ulcinj.com\/blog\/2012\/12\/22\/ne-katerkolle-fillon-panairi-i-artizaneve-dhe-ekspozita-etnografike-e-arkeologjike\/panairi-i-artizanateve-dhe-etnografik-ne-katerkolle-2\/'><img width=\"150\" height=\"150\" src=\"https:\/\/www.visit-ulcinj.com\/blog\/wp-content\/uploads\/2012\/12\/Panairi-i-artizanateve-dhe-etnografik-ne-Kat\u00ebrkoll\u00eb.2-150x150.jpg\" class=\"attachment-thumbnail size-thumbnail\" alt=\"\" loading=\"lazy\" \/><\/a>\n\t\t\t<\/dt><\/dl><dl class='gallery-item'>\n\t\t\t<dt class='gallery-icon landscape'>\n\t\t\t\t<a href='https:\/\/www.visit-ulcinj.com\/blog\/2012\/12\/22\/ne-katerkolle-fillon-panairi-i-artizaneve-dhe-ekspozita-etnografike-e-arkeologjike\/panairi-i-artizanateve-dhe-etnografik-ne-katerkolle-1\/'><img width=\"150\" height=\"150\" src=\"https:\/\/www.visit-ulcinj.com\/blog\/wp-content\/uploads\/2012\/12\/Panairi-i-artizanateve-dhe-etnografik-ne-Kat\u00ebrkoll\u00eb.1-150x150.jpg\" class=\"attachment-thumbnail size-thumbnail\" alt=\"\" loading=\"lazy\" \/><\/a>\n\t\t\t<\/dt><\/dl><dl class='gallery-item'>\n\t\t\t<dt class='gallery-icon landscape'>\n\t\t\t\t<a href='https:\/\/www.visit-ulcinj.com\/blog\/2012\/12\/22\/ne-katerkolle-fillon-panairi-i-artizaneve-dhe-ekspozita-etnografike-e-arkeologjike\/panairi-i-artizanateve-dhe-etnografik-ne-katerkolle\/'><img width=\"150\" height=\"150\" src=\"https:\/\/www.visit-ulcinj.com\/blog\/wp-content\/uploads\/2012\/12\/Panairi-i-artizanateve-dhe-etnografik-ne-Kat\u00ebrkoll\u00eb-150x150.jpg\" class=\"attachment-thumbnail size-thumbnail\" alt=\"\" loading=\"lazy\" \/><\/a>\n\t\t\t<\/dt><\/dl><br style=\"clear: both\" \/><dl class='gallery-item'>\n\t\t\t<dt class='gallery-icon landscape'>\n\t\t\t\t<a href='https:\/\/www.visit-ulcinj.com\/blog\/2012\/12\/22\/ne-katerkolle-fillon-panairi-i-artizaneve-dhe-ekspozita-etnografike-e-arkeologjike\/panairi-i-artizanateve-dhe-etnografik-ne-katerkolle-10\/'><img width=\"150\" height=\"150\" src=\"https:\/\/www.visit-ulcinj.com\/blog\/wp-content\/uploads\/2012\/12\/Panairi-i-artizanateve-dhe-etnografik-ne-Kat\u00ebrkoll\u00eb.10-150x150.jpg\" class=\"attachment-thumbnail size-thumbnail\" alt=\"\" loading=\"lazy\" \/><\/a>\n\t\t\t<\/dt><\/dl><dl class='gallery-item'>\n\t\t\t<dt class='gallery-icon landscape'>\n\t\t\t\t<a href='https:\/\/www.visit-ulcinj.com\/blog\/2012\/12\/22\/ne-katerkolle-fillon-panairi-i-artizaneve-dhe-ekspozita-etnografike-e-arkeologjike\/panairi-i-artizanateve-dhe-etnografik-ne-katerkolle-9\/'><img width=\"150\" height=\"150\" src=\"https:\/\/www.visit-ulcinj.com\/blog\/wp-content\/uploads\/2012\/12\/Panairi-i-artizanateve-dhe-etnografik-ne-Kat\u00ebrkoll\u00eb.9-150x150.jpg\" class=\"attachment-thumbnail size-thumbnail\" alt=\"\" loading=\"lazy\" \/><\/a>\n\t\t\t<\/dt><\/dl><dl class='gallery-item'>\n\t\t\t<dt class='gallery-icon landscape'>\n\t\t\t\t<a href='https:\/\/www.visit-ulcinj.com\/blog\/2012\/12\/22\/ne-katerkolle-fillon-panairi-i-artizaneve-dhe-ekspozita-etnografike-e-arkeologjike\/panairi-i-artizanateve-dhe-etnografik-ne-katerkolle-8\/'><img width=\"150\" height=\"150\" src=\"https:\/\/www.visit-ulcinj.com\/blog\/wp-content\/uploads\/2012\/12\/Panairi-i-artizanateve-dhe-etnografik-ne-Kat\u00ebrkoll\u00eb.8-150x150.jpg\" class=\"attachment-thumbnail size-thumbnail\" alt=\"\" loading=\"lazy\" \/><\/a>\n\t\t\t<\/dt><\/dl><br style=\"clear: both\" \/>\n\t\t<\/div>\n\n<p>&nbsp;<\/p>\n","protected":false},"excerpt":{"rendered":"<p>Nes\u00ebr n\u00eb ora 11:00 n\u00eb restorantin &#8220;Diamant&#8221; n\u00eb Kat\u00ebrkoll\u00eb, ju ftojm\u00eb t\u00eb merrni pjes\u00eb n\u00eb Panairin e Artizan\u00ebve dhe Ekspozit\u00ebn Etnografike e Arkeologjike.T\u00eb ftuar jan\u00eb artizan\u00eb nga Shqip\u00ebria, Kosova si edhe artizan\u00ebt vendas.E ve\u00e7anta e k\u00ebti panairi do t\u00eb jet\u00eb edhe shpalosja e vlerave etnografike dhe arkeologjike nga Ana e Malit, Ulqini e Kraja, nd\u00ebrsa [&hellip;]<\/p>\n","protected":false},"author":1,"featured_media":0,"comment_status":"open","ping_status":"closed","sticky":false,"template":"","format":"standard","meta":{"spay_email":"","jetpack_publicize_message":"","jetpack_is_tweetstorm":false,"jetpack_publicize_feature_enabled":true},"categories":[1,12],"tags":[14351,3505,212,16553,17828,16552,17834,18370,17811,14352,17831,18362,14349,15136,14353,3510,17808,16245,17401,3502,14354,714,12340,14355,15798,17840,17839,18363,16558,19585,16216,17835,20,17814,17810,17816,14356,17071,17807,3730,3516,14652,14357,3511,15139,17837,17827,16246,16237,16238,21579,6011,10203,3504,14358,19020,3220,222,17802,17812,17803,16214,17820,17825,17817,16249,16564,16547,16559,16565,16551,17805,8966,22011,305,16491,19584,16247,16563,17823,17832,19586,14359,3506,17818,3499,214,17680,14360,14361,3509,16210,17402,16211,14362,19541,216,14363,18371,194,16248,19501,3507,14655,17800,498,3717,3500,1762,4625,16490,115,3228,14364,362,22008,17799,14657,3327,15140,17841,19627,17826,15213,18236,13230,3512,17806,729,16212,11648,18289,17838,95,19583,17813,19587,17804,5937,14365,15141,14658,3227,17836,14366,79,14661,17073,3513,14348,1082,16234,16241,16233,18369,16478,4642,3514,1653,21648,16244,1909,17815,14367,92,13393,16566,17801,18360,14663,19543,125,14906,17822,3501,14368,14369,19542,14665,14664,18527,16243,17824,14370,14666,18291,16557,10472,16236,16232,2083,3231,14371,41,3617,16769,496,3508,15143,14372,3503,14373,14374,17844,3515,17821,16235,16240,5589,18372,17830,16215,17077,3498,2800,18295,15160,14375,17833,17829,899,16242,16546,19,409,200,18,17819,1388,17809,16570,16213,16239,14376],"jetpack_publicize_connections":[],"yoast_head":"<!-- This site is optimized with the Yoast SEO plugin v19.1 - https:\/\/yoast.com\/wordpress\/plugins\/seo\/ -->\n<title>N\u00eb Kat\u00ebrkoll\u00eb fillon Panairi i Artizan\u00ebve dhe Ekspozita Etnografike e Arkeologjike + Foto - Lajme nga Ulqini<\/title>\n<meta name=\"description\" content=\"Nes\u00ebr n\u00eb ora 11:00 n\u00eb restorantin &quot;Diamant&quot; n\u00eb Kat\u00ebrkoll\u00eb, ju ftojm\u00eb t\u00eb merrni pjes\u00eb n\u00eb Panairin e Artizan\u00ebve dhe Ekspozit\u00ebn Etnografike e Arkeologjike.T\u00eb\" \/>\n<meta name=\"robots\" content=\"index, follow, max-snippet:-1, max-image-preview:large, max-video-preview:-1\" \/>\n<link rel=\"canonical\" href=\"https:\/\/www.visit-ulcinj.com\/blog\/2012\/12\/22\/ne-katerkolle-fillon-panairi-i-artizaneve-dhe-ekspozita-etnografike-e-arkeologjike\/\" \/>\n<meta property=\"og:locale\" content=\"en_US\" \/>\n<meta property=\"og:type\" content=\"article\" \/>\n<meta property=\"og:title\" content=\"N\u00eb Kat\u00ebrkoll\u00eb fillon Panairi i Artizan\u00ebve dhe Ekspozita Etnografike e Arkeologjike + Foto - Lajme nga Ulqini\" \/>\n<meta property=\"og:description\" content=\"Nes\u00ebr n\u00eb ora 11:00 n\u00eb restorantin &quot;Diamant&quot; n\u00eb Kat\u00ebrkoll\u00eb, ju ftojm\u00eb t\u00eb merrni pjes\u00eb n\u00eb Panairin e Artizan\u00ebve dhe Ekspozit\u00ebn Etnografike e Arkeologjike.T\u00eb\" \/>\n<meta property=\"og:url\" content=\"https:\/\/www.visit-ulcinj.com\/blog\/2012\/12\/22\/ne-katerkolle-fillon-panairi-i-artizaneve-dhe-ekspozita-etnografike-e-arkeologjike\/\" \/>\n<meta property=\"og:site_name\" content=\"Lajme nga Ulqini\" \/>\n<meta property=\"article:published_time\" content=\"2012-12-22T09:04:39+00:00\" \/>\n<meta property=\"article:modified_time\" content=\"2012-12-25T18:44:36+00:00\" \/>\n<meta property=\"og:image\" content=\"https:\/\/www.visit-ulcinj.com\/blog\/wp-content\/uploads\/2012\/12\/Panairi-i-artizanateve-dhe-etnografik-ne-Kat\u00ebrkoll\u00eb.5-150x150.jpg\" \/>\n<meta name=\"twitter:label1\" content=\"Written by\" \/>\n\t<meta name=\"twitter:data1\" content=\"ulqini\" \/>\n\t<meta name=\"twitter:label2\" content=\"Est. reading time\" \/>\n\t<meta name=\"twitter:data2\" content=\"1 minute\" \/>\n<script type=\"application\/ld+json\" class=\"yoast-schema-graph\">{\"@context\":\"https:\/\/schema.org\",\"@graph\":[{\"@type\":\"WebSite\",\"@id\":\"https:\/\/www.visit-ulcinj.com\/blog\/#website\",\"url\":\"https:\/\/www.visit-ulcinj.com\/blog\/\",\"name\":\"Lajme nga Ulqini\",\"description\":\"Lajme,Vijesti,Ulqini,Ulqin,Crna Gora,Mali i Zi\",\"potentialAction\":[{\"@type\":\"SearchAction\",\"target\":{\"@type\":\"EntryPoint\",\"urlTemplate\":\"https:\/\/www.visit-ulcinj.com\/blog\/?s={search_term_string}\"},\"query-input\":\"required name=search_term_string\"}],\"inLanguage\":\"en-US\"},{\"@type\":\"WebPage\",\"@id\":\"https:\/\/www.visit-ulcinj.com\/blog\/2012\/12\/22\/ne-katerkolle-fillon-panairi-i-artizaneve-dhe-ekspozita-etnografike-e-arkeologjike\/#webpage\",\"url\":\"https:\/\/www.visit-ulcinj.com\/blog\/2012\/12\/22\/ne-katerkolle-fillon-panairi-i-artizaneve-dhe-ekspozita-etnografike-e-arkeologjike\/\",\"name\":\"N\u00eb Kat\u00ebrkoll\u00eb fillon Panairi i Artizan\u00ebve dhe Ekspozita Etnografike e Arkeologjike + Foto - Lajme nga Ulqini\",\"isPartOf\":{\"@id\":\"https:\/\/www.visit-ulcinj.com\/blog\/#website\"},\"datePublished\":\"2012-12-22T09:04:39+00:00\",\"dateModified\":\"2012-12-25T18:44:36+00:00\",\"author\":{\"@id\":\"https:\/\/www.visit-ulcinj.com\/blog\/#\/schema\/person\/dcab619c614d3038751c63bc2aadc06d\"},\"description\":\"Nes\u00ebr n\u00eb ora 11:00 n\u00eb restorantin \\\"Diamant\\\" n\u00eb Kat\u00ebrkoll\u00eb, ju ftojm\u00eb t\u00eb merrni pjes\u00eb n\u00eb Panairin e Artizan\u00ebve dhe Ekspozit\u00ebn Etnografike e Arkeologjike.T\u00eb\",\"breadcrumb\":{\"@id\":\"https:\/\/www.visit-ulcinj.com\/blog\/2012\/12\/22\/ne-katerkolle-fillon-panairi-i-artizaneve-dhe-ekspozita-etnografike-e-arkeologjike\/#breadcrumb\"},\"inLanguage\":\"en-US\",\"potentialAction\":[{\"@type\":\"ReadAction\",\"target\":[\"https:\/\/www.visit-ulcinj.com\/blog\/2012\/12\/22\/ne-katerkolle-fillon-panairi-i-artizaneve-dhe-ekspozita-etnografike-e-arkeologjike\/\"]}]},{\"@type\":\"BreadcrumbList\",\"@id\":\"https:\/\/www.visit-ulcinj.com\/blog\/2012\/12\/22\/ne-katerkolle-fillon-panairi-i-artizaneve-dhe-ekspozita-etnografike-e-arkeologjike\/#breadcrumb\",\"itemListElement\":[{\"@type\":\"ListItem\",\"position\":1,\"name\":\"N\u00eb Kat\u00ebrkoll\u00eb fillon Panairi i Artizan\u00ebve dhe Ekspozita Etnografike e Arkeologjike + Foto\"}]},{\"@type\":\"Person\",\"@id\":\"https:\/\/www.visit-ulcinj.com\/blog\/#\/schema\/person\/dcab619c614d3038751c63bc2aadc06d\",\"name\":\"ulqini\",\"sameAs\":[\"http:\/\/www.visit-ulcinj.com\"],\"url\":\"https:\/\/www.visit-ulcinj.com\/blog\/author\/admin\/\"}]}<\/script>\n<!-- \/ Yoast SEO plugin. -->","yoast_head_json":{"title":"N\u00eb Kat\u00ebrkoll\u00eb fillon Panairi i Artizan\u00ebve dhe Ekspozita Etnografike e Arkeologjike + Foto - Lajme nga Ulqini","description":"Nes\u00ebr n\u00eb ora 11:00 n\u00eb restorantin \"Diamant\" n\u00eb Kat\u00ebrkoll\u00eb, ju ftojm\u00eb t\u00eb merrni pjes\u00eb n\u00eb Panairin e Artizan\u00ebve dhe Ekspozit\u00ebn Etnografike e Arkeologjike.T\u00eb","robots":{"index":"index","follow":"follow","max-snippet":"max-snippet:-1","max-image-preview":"max-image-preview:large","max-video-preview":"max-video-preview:-1"},"canonical":"https:\/\/www.visit-ulcinj.com\/blog\/2012\/12\/22\/ne-katerkolle-fillon-panairi-i-artizaneve-dhe-ekspozita-etnografike-e-arkeologjike\/","og_locale":"en_US","og_type":"article","og_title":"N\u00eb Kat\u00ebrkoll\u00eb fillon Panairi i Artizan\u00ebve dhe Ekspozita Etnografike e Arkeologjike + Foto - Lajme nga Ulqini","og_description":"Nes\u00ebr n\u00eb ora 11:00 n\u00eb restorantin \"Diamant\" n\u00eb Kat\u00ebrkoll\u00eb, ju ftojm\u00eb t\u00eb merrni pjes\u00eb n\u00eb Panairin e Artizan\u00ebve dhe Ekspozit\u00ebn Etnografike e Arkeologjike.T\u00eb","og_url":"https:\/\/www.visit-ulcinj.com\/blog\/2012\/12\/22\/ne-katerkolle-fillon-panairi-i-artizaneve-dhe-ekspozita-etnografike-e-arkeologjike\/","og_site_name":"Lajme nga Ulqini","article_published_time":"2012-12-22T09:04:39+00:00","article_modified_time":"2012-12-25T18:44:36+00:00","og_image":[{"url":"https:\/\/www.visit-ulcinj.com\/blog\/wp-content\/uploads\/2012\/12\/Panairi-i-artizanateve-dhe-etnografik-ne-Kat\u00ebrkoll\u00eb.5-150x150.jpg"}],"twitter_misc":{"Written by":"ulqini","Est. reading time":"1 minute"},"schema":{"@context":"https:\/\/schema.org","@graph":[{"@type":"WebSite","@id":"https:\/\/www.visit-ulcinj.com\/blog\/#website","url":"https:\/\/www.visit-ulcinj.com\/blog\/","name":"Lajme nga Ulqini","description":"Lajme,Vijesti,Ulqini,Ulqin,Crna Gora,Mali i Zi","potentialAction":[{"@type":"SearchAction","target":{"@type":"EntryPoint","urlTemplate":"https:\/\/www.visit-ulcinj.com\/blog\/?s={search_term_string}"},"query-input":"required name=search_term_string"}],"inLanguage":"en-US"},{"@type":"WebPage","@id":"https:\/\/www.visit-ulcinj.com\/blog\/2012\/12\/22\/ne-katerkolle-fillon-panairi-i-artizaneve-dhe-ekspozita-etnografike-e-arkeologjike\/#webpage","url":"https:\/\/www.visit-ulcinj.com\/blog\/2012\/12\/22\/ne-katerkolle-fillon-panairi-i-artizaneve-dhe-ekspozita-etnografike-e-arkeologjike\/","name":"N\u00eb Kat\u00ebrkoll\u00eb fillon Panairi i Artizan\u00ebve dhe Ekspozita Etnografike e Arkeologjike + Foto - Lajme nga Ulqini","isPartOf":{"@id":"https:\/\/www.visit-ulcinj.com\/blog\/#website"},"datePublished":"2012-12-22T09:04:39+00:00","dateModified":"2012-12-25T18:44:36+00:00","author":{"@id":"https:\/\/www.visit-ulcinj.com\/blog\/#\/schema\/person\/dcab619c614d3038751c63bc2aadc06d"},"description":"Nes\u00ebr n\u00eb ora 11:00 n\u00eb restorantin \"Diamant\" n\u00eb Kat\u00ebrkoll\u00eb, ju ftojm\u00eb t\u00eb merrni pjes\u00eb n\u00eb Panairin e Artizan\u00ebve dhe Ekspozit\u00ebn Etnografike e Arkeologjike.T\u00eb","breadcrumb":{"@id":"https:\/\/www.visit-ulcinj.com\/blog\/2012\/12\/22\/ne-katerkolle-fillon-panairi-i-artizaneve-dhe-ekspozita-etnografike-e-arkeologjike\/#breadcrumb"},"inLanguage":"en-US","potentialAction":[{"@type":"ReadAction","target":["https:\/\/www.visit-ulcinj.com\/blog\/2012\/12\/22\/ne-katerkolle-fillon-panairi-i-artizaneve-dhe-ekspozita-etnografike-e-arkeologjike\/"]}]},{"@type":"BreadcrumbList","@id":"https:\/\/www.visit-ulcinj.com\/blog\/2012\/12\/22\/ne-katerkolle-fillon-panairi-i-artizaneve-dhe-ekspozita-etnografike-e-arkeologjike\/#breadcrumb","itemListElement":[{"@type":"ListItem","position":1,"name":"N\u00eb Kat\u00ebrkoll\u00eb fillon Panairi i Artizan\u00ebve dhe Ekspozita Etnografike e Arkeologjike + Foto"}]},{"@type":"Person","@id":"https:\/\/www.visit-ulcinj.com\/blog\/#\/schema\/person\/dcab619c614d3038751c63bc2aadc06d","name":"ulqini","sameAs":["http:\/\/www.visit-ulcinj.com"],"url":"https:\/\/www.visit-ulcinj.com\/blog\/author\/admin\/"}]}},"jetpack_featured_media_url":"","jetpack_sharing_enabled":true,"jetpack_shortlink":"https:\/\/wp.me\/pe6lTn-hqb","_links":{"self":[{"href":"https:\/\/www.visit-ulcinj.com\/blog\/wp-json\/wp\/v2\/posts\/66971"}],"collection":[{"href":"https:\/\/www.visit-ulcinj.com\/blog\/wp-json\/wp\/v2\/posts"}],"about":[{"href":"https:\/\/www.visit-ulcinj.com\/blog\/wp-json\/wp\/v2\/types\/post"}],"author":[{"embeddable":true,"href":"https:\/\/www.visit-ulcinj.com\/blog\/wp-json\/wp\/v2\/users\/1"}],"replies":[{"embeddable":true,"href":"https:\/\/www.visit-ulcinj.com\/blog\/wp-json\/wp\/v2\/comments?post=66971"}],"version-history":[{"count":11,"href":"https:\/\/www.visit-ulcinj.com\/blog\/wp-json\/wp\/v2\/posts\/66971\/revisions"}],"predecessor-version":[{"id":67147,"href":"https:\/\/www.visit-ulcinj.com\/blog\/wp-json\/wp\/v2\/posts\/66971\/revisions\/67147"}],"wp:attachment":[{"href":"https:\/\/www.visit-ulcinj.com\/blog\/wp-json\/wp\/v2\/media?parent=66971"}],"wp:term":[{"taxonomy":"category","embeddable":true,"href":"https:\/\/www.visit-ulcinj.com\/blog\/wp-json\/wp\/v2\/categories?post=66971"},{"taxonomy":"post_tag","embeddable":true,"href":"https:\/\/www.visit-ulcinj.com\/blog\/wp-json\/wp\/v2\/tags?post=66971"}],"curies":[{"name":"wp","href":"https:\/\/api.w.org\/{rel}","templated":true}]}}