{"id":6698,"date":"2008-11-25T20:59:44","date_gmt":"2008-11-25T19:59:44","guid":{"rendered":"http:\/\/www.visit-ulcinj.com\/blog\/?p=6698"},"modified":"2008-11-25T20:59:44","modified_gmt":"2008-11-25T19:59:44","slug":"mes-shqiperise-dhe-malit-te-ziritje-te-nivelit-ekonomik","status":"publish","type":"post","link":"https:\/\/www.visit-ulcinj.com\/blog\/2008\/11\/25\/mes-shqiperise-dhe-malit-te-ziritje-te-nivelit-ekonomik\/","title":{"rendered":"Mes Shqip\u00ebris\u00eb dhe Malit t\u00eb Zi,ritje t\u00eb nivelit ekonomik"},"content":{"rendered":"<p><a href=\"http:\/\/www.visit-ulcinj.com\/blog\/wp-content\/uploads\/2008\/11\/jozefina-topalli_millo-gjukanovic.jpg\"><img loading=\"lazy\" class=\"alignleft size-medium wp-image-6699\" title=\"jozefina-topalli_millo-gjukanovic\" src=\"http:\/\/www.visit-ulcinj.com\/blog\/wp-content\/uploads\/2008\/11\/jozefina-topalli_millo-gjukanovic-300x206.jpg\" alt=\"\" width=\"340\" height=\"233\" srcset=\"https:\/\/www.visit-ulcinj.com\/blog\/wp-content\/uploads\/2008\/11\/jozefina-topalli_millo-gjukanovic-300x206.jpg 300w, https:\/\/www.visit-ulcinj.com\/blog\/wp-content\/uploads\/2008\/11\/jozefina-topalli_millo-gjukanovic.jpg 639w\" sizes=\"(max-width: 340px) 100vw, 340px\" \/><\/a>Fillimi i rrug\u00ebs Shkod\u00ebr-Hani i Hotit dhe realizimi i projekteve t\u00eb tjera rajonale nxisin rritjen ekonomike dhe forcim t\u00eb tregut rajonal.<br \/>\nMes Shqip\u00ebris\u00eb dhe Malit t\u00eb Zi s\u00eb fundmi ka nj\u00eb rritje t\u00eb nivelit ekonomik por ka ende potenciale p\u00ebr t\u2019u shfryt\u00ebzuar.<br \/>\nN\u00eb takimin me Kryeministrin e Malit t\u00eb Zi, duke u ndalur n\u00eb c\u00ebshtje t\u00eb lidhjes s\u00eb ve\u00e7ant\u00eb mes dy vendeve, Kryetarja e Kuvendit shprehu k\u00ebnaq\u00ebsin\u00eb p\u00ebr realizimin e tenderit t\u00eb rrug\u00ebs Shkod\u00ebr-Hani i Hotit, duke shtuar se edhe lidhja p\u00ebrmes liqenit t\u00eb Shkodr\u00ebs \u00ebsht\u00eb shum\u00eb e ve\u00e7ant\u00eb e duhet patur n\u00eb vemendje.<br \/>\nKryeministri i Malit t\u00eb zi dhe Kryetarja e Kuvendit theksuan se \u00e7\u00ebshtje thelb\u00ebsore e rajonit \u00ebsht\u00eb stabiliteti dhe ai do t\u00eb jet\u00eb afatgjat\u00eb n\u00ebse t\u00eb gjitha vendet tona bashk\u00ebpunojn\u00eb ngusht\u00eb edhe n\u00eb fush\u00ebn ekonomike.<br \/>\nProjektet e infrastruktur\u00ebs rajonale, tha Kryetarja e Kuvendit duhet t\u00eb jen\u00eb n\u00eb fokusin e t\u00eb gjitha vendeve tona n\u00eb m\u00ebnyr\u00eb q\u00eb t\u00eb krijojm\u00eb k\u00ebshtu nj\u00eb hap\u00ebsir\u00eb t\u00eb gjer\u00eb bashk\u00ebpunimi ekonomik q\u00eb do t\u00eb sjell\u00eb p\u00ebrfitime jo vet\u00ebm p\u00ebr secilin nga vendet por do t\u00eb ndikoj\u00eb pozitivisht n\u00eb t\u00eb gjith\u00eb Ballkanin.<\/p>\n<p>Sherbimi informatif<\/p>\n","protected":false},"excerpt":{"rendered":"<p>Fillimi i rrug\u00ebs Shkod\u00ebr-Hani i Hotit dhe realizimi i projekteve t\u00eb tjera rajonale nxisin rritjen ekonomike dhe forcim t\u00eb tregut rajonal. Mes Shqip\u00ebris\u00eb dhe Malit t\u00eb Zi s\u00eb fundmi ka nj\u00eb rritje t\u00eb nivelit ekonomik por ka ende potenciale p\u00ebr t\u2019u shfryt\u00ebzuar. N\u00eb takimin me Kryeministrin e Malit t\u00eb Zi, duke u ndalur n\u00eb c\u00ebshtje [&hellip;]<\/p>\n","protected":false},"author":1,"featured_media":0,"comment_status":"open","ping_status":"closed","sticky":false,"template":"","format":"standard","meta":{"spay_email":"","jetpack_publicize_message":"","jetpack_is_tweetstorm":false,"jetpack_publicize_feature_enabled":true},"categories":[1],"tags":[3713,2433],"jetpack_publicize_connections":[],"yoast_head":"<!-- This site is optimized with the Yoast SEO plugin v19.1 - https:\/\/yoast.com\/wordpress\/plugins\/seo\/ -->\n<title>Mes Shqip\u00ebris\u00eb dhe Malit t\u00eb Zi,ritje t\u00eb nivelit ekonomik - Lajme nga Ulqini<\/title>\n<meta name=\"description\" content=\"Fillimi i rrug\u00ebs Shkod\u00ebr-Hani i Hotit dhe realizimi i projekteve t\u00eb tjera rajonale nxisin rritjen ekonomike dhe forcim t\u00eb tregut rajonal. Mes Shqip\u00ebris\u00eb\" \/>\n<meta name=\"robots\" content=\"index, follow, max-snippet:-1, max-image-preview:large, max-video-preview:-1\" \/>\n<link rel=\"canonical\" href=\"https:\/\/www.visit-ulcinj.com\/blog\/2008\/11\/25\/mes-shqiperise-dhe-malit-te-ziritje-te-nivelit-ekonomik\/\" \/>\n<meta property=\"og:locale\" content=\"en_US\" \/>\n<meta property=\"og:type\" content=\"article\" \/>\n<meta property=\"og:title\" content=\"Mes Shqip\u00ebris\u00eb dhe Malit t\u00eb Zi,ritje t\u00eb nivelit ekonomik - Lajme nga Ulqini\" \/>\n<meta property=\"og:description\" content=\"Fillimi i rrug\u00ebs Shkod\u00ebr-Hani i Hotit dhe realizimi i projekteve t\u00eb tjera rajonale nxisin rritjen ekonomike dhe forcim t\u00eb tregut rajonal. Mes Shqip\u00ebris\u00eb\" \/>\n<meta property=\"og:url\" content=\"https:\/\/www.visit-ulcinj.com\/blog\/2008\/11\/25\/mes-shqiperise-dhe-malit-te-ziritje-te-nivelit-ekonomik\/\" \/>\n<meta property=\"og:site_name\" content=\"Lajme nga Ulqini\" \/>\n<meta property=\"article:published_time\" content=\"2008-11-25T19:59:44+00:00\" \/>\n<meta property=\"og:image\" content=\"http:\/\/www.visit-ulcinj.com\/blog\/wp-content\/uploads\/2008\/11\/jozefina-topalli_millo-gjukanovic-300x206.jpg\" \/>\n<meta name=\"twitter:label1\" content=\"Written by\" \/>\n\t<meta name=\"twitter:data1\" content=\"ulqini\" \/>\n\t<meta name=\"twitter:label2\" content=\"Est. reading time\" \/>\n\t<meta name=\"twitter:data2\" content=\"1 minute\" \/>\n<script type=\"application\/ld+json\" class=\"yoast-schema-graph\">{\"@context\":\"https:\/\/schema.org\",\"@graph\":[{\"@type\":\"WebSite\",\"@id\":\"https:\/\/www.visit-ulcinj.com\/blog\/#website\",\"url\":\"https:\/\/www.visit-ulcinj.com\/blog\/\",\"name\":\"Lajme nga Ulqini\",\"description\":\"Lajme,Vijesti,Ulqini,Ulqin,Crna Gora,Mali i Zi\",\"potentialAction\":[{\"@type\":\"SearchAction\",\"target\":{\"@type\":\"EntryPoint\",\"urlTemplate\":\"https:\/\/www.visit-ulcinj.com\/blog\/?s={search_term_string}\"},\"query-input\":\"required name=search_term_string\"}],\"inLanguage\":\"en-US\"},{\"@type\":\"ImageObject\",\"inLanguage\":\"en-US\",\"@id\":\"https:\/\/www.visit-ulcinj.com\/blog\/2008\/11\/25\/mes-shqiperise-dhe-malit-te-ziritje-te-nivelit-ekonomik\/#primaryimage\",\"url\":\"http:\/\/www.visit-ulcinj.com\/blog\/wp-content\/uploads\/2008\/11\/jozefina-topalli_millo-gjukanovic-300x206.jpg\",\"contentUrl\":\"http:\/\/www.visit-ulcinj.com\/blog\/wp-content\/uploads\/2008\/11\/jozefina-topalli_millo-gjukanovic-300x206.jpg\"},{\"@type\":\"WebPage\",\"@id\":\"https:\/\/www.visit-ulcinj.com\/blog\/2008\/11\/25\/mes-shqiperise-dhe-malit-te-ziritje-te-nivelit-ekonomik\/#webpage\",\"url\":\"https:\/\/www.visit-ulcinj.com\/blog\/2008\/11\/25\/mes-shqiperise-dhe-malit-te-ziritje-te-nivelit-ekonomik\/\",\"name\":\"Mes Shqip\u00ebris\u00eb dhe Malit t\u00eb Zi,ritje t\u00eb nivelit ekonomik - Lajme nga Ulqini\",\"isPartOf\":{\"@id\":\"https:\/\/www.visit-ulcinj.com\/blog\/#website\"},\"primaryImageOfPage\":{\"@id\":\"https:\/\/www.visit-ulcinj.com\/blog\/2008\/11\/25\/mes-shqiperise-dhe-malit-te-ziritje-te-nivelit-ekonomik\/#primaryimage\"},\"datePublished\":\"2008-11-25T19:59:44+00:00\",\"dateModified\":\"2008-11-25T19:59:44+00:00\",\"author\":{\"@id\":\"https:\/\/www.visit-ulcinj.com\/blog\/#\/schema\/person\/dcab619c614d3038751c63bc2aadc06d\"},\"description\":\"Fillimi i rrug\u00ebs Shkod\u00ebr-Hani i Hotit dhe realizimi i projekteve t\u00eb tjera rajonale nxisin rritjen ekonomike dhe forcim t\u00eb tregut rajonal. Mes Shqip\u00ebris\u00eb\",\"breadcrumb\":{\"@id\":\"https:\/\/www.visit-ulcinj.com\/blog\/2008\/11\/25\/mes-shqiperise-dhe-malit-te-ziritje-te-nivelit-ekonomik\/#breadcrumb\"},\"inLanguage\":\"en-US\",\"potentialAction\":[{\"@type\":\"ReadAction\",\"target\":[\"https:\/\/www.visit-ulcinj.com\/blog\/2008\/11\/25\/mes-shqiperise-dhe-malit-te-ziritje-te-nivelit-ekonomik\/\"]}]},{\"@type\":\"BreadcrumbList\",\"@id\":\"https:\/\/www.visit-ulcinj.com\/blog\/2008\/11\/25\/mes-shqiperise-dhe-malit-te-ziritje-te-nivelit-ekonomik\/#breadcrumb\",\"itemListElement\":[{\"@type\":\"ListItem\",\"position\":1,\"name\":\"Mes Shqip\u00ebris\u00eb dhe Malit t\u00eb Zi,ritje t\u00eb nivelit ekonomik\"}]},{\"@type\":\"Person\",\"@id\":\"https:\/\/www.visit-ulcinj.com\/blog\/#\/schema\/person\/dcab619c614d3038751c63bc2aadc06d\",\"name\":\"ulqini\",\"sameAs\":[\"http:\/\/www.visit-ulcinj.com\"],\"url\":\"https:\/\/www.visit-ulcinj.com\/blog\/author\/admin\/\"}]}<\/script>\n<!-- \/ Yoast SEO plugin. -->","yoast_head_json":{"title":"Mes Shqip\u00ebris\u00eb dhe Malit t\u00eb Zi,ritje t\u00eb nivelit ekonomik - Lajme nga Ulqini","description":"Fillimi i rrug\u00ebs Shkod\u00ebr-Hani i Hotit dhe realizimi i projekteve t\u00eb tjera rajonale nxisin rritjen ekonomike dhe forcim t\u00eb tregut rajonal. Mes Shqip\u00ebris\u00eb","robots":{"index":"index","follow":"follow","max-snippet":"max-snippet:-1","max-image-preview":"max-image-preview:large","max-video-preview":"max-video-preview:-1"},"canonical":"https:\/\/www.visit-ulcinj.com\/blog\/2008\/11\/25\/mes-shqiperise-dhe-malit-te-ziritje-te-nivelit-ekonomik\/","og_locale":"en_US","og_type":"article","og_title":"Mes Shqip\u00ebris\u00eb dhe Malit t\u00eb Zi,ritje t\u00eb nivelit ekonomik - Lajme nga Ulqini","og_description":"Fillimi i rrug\u00ebs Shkod\u00ebr-Hani i Hotit dhe realizimi i projekteve t\u00eb tjera rajonale nxisin rritjen ekonomike dhe forcim t\u00eb tregut rajonal. Mes Shqip\u00ebris\u00eb","og_url":"https:\/\/www.visit-ulcinj.com\/blog\/2008\/11\/25\/mes-shqiperise-dhe-malit-te-ziritje-te-nivelit-ekonomik\/","og_site_name":"Lajme nga Ulqini","article_published_time":"2008-11-25T19:59:44+00:00","og_image":[{"url":"http:\/\/www.visit-ulcinj.com\/blog\/wp-content\/uploads\/2008\/11\/jozefina-topalli_millo-gjukanovic-300x206.jpg"}],"twitter_misc":{"Written by":"ulqini","Est. reading time":"1 minute"},"schema":{"@context":"https:\/\/schema.org","@graph":[{"@type":"WebSite","@id":"https:\/\/www.visit-ulcinj.com\/blog\/#website","url":"https:\/\/www.visit-ulcinj.com\/blog\/","name":"Lajme nga Ulqini","description":"Lajme,Vijesti,Ulqini,Ulqin,Crna Gora,Mali i Zi","potentialAction":[{"@type":"SearchAction","target":{"@type":"EntryPoint","urlTemplate":"https:\/\/www.visit-ulcinj.com\/blog\/?s={search_term_string}"},"query-input":"required name=search_term_string"}],"inLanguage":"en-US"},{"@type":"ImageObject","inLanguage":"en-US","@id":"https:\/\/www.visit-ulcinj.com\/blog\/2008\/11\/25\/mes-shqiperise-dhe-malit-te-ziritje-te-nivelit-ekonomik\/#primaryimage","url":"http:\/\/www.visit-ulcinj.com\/blog\/wp-content\/uploads\/2008\/11\/jozefina-topalli_millo-gjukanovic-300x206.jpg","contentUrl":"http:\/\/www.visit-ulcinj.com\/blog\/wp-content\/uploads\/2008\/11\/jozefina-topalli_millo-gjukanovic-300x206.jpg"},{"@type":"WebPage","@id":"https:\/\/www.visit-ulcinj.com\/blog\/2008\/11\/25\/mes-shqiperise-dhe-malit-te-ziritje-te-nivelit-ekonomik\/#webpage","url":"https:\/\/www.visit-ulcinj.com\/blog\/2008\/11\/25\/mes-shqiperise-dhe-malit-te-ziritje-te-nivelit-ekonomik\/","name":"Mes Shqip\u00ebris\u00eb dhe Malit t\u00eb Zi,ritje t\u00eb nivelit ekonomik - Lajme nga Ulqini","isPartOf":{"@id":"https:\/\/www.visit-ulcinj.com\/blog\/#website"},"primaryImageOfPage":{"@id":"https:\/\/www.visit-ulcinj.com\/blog\/2008\/11\/25\/mes-shqiperise-dhe-malit-te-ziritje-te-nivelit-ekonomik\/#primaryimage"},"datePublished":"2008-11-25T19:59:44+00:00","dateModified":"2008-11-25T19:59:44+00:00","author":{"@id":"https:\/\/www.visit-ulcinj.com\/blog\/#\/schema\/person\/dcab619c614d3038751c63bc2aadc06d"},"description":"Fillimi i rrug\u00ebs Shkod\u00ebr-Hani i Hotit dhe realizimi i projekteve t\u00eb tjera rajonale nxisin rritjen ekonomike dhe forcim t\u00eb tregut rajonal. Mes Shqip\u00ebris\u00eb","breadcrumb":{"@id":"https:\/\/www.visit-ulcinj.com\/blog\/2008\/11\/25\/mes-shqiperise-dhe-malit-te-ziritje-te-nivelit-ekonomik\/#breadcrumb"},"inLanguage":"en-US","potentialAction":[{"@type":"ReadAction","target":["https:\/\/www.visit-ulcinj.com\/blog\/2008\/11\/25\/mes-shqiperise-dhe-malit-te-ziritje-te-nivelit-ekonomik\/"]}]},{"@type":"BreadcrumbList","@id":"https:\/\/www.visit-ulcinj.com\/blog\/2008\/11\/25\/mes-shqiperise-dhe-malit-te-ziritje-te-nivelit-ekonomik\/#breadcrumb","itemListElement":[{"@type":"ListItem","position":1,"name":"Mes Shqip\u00ebris\u00eb dhe Malit t\u00eb Zi,ritje t\u00eb nivelit ekonomik"}]},{"@type":"Person","@id":"https:\/\/www.visit-ulcinj.com\/blog\/#\/schema\/person\/dcab619c614d3038751c63bc2aadc06d","name":"ulqini","sameAs":["http:\/\/www.visit-ulcinj.com"],"url":"https:\/\/www.visit-ulcinj.com\/blog\/author\/admin\/"}]}},"jetpack_featured_media_url":"","jetpack_sharing_enabled":true,"jetpack_shortlink":"https:\/\/wp.me\/pe6lTn-1K2","_links":{"self":[{"href":"https:\/\/www.visit-ulcinj.com\/blog\/wp-json\/wp\/v2\/posts\/6698"}],"collection":[{"href":"https:\/\/www.visit-ulcinj.com\/blog\/wp-json\/wp\/v2\/posts"}],"about":[{"href":"https:\/\/www.visit-ulcinj.com\/blog\/wp-json\/wp\/v2\/types\/post"}],"author":[{"embeddable":true,"href":"https:\/\/www.visit-ulcinj.com\/blog\/wp-json\/wp\/v2\/users\/1"}],"replies":[{"embeddable":true,"href":"https:\/\/www.visit-ulcinj.com\/blog\/wp-json\/wp\/v2\/comments?post=6698"}],"version-history":[{"count":0,"href":"https:\/\/www.visit-ulcinj.com\/blog\/wp-json\/wp\/v2\/posts\/6698\/revisions"}],"wp:attachment":[{"href":"https:\/\/www.visit-ulcinj.com\/blog\/wp-json\/wp\/v2\/media?parent=6698"}],"wp:term":[{"taxonomy":"category","embeddable":true,"href":"https:\/\/www.visit-ulcinj.com\/blog\/wp-json\/wp\/v2\/categories?post=6698"},{"taxonomy":"post_tag","embeddable":true,"href":"https:\/\/www.visit-ulcinj.com\/blog\/wp-json\/wp\/v2\/tags?post=6698"}],"curies":[{"name":"wp","href":"https:\/\/api.w.org\/{rel}","templated":true}]}}