{"id":67007,"date":"2012-12-22T19:56:41","date_gmt":"2012-12-22T18:56:41","guid":{"rendered":"http:\/\/www.visit-ulcinj.com\/blog\/?p=67007"},"modified":"2012-12-23T08:03:38","modified_gmt":"2012-12-23T07:03:38","slug":"ulcinj-zidpredstavljen-projekat-prekogranicne-saradnje","status":"publish","type":"post","link":"https:\/\/www.visit-ulcinj.com\/blog\/2012\/12\/22\/ulcinj-zidpredstavljen-projekat-prekogranicne-saradnje\/","title":{"rendered":"Ulcinj: \u201eZid\u201dpredstavljen projekat prekograni\u010dne saradnje"},"content":{"rendered":"<p><strong><a href=\"http:\/\/www.visit-ulcinj.com\/blog\/wp-content\/uploads\/2012\/12\/ADP-ZID_Ulcinj_-Montenegro.jpg\"><img loading=\"lazy\" class=\"alignleft size-full wp-image-66821\" alt=\"ADP-ZID_Ulcinj_ Montenegro\" src=\"http:\/\/www.visit-ulcinj.com\/blog\/wp-content\/uploads\/2012\/12\/ADP-ZID_Ulcinj_-Montenegro.jpg\" width=\"508\" height=\"100\" srcset=\"https:\/\/www.visit-ulcinj.com\/blog\/wp-content\/uploads\/2012\/12\/ADP-ZID_Ulcinj_-Montenegro.jpg 508w, https:\/\/www.visit-ulcinj.com\/blog\/wp-content\/uploads\/2012\/12\/ADP-ZID_Ulcinj_-Montenegro-300x59.jpg 300w\" sizes=\"(max-width: 508px) 100vw, 508px\" \/><\/a>Djeca zaslu\u017euju samo najbolje<\/strong><br \/>\nAsocijacija za demokratski prosperitet \u201eZid\u201d predstavila je ju\u010de projekat pod nazivom \u201eRazvoj lokalnih strategija o socijalnim servisima za prekograni\u010dnu oblast Skadra i Ulcinja\u201c. Cilj projekta je pobolj\u0161anje socijalnog razvoja i socijalne kohezije u regiji Skadra u Albaniji i op\u0161tini Ulcinj, a podr\u017ean je od strane Evropske unije koju predstavlja Delegacija u Crnoj Gori, kroz IPA prekograni\u010dni program Albanija\u2013Crna Gora. Prema rije\u010dima portparola asocijacije \u201eZid\u201d \u017dane Bukili\u0107, planirano je da se postigne krajnji cilj projekta kroz zajedni\u010dke interese dvije zemlje, uz kori\u0161\u0107enje socijalnih i ekonomskih potencijala u ostvarivanju regionalnog razvoja i olak\u0161avanju prekograni\u010dne saradnje.<br \/>\n\u2013 Analizira\u0107emo trenutno stanje u sektoru socijanih usluga za djecu, s posebnim osvrtom na analizu bud\u017eeta namijenjenog djeci, na osnovu \u010dega \u0107emo uz obezbje\u0111ivanje ukupnog u\u010de\u0161\u0107a zajednice uraditi strate\u0161ki dokument koji \u0107e predstavljati mehanizam pomo\u0107i i pru\u017eiti podr\u0161ku u implementaciji projekta. Radi\u0107emo na pove\u0107anju kapaciteta pru\u017eaoca socijalnih usluga za djecu, kao i na pove\u0107anju kapaciteta donosioca odluka onih koji u\u010destvuju u projektu, u dva formirana tijela. Tako\u0111e, promovisa\u0107emo koncept participacije u dono\u0161enju odluka koje su u njihovom interesu. Pojednostavljeno re\u010deno, narednih 18 mjeseci radi\u0107emo na tome da Ulcinj postane grad u kom \u0107e djeca imati kvalitetniji \u017eivot \u2013 kazala je Bukili\u0107eva. Sekretar Sekretarijata za dru\u0161tvene djelatnosti \u0110ina \u0110onovi\u0107 kazala je da Op\u0161tina Ulcinj treba da usvoji Lokalni plan akcije za djecu, dokument u kojem su ve\u0107 prepoznate potrebe najmla\u0111ih u op\u0161tini.<br \/>\n<a href=\"http:\/\/www.visit-ulcinj.com\/blog\/wp-content\/uploads\/2012\/12\/Duraku-Mehmet-Ulcinj_Ulqin.jpg\"><img loading=\"lazy\" class=\"alignleft size-full wp-image-67009\" alt=\"Duraku Mehmet Ulcinj_Ulqin\" src=\"http:\/\/www.visit-ulcinj.com\/blog\/wp-content\/uploads\/2012\/12\/Duraku-Mehmet-Ulcinj_Ulqin.jpg\" width=\"300\" height=\"450\" srcset=\"https:\/\/www.visit-ulcinj.com\/blog\/wp-content\/uploads\/2012\/12\/Duraku-Mehmet-Ulcinj_Ulqin.jpg 300w, https:\/\/www.visit-ulcinj.com\/blog\/wp-content\/uploads\/2012\/12\/Duraku-Mehmet-Ulcinj_Ulqin-200x300.jpg 200w\" sizes=\"(max-width: 300px) 100vw, 300px\" \/><\/a>\u2013 Kroz ovaj projekat obezbijedi\u0107emo dio finansijskih sredstava koja nam nedostaju kako bismo sproveli sve \u0161to je pomenutim planom predvi\u0111eno. Nadam se da \u0107emo aktivno sara\u0111ivati kako bi se \u0161to vi\u0161e prilagodili potrebama djece i najmla\u0111ima obezbijedili neke nove sadr\u017eaje koji \u0107e ih motivisati u svakom pogledu \u2013 kazala je \u0110onovi\u0107eva. Direktor Asocijacije za demokratski prosperitet \u201eZid\u201d Igor Milo\u0161evi\u0107 izrazio je o\u010dekivanje da \u0107e projekat omogu\u0107iti da svi gra\u0111ani, lokalne institucije i biznis sektor budu uklju\u010deni u stvaranje servisa koji, kako je kazao, ne\u0107e \u010dekati na dr\u017eavu da bi se uradilo ne\u0161to \u0161to je potreba grada, a prije svega djece.<br \/>\n\u2013 Identifikovali smo potrebe i trudi\u0107emo se da do\u0111emo do mehanizma kako da zaintersovane strane ubudu\u0107e aktivno doprinesu rje\u0161avanju konkretnih potreba koje svaki grad ima \u2013 rekao je Milo\u0161evi\u0107, izme\u0111u ostalog.<\/p>\n<p><strong>Bi\u0107e bolje<\/strong><br \/>\nDirektor Centra za socijalni rad i \u010dlan projektnog odbora Mehmet Duraku naglasio je da \u0107e se raditi u najboljem interesu djece, a poseban motiv je i razvijanje prekograni\u010dne saradnje izme\u0111u dvije dr\u017eave i dva grada.<br \/>\n\u2013 Djeca u Ulcinju nemaju ba\u0161 mnogo sadr\u017eaja koji odgovaraju njihovom uzrastu. Kroz ovaj projekat vjerujem da \u0107emo to promijeniti nabolje. Bi\u0107e edukacionih servisa za svu djecu, posebno za djecu s posebnim potrebama \u2013 rekao je Duraku.<\/p>\n<p><strong>Izvor: DAN<\/strong><\/p>\n","protected":false},"excerpt":{"rendered":"<p>Djeca zaslu\u017euju samo najbolje Asocijacija za demokratski prosperitet \u201eZid\u201d predstavila je ju\u010de projekat pod nazivom \u201eRazvoj lokalnih strategija o socijalnim servisima za prekograni\u010dnu oblast Skadra i Ulcinja\u201c. Cilj projekta je pobolj\u0161anje socijalnog razvoja i socijalne kohezije u regiji Skadra u Albaniji i op\u0161tini Ulcinj, a podr\u017ean je od strane Evropske unije koju predstavlja Delegacija u [&hellip;]<\/p>\n","protected":false},"author":1,"featured_media":0,"comment_status":"open","ping_status":"closed","sticky":false,"template":"","format":"standard","meta":{"spay_email":"","jetpack_publicize_message":"","jetpack_is_tweetstorm":false,"jetpack_publicize_feature_enabled":true},"categories":[8337],"tags":[13509,19,21649],"jetpack_publicize_connections":[],"yoast_head":"<!-- This site is optimized with the Yoast SEO plugin v19.1 - https:\/\/yoast.com\/wordpress\/plugins\/seo\/ -->\n<title>Ulcinj: \u201eZid\u201dpredstavljen projekat prekograni\u010dne saradnje - Lajme nga Ulqini<\/title>\n<meta name=\"description\" content=\"Djeca zaslu\u017euju samo najbolje Asocijacija za demokratski prosperitet \u201eZid\u201d predstavila je ju\u010de projekat pod nazivom \u201eRazvoj lokalnih strategija o\" \/>\n<meta name=\"robots\" content=\"index, follow, max-snippet:-1, max-image-preview:large, max-video-preview:-1\" \/>\n<link rel=\"canonical\" href=\"https:\/\/www.visit-ulcinj.com\/blog\/2012\/12\/22\/ulcinj-zidpredstavljen-projekat-prekogranicne-saradnje\/\" \/>\n<meta property=\"og:locale\" content=\"en_US\" \/>\n<meta property=\"og:type\" content=\"article\" \/>\n<meta property=\"og:title\" content=\"Ulcinj: \u201eZid\u201dpredstavljen projekat prekograni\u010dne saradnje - Lajme nga Ulqini\" \/>\n<meta property=\"og:description\" content=\"Djeca zaslu\u017euju samo najbolje Asocijacija za demokratski prosperitet \u201eZid\u201d predstavila je ju\u010de projekat pod nazivom \u201eRazvoj lokalnih strategija o\" \/>\n<meta property=\"og:url\" content=\"https:\/\/www.visit-ulcinj.com\/blog\/2012\/12\/22\/ulcinj-zidpredstavljen-projekat-prekogranicne-saradnje\/\" \/>\n<meta property=\"og:site_name\" content=\"Lajme nga Ulqini\" \/>\n<meta property=\"article:published_time\" content=\"2012-12-22T18:56:41+00:00\" \/>\n<meta property=\"article:modified_time\" content=\"2012-12-23T07:03:38+00:00\" \/>\n<meta property=\"og:image\" content=\"http:\/\/www.visit-ulcinj.com\/blog\/wp-content\/uploads\/2012\/12\/ADP-ZID_Ulcinj_-Montenegro.jpg\" \/>\n<meta name=\"twitter:label1\" content=\"Written by\" \/>\n\t<meta name=\"twitter:data1\" content=\"ulqini\" \/>\n\t<meta name=\"twitter:label2\" content=\"Est. reading time\" \/>\n\t<meta name=\"twitter:data2\" content=\"2 minutes\" \/>\n<script type=\"application\/ld+json\" class=\"yoast-schema-graph\">{\"@context\":\"https:\/\/schema.org\",\"@graph\":[{\"@type\":\"WebSite\",\"@id\":\"https:\/\/www.visit-ulcinj.com\/blog\/#website\",\"url\":\"https:\/\/www.visit-ulcinj.com\/blog\/\",\"name\":\"Lajme nga Ulqini\",\"description\":\"Lajme,Vijesti,Ulqini,Ulqin,Crna Gora,Mali i Zi\",\"potentialAction\":[{\"@type\":\"SearchAction\",\"target\":{\"@type\":\"EntryPoint\",\"urlTemplate\":\"https:\/\/www.visit-ulcinj.com\/blog\/?s={search_term_string}\"},\"query-input\":\"required name=search_term_string\"}],\"inLanguage\":\"en-US\"},{\"@type\":\"ImageObject\",\"inLanguage\":\"en-US\",\"@id\":\"https:\/\/www.visit-ulcinj.com\/blog\/2012\/12\/22\/ulcinj-zidpredstavljen-projekat-prekogranicne-saradnje\/#primaryimage\",\"url\":\"https:\/\/www.visit-ulcinj.com\/blog\/wp-content\/uploads\/2012\/12\/ADP-ZID_Ulcinj_-Montenegro.jpg\",\"contentUrl\":\"https:\/\/www.visit-ulcinj.com\/blog\/wp-content\/uploads\/2012\/12\/ADP-ZID_Ulcinj_-Montenegro.jpg\",\"width\":508,\"height\":100},{\"@type\":\"WebPage\",\"@id\":\"https:\/\/www.visit-ulcinj.com\/blog\/2012\/12\/22\/ulcinj-zidpredstavljen-projekat-prekogranicne-saradnje\/#webpage\",\"url\":\"https:\/\/www.visit-ulcinj.com\/blog\/2012\/12\/22\/ulcinj-zidpredstavljen-projekat-prekogranicne-saradnje\/\",\"name\":\"Ulcinj: \u201eZid\u201dpredstavljen projekat prekograni\u010dne saradnje - Lajme nga Ulqini\",\"isPartOf\":{\"@id\":\"https:\/\/www.visit-ulcinj.com\/blog\/#website\"},\"primaryImageOfPage\":{\"@id\":\"https:\/\/www.visit-ulcinj.com\/blog\/2012\/12\/22\/ulcinj-zidpredstavljen-projekat-prekogranicne-saradnje\/#primaryimage\"},\"datePublished\":\"2012-12-22T18:56:41+00:00\",\"dateModified\":\"2012-12-23T07:03:38+00:00\",\"author\":{\"@id\":\"https:\/\/www.visit-ulcinj.com\/blog\/#\/schema\/person\/dcab619c614d3038751c63bc2aadc06d\"},\"description\":\"Djeca zaslu\u017euju samo najbolje Asocijacija za demokratski prosperitet \u201eZid\u201d predstavila je ju\u010de projekat pod nazivom \u201eRazvoj lokalnih strategija o\",\"breadcrumb\":{\"@id\":\"https:\/\/www.visit-ulcinj.com\/blog\/2012\/12\/22\/ulcinj-zidpredstavljen-projekat-prekogranicne-saradnje\/#breadcrumb\"},\"inLanguage\":\"en-US\",\"potentialAction\":[{\"@type\":\"ReadAction\",\"target\":[\"https:\/\/www.visit-ulcinj.com\/blog\/2012\/12\/22\/ulcinj-zidpredstavljen-projekat-prekogranicne-saradnje\/\"]}]},{\"@type\":\"BreadcrumbList\",\"@id\":\"https:\/\/www.visit-ulcinj.com\/blog\/2012\/12\/22\/ulcinj-zidpredstavljen-projekat-prekogranicne-saradnje\/#breadcrumb\",\"itemListElement\":[{\"@type\":\"ListItem\",\"position\":1,\"name\":\"Ulcinj: \u201eZid\u201dpredstavljen projekat prekograni\u010dne saradnje\"}]},{\"@type\":\"Person\",\"@id\":\"https:\/\/www.visit-ulcinj.com\/blog\/#\/schema\/person\/dcab619c614d3038751c63bc2aadc06d\",\"name\":\"ulqini\",\"sameAs\":[\"http:\/\/www.visit-ulcinj.com\"],\"url\":\"https:\/\/www.visit-ulcinj.com\/blog\/author\/admin\/\"}]}<\/script>\n<!-- \/ Yoast SEO plugin. -->","yoast_head_json":{"title":"Ulcinj: \u201eZid\u201dpredstavljen projekat prekograni\u010dne saradnje - Lajme nga Ulqini","description":"Djeca zaslu\u017euju samo najbolje Asocijacija za demokratski prosperitet \u201eZid\u201d predstavila je ju\u010de projekat pod nazivom \u201eRazvoj lokalnih strategija o","robots":{"index":"index","follow":"follow","max-snippet":"max-snippet:-1","max-image-preview":"max-image-preview:large","max-video-preview":"max-video-preview:-1"},"canonical":"https:\/\/www.visit-ulcinj.com\/blog\/2012\/12\/22\/ulcinj-zidpredstavljen-projekat-prekogranicne-saradnje\/","og_locale":"en_US","og_type":"article","og_title":"Ulcinj: \u201eZid\u201dpredstavljen projekat prekograni\u010dne saradnje - Lajme nga Ulqini","og_description":"Djeca zaslu\u017euju samo najbolje Asocijacija za demokratski prosperitet \u201eZid\u201d predstavila je ju\u010de projekat pod nazivom \u201eRazvoj lokalnih strategija o","og_url":"https:\/\/www.visit-ulcinj.com\/blog\/2012\/12\/22\/ulcinj-zidpredstavljen-projekat-prekogranicne-saradnje\/","og_site_name":"Lajme nga Ulqini","article_published_time":"2012-12-22T18:56:41+00:00","article_modified_time":"2012-12-23T07:03:38+00:00","og_image":[{"url":"http:\/\/www.visit-ulcinj.com\/blog\/wp-content\/uploads\/2012\/12\/ADP-ZID_Ulcinj_-Montenegro.jpg"}],"twitter_misc":{"Written by":"ulqini","Est. reading time":"2 minutes"},"schema":{"@context":"https:\/\/schema.org","@graph":[{"@type":"WebSite","@id":"https:\/\/www.visit-ulcinj.com\/blog\/#website","url":"https:\/\/www.visit-ulcinj.com\/blog\/","name":"Lajme nga Ulqini","description":"Lajme,Vijesti,Ulqini,Ulqin,Crna Gora,Mali i Zi","potentialAction":[{"@type":"SearchAction","target":{"@type":"EntryPoint","urlTemplate":"https:\/\/www.visit-ulcinj.com\/blog\/?s={search_term_string}"},"query-input":"required name=search_term_string"}],"inLanguage":"en-US"},{"@type":"ImageObject","inLanguage":"en-US","@id":"https:\/\/www.visit-ulcinj.com\/blog\/2012\/12\/22\/ulcinj-zidpredstavljen-projekat-prekogranicne-saradnje\/#primaryimage","url":"https:\/\/www.visit-ulcinj.com\/blog\/wp-content\/uploads\/2012\/12\/ADP-ZID_Ulcinj_-Montenegro.jpg","contentUrl":"https:\/\/www.visit-ulcinj.com\/blog\/wp-content\/uploads\/2012\/12\/ADP-ZID_Ulcinj_-Montenegro.jpg","width":508,"height":100},{"@type":"WebPage","@id":"https:\/\/www.visit-ulcinj.com\/blog\/2012\/12\/22\/ulcinj-zidpredstavljen-projekat-prekogranicne-saradnje\/#webpage","url":"https:\/\/www.visit-ulcinj.com\/blog\/2012\/12\/22\/ulcinj-zidpredstavljen-projekat-prekogranicne-saradnje\/","name":"Ulcinj: \u201eZid\u201dpredstavljen projekat prekograni\u010dne saradnje - Lajme nga Ulqini","isPartOf":{"@id":"https:\/\/www.visit-ulcinj.com\/blog\/#website"},"primaryImageOfPage":{"@id":"https:\/\/www.visit-ulcinj.com\/blog\/2012\/12\/22\/ulcinj-zidpredstavljen-projekat-prekogranicne-saradnje\/#primaryimage"},"datePublished":"2012-12-22T18:56:41+00:00","dateModified":"2012-12-23T07:03:38+00:00","author":{"@id":"https:\/\/www.visit-ulcinj.com\/blog\/#\/schema\/person\/dcab619c614d3038751c63bc2aadc06d"},"description":"Djeca zaslu\u017euju samo najbolje Asocijacija za demokratski prosperitet \u201eZid\u201d predstavila je ju\u010de projekat pod nazivom \u201eRazvoj lokalnih strategija o","breadcrumb":{"@id":"https:\/\/www.visit-ulcinj.com\/blog\/2012\/12\/22\/ulcinj-zidpredstavljen-projekat-prekogranicne-saradnje\/#breadcrumb"},"inLanguage":"en-US","potentialAction":[{"@type":"ReadAction","target":["https:\/\/www.visit-ulcinj.com\/blog\/2012\/12\/22\/ulcinj-zidpredstavljen-projekat-prekogranicne-saradnje\/"]}]},{"@type":"BreadcrumbList","@id":"https:\/\/www.visit-ulcinj.com\/blog\/2012\/12\/22\/ulcinj-zidpredstavljen-projekat-prekogranicne-saradnje\/#breadcrumb","itemListElement":[{"@type":"ListItem","position":1,"name":"Ulcinj: \u201eZid\u201dpredstavljen projekat prekograni\u010dne saradnje"}]},{"@type":"Person","@id":"https:\/\/www.visit-ulcinj.com\/blog\/#\/schema\/person\/dcab619c614d3038751c63bc2aadc06d","name":"ulqini","sameAs":["http:\/\/www.visit-ulcinj.com"],"url":"https:\/\/www.visit-ulcinj.com\/blog\/author\/admin\/"}]}},"jetpack_featured_media_url":"","jetpack_sharing_enabled":true,"jetpack_shortlink":"https:\/\/wp.me\/pe6lTn-hqL","_links":{"self":[{"href":"https:\/\/www.visit-ulcinj.com\/blog\/wp-json\/wp\/v2\/posts\/67007"}],"collection":[{"href":"https:\/\/www.visit-ulcinj.com\/blog\/wp-json\/wp\/v2\/posts"}],"about":[{"href":"https:\/\/www.visit-ulcinj.com\/blog\/wp-json\/wp\/v2\/types\/post"}],"author":[{"embeddable":true,"href":"https:\/\/www.visit-ulcinj.com\/blog\/wp-json\/wp\/v2\/users\/1"}],"replies":[{"embeddable":true,"href":"https:\/\/www.visit-ulcinj.com\/blog\/wp-json\/wp\/v2\/comments?post=67007"}],"version-history":[{"count":2,"href":"https:\/\/www.visit-ulcinj.com\/blog\/wp-json\/wp\/v2\/posts\/67007\/revisions"}],"predecessor-version":[{"id":67033,"href":"https:\/\/www.visit-ulcinj.com\/blog\/wp-json\/wp\/v2\/posts\/67007\/revisions\/67033"}],"wp:attachment":[{"href":"https:\/\/www.visit-ulcinj.com\/blog\/wp-json\/wp\/v2\/media?parent=67007"}],"wp:term":[{"taxonomy":"category","embeddable":true,"href":"https:\/\/www.visit-ulcinj.com\/blog\/wp-json\/wp\/v2\/categories?post=67007"},{"taxonomy":"post_tag","embeddable":true,"href":"https:\/\/www.visit-ulcinj.com\/blog\/wp-json\/wp\/v2\/tags?post=67007"}],"curies":[{"name":"wp","href":"https:\/\/api.w.org\/{rel}","templated":true}]}}