{"id":6701,"date":"2008-11-25T21:04:14","date_gmt":"2008-11-25T20:04:14","guid":{"rendered":"http:\/\/www.visit-ulcinj.com\/blog\/?p=6701"},"modified":"2008-11-25T21:04:14","modified_gmt":"2008-11-25T20:04:14","slug":"kryetarja-e-kuvendit-pret-ne-takim-kryeministrin-e-malit-te-zi","status":"publish","type":"post","link":"https:\/\/www.visit-ulcinj.com\/blog\/2008\/11\/25\/kryetarja-e-kuvendit-pret-ne-takim-kryeministrin-e-malit-te-zi\/","title":{"rendered":"Kryetarja e Kuvendit pret n\u00eb takim Kryeministrin e Malit t\u00eb Zi"},"content":{"rendered":"<p><a href=\"http:\/\/www.visit-ulcinj.com\/blog\/wp-content\/uploads\/2008\/11\/jozefina-topalli_millo-gjukanovic1.jpg\"><img loading=\"lazy\" class=\"alignleft size-medium wp-image-6702\" title=\"jozefina-topalli_millo-gjukanovic1\" src=\"http:\/\/www.visit-ulcinj.com\/blog\/wp-content\/uploads\/2008\/11\/jozefina-topalli_millo-gjukanovic1-300x253.jpg\" alt=\"\" width=\"366\" height=\"309\" srcset=\"https:\/\/www.visit-ulcinj.com\/blog\/wp-content\/uploads\/2008\/11\/jozefina-topalli_millo-gjukanovic1-300x253.jpg 300w, https:\/\/www.visit-ulcinj.com\/blog\/wp-content\/uploads\/2008\/11\/jozefina-topalli_millo-gjukanovic1.jpg 634w\" sizes=\"(max-width: 366px) 100vw, 366px\" \/><\/a>Pavar\u00ebsia e Kosov\u00ebs ka krijuar nj\u00eb realitet t\u00eb ri stabiliteti n\u00eb rajon dhe \u00e7do plan p\u00ebr ndarje mbi baza etnike \u00ebsht\u00eb nj\u00eb rrezik serioz p\u00ebr stabilitetin e Ballkanit.<br \/>\nK\u00ebshtu u shpreh\u00ebn n\u00eb takimin e p\u00ebrbashk\u00ebt, Kryetarja e Kuvendit t\u00eb Shqip\u00ebris\u00eb, Jozefina Topalli dhe Kryeministri i Malit t\u00eb Zi, Milo Gjukanovi\u00e7 duke ndar\u00eb ndar\u00eb t\u00eb nj\u00ebjtin mendim kund\u00ebr planit gjasht\u00eb pik\u00ebsh dhe p\u00ebr shtrirjen menj\u00ebher\u00eb n\u00eb t\u00eb gjith\u00eb Kosov\u00ebn t\u00eb misionit EULEX.<br \/>\nNjohja e Kosov\u00ebs nga Mali i Zi ishte nj\u00eb hap shum\u00eb i r\u00ebnd\u00ebsish\u00ebm, tha Kryetarja e Kuvendit. Shqyrtimi i raportit t\u00eb\u00a0 Ban Ki Moon \u00ebsht\u00eb shtyr\u00eb p\u00ebr nj\u00eb jav\u00eb dhe un\u00eb shpresoj se gjat\u00eb k\u00ebsaj jave do t\u00eb kemi nj\u00eb rikonsiderim t\u00eb planit 6 pik\u00ebsh.<br \/>\nStabiliteti dhe paqja n\u00eb Ballkan \u00ebsht\u00eb shum\u00eb e r\u00ebnd\u00ebsishme.<br \/>\nJu e njoh\u00ebt pavar\u00ebsin\u00eb e Kosov\u00ebs duke patur parasysh k\u00ebt\u00eb ide, ashtu si edhe ne, me njohjen e Malit t\u00eb Zi dhe Maqedonis\u00eb kemi patur parasysh pik\u00ebrisht k\u00ebt\u00eb ide.<br \/>\nNe e njoh\u00ebm Kosov\u00ebn, tha Kryeministri\u00a0 Gjukanovi\u00e7, t\u00eb binur s\u00eb kjo \u00e7\u00ebshtje ishte zgjidhur nj\u00eb dekad\u00eb m\u00eb par\u00eb dhe thjesht u konfirmua formalisht. K\u00ebt\u00eb vendim Qeveria e Malit t\u00eb Zi e nd\u00ebrmori me bindjen se k\u00ebshtu ndihmojm\u00eb Kosov\u00ebn p\u00ebr t\u00eb konsoliduar shtetin dhe demokracin\u00eb por ndihmojm\u00eb edhe Serbin\u00eb t\u00eb mos ket\u00eb iluzione dhe t\u00eb ec\u00eb p\u00ebrpara me objektivat e saj integruese.<br \/>\nBiseda mes Kryetares s\u00eb Kuvendit dhe Kryeministrit t\u00eb Malit t\u00eb zi u\u00a0 ndal gjer\u00ebsisht edhe n\u00eb intensifikimin e bashk\u00ebpunimit mes dy vendeve.<br \/>\n&#8220;Ne jemi krenar\u00eb tha Kryeministri Gjukanovi\u00e7 p\u00ebr marr\u00ebdh\u00ebniet shum\u00eb t\u00eb mira tradicionale mes dy vendeve tona, dhe kjo vizit\u00eb \u00ebsht\u00eb vijim i k\u00ebsaj tradite t\u00eb respektit reciprok mes dy popujve tan\u00eb<br \/>\nNe ndajm\u00eb t\u00eb nj\u00ebjtat objektiva europiane dhe t\u00eb dy vendet tona\u00a0 e shohin veten n\u00eb NATO dhe BE.<br \/>\nShqip\u00ebria e finalizoi m\u00eb sukses n\u00ebnshkrimin e protokollit t\u00eb an\u00ebtar\u00ebsimit n\u00eb NATO dhe kjo \u00ebsht\u00eb n\u00eb interes strategjik t\u00eb t\u00eb gjith\u00eb rajonit. &#8221;<br \/>\nBashk\u00ebbiseduesit ndan\u00eb mendimin se vendet e rajonit duhet t\u00eb flasin me nj\u00eb z\u00eb p\u00ebrsa i &#8220;p\u00ebrket integrimit euro-atlantik t\u00eb k\u00ebsaj zone.<br \/>\n\u00cbsht\u00eb n\u00eb interes t\u00eb Europ\u00ebs, tha zoti Gjukanovi\u00e7, t\u00eb p\u00ebrfitoj\u00eb nga euroentuziazmi q\u00eb ekziston sot n\u00eb rajon.<br \/>\n&#8220;Ne tha Kryetarja e Kuvendit po punojm\u00eb shum\u00eb p\u00ebr integrimin euro-atlanik t\u00eb vendit. Nd\u00ebrsa ratifkimin e MSA-s\u00eb e mbyllim brenda vitit, po ecim paralelisht me rit\u00ebm p\u00ebr ratifikimin e protokollit t\u00eb an\u00ebtar\u00ebsimit n\u00eb NATO. Tet\u00eb vendeve q\u00eb e kan\u00eb ratifikuar deri tani, pritet t\u2019i shtohen s\u00eb af\u00ebrmi Turqia Kanadaja dhe besojm\u00eb se edhe t\u00eb tjerat me rradh\u00eb brenda pak muajsh deri n\u00eb samitin e ardhsh\u00ebm.&#8221;<br \/>\nN\u00eb takim u diskutua edhe p\u00ebr marr\u00ebdh\u00ebniet\u00a0 parlamentare mes dy vendeve duke theksuar se ka nj\u00eb bashk\u00ebpunim shum\u00eb t\u00eb mir\u00eb n\u00eb rritje mes parlamenteve t\u00eb Malit t\u00eb Zi dhe Shqip\u00ebris\u00eb.<br \/>\nSi Kryetare e Kuvendit, tha zonja Jozefina Topalli, jam p\u00ebrpjekur p\u00ebr intensifikim t\u00eb bashk\u00ebpunimint me parlamentet e europiane e bot\u00ebrore, por ve\u00e7an\u00ebrisht me ato rajonale.\u00a0 Vet\u00ebm dy jav\u00ebt e fundit kan\u00eb ardhur p\u00ebr vizita zyrtare n\u00eb Shqip\u00ebri, Kryetar\u00ebt e parlamenteve t\u00eb Maqedonis\u00eb, Bosnje-Hercegovin\u00ebs dhe Bullgaris\u00eb dhe po aq e r\u00ebnd\u00ebsishme \u00ebsht\u00eb edhe rritja e bashk\u00ebpunimin mes strukturave parlamentare. Un\u00eb pres me k\u00ebnaq\u00ebsi n\u00eb nj\u00eb vizit\u00eb t\u00eb af\u00ebrt n\u00eb Shqip\u00ebri edhe Kryetarin e Parlamentit t\u00eb Malit t\u00eb Zi.&#8221;<\/p>\n<p>Duke ju drejtuar Kryetares s\u00eb Kuvendit, Kryeministri Gjukanovi\u00e7 tha se \u201cju presim s\u00eb shpejti n\u00eb nj\u00eb vizit\u00eb tuaj\u00ebn zyrtare n\u00eb Malin e zi.\u201d<\/p>\n<p><strong>Sherbimi informatif <\/strong><\/p>\n","protected":false},"excerpt":{"rendered":"<p>Pavar\u00ebsia e Kosov\u00ebs ka krijuar nj\u00eb realitet t\u00eb ri stabiliteti n\u00eb rajon dhe \u00e7do plan p\u00ebr ndarje mbi baza etnike \u00ebsht\u00eb nj\u00eb rrezik serioz p\u00ebr stabilitetin e Ballkanit. K\u00ebshtu u shpreh\u00ebn n\u00eb takimin e p\u00ebrbashk\u00ebt, Kryetarja e Kuvendit t\u00eb Shqip\u00ebris\u00eb, Jozefina Topalli dhe Kryeministri i Malit t\u00eb Zi, Milo Gjukanovi\u00e7 duke ndar\u00eb ndar\u00eb t\u00eb nj\u00ebjtin [&hellip;]<\/p>\n","protected":false},"author":1,"featured_media":0,"comment_status":"open","ping_status":"closed","sticky":false,"template":"","format":"standard","meta":{"spay_email":"","jetpack_publicize_message":"","jetpack_is_tweetstorm":false,"jetpack_publicize_feature_enabled":true},"categories":[6],"tags":[3713,2806],"jetpack_publicize_connections":[],"yoast_head":"<!-- This site is optimized with the Yoast SEO plugin v19.1 - https:\/\/yoast.com\/wordpress\/plugins\/seo\/ -->\n<title>Kryetarja e Kuvendit pret n\u00eb takim Kryeministrin e Malit t\u00eb Zi - Lajme nga Ulqini<\/title>\n<meta name=\"description\" content=\"Pavar\u00ebsia e Kosov\u00ebs ka krijuar nj\u00eb realitet t\u00eb ri stabiliteti n\u00eb rajon dhe \u00e7do plan p\u00ebr ndarje mbi baza etnike \u00ebsht\u00eb nj\u00eb rrezik serioz p\u00ebr stabilitetin e\" \/>\n<meta name=\"robots\" content=\"index, follow, max-snippet:-1, max-image-preview:large, max-video-preview:-1\" \/>\n<link rel=\"canonical\" href=\"https:\/\/www.visit-ulcinj.com\/blog\/2008\/11\/25\/kryetarja-e-kuvendit-pret-ne-takim-kryeministrin-e-malit-te-zi\/\" \/>\n<meta property=\"og:locale\" content=\"en_US\" \/>\n<meta property=\"og:type\" content=\"article\" \/>\n<meta property=\"og:title\" content=\"Kryetarja e Kuvendit pret n\u00eb takim Kryeministrin e Malit t\u00eb Zi - Lajme nga Ulqini\" \/>\n<meta property=\"og:description\" content=\"Pavar\u00ebsia e Kosov\u00ebs ka krijuar nj\u00eb realitet t\u00eb ri stabiliteti n\u00eb rajon dhe \u00e7do plan p\u00ebr ndarje mbi baza etnike \u00ebsht\u00eb nj\u00eb rrezik serioz p\u00ebr stabilitetin e\" \/>\n<meta property=\"og:url\" content=\"https:\/\/www.visit-ulcinj.com\/blog\/2008\/11\/25\/kryetarja-e-kuvendit-pret-ne-takim-kryeministrin-e-malit-te-zi\/\" \/>\n<meta property=\"og:site_name\" content=\"Lajme nga Ulqini\" \/>\n<meta property=\"article:published_time\" content=\"2008-11-25T20:04:14+00:00\" \/>\n<meta property=\"og:image\" content=\"http:\/\/www.visit-ulcinj.com\/blog\/wp-content\/uploads\/2008\/11\/jozefina-topalli_millo-gjukanovic1-300x253.jpg\" \/>\n<meta name=\"twitter:label1\" content=\"Written by\" \/>\n\t<meta name=\"twitter:data1\" content=\"ulqini\" \/>\n\t<meta name=\"twitter:label2\" content=\"Est. reading time\" \/>\n\t<meta name=\"twitter:data2\" content=\"3 minutes\" \/>\n<script type=\"application\/ld+json\" class=\"yoast-schema-graph\">{\"@context\":\"https:\/\/schema.org\",\"@graph\":[{\"@type\":\"WebSite\",\"@id\":\"https:\/\/www.visit-ulcinj.com\/blog\/#website\",\"url\":\"https:\/\/www.visit-ulcinj.com\/blog\/\",\"name\":\"Lajme nga Ulqini\",\"description\":\"Lajme,Vijesti,Ulqini,Ulqin,Crna Gora,Mali i Zi\",\"potentialAction\":[{\"@type\":\"SearchAction\",\"target\":{\"@type\":\"EntryPoint\",\"urlTemplate\":\"https:\/\/www.visit-ulcinj.com\/blog\/?s={search_term_string}\"},\"query-input\":\"required name=search_term_string\"}],\"inLanguage\":\"en-US\"},{\"@type\":\"ImageObject\",\"inLanguage\":\"en-US\",\"@id\":\"https:\/\/www.visit-ulcinj.com\/blog\/2008\/11\/25\/kryetarja-e-kuvendit-pret-ne-takim-kryeministrin-e-malit-te-zi\/#primaryimage\",\"url\":\"http:\/\/www.visit-ulcinj.com\/blog\/wp-content\/uploads\/2008\/11\/jozefina-topalli_millo-gjukanovic1-300x253.jpg\",\"contentUrl\":\"http:\/\/www.visit-ulcinj.com\/blog\/wp-content\/uploads\/2008\/11\/jozefina-topalli_millo-gjukanovic1-300x253.jpg\"},{\"@type\":\"WebPage\",\"@id\":\"https:\/\/www.visit-ulcinj.com\/blog\/2008\/11\/25\/kryetarja-e-kuvendit-pret-ne-takim-kryeministrin-e-malit-te-zi\/#webpage\",\"url\":\"https:\/\/www.visit-ulcinj.com\/blog\/2008\/11\/25\/kryetarja-e-kuvendit-pret-ne-takim-kryeministrin-e-malit-te-zi\/\",\"name\":\"Kryetarja e Kuvendit pret n\u00eb takim Kryeministrin e Malit t\u00eb Zi - Lajme nga Ulqini\",\"isPartOf\":{\"@id\":\"https:\/\/www.visit-ulcinj.com\/blog\/#website\"},\"primaryImageOfPage\":{\"@id\":\"https:\/\/www.visit-ulcinj.com\/blog\/2008\/11\/25\/kryetarja-e-kuvendit-pret-ne-takim-kryeministrin-e-malit-te-zi\/#primaryimage\"},\"datePublished\":\"2008-11-25T20:04:14+00:00\",\"dateModified\":\"2008-11-25T20:04:14+00:00\",\"author\":{\"@id\":\"https:\/\/www.visit-ulcinj.com\/blog\/#\/schema\/person\/dcab619c614d3038751c63bc2aadc06d\"},\"description\":\"Pavar\u00ebsia e Kosov\u00ebs ka krijuar nj\u00eb realitet t\u00eb ri stabiliteti n\u00eb rajon dhe \u00e7do plan p\u00ebr ndarje mbi baza etnike \u00ebsht\u00eb nj\u00eb rrezik serioz p\u00ebr stabilitetin e\",\"breadcrumb\":{\"@id\":\"https:\/\/www.visit-ulcinj.com\/blog\/2008\/11\/25\/kryetarja-e-kuvendit-pret-ne-takim-kryeministrin-e-malit-te-zi\/#breadcrumb\"},\"inLanguage\":\"en-US\",\"potentialAction\":[{\"@type\":\"ReadAction\",\"target\":[\"https:\/\/www.visit-ulcinj.com\/blog\/2008\/11\/25\/kryetarja-e-kuvendit-pret-ne-takim-kryeministrin-e-malit-te-zi\/\"]}]},{\"@type\":\"BreadcrumbList\",\"@id\":\"https:\/\/www.visit-ulcinj.com\/blog\/2008\/11\/25\/kryetarja-e-kuvendit-pret-ne-takim-kryeministrin-e-malit-te-zi\/#breadcrumb\",\"itemListElement\":[{\"@type\":\"ListItem\",\"position\":1,\"name\":\"Kryetarja e Kuvendit pret n\u00eb takim Kryeministrin e Malit t\u00eb Zi\"}]},{\"@type\":\"Person\",\"@id\":\"https:\/\/www.visit-ulcinj.com\/blog\/#\/schema\/person\/dcab619c614d3038751c63bc2aadc06d\",\"name\":\"ulqini\",\"sameAs\":[\"http:\/\/www.visit-ulcinj.com\"],\"url\":\"https:\/\/www.visit-ulcinj.com\/blog\/author\/admin\/\"}]}<\/script>\n<!-- \/ Yoast SEO plugin. -->","yoast_head_json":{"title":"Kryetarja e Kuvendit pret n\u00eb takim Kryeministrin e Malit t\u00eb Zi - Lajme nga Ulqini","description":"Pavar\u00ebsia e Kosov\u00ebs ka krijuar nj\u00eb realitet t\u00eb ri stabiliteti n\u00eb rajon dhe \u00e7do plan p\u00ebr ndarje mbi baza etnike \u00ebsht\u00eb nj\u00eb rrezik serioz p\u00ebr stabilitetin e","robots":{"index":"index","follow":"follow","max-snippet":"max-snippet:-1","max-image-preview":"max-image-preview:large","max-video-preview":"max-video-preview:-1"},"canonical":"https:\/\/www.visit-ulcinj.com\/blog\/2008\/11\/25\/kryetarja-e-kuvendit-pret-ne-takim-kryeministrin-e-malit-te-zi\/","og_locale":"en_US","og_type":"article","og_title":"Kryetarja e Kuvendit pret n\u00eb takim Kryeministrin e Malit t\u00eb Zi - Lajme nga Ulqini","og_description":"Pavar\u00ebsia e Kosov\u00ebs ka krijuar nj\u00eb realitet t\u00eb ri stabiliteti n\u00eb rajon dhe \u00e7do plan p\u00ebr ndarje mbi baza etnike \u00ebsht\u00eb nj\u00eb rrezik serioz p\u00ebr stabilitetin e","og_url":"https:\/\/www.visit-ulcinj.com\/blog\/2008\/11\/25\/kryetarja-e-kuvendit-pret-ne-takim-kryeministrin-e-malit-te-zi\/","og_site_name":"Lajme nga Ulqini","article_published_time":"2008-11-25T20:04:14+00:00","og_image":[{"url":"http:\/\/www.visit-ulcinj.com\/blog\/wp-content\/uploads\/2008\/11\/jozefina-topalli_millo-gjukanovic1-300x253.jpg"}],"twitter_misc":{"Written by":"ulqini","Est. reading time":"3 minutes"},"schema":{"@context":"https:\/\/schema.org","@graph":[{"@type":"WebSite","@id":"https:\/\/www.visit-ulcinj.com\/blog\/#website","url":"https:\/\/www.visit-ulcinj.com\/blog\/","name":"Lajme nga Ulqini","description":"Lajme,Vijesti,Ulqini,Ulqin,Crna Gora,Mali i Zi","potentialAction":[{"@type":"SearchAction","target":{"@type":"EntryPoint","urlTemplate":"https:\/\/www.visit-ulcinj.com\/blog\/?s={search_term_string}"},"query-input":"required name=search_term_string"}],"inLanguage":"en-US"},{"@type":"ImageObject","inLanguage":"en-US","@id":"https:\/\/www.visit-ulcinj.com\/blog\/2008\/11\/25\/kryetarja-e-kuvendit-pret-ne-takim-kryeministrin-e-malit-te-zi\/#primaryimage","url":"http:\/\/www.visit-ulcinj.com\/blog\/wp-content\/uploads\/2008\/11\/jozefina-topalli_millo-gjukanovic1-300x253.jpg","contentUrl":"http:\/\/www.visit-ulcinj.com\/blog\/wp-content\/uploads\/2008\/11\/jozefina-topalli_millo-gjukanovic1-300x253.jpg"},{"@type":"WebPage","@id":"https:\/\/www.visit-ulcinj.com\/blog\/2008\/11\/25\/kryetarja-e-kuvendit-pret-ne-takim-kryeministrin-e-malit-te-zi\/#webpage","url":"https:\/\/www.visit-ulcinj.com\/blog\/2008\/11\/25\/kryetarja-e-kuvendit-pret-ne-takim-kryeministrin-e-malit-te-zi\/","name":"Kryetarja e Kuvendit pret n\u00eb takim Kryeministrin e Malit t\u00eb Zi - Lajme nga Ulqini","isPartOf":{"@id":"https:\/\/www.visit-ulcinj.com\/blog\/#website"},"primaryImageOfPage":{"@id":"https:\/\/www.visit-ulcinj.com\/blog\/2008\/11\/25\/kryetarja-e-kuvendit-pret-ne-takim-kryeministrin-e-malit-te-zi\/#primaryimage"},"datePublished":"2008-11-25T20:04:14+00:00","dateModified":"2008-11-25T20:04:14+00:00","author":{"@id":"https:\/\/www.visit-ulcinj.com\/blog\/#\/schema\/person\/dcab619c614d3038751c63bc2aadc06d"},"description":"Pavar\u00ebsia e Kosov\u00ebs ka krijuar nj\u00eb realitet t\u00eb ri stabiliteti n\u00eb rajon dhe \u00e7do plan p\u00ebr ndarje mbi baza etnike \u00ebsht\u00eb nj\u00eb rrezik serioz p\u00ebr stabilitetin e","breadcrumb":{"@id":"https:\/\/www.visit-ulcinj.com\/blog\/2008\/11\/25\/kryetarja-e-kuvendit-pret-ne-takim-kryeministrin-e-malit-te-zi\/#breadcrumb"},"inLanguage":"en-US","potentialAction":[{"@type":"ReadAction","target":["https:\/\/www.visit-ulcinj.com\/blog\/2008\/11\/25\/kryetarja-e-kuvendit-pret-ne-takim-kryeministrin-e-malit-te-zi\/"]}]},{"@type":"BreadcrumbList","@id":"https:\/\/www.visit-ulcinj.com\/blog\/2008\/11\/25\/kryetarja-e-kuvendit-pret-ne-takim-kryeministrin-e-malit-te-zi\/#breadcrumb","itemListElement":[{"@type":"ListItem","position":1,"name":"Kryetarja e Kuvendit pret n\u00eb takim Kryeministrin e Malit t\u00eb Zi"}]},{"@type":"Person","@id":"https:\/\/www.visit-ulcinj.com\/blog\/#\/schema\/person\/dcab619c614d3038751c63bc2aadc06d","name":"ulqini","sameAs":["http:\/\/www.visit-ulcinj.com"],"url":"https:\/\/www.visit-ulcinj.com\/blog\/author\/admin\/"}]}},"jetpack_featured_media_url":"","jetpack_sharing_enabled":true,"jetpack_shortlink":"https:\/\/wp.me\/pe6lTn-1K5","_links":{"self":[{"href":"https:\/\/www.visit-ulcinj.com\/blog\/wp-json\/wp\/v2\/posts\/6701"}],"collection":[{"href":"https:\/\/www.visit-ulcinj.com\/blog\/wp-json\/wp\/v2\/posts"}],"about":[{"href":"https:\/\/www.visit-ulcinj.com\/blog\/wp-json\/wp\/v2\/types\/post"}],"author":[{"embeddable":true,"href":"https:\/\/www.visit-ulcinj.com\/blog\/wp-json\/wp\/v2\/users\/1"}],"replies":[{"embeddable":true,"href":"https:\/\/www.visit-ulcinj.com\/blog\/wp-json\/wp\/v2\/comments?post=6701"}],"version-history":[{"count":0,"href":"https:\/\/www.visit-ulcinj.com\/blog\/wp-json\/wp\/v2\/posts\/6701\/revisions"}],"wp:attachment":[{"href":"https:\/\/www.visit-ulcinj.com\/blog\/wp-json\/wp\/v2\/media?parent=6701"}],"wp:term":[{"taxonomy":"category","embeddable":true,"href":"https:\/\/www.visit-ulcinj.com\/blog\/wp-json\/wp\/v2\/categories?post=6701"},{"taxonomy":"post_tag","embeddable":true,"href":"https:\/\/www.visit-ulcinj.com\/blog\/wp-json\/wp\/v2\/tags?post=6701"}],"curies":[{"name":"wp","href":"https:\/\/api.w.org\/{rel}","templated":true}]}}