{"id":67030,"date":"2012-12-23T07:56:38","date_gmt":"2012-12-23T06:56:38","guid":{"rendered":"http:\/\/www.visit-ulcinj.com\/blog\/?p=67030"},"modified":"2012-12-23T23:26:01","modified_gmt":"2012-12-23T22:26:01","slug":"ulqinaku-adrian-lulgjuraj-dhe-bledar-seiko-e-perfaqesojne-shqiperine-ne-eurovizion","status":"publish","type":"post","link":"https:\/\/www.visit-ulcinj.com\/blog\/2012\/12\/23\/ulqinaku-adrian-lulgjuraj-dhe-bledar-seiko-e-perfaqesojne-shqiperine-ne-eurovizion\/","title":{"rendered":"Ulqinaku Adrian Lulgjuraj dhe Bledar Seiko e p\u00ebrfaq\u00ebsojn\u00eb Shqip\u00ebrin\u00eb n\u00eb Eurovizion"},"content":{"rendered":"<p><strong><a href=\"http:\/\/www.visit-ulcinj.com\/blog\/wp-content\/uploads\/2012\/12\/AdrianLulgjurajBledarSejko.jpg\"><img loading=\"lazy\" class=\"alignleft  wp-image-67031\" alt=\"AdrianLulgjurajBledarSejko\" src=\"http:\/\/www.visit-ulcinj.com\/blog\/wp-content\/uploads\/2012\/12\/AdrianLulgjurajBledarSejko.jpg\" width=\"508\" height=\"360\" \/><\/a>K\u00ebnga \u201cIdentitet\u201d nga Adrian Lulgjuraj dhe Bledar Seiko ka dal\u00eb fituese e edicionit t\u00eb 51-t\u00eb t\u00eb Festivalit t\u00eb K\u00ebng\u00ebs n\u00eb RTSH.<\/strong><\/p>\n<p>K\u00ebng\u00ebtari ulqinak dhe kitaristi i famsh\u00ebm shqiptar kan\u00eb triumfuar n\u00eb nat\u00ebn finale t\u00eb festivalit dhe n\u00eb k\u00ebt\u00eb m\u00ebnyr\u00eb kan\u00eb fituar t\u00eb drejt\u00ebn ta prezantojn\u00eb Shqip\u00ebrin\u00eb n\u00eb Festivalin e ardhsh\u00ebm Evropian.<\/p>\n<p>Ata do ta performojn\u00eb k\u00ebng\u00ebn e tyre n\u00eb \u201cEurovision 2013\u201d q\u00eb do t\u00eb mbahet n\u00eb Malmo t\u00eb Suedis\u00eb.<\/p>\n<p>Vendin e dyt\u00eb n\u00eb Festivalin e K\u00ebng\u00ebs n\u00eb RTSH e zuri fituesja e dikurshme, Anjeza Shahini, me k\u00ebng\u00ebn \u201cLove\u201d, nd\u00ebrsa Hersi Matmuja zuri vendin e tret\u00eb me k\u00ebng\u00ebn \u201cKush ta dha k\u00ebt\u00eb em\u00ebr\u201d.<\/p>\n<p>Flaka Krelani me k\u00ebng\u00ebn \u201cLabirint i zemr\u00ebs\u201d u rendit e pesta, Adrian Bujupi (\u201cI \u00e7mendur p\u00ebr ty\u201d) i 11-ti, nd\u00ebrsa Vesa Luma (\u201cS\u2019jam perfekt\u201d) nuk fitoi asnj\u00eb pik\u00eb dhe ndau vendin e fundit me Selami Kolonj\u00ebn (\u201cKu je\u201d) dhe Valon Shehun (\u201cNuk do t\u00eb ndal) q\u00eb po ashtu nuk mor\u00ebn pik\u00eb. \/Telegrafi\/<\/p>\n<p><iframe loading=\"lazy\" src=\"http:\/\/www.youtube.com\/embed\/UqZixWuf2ns\" height=\"360\" width=\"508\" allowfullscreen=\"\" frameborder=\"0\"><\/iframe><\/p>\n","protected":false},"excerpt":{"rendered":"<p>K\u00ebnga \u201cIdentitet\u201d nga Adrian Lulgjuraj dhe Bledar Seiko ka dal\u00eb fituese e edicionit t\u00eb 51-t\u00eb t\u00eb Festivalit t\u00eb K\u00ebng\u00ebs n\u00eb RTSH. K\u00ebng\u00ebtari ulqinak dhe kitaristi i famsh\u00ebm shqiptar kan\u00eb triumfuar n\u00eb nat\u00ebn finale t\u00eb festivalit dhe n\u00eb k\u00ebt\u00eb m\u00ebnyr\u00eb kan\u00eb fituar t\u00eb drejt\u00ebn ta prezantojn\u00eb Shqip\u00ebrin\u00eb n\u00eb Festivalin e ardhsh\u00ebm Evropian. Ata do ta performojn\u00eb [&hellip;]<\/p>\n","protected":false},"author":1,"featured_media":0,"comment_status":"open","ping_status":"closed","sticky":false,"template":"","format":"standard","meta":{"spay_email":"","jetpack_publicize_message":"","jetpack_is_tweetstorm":false,"jetpack_publicize_feature_enabled":true},"categories":[1],"tags":[11609,21509,21512,17977,212,17828,21239,17834,21237,18370,17811,21242,20884,7930,17831,21652,18362,14353,17808,14354,12340,17840,17839,18363,21221,21222,18532,19677,17835,21240,17814,17810,17816,17071,2319,21246,17807,21253,21468,21469,19517,3516,14652,17837,17827,21219,21416,8470,21244,21654,21494,2338,21653,21238,21248,14358,19806,222,2321,17802,17812,17803,2323,3584,17820,16036,1499,21236,21250,17825,17817,17805,21252,3169,305,21251,840,17823,17832,3506,17818,214,21231,3993,5913,17680,14362,14363,18371,21493,21230,21241,21513,3507,730,21471,21249,17800,498,3500,21421,21228,21255,19514,115,14364,21234,18694,21254,21223,21418,17799,3327,21226,17841,3944,17826,15213,18236,3512,17806,18399,11648,18289,21233,17838,95,2348,21427,17813,17804,15141,347,19495,17836,14366,21510,3875,79,17073,18294,318,118,18368,18369,21417,19511,21257,21258,1653,21420,21426,21419,2304,21261,21232,1909,21243,21224,14367,21235,2354,5380,17801,2306,2334,2335,21470,18360,21227,3577,17822,14368,14369,21225,21492,17824,14370,21247,18291,16228,21259,2083,3231,14371,21220,41,3617,5040,3582,2350,3722,21260,14372,17844,17821,18372,21256,17830,17077,18295,14375,17833,17829,899,21245,20894,3797,21229,4684,200,18,17819,19460,4243,16445,17809,2340,4265,14376],"jetpack_publicize_connections":[],"yoast_head":"<!-- This site is optimized with the Yoast SEO plugin v19.1 - https:\/\/yoast.com\/wordpress\/plugins\/seo\/ -->\n<title>Ulqinaku Adrian Lulgjuraj dhe Bledar Seiko e p\u00ebrfaq\u00ebsojn\u00eb Shqip\u00ebrin\u00eb n\u00eb Eurovizion - Lajme nga Ulqini<\/title>\n<meta name=\"description\" content=\"K\u00ebnga \u201cIdentitet\u201d nga Adrian Lulgjuraj dhe Bledar Seiko ka dal\u00eb fituese e edicionit t\u00eb 51-t\u00eb t\u00eb Festivalit t\u00eb K\u00ebng\u00ebs n\u00eb RTSH. K\u00ebng\u00ebtari ulqinak dhe\" \/>\n<meta name=\"robots\" content=\"index, follow, max-snippet:-1, max-image-preview:large, max-video-preview:-1\" \/>\n<link rel=\"canonical\" href=\"https:\/\/www.visit-ulcinj.com\/blog\/2012\/12\/23\/ulqinaku-adrian-lulgjuraj-dhe-bledar-seiko-e-perfaqesojne-shqiperine-ne-eurovizion\/\" \/>\n<meta property=\"og:locale\" content=\"en_US\" \/>\n<meta property=\"og:type\" content=\"article\" \/>\n<meta property=\"og:title\" content=\"Ulqinaku Adrian Lulgjuraj dhe Bledar Seiko e p\u00ebrfaq\u00ebsojn\u00eb Shqip\u00ebrin\u00eb n\u00eb Eurovizion - Lajme nga Ulqini\" \/>\n<meta property=\"og:description\" content=\"K\u00ebnga \u201cIdentitet\u201d nga Adrian Lulgjuraj dhe Bledar Seiko ka dal\u00eb fituese e edicionit t\u00eb 51-t\u00eb t\u00eb Festivalit t\u00eb K\u00ebng\u00ebs n\u00eb RTSH. K\u00ebng\u00ebtari ulqinak dhe\" \/>\n<meta property=\"og:url\" content=\"https:\/\/www.visit-ulcinj.com\/blog\/2012\/12\/23\/ulqinaku-adrian-lulgjuraj-dhe-bledar-seiko-e-perfaqesojne-shqiperine-ne-eurovizion\/\" \/>\n<meta property=\"og:site_name\" content=\"Lajme nga Ulqini\" \/>\n<meta property=\"article:published_time\" content=\"2012-12-23T06:56:38+00:00\" \/>\n<meta property=\"article:modified_time\" content=\"2012-12-23T22:26:01+00:00\" \/>\n<meta property=\"og:image\" content=\"http:\/\/www.visit-ulcinj.com\/blog\/wp-content\/uploads\/2012\/12\/AdrianLulgjurajBledarSejko.jpg\" \/>\n<meta name=\"twitter:label1\" content=\"Written by\" \/>\n\t<meta name=\"twitter:data1\" content=\"ulqini\" \/>\n\t<meta name=\"twitter:label2\" content=\"Est. reading time\" \/>\n\t<meta name=\"twitter:data2\" content=\"1 minute\" \/>\n<script type=\"application\/ld+json\" class=\"yoast-schema-graph\">{\"@context\":\"https:\/\/schema.org\",\"@graph\":[{\"@type\":\"WebSite\",\"@id\":\"https:\/\/www.visit-ulcinj.com\/blog\/#website\",\"url\":\"https:\/\/www.visit-ulcinj.com\/blog\/\",\"name\":\"Lajme nga Ulqini\",\"description\":\"Lajme,Vijesti,Ulqini,Ulqin,Crna Gora,Mali i Zi\",\"potentialAction\":[{\"@type\":\"SearchAction\",\"target\":{\"@type\":\"EntryPoint\",\"urlTemplate\":\"https:\/\/www.visit-ulcinj.com\/blog\/?s={search_term_string}\"},\"query-input\":\"required name=search_term_string\"}],\"inLanguage\":\"en-US\"},{\"@type\":\"ImageObject\",\"inLanguage\":\"en-US\",\"@id\":\"https:\/\/www.visit-ulcinj.com\/blog\/2012\/12\/23\/ulqinaku-adrian-lulgjuraj-dhe-bledar-seiko-e-perfaqesojne-shqiperine-ne-eurovizion\/#primaryimage\",\"url\":\"https:\/\/www.visit-ulcinj.com\/blog\/wp-content\/uploads\/2012\/12\/AdrianLulgjurajBledarSejko.jpg\",\"contentUrl\":\"https:\/\/www.visit-ulcinj.com\/blog\/wp-content\/uploads\/2012\/12\/AdrianLulgjurajBledarSejko.jpg\",\"width\":642,\"height\":444},{\"@type\":\"WebPage\",\"@id\":\"https:\/\/www.visit-ulcinj.com\/blog\/2012\/12\/23\/ulqinaku-adrian-lulgjuraj-dhe-bledar-seiko-e-perfaqesojne-shqiperine-ne-eurovizion\/#webpage\",\"url\":\"https:\/\/www.visit-ulcinj.com\/blog\/2012\/12\/23\/ulqinaku-adrian-lulgjuraj-dhe-bledar-seiko-e-perfaqesojne-shqiperine-ne-eurovizion\/\",\"name\":\"Ulqinaku Adrian Lulgjuraj dhe Bledar Seiko e p\u00ebrfaq\u00ebsojn\u00eb Shqip\u00ebrin\u00eb n\u00eb Eurovizion - Lajme nga Ulqini\",\"isPartOf\":{\"@id\":\"https:\/\/www.visit-ulcinj.com\/blog\/#website\"},\"primaryImageOfPage\":{\"@id\":\"https:\/\/www.visit-ulcinj.com\/blog\/2012\/12\/23\/ulqinaku-adrian-lulgjuraj-dhe-bledar-seiko-e-perfaqesojne-shqiperine-ne-eurovizion\/#primaryimage\"},\"datePublished\":\"2012-12-23T06:56:38+00:00\",\"dateModified\":\"2012-12-23T22:26:01+00:00\",\"author\":{\"@id\":\"https:\/\/www.visit-ulcinj.com\/blog\/#\/schema\/person\/dcab619c614d3038751c63bc2aadc06d\"},\"description\":\"K\u00ebnga \u201cIdentitet\u201d nga Adrian Lulgjuraj dhe Bledar Seiko ka dal\u00eb fituese e edicionit t\u00eb 51-t\u00eb t\u00eb Festivalit t\u00eb K\u00ebng\u00ebs n\u00eb RTSH. K\u00ebng\u00ebtari ulqinak dhe\",\"breadcrumb\":{\"@id\":\"https:\/\/www.visit-ulcinj.com\/blog\/2012\/12\/23\/ulqinaku-adrian-lulgjuraj-dhe-bledar-seiko-e-perfaqesojne-shqiperine-ne-eurovizion\/#breadcrumb\"},\"inLanguage\":\"en-US\",\"potentialAction\":[{\"@type\":\"ReadAction\",\"target\":[\"https:\/\/www.visit-ulcinj.com\/blog\/2012\/12\/23\/ulqinaku-adrian-lulgjuraj-dhe-bledar-seiko-e-perfaqesojne-shqiperine-ne-eurovizion\/\"]}]},{\"@type\":\"BreadcrumbList\",\"@id\":\"https:\/\/www.visit-ulcinj.com\/blog\/2012\/12\/23\/ulqinaku-adrian-lulgjuraj-dhe-bledar-seiko-e-perfaqesojne-shqiperine-ne-eurovizion\/#breadcrumb\",\"itemListElement\":[{\"@type\":\"ListItem\",\"position\":1,\"name\":\"Ulqinaku Adrian Lulgjuraj dhe Bledar Seiko e p\u00ebrfaq\u00ebsojn\u00eb Shqip\u00ebrin\u00eb n\u00eb Eurovizion\"}]},{\"@type\":\"Person\",\"@id\":\"https:\/\/www.visit-ulcinj.com\/blog\/#\/schema\/person\/dcab619c614d3038751c63bc2aadc06d\",\"name\":\"ulqini\",\"sameAs\":[\"http:\/\/www.visit-ulcinj.com\"],\"url\":\"https:\/\/www.visit-ulcinj.com\/blog\/author\/admin\/\"}]}<\/script>\n<!-- \/ Yoast SEO plugin. -->","yoast_head_json":{"title":"Ulqinaku Adrian Lulgjuraj dhe Bledar Seiko e p\u00ebrfaq\u00ebsojn\u00eb Shqip\u00ebrin\u00eb n\u00eb Eurovizion - Lajme nga Ulqini","description":"K\u00ebnga \u201cIdentitet\u201d nga Adrian Lulgjuraj dhe Bledar Seiko ka dal\u00eb fituese e edicionit t\u00eb 51-t\u00eb t\u00eb Festivalit t\u00eb K\u00ebng\u00ebs n\u00eb RTSH. K\u00ebng\u00ebtari ulqinak dhe","robots":{"index":"index","follow":"follow","max-snippet":"max-snippet:-1","max-image-preview":"max-image-preview:large","max-video-preview":"max-video-preview:-1"},"canonical":"https:\/\/www.visit-ulcinj.com\/blog\/2012\/12\/23\/ulqinaku-adrian-lulgjuraj-dhe-bledar-seiko-e-perfaqesojne-shqiperine-ne-eurovizion\/","og_locale":"en_US","og_type":"article","og_title":"Ulqinaku Adrian Lulgjuraj dhe Bledar Seiko e p\u00ebrfaq\u00ebsojn\u00eb Shqip\u00ebrin\u00eb n\u00eb Eurovizion - Lajme nga Ulqini","og_description":"K\u00ebnga \u201cIdentitet\u201d nga Adrian Lulgjuraj dhe Bledar Seiko ka dal\u00eb fituese e edicionit t\u00eb 51-t\u00eb t\u00eb Festivalit t\u00eb K\u00ebng\u00ebs n\u00eb RTSH. K\u00ebng\u00ebtari ulqinak dhe","og_url":"https:\/\/www.visit-ulcinj.com\/blog\/2012\/12\/23\/ulqinaku-adrian-lulgjuraj-dhe-bledar-seiko-e-perfaqesojne-shqiperine-ne-eurovizion\/","og_site_name":"Lajme nga Ulqini","article_published_time":"2012-12-23T06:56:38+00:00","article_modified_time":"2012-12-23T22:26:01+00:00","og_image":[{"url":"http:\/\/www.visit-ulcinj.com\/blog\/wp-content\/uploads\/2012\/12\/AdrianLulgjurajBledarSejko.jpg"}],"twitter_misc":{"Written by":"ulqini","Est. reading time":"1 minute"},"schema":{"@context":"https:\/\/schema.org","@graph":[{"@type":"WebSite","@id":"https:\/\/www.visit-ulcinj.com\/blog\/#website","url":"https:\/\/www.visit-ulcinj.com\/blog\/","name":"Lajme nga Ulqini","description":"Lajme,Vijesti,Ulqini,Ulqin,Crna Gora,Mali i Zi","potentialAction":[{"@type":"SearchAction","target":{"@type":"EntryPoint","urlTemplate":"https:\/\/www.visit-ulcinj.com\/blog\/?s={search_term_string}"},"query-input":"required name=search_term_string"}],"inLanguage":"en-US"},{"@type":"ImageObject","inLanguage":"en-US","@id":"https:\/\/www.visit-ulcinj.com\/blog\/2012\/12\/23\/ulqinaku-adrian-lulgjuraj-dhe-bledar-seiko-e-perfaqesojne-shqiperine-ne-eurovizion\/#primaryimage","url":"https:\/\/www.visit-ulcinj.com\/blog\/wp-content\/uploads\/2012\/12\/AdrianLulgjurajBledarSejko.jpg","contentUrl":"https:\/\/www.visit-ulcinj.com\/blog\/wp-content\/uploads\/2012\/12\/AdrianLulgjurajBledarSejko.jpg","width":642,"height":444},{"@type":"WebPage","@id":"https:\/\/www.visit-ulcinj.com\/blog\/2012\/12\/23\/ulqinaku-adrian-lulgjuraj-dhe-bledar-seiko-e-perfaqesojne-shqiperine-ne-eurovizion\/#webpage","url":"https:\/\/www.visit-ulcinj.com\/blog\/2012\/12\/23\/ulqinaku-adrian-lulgjuraj-dhe-bledar-seiko-e-perfaqesojne-shqiperine-ne-eurovizion\/","name":"Ulqinaku Adrian Lulgjuraj dhe Bledar Seiko e p\u00ebrfaq\u00ebsojn\u00eb Shqip\u00ebrin\u00eb n\u00eb Eurovizion - Lajme nga Ulqini","isPartOf":{"@id":"https:\/\/www.visit-ulcinj.com\/blog\/#website"},"primaryImageOfPage":{"@id":"https:\/\/www.visit-ulcinj.com\/blog\/2012\/12\/23\/ulqinaku-adrian-lulgjuraj-dhe-bledar-seiko-e-perfaqesojne-shqiperine-ne-eurovizion\/#primaryimage"},"datePublished":"2012-12-23T06:56:38+00:00","dateModified":"2012-12-23T22:26:01+00:00","author":{"@id":"https:\/\/www.visit-ulcinj.com\/blog\/#\/schema\/person\/dcab619c614d3038751c63bc2aadc06d"},"description":"K\u00ebnga \u201cIdentitet\u201d nga Adrian Lulgjuraj dhe Bledar Seiko ka dal\u00eb fituese e edicionit t\u00eb 51-t\u00eb t\u00eb Festivalit t\u00eb K\u00ebng\u00ebs n\u00eb RTSH. K\u00ebng\u00ebtari ulqinak dhe","breadcrumb":{"@id":"https:\/\/www.visit-ulcinj.com\/blog\/2012\/12\/23\/ulqinaku-adrian-lulgjuraj-dhe-bledar-seiko-e-perfaqesojne-shqiperine-ne-eurovizion\/#breadcrumb"},"inLanguage":"en-US","potentialAction":[{"@type":"ReadAction","target":["https:\/\/www.visit-ulcinj.com\/blog\/2012\/12\/23\/ulqinaku-adrian-lulgjuraj-dhe-bledar-seiko-e-perfaqesojne-shqiperine-ne-eurovizion\/"]}]},{"@type":"BreadcrumbList","@id":"https:\/\/www.visit-ulcinj.com\/blog\/2012\/12\/23\/ulqinaku-adrian-lulgjuraj-dhe-bledar-seiko-e-perfaqesojne-shqiperine-ne-eurovizion\/#breadcrumb","itemListElement":[{"@type":"ListItem","position":1,"name":"Ulqinaku Adrian Lulgjuraj dhe Bledar Seiko e p\u00ebrfaq\u00ebsojn\u00eb Shqip\u00ebrin\u00eb n\u00eb Eurovizion"}]},{"@type":"Person","@id":"https:\/\/www.visit-ulcinj.com\/blog\/#\/schema\/person\/dcab619c614d3038751c63bc2aadc06d","name":"ulqini","sameAs":["http:\/\/www.visit-ulcinj.com"],"url":"https:\/\/www.visit-ulcinj.com\/blog\/author\/admin\/"}]}},"jetpack_featured_media_url":"","jetpack_sharing_enabled":true,"jetpack_shortlink":"https:\/\/wp.me\/pe6lTn-hr8","_links":{"self":[{"href":"https:\/\/www.visit-ulcinj.com\/blog\/wp-json\/wp\/v2\/posts\/67030"}],"collection":[{"href":"https:\/\/www.visit-ulcinj.com\/blog\/wp-json\/wp\/v2\/posts"}],"about":[{"href":"https:\/\/www.visit-ulcinj.com\/blog\/wp-json\/wp\/v2\/types\/post"}],"author":[{"embeddable":true,"href":"https:\/\/www.visit-ulcinj.com\/blog\/wp-json\/wp\/v2\/users\/1"}],"replies":[{"embeddable":true,"href":"https:\/\/www.visit-ulcinj.com\/blog\/wp-json\/wp\/v2\/comments?post=67030"}],"version-history":[{"count":2,"href":"https:\/\/www.visit-ulcinj.com\/blog\/wp-json\/wp\/v2\/posts\/67030\/revisions"}],"predecessor-version":[{"id":67052,"href":"https:\/\/www.visit-ulcinj.com\/blog\/wp-json\/wp\/v2\/posts\/67030\/revisions\/67052"}],"wp:attachment":[{"href":"https:\/\/www.visit-ulcinj.com\/blog\/wp-json\/wp\/v2\/media?parent=67030"}],"wp:term":[{"taxonomy":"category","embeddable":true,"href":"https:\/\/www.visit-ulcinj.com\/blog\/wp-json\/wp\/v2\/categories?post=67030"},{"taxonomy":"post_tag","embeddable":true,"href":"https:\/\/www.visit-ulcinj.com\/blog\/wp-json\/wp\/v2\/tags?post=67030"}],"curies":[{"name":"wp","href":"https:\/\/api.w.org\/{rel}","templated":true}]}}