{"id":67040,"date":"2012-12-23T20:48:19","date_gmt":"2012-12-23T19:48:19","guid":{"rendered":"http:\/\/www.visit-ulcinj.com\/blog\/?p=67040"},"modified":"2012-12-23T20:49:14","modified_gmt":"2012-12-23T19:49:14","slug":"opozicija-i-partija-na-vlasti-ulcinja-cungu-moze-da-gradi-na-sasu","status":"publish","type":"post","link":"https:\/\/www.visit-ulcinj.com\/blog\/2012\/12\/23\/opozicija-i-partija-na-vlasti-ulcinja-cungu-moze-da-gradi-na-sasu\/","title":{"rendered":"Opozicija i partija na vlasti Ulcinja: Cungu mo\u017ee da gradi na \u0160asu"},"content":{"rendered":"<p><a href=\"http:\/\/www.visit-ulcinj.com\/blog\/wp-content\/uploads\/2012\/12\/Sasko-jezero.jpg\"><img loading=\"lazy\" class=\"alignleft  wp-image-67041\" alt=\"Sasko jezero\" src=\"http:\/\/www.visit-ulcinj.com\/blog\/wp-content\/uploads\/2012\/12\/Sasko-jezero.jpg\" width=\"508\" height=\"360\" \/><\/a>ULCINj \u2013 Odbornici opozicije i partija na vlasti bili su ju\u010de jednoglasni u izja\u0161njavanju za predloge odluka o dono\u0161enju urbanisti\u010dkog projekta budu\u0107eg hotela \u201eGaleb\u201d i dono\u0161enju lokalne studije lokacije za eko seoski turisti\u010dki centar na lokalitetu \u0160as. Nakon vi\u0161e\u010dasovne rasprave dva politi\u010dki suprotstavljena tabora bila su jednoglasna po pitanju novih investicija u najju\u017eniju op\u0161tinu. Me\u0111utim, i pored te \u010dinjenice vodila se zanimljiva i na momente burna polemika. Posebno interesantna rasprava vo\u0111ena je o studiji lokacije za budu\u0107i turisti\u010dki centar u \u0160asu jer se ispostavilo da je podnosilac zahtjeva za studiju aktuelni predsjednik op\u0161tine Ulcinj Nazif Cungu, koji je sa biznis partnerom vlasnik 60 odsto zemlji\u0161ta na kome \u0107e se u budu\u0107nosti graditi veliki turisti\u010dki kompleks. Nakon \u0161to su predstavnici preduze\u0107a \u201eUrbanprojekta\u201d objasnili detalje plana, koji obuhvata povr\u0161inu od 8,3 hektra na obali \u0160askog jezera, uslijedila su pitanja opozicije koju je interesovalo ko je podnio zahtjev, \u010dije je zemlji\u0161te i ko snosi tro\u0161kove izrade studije i infrastrukturne primjene.<br \/>\n<a href=\"http:\/\/www.visit-ulcinj.com\/blog\/wp-content\/uploads\/2012\/12\/luidj-skrelja.jpg\"><img loading=\"lazy\" class=\"alignleft  wp-image-67042\" alt=\"luidj skrelja\" src=\"http:\/\/www.visit-ulcinj.com\/blog\/wp-content\/uploads\/2012\/12\/luidj-skrelja.jpg\" width=\"350\" height=\"400\" \/><\/a>\u2013 Ho\u0107u da \u010dujem ko je naru\u010dilac posla, da bih znao ko \u0107e mi biti kom\u0161ija? Interesuje me jesu li uzeti u obzir imovinsko pravni odnosi, odnosno ima li sporova? Da li je za\u0161ti\u0107ena imovina, koja je predmet restituicije i arhelo\u0161ke iskopine na tom prostoru i kako \u0107e se rije\u0161iti problem otpadnih voda \u2013 pitao je odbornik DPS-a Lui\u0111 \u0160krelja, koji je, ispostavilo se, znao ko je vlasnik zemlji\u0161ta, kao i svi odbornici u sali, ali se tek na kraju ju\u010dera\u0161nje sesije to i zvani\u010dno \u010dulo od sekretara za urbanizam Valona Buzukua.<br \/>\n\u2013 Vlasnici 60 odsto zemlji\u0161ta su kompanija \u201eCungu end ko\u201d i Amir Perovi\u0107 i oni su jo\u0161 2009. godine podnijeli zahtjev za izradu studije lokacije. Ostatak zemlji\u0161ta je u vlasni\u0161tvu Op\u0161tine Ulcinj. Odluku o izradi studije donio je biv\u0161i predsjednik op\u0161tine Gzim Hajdinaga i ona se sticajem okolnosti tek sada nalazi na dnevnom redu. Predlog plana po\u0161tuje ekolo\u0161ke standarde i ne\u0107e ni na koji na\u010din ugroziti arheolo\u0161ki lokalitet koji se nalazi u blizini. Zakonska procedura je ispo\u0161tovana i nema prepreka da se plan usvoji \u2013 kazao je Buzuku.<br \/>\nPrema rije\u010dima predsjednika op\u0161tine Nazifa Cungua usvajanje studije je logi\u010dan potez lokalnog parlamenta, jer je rije\u010d o dokumentu \u010dija je izrada odobrena dok on jo\u0161 nije bio na \u010delu op\u0161tine.<br \/>\n\u2013 Poznato je da se bavim biznisom i da imam svoje preduze\u0107e i nekretnine. Ova lokacija na \u0160asu je moje vlasni\u0161tvo, a kupio sam je prije desetak godina. Dakle, ovo je nastavak legalne procedure koju je pokrenuo moj prethodnik, a ja valjda imam prava kao i svaki drugi gra\u0111anin. Ina\u010de, ovaj planski dokument je poslednji te vrste, koji se na\u0161ao u Skup\u0161tini, jer su svi ostali iz tog perioda ve\u0107 usvojeni. S toga, nema sumnje, da je sve legalno i u skladu sa zakonima \u2013 ustvrdio je Cungu.<br \/>\nOpoziciji koja nije osporavala usvajanje dokumenta bio je cilj da javnost sazna detalje o budu\u0107em investitoru, a jedina primjedba odnosila se na to da je plan mogao zahvatiti i ve\u0107u povr\u0161inu, kako bi i ostali vlasnici okolnih parcela imali koristi od budu\u0107ih investicija.<br \/>\n\u2013 Ovo nije u redu. Niste korektni i samo mislite na sebe i svoje interese, a kako je drugima to vas ne zanima. Plan je mogao imati ve\u0107i zahvat, ali sad se vidi va\u0161 sebi\u010dluk i treba da se stidite \u2013 poru\u010dio je lider i odbornik DUA Mehmed Zenka.<br \/>\nIna\u010de, iako to zvani\u010dno nije saop\u0161teno, moglo se \u010duti da je studija lokacije sa 60 hiljada eura finansirana iz op\u0161tinskog bud\u017eeta. Tako\u0111e, infrastrukturna priprema lokacije trebalo bi da ko\u0161ta oko dva miliona, a za sam projekat izgradnje turisti\u010dkog naselja, koje \u0107e biti uklopljeno u ambijent, planirano je najmanje od 20 miliona eura.<br \/>\n<strong>M.KNE\u017dEVI\u0106<\/strong><br \/>\n<a href=\"http:\/\/www.visit-ulcinj.com\/blog\/wp-content\/uploads\/2012\/12\/Hotel-Galeb-Novi.jpg\"><img loading=\"lazy\" class=\"alignleft  wp-image-67043\" alt=\"Hotel-Galeb-Novi\" src=\"http:\/\/www.visit-ulcinj.com\/blog\/wp-content\/uploads\/2012\/12\/Hotel-Galeb-Novi.jpg\" width=\"508\" height=\"300\" \/><\/a><br \/>\n<strong> \u201eRok\u0161ped\u201d tra\u017ei od\u0161tetu<\/strong><br \/>\nU dijelu rasprave oko studije lokacije za budu\u0107i hotel \u201eGaleb\u201d opozicija je optu\u017eila vladaju\u0107u ve\u0107inu da se pomenuta odluka mogla donijeti jo\u0161 u martu. Podsjetimo, skup\u0161tinska ve\u0107ina prigovorila je tada spratnosti objekta tra\u017ee\u0107i i da se uradi podjela parcela, jer je plan zadirao u imovinu nekoliko pravnih lica (hotel \u201eMediteran\u201d i JPMD). U me\u0111uvremnu obra\u0111iva\u010d plana rije\u0161io je taj problem parcelizacijom iz jedne u nekoliko parcela, pa je dokument jednoglasno usvojen. Odbornik SDP-a Selim Resulbegovi\u0107 kazao je da je investitor, kompanija \u201eRok\u0161ped\u201d, pokrenuo spor i da tra\u017ei od\u0161etu zbog odugovla\u010denja u dono\u0161enju planske dokumentacije.<br \/>\n\u2013 Izgubili smo deset mjeseci bez potrebe jer ova vrsta dokumenata ne poznaje amandmansko djelovanje. Bojim se da \u0107emo zbog toga trpjeti posledice \u2013 kazao je Resulbegovi\u0107.<br \/>\nAndrija \u0106etkovi\u0107 iz SNP-a, koji nije prisustvovao glasanju, pitao je da li je pravi\u010dno da investitor koji se pokazao kao nepouzdan i koji je od privatizacije \u201eGaleba\u201d imao samo korist, a grad isklju\u010divo \u0161tetu, dobije mogu\u0107nost da kroz trgova\u010dke aran\u017emane ubere zna\u010dajna sredstva na ra\u010dun najljep\u0161eg dijela ucinjske teritorije.<br \/>\n\u2013 Ko \u0107e biti investitor s obzirom na to da \u201eRok\u0161ped\u201d nema finansijske snage da ovaj projekat dovede do kraja. Tu postoje izvjesne zamke, koje lokalnoj zajednici mogu donijeti i izvjesnu \u0161tetu \u2013 rekao je \u0106etkovi\u0107.<\/p>\n<p><a href=\"http:\/\/www.dan.co.me\/?nivo=3&amp;rubrika=Regioni&amp;clanak=360746&amp;datum=2012-12-23&amp;naslov=Cungu%20moe%20da%20gradi%20na%20asu\" target=\"_blank\"><strong>Izvor: DAN<\/strong><\/p>\n<p><\/a><\/p>\n","protected":false},"excerpt":{"rendered":"<p>ULCINj \u2013 Odbornici opozicije i partija na vlasti bili su ju\u010de jednoglasni u izja\u0161njavanju za predloge odluka o dono\u0161enju urbanisti\u010dkog projekta budu\u0107eg hotela \u201eGaleb\u201d i dono\u0161enju lokalne studije lokacije za eko seoski turisti\u010dki centar na lokalitetu \u0160as. Nakon vi\u0161e\u010dasovne rasprave dva politi\u010dki suprotstavljena tabora bila su jednoglasna po pitanju novih investicija u najju\u017eniju op\u0161tinu. Me\u0111utim, [&hellip;]<\/p>\n","protected":false},"author":1,"featured_media":0,"comment_status":"open","ping_status":"closed","sticky":false,"template":"","format":"standard","meta":{"spay_email":"","jetpack_publicize_message":"","jetpack_is_tweetstorm":false,"jetpack_publicize_feature_enabled":true},"categories":[8337],"tags":[21657,19],"jetpack_publicize_connections":[],"yoast_head":"<!-- This site is optimized with the Yoast SEO plugin v19.1 - https:\/\/yoast.com\/wordpress\/plugins\/seo\/ -->\n<title>Opozicija i partija na vlasti Ulcinja: Cungu mo\u017ee da gradi na \u0160asu - Lajme nga Ulqini<\/title>\n<meta name=\"description\" content=\"ULCINj \u2013 Odbornici opozicije i partija na vlasti bili su ju\u010de jednoglasni u izja\u0161njavanju za predloge odluka o dono\u0161enju urbanisti\u010dkog projekta budu\u0107eg\" \/>\n<meta name=\"robots\" content=\"index, follow, max-snippet:-1, max-image-preview:large, max-video-preview:-1\" \/>\n<link rel=\"canonical\" href=\"https:\/\/www.visit-ulcinj.com\/blog\/2012\/12\/23\/opozicija-i-partija-na-vlasti-ulcinja-cungu-moze-da-gradi-na-sasu\/\" \/>\n<meta property=\"og:locale\" content=\"en_US\" \/>\n<meta property=\"og:type\" content=\"article\" \/>\n<meta property=\"og:title\" content=\"Opozicija i partija na vlasti Ulcinja: Cungu mo\u017ee da gradi na \u0160asu - Lajme nga Ulqini\" \/>\n<meta property=\"og:description\" content=\"ULCINj \u2013 Odbornici opozicije i partija na vlasti bili su ju\u010de jednoglasni u izja\u0161njavanju za predloge odluka o dono\u0161enju urbanisti\u010dkog projekta budu\u0107eg\" \/>\n<meta property=\"og:url\" content=\"https:\/\/www.visit-ulcinj.com\/blog\/2012\/12\/23\/opozicija-i-partija-na-vlasti-ulcinja-cungu-moze-da-gradi-na-sasu\/\" \/>\n<meta property=\"og:site_name\" content=\"Lajme nga Ulqini\" \/>\n<meta property=\"article:published_time\" content=\"2012-12-23T19:48:19+00:00\" \/>\n<meta property=\"article:modified_time\" content=\"2012-12-23T19:49:14+00:00\" \/>\n<meta property=\"og:image\" content=\"http:\/\/www.visit-ulcinj.com\/blog\/wp-content\/uploads\/2012\/12\/Sasko-jezero.jpg\" \/>\n<meta name=\"twitter:label1\" content=\"Written by\" \/>\n\t<meta name=\"twitter:data1\" content=\"ulqini\" \/>\n\t<meta name=\"twitter:label2\" content=\"Est. reading time\" \/>\n\t<meta name=\"twitter:data2\" content=\"4 minutes\" \/>\n<script type=\"application\/ld+json\" class=\"yoast-schema-graph\">{\"@context\":\"https:\/\/schema.org\",\"@graph\":[{\"@type\":\"WebSite\",\"@id\":\"https:\/\/www.visit-ulcinj.com\/blog\/#website\",\"url\":\"https:\/\/www.visit-ulcinj.com\/blog\/\",\"name\":\"Lajme nga Ulqini\",\"description\":\"Lajme,Vijesti,Ulqini,Ulqin,Crna Gora,Mali i Zi\",\"potentialAction\":[{\"@type\":\"SearchAction\",\"target\":{\"@type\":\"EntryPoint\",\"urlTemplate\":\"https:\/\/www.visit-ulcinj.com\/blog\/?s={search_term_string}\"},\"query-input\":\"required name=search_term_string\"}],\"inLanguage\":\"en-US\"},{\"@type\":\"ImageObject\",\"inLanguage\":\"en-US\",\"@id\":\"https:\/\/www.visit-ulcinj.com\/blog\/2012\/12\/23\/opozicija-i-partija-na-vlasti-ulcinja-cungu-moze-da-gradi-na-sasu\/#primaryimage\",\"url\":\"https:\/\/www.visit-ulcinj.com\/blog\/wp-content\/uploads\/2012\/12\/Sasko-jezero.jpg\",\"contentUrl\":\"https:\/\/www.visit-ulcinj.com\/blog\/wp-content\/uploads\/2012\/12\/Sasko-jezero.jpg\",\"width\":640,\"height\":427},{\"@type\":\"WebPage\",\"@id\":\"https:\/\/www.visit-ulcinj.com\/blog\/2012\/12\/23\/opozicija-i-partija-na-vlasti-ulcinja-cungu-moze-da-gradi-na-sasu\/#webpage\",\"url\":\"https:\/\/www.visit-ulcinj.com\/blog\/2012\/12\/23\/opozicija-i-partija-na-vlasti-ulcinja-cungu-moze-da-gradi-na-sasu\/\",\"name\":\"Opozicija i partija na vlasti Ulcinja: Cungu mo\u017ee da gradi na \u0160asu - Lajme nga Ulqini\",\"isPartOf\":{\"@id\":\"https:\/\/www.visit-ulcinj.com\/blog\/#website\"},\"primaryImageOfPage\":{\"@id\":\"https:\/\/www.visit-ulcinj.com\/blog\/2012\/12\/23\/opozicija-i-partija-na-vlasti-ulcinja-cungu-moze-da-gradi-na-sasu\/#primaryimage\"},\"datePublished\":\"2012-12-23T19:48:19+00:00\",\"dateModified\":\"2012-12-23T19:49:14+00:00\",\"author\":{\"@id\":\"https:\/\/www.visit-ulcinj.com\/blog\/#\/schema\/person\/dcab619c614d3038751c63bc2aadc06d\"},\"description\":\"ULCINj \u2013 Odbornici opozicije i partija na vlasti bili su ju\u010de jednoglasni u izja\u0161njavanju za predloge odluka o dono\u0161enju urbanisti\u010dkog projekta budu\u0107eg\",\"breadcrumb\":{\"@id\":\"https:\/\/www.visit-ulcinj.com\/blog\/2012\/12\/23\/opozicija-i-partija-na-vlasti-ulcinja-cungu-moze-da-gradi-na-sasu\/#breadcrumb\"},\"inLanguage\":\"en-US\",\"potentialAction\":[{\"@type\":\"ReadAction\",\"target\":[\"https:\/\/www.visit-ulcinj.com\/blog\/2012\/12\/23\/opozicija-i-partija-na-vlasti-ulcinja-cungu-moze-da-gradi-na-sasu\/\"]}]},{\"@type\":\"BreadcrumbList\",\"@id\":\"https:\/\/www.visit-ulcinj.com\/blog\/2012\/12\/23\/opozicija-i-partija-na-vlasti-ulcinja-cungu-moze-da-gradi-na-sasu\/#breadcrumb\",\"itemListElement\":[{\"@type\":\"ListItem\",\"position\":1,\"name\":\"Opozicija i partija na vlasti Ulcinja: Cungu mo\u017ee da gradi na \u0160asu\"}]},{\"@type\":\"Person\",\"@id\":\"https:\/\/www.visit-ulcinj.com\/blog\/#\/schema\/person\/dcab619c614d3038751c63bc2aadc06d\",\"name\":\"ulqini\",\"sameAs\":[\"http:\/\/www.visit-ulcinj.com\"],\"url\":\"https:\/\/www.visit-ulcinj.com\/blog\/author\/admin\/\"}]}<\/script>\n<!-- \/ Yoast SEO plugin. -->","yoast_head_json":{"title":"Opozicija i partija na vlasti Ulcinja: Cungu mo\u017ee da gradi na \u0160asu - Lajme nga Ulqini","description":"ULCINj \u2013 Odbornici opozicije i partija na vlasti bili su ju\u010de jednoglasni u izja\u0161njavanju za predloge odluka o dono\u0161enju urbanisti\u010dkog projekta budu\u0107eg","robots":{"index":"index","follow":"follow","max-snippet":"max-snippet:-1","max-image-preview":"max-image-preview:large","max-video-preview":"max-video-preview:-1"},"canonical":"https:\/\/www.visit-ulcinj.com\/blog\/2012\/12\/23\/opozicija-i-partija-na-vlasti-ulcinja-cungu-moze-da-gradi-na-sasu\/","og_locale":"en_US","og_type":"article","og_title":"Opozicija i partija na vlasti Ulcinja: Cungu mo\u017ee da gradi na \u0160asu - Lajme nga Ulqini","og_description":"ULCINj \u2013 Odbornici opozicije i partija na vlasti bili su ju\u010de jednoglasni u izja\u0161njavanju za predloge odluka o dono\u0161enju urbanisti\u010dkog projekta budu\u0107eg","og_url":"https:\/\/www.visit-ulcinj.com\/blog\/2012\/12\/23\/opozicija-i-partija-na-vlasti-ulcinja-cungu-moze-da-gradi-na-sasu\/","og_site_name":"Lajme nga Ulqini","article_published_time":"2012-12-23T19:48:19+00:00","article_modified_time":"2012-12-23T19:49:14+00:00","og_image":[{"url":"http:\/\/www.visit-ulcinj.com\/blog\/wp-content\/uploads\/2012\/12\/Sasko-jezero.jpg"}],"twitter_misc":{"Written by":"ulqini","Est. reading time":"4 minutes"},"schema":{"@context":"https:\/\/schema.org","@graph":[{"@type":"WebSite","@id":"https:\/\/www.visit-ulcinj.com\/blog\/#website","url":"https:\/\/www.visit-ulcinj.com\/blog\/","name":"Lajme nga Ulqini","description":"Lajme,Vijesti,Ulqini,Ulqin,Crna Gora,Mali i Zi","potentialAction":[{"@type":"SearchAction","target":{"@type":"EntryPoint","urlTemplate":"https:\/\/www.visit-ulcinj.com\/blog\/?s={search_term_string}"},"query-input":"required name=search_term_string"}],"inLanguage":"en-US"},{"@type":"ImageObject","inLanguage":"en-US","@id":"https:\/\/www.visit-ulcinj.com\/blog\/2012\/12\/23\/opozicija-i-partija-na-vlasti-ulcinja-cungu-moze-da-gradi-na-sasu\/#primaryimage","url":"https:\/\/www.visit-ulcinj.com\/blog\/wp-content\/uploads\/2012\/12\/Sasko-jezero.jpg","contentUrl":"https:\/\/www.visit-ulcinj.com\/blog\/wp-content\/uploads\/2012\/12\/Sasko-jezero.jpg","width":640,"height":427},{"@type":"WebPage","@id":"https:\/\/www.visit-ulcinj.com\/blog\/2012\/12\/23\/opozicija-i-partija-na-vlasti-ulcinja-cungu-moze-da-gradi-na-sasu\/#webpage","url":"https:\/\/www.visit-ulcinj.com\/blog\/2012\/12\/23\/opozicija-i-partija-na-vlasti-ulcinja-cungu-moze-da-gradi-na-sasu\/","name":"Opozicija i partija na vlasti Ulcinja: Cungu mo\u017ee da gradi na \u0160asu - Lajme nga Ulqini","isPartOf":{"@id":"https:\/\/www.visit-ulcinj.com\/blog\/#website"},"primaryImageOfPage":{"@id":"https:\/\/www.visit-ulcinj.com\/blog\/2012\/12\/23\/opozicija-i-partija-na-vlasti-ulcinja-cungu-moze-da-gradi-na-sasu\/#primaryimage"},"datePublished":"2012-12-23T19:48:19+00:00","dateModified":"2012-12-23T19:49:14+00:00","author":{"@id":"https:\/\/www.visit-ulcinj.com\/blog\/#\/schema\/person\/dcab619c614d3038751c63bc2aadc06d"},"description":"ULCINj \u2013 Odbornici opozicije i partija na vlasti bili su ju\u010de jednoglasni u izja\u0161njavanju za predloge odluka o dono\u0161enju urbanisti\u010dkog projekta budu\u0107eg","breadcrumb":{"@id":"https:\/\/www.visit-ulcinj.com\/blog\/2012\/12\/23\/opozicija-i-partija-na-vlasti-ulcinja-cungu-moze-da-gradi-na-sasu\/#breadcrumb"},"inLanguage":"en-US","potentialAction":[{"@type":"ReadAction","target":["https:\/\/www.visit-ulcinj.com\/blog\/2012\/12\/23\/opozicija-i-partija-na-vlasti-ulcinja-cungu-moze-da-gradi-na-sasu\/"]}]},{"@type":"BreadcrumbList","@id":"https:\/\/www.visit-ulcinj.com\/blog\/2012\/12\/23\/opozicija-i-partija-na-vlasti-ulcinja-cungu-moze-da-gradi-na-sasu\/#breadcrumb","itemListElement":[{"@type":"ListItem","position":1,"name":"Opozicija i partija na vlasti Ulcinja: Cungu mo\u017ee da gradi na \u0160asu"}]},{"@type":"Person","@id":"https:\/\/www.visit-ulcinj.com\/blog\/#\/schema\/person\/dcab619c614d3038751c63bc2aadc06d","name":"ulqini","sameAs":["http:\/\/www.visit-ulcinj.com"],"url":"https:\/\/www.visit-ulcinj.com\/blog\/author\/admin\/"}]}},"jetpack_featured_media_url":"","jetpack_sharing_enabled":true,"jetpack_shortlink":"https:\/\/wp.me\/pe6lTn-hri","_links":{"self":[{"href":"https:\/\/www.visit-ulcinj.com\/blog\/wp-json\/wp\/v2\/posts\/67040"}],"collection":[{"href":"https:\/\/www.visit-ulcinj.com\/blog\/wp-json\/wp\/v2\/posts"}],"about":[{"href":"https:\/\/www.visit-ulcinj.com\/blog\/wp-json\/wp\/v2\/types\/post"}],"author":[{"embeddable":true,"href":"https:\/\/www.visit-ulcinj.com\/blog\/wp-json\/wp\/v2\/users\/1"}],"replies":[{"embeddable":true,"href":"https:\/\/www.visit-ulcinj.com\/blog\/wp-json\/wp\/v2\/comments?post=67040"}],"version-history":[{"count":2,"href":"https:\/\/www.visit-ulcinj.com\/blog\/wp-json\/wp\/v2\/posts\/67040\/revisions"}],"predecessor-version":[{"id":67045,"href":"https:\/\/www.visit-ulcinj.com\/blog\/wp-json\/wp\/v2\/posts\/67040\/revisions\/67045"}],"wp:attachment":[{"href":"https:\/\/www.visit-ulcinj.com\/blog\/wp-json\/wp\/v2\/media?parent=67040"}],"wp:term":[{"taxonomy":"category","embeddable":true,"href":"https:\/\/www.visit-ulcinj.com\/blog\/wp-json\/wp\/v2\/categories?post=67040"},{"taxonomy":"post_tag","embeddable":true,"href":"https:\/\/www.visit-ulcinj.com\/blog\/wp-json\/wp\/v2\/tags?post=67040"}],"curies":[{"name":"wp","href":"https:\/\/api.w.org\/{rel}","templated":true}]}}