{"id":67048,"date":"2012-12-23T23:21:17","date_gmt":"2012-12-23T22:21:17","guid":{"rendered":"http:\/\/www.visit-ulcinj.com\/blog\/?p=67048"},"modified":"2012-12-25T20:05:50","modified_gmt":"2012-12-25T19:05:50","slug":"gjeka-investimet-ndalojne-shpopullimin-e-zonave-shqiptare","status":"publish","type":"post","link":"https:\/\/www.visit-ulcinj.com\/blog\/2012\/12\/23\/gjeka-investimet-ndalojne-shpopullimin-e-zonave-shqiptare\/","title":{"rendered":"1 vjetori &#8211; Gjeka: Investimet ndalojn\u00eb shpopullimin e zonave shqiptare"},"content":{"rendered":"<p><strong><a href=\"http:\/\/www.visit-ulcinj.com\/blog\/wp-content\/uploads\/2012\/12\/Fatmir-Gjeken-Partia-Demokratike-Mali-i-Zi.jpg\"><img loading=\"lazy\" class=\"alignleft  wp-image-67049\" alt=\"Fatmir-Gjeken-Partia-Demokratike-Mali-i-Zi\" src=\"http:\/\/www.visit-ulcinj.com\/blog\/wp-content\/uploads\/2012\/12\/Fatmir-Gjeken-Partia-Demokratike-Mali-i-Zi.jpg\" width=\"508\" height=\"360\" \/><\/a>! vjetori i themelimit t\u00eb Partis\u00eb Demokratike n\u00eb Ulqin<\/strong><\/p>\n<p>Ulqin,23 dhjetor 2012 \u2013 Partia Demokratike,subjekti m\u00eb i ri n\u00eb sken\u00ebn politike shqiptare n\u00eb Malin e Zi , solemnisht sh\u00ebnoi 1- vjtorin e themelimit t\u00eb saj.P\u00ebrve\u00e7 zyrtar\u00ebve m\u00eb t\u00eb lart\u00eb ,an\u00ebtar\u00ebve dhe simpatizuese t\u00eb PD, merrnin pjes\u00eb p\u00ebrfaq\u00ebsuesit edhe p\u00ebrfaq\u00ebsuesit e partive politike politike nacionale shqiptare dhe t\u00eb atyre qytetare lokale dhe parlamentare.<\/p>\n<p><a href=\"http:\/\/www.visit-ulcinj.com\/blog\/wp-content\/uploads\/2012\/12\/1-vjetori-i-Partis\u00eb-Demokratike-n\u00eb-Ulqin.jpg\"><img loading=\"lazy\" class=\"alignleft  wp-image-67053\" alt=\"1 vjetori i Partis\u00eb Demokratike n\u00eb Ulqin\" src=\"http:\/\/www.visit-ulcinj.com\/blog\/wp-content\/uploads\/2012\/12\/1-vjetori-i-Partis\u00eb-Demokratike-n\u00eb-Ulqin.jpg\" width=\"350\" height=\"450\" \/><\/a>Lideri i PD,deputeti i Koalicionit shqiptar dhe krytari i Klubit t\u00eb deputet\u00ebve t\u00eb pakicave n\u00eb Parlamentin e Malit t\u00eb Zi, Fatmir Gjeka ,pasi p\u00ebrsh\u00ebndeti t\u00eb pranishmit, foli mbi ecurin\u00eb dhe sukseset e PD gjat\u00eb k\u00ebtij nj\u00ebvje\u00e7ari t\u00eb veprimtaris\u00eb.<\/p>\n<p>Nj\u00eb vit m\u00eb par\u00eb,k\u00ebtu n\u00eb Ulqin,lindi Partia Demokratike,parti e hapur p\u00ebr t\u00eb gjith\u00eb shqiptar\u00ebt n\u00eb Malin e Zi.<\/p>\n<p>Ky subjekt politik nacionale erdh si nj\u00eb meteor n\u00eb vigjile t\u00eb fest\u00ebs son\u00eb t\u00eb drit\u00ebs,t\u00eb bashkimit dhe dashuris\u00eb, Krishtlindjeve.Kjo frym\u00eb dhe kjo energji komb\u00ebtare dhe qytetare, b\u00ebri q\u00eb Partia Demokratike t\u00eb arrij\u00eb dhe t\u00eb mish\u00ebrohet n\u00eb shpirtin e zemrat e t\u00eb rinjve tan\u00eb, n\u00eb Ulqin, An\u00eb t\u00eb Malit,Kraj\u00eb, Mal\u00ebsi,Plav\u00eb e Guci,pa paragjykime t\u00eb asnj\u00eb formati\u201c- u shpreh Gjeka.<\/p>\n<p>Ai shtoi se jemi partia e par\u00eb politike shqiptare n\u00eb Malin e Zi q\u00eb parimet,synimet dhe perspektiv\u00ebn ton\u00eb e nd\u00ebrtojm\u00eb ashtu si\u00e7 e sheh brezi i ri q\u00eb t\u00eb ecim drejt integrimeve evropiane dhe evroatlantike.Por,fillimisht duhet t\u00eb unifikojm\u00eb trupin ton\u00eb votues edhe t\u00eb marrim p\u00ebrgjegj\u00ebsin\u00eb e mir\u00ebfillt\u00eb t\u00eb zhvillimit ekonomik dhe t\u00eb vlerave demokratike civilizuese q\u00eb kemi ne si popull i lasht\u00eb.<\/p>\n<p><a href=\"http:\/\/www.visit-ulcinj.com\/blog\/wp-content\/uploads\/2012\/12\/1-vjetori-i-Partis\u00eb-Demokratike-n\u00eb-Ulqin.1.jpg\"><img loading=\"lazy\" class=\"alignleft  wp-image-67054\" alt=\"1 vjetori i Partis\u00eb Demokratike n\u00eb Ulqin.1\" src=\"http:\/\/www.visit-ulcinj.com\/blog\/wp-content\/uploads\/2012\/12\/1-vjetori-i-Partis\u00eb-Demokratike-n\u00eb-Ulqin.1.jpg\" width=\"508\" height=\"300\" \/><\/a><\/p>\n<p>\u201c.PD,edhe me dokumentat e veta themelore, v\u00ebmendje t\u00eb posa\u00e7me i kushton pun\u00ebsimit t\u00eb kuadrove t\u00eb reja t\u00eb arsimuara,sidomos n\u00eb organet lokale dhe shtet\u00ebrore n\u00eb parametra proporcionale. Papun\u00ebsia maksimale n\u00eb vendbanimet etnike shqiptare n\u00eb Mal t\u00eb Zi, nxit t\u00eb rinjt\u00eb, fatkeq\u00ebsishjt edhe ata me diplom\u00eb universiteti, t\u00eb braktisin vendlindjen ,duke k\u00ebrkuar nj\u00eb jet\u00eb m\u00eb t\u00eb mir\u00eb n\u00eb m\u00ebrgim.K\u00ebto l\u00ebvizje ndikojn\u00eb q\u00eb t\u00eb shpopullohen vendbanimet shqiptare, n\u00eb Ulqin,An\u00eb t\u00eb Malit , Kraj\u00eb e deri n\u00eb Rozhaj\u00eb, edhe ne do t i k\u00ebrkojm\u00eb qeveris\u00eb malazeze investime n\u00eb trevat shqiptare, meq\u00eb ato sot jan\u00eb m\u00eb t\u00eb varf\u00ebra n\u00eb vend\u201d- apostroi Fatmir Gjeka.<\/p>\n<p>Sh\u00ebrbimi p\u00ebr informim i PD<\/p>\n<p><strong>\u00a0<\/strong><\/p>\n<p>&nbsp;<\/p>\n","protected":false},"excerpt":{"rendered":"<p>! vjetori i themelimit t\u00eb Partis\u00eb Demokratike n\u00eb Ulqin Ulqin,23 dhjetor 2012 \u2013 Partia Demokratike,subjekti m\u00eb i ri n\u00eb sken\u00ebn politike shqiptare n\u00eb Malin e Zi , solemnisht sh\u00ebnoi 1- vjtorin e themelimit t\u00eb saj.P\u00ebrve\u00e7 zyrtar\u00ebve m\u00eb t\u00eb lart\u00eb ,an\u00ebtar\u00ebve dhe simpatizuese t\u00eb PD, merrnin pjes\u00eb p\u00ebrfaq\u00ebsuesit edhe p\u00ebrfaq\u00ebsuesit e partive politike politike nacionale shqiptare [&hellip;]<\/p>\n","protected":false},"author":1,"featured_media":0,"comment_status":"open","ping_status":"closed","sticky":false,"template":"","format":"standard","meta":{"spay_email":"","jetpack_publicize_message":"","jetpack_is_tweetstorm":false,"jetpack_publicize_feature_enabled":true},"categories":[1,6],"tags":[11609,21509,21512,17977,212,17828,21239,17834,21237,18370,17811,21242,20884,7930,17831,21652,18362,14353,17808,14354,12340,17840,17839,18363,21221,21222,18532,19677,17835,21240,17814,17810,17816,17071,2319,21246,17807,21253,21468,21469,19517,3516,14652,17837,17827,21219,21416,8470,21244,21654,4607,21494,2338,21653,21238,21248,14358,19806,222,2321,17802,17812,17803,2323,3584,17820,16036,1499,21236,21250,17825,17817,17805,21252,3169,305,21251,840,17823,17832,3506,17818,214,21231,3993,5913,17680,14362,14363,18371,21493,21230,21241,21513,3507,730,21471,21249,17800,498,3500,21421,21228,21255,19514,115,14364,21234,18694,21254,21223,21418,17799,3327,21226,17841,3944,17826,15213,18236,3512,17806,18399,11648,18289,21233,17838,95,2348,21427,17813,17804,15141,347,19495,17836,14366,21510,3875,79,17073,18294,318,118,18368,18369,21417,19511,21257,21258,1653,21420,21426,21419,11584,2304,21261,21232,1909,21243,21224,14367,21235,2354,5380,17801,2306,2334,2335,21470,18360,21227,3577,17822,14368,14369,21225,21492,17824,14370,21247,18291,16228,21259,2083,3231,14371,21220,41,3617,5040,3582,2350,3722,21260,14372,17844,17821,18372,21256,17830,17077,18295,14375,17833,17829,899,21245,20894,3797,21229,4684,200,18,17819,19460,4243,16445,17809,2340,4265,14376],"jetpack_publicize_connections":[],"yoast_head":"<!-- This site is optimized with the Yoast SEO plugin v19.1 - https:\/\/yoast.com\/wordpress\/plugins\/seo\/ -->\n<title>1 vjetori - Gjeka: Investimet ndalojn\u00eb shpopullimin e zonave shqiptare - Lajme nga Ulqini<\/title>\n<meta name=\"description\" content=\"! vjetori i themelimit t\u00eb Partis\u00eb Demokratike n\u00eb Ulqin Ulqin,23 dhjetor 2012 \u2013 Partia Demokratike,subjekti m\u00eb i ri n\u00eb sken\u00ebn politike shqiptare n\u00eb Malin e\" \/>\n<meta name=\"robots\" content=\"index, follow, max-snippet:-1, max-image-preview:large, max-video-preview:-1\" \/>\n<link rel=\"canonical\" href=\"https:\/\/www.visit-ulcinj.com\/blog\/2012\/12\/23\/gjeka-investimet-ndalojne-shpopullimin-e-zonave-shqiptare\/\" \/>\n<meta property=\"og:locale\" content=\"en_US\" \/>\n<meta property=\"og:type\" content=\"article\" \/>\n<meta property=\"og:title\" content=\"1 vjetori - Gjeka: Investimet ndalojn\u00eb shpopullimin e zonave shqiptare - Lajme nga Ulqini\" \/>\n<meta property=\"og:description\" content=\"! vjetori i themelimit t\u00eb Partis\u00eb Demokratike n\u00eb Ulqin Ulqin,23 dhjetor 2012 \u2013 Partia Demokratike,subjekti m\u00eb i ri n\u00eb sken\u00ebn politike shqiptare n\u00eb Malin e\" \/>\n<meta property=\"og:url\" content=\"https:\/\/www.visit-ulcinj.com\/blog\/2012\/12\/23\/gjeka-investimet-ndalojne-shpopullimin-e-zonave-shqiptare\/\" \/>\n<meta property=\"og:site_name\" content=\"Lajme nga Ulqini\" \/>\n<meta property=\"article:published_time\" content=\"2012-12-23T22:21:17+00:00\" \/>\n<meta property=\"article:modified_time\" content=\"2012-12-25T19:05:50+00:00\" \/>\n<meta property=\"og:image\" content=\"http:\/\/www.visit-ulcinj.com\/blog\/wp-content\/uploads\/2012\/12\/Fatmir-Gjeken-Partia-Demokratike-Mali-i-Zi.jpg\" \/>\n<meta name=\"twitter:label1\" content=\"Written by\" \/>\n\t<meta name=\"twitter:data1\" content=\"ulqini\" \/>\n\t<meta name=\"twitter:label2\" content=\"Est. reading time\" \/>\n\t<meta name=\"twitter:data2\" content=\"2 minutes\" \/>\n<script type=\"application\/ld+json\" class=\"yoast-schema-graph\">{\"@context\":\"https:\/\/schema.org\",\"@graph\":[{\"@type\":\"WebSite\",\"@id\":\"https:\/\/www.visit-ulcinj.com\/blog\/#website\",\"url\":\"https:\/\/www.visit-ulcinj.com\/blog\/\",\"name\":\"Lajme nga Ulqini\",\"description\":\"Lajme,Vijesti,Ulqini,Ulqin,Crna Gora,Mali i Zi\",\"potentialAction\":[{\"@type\":\"SearchAction\",\"target\":{\"@type\":\"EntryPoint\",\"urlTemplate\":\"https:\/\/www.visit-ulcinj.com\/blog\/?s={search_term_string}\"},\"query-input\":\"required name=search_term_string\"}],\"inLanguage\":\"en-US\"},{\"@type\":\"ImageObject\",\"inLanguage\":\"en-US\",\"@id\":\"https:\/\/www.visit-ulcinj.com\/blog\/2012\/12\/23\/gjeka-investimet-ndalojne-shpopullimin-e-zonave-shqiptare\/#primaryimage\",\"url\":\"https:\/\/www.visit-ulcinj.com\/blog\/wp-content\/uploads\/2012\/12\/Fatmir-Gjeken-Partia-Demokratike-Mali-i-Zi.jpg\",\"contentUrl\":\"https:\/\/www.visit-ulcinj.com\/blog\/wp-content\/uploads\/2012\/12\/Fatmir-Gjeken-Partia-Demokratike-Mali-i-Zi.jpg\",\"width\":800,\"height\":533},{\"@type\":\"WebPage\",\"@id\":\"https:\/\/www.visit-ulcinj.com\/blog\/2012\/12\/23\/gjeka-investimet-ndalojne-shpopullimin-e-zonave-shqiptare\/#webpage\",\"url\":\"https:\/\/www.visit-ulcinj.com\/blog\/2012\/12\/23\/gjeka-investimet-ndalojne-shpopullimin-e-zonave-shqiptare\/\",\"name\":\"1 vjetori - Gjeka: Investimet ndalojn\u00eb shpopullimin e zonave shqiptare - Lajme nga Ulqini\",\"isPartOf\":{\"@id\":\"https:\/\/www.visit-ulcinj.com\/blog\/#website\"},\"primaryImageOfPage\":{\"@id\":\"https:\/\/www.visit-ulcinj.com\/blog\/2012\/12\/23\/gjeka-investimet-ndalojne-shpopullimin-e-zonave-shqiptare\/#primaryimage\"},\"datePublished\":\"2012-12-23T22:21:17+00:00\",\"dateModified\":\"2012-12-25T19:05:50+00:00\",\"author\":{\"@id\":\"https:\/\/www.visit-ulcinj.com\/blog\/#\/schema\/person\/dcab619c614d3038751c63bc2aadc06d\"},\"description\":\"! vjetori i themelimit t\u00eb Partis\u00eb Demokratike n\u00eb Ulqin Ulqin,23 dhjetor 2012 \u2013 Partia Demokratike,subjekti m\u00eb i ri n\u00eb sken\u00ebn politike shqiptare n\u00eb Malin e\",\"breadcrumb\":{\"@id\":\"https:\/\/www.visit-ulcinj.com\/blog\/2012\/12\/23\/gjeka-investimet-ndalojne-shpopullimin-e-zonave-shqiptare\/#breadcrumb\"},\"inLanguage\":\"en-US\",\"potentialAction\":[{\"@type\":\"ReadAction\",\"target\":[\"https:\/\/www.visit-ulcinj.com\/blog\/2012\/12\/23\/gjeka-investimet-ndalojne-shpopullimin-e-zonave-shqiptare\/\"]}]},{\"@type\":\"BreadcrumbList\",\"@id\":\"https:\/\/www.visit-ulcinj.com\/blog\/2012\/12\/23\/gjeka-investimet-ndalojne-shpopullimin-e-zonave-shqiptare\/#breadcrumb\",\"itemListElement\":[{\"@type\":\"ListItem\",\"position\":1,\"name\":\"1 vjetori &#8211; Gjeka: Investimet ndalojn\u00eb shpopullimin e zonave shqiptare\"}]},{\"@type\":\"Person\",\"@id\":\"https:\/\/www.visit-ulcinj.com\/blog\/#\/schema\/person\/dcab619c614d3038751c63bc2aadc06d\",\"name\":\"ulqini\",\"sameAs\":[\"http:\/\/www.visit-ulcinj.com\"],\"url\":\"https:\/\/www.visit-ulcinj.com\/blog\/author\/admin\/\"}]}<\/script>\n<!-- \/ Yoast SEO plugin. -->","yoast_head_json":{"title":"1 vjetori - Gjeka: Investimet ndalojn\u00eb shpopullimin e zonave shqiptare - Lajme nga Ulqini","description":"! vjetori i themelimit t\u00eb Partis\u00eb Demokratike n\u00eb Ulqin Ulqin,23 dhjetor 2012 \u2013 Partia Demokratike,subjekti m\u00eb i ri n\u00eb sken\u00ebn politike shqiptare n\u00eb Malin e","robots":{"index":"index","follow":"follow","max-snippet":"max-snippet:-1","max-image-preview":"max-image-preview:large","max-video-preview":"max-video-preview:-1"},"canonical":"https:\/\/www.visit-ulcinj.com\/blog\/2012\/12\/23\/gjeka-investimet-ndalojne-shpopullimin-e-zonave-shqiptare\/","og_locale":"en_US","og_type":"article","og_title":"1 vjetori - Gjeka: Investimet ndalojn\u00eb shpopullimin e zonave shqiptare - Lajme nga Ulqini","og_description":"! vjetori i themelimit t\u00eb Partis\u00eb Demokratike n\u00eb Ulqin Ulqin,23 dhjetor 2012 \u2013 Partia Demokratike,subjekti m\u00eb i ri n\u00eb sken\u00ebn politike shqiptare n\u00eb Malin e","og_url":"https:\/\/www.visit-ulcinj.com\/blog\/2012\/12\/23\/gjeka-investimet-ndalojne-shpopullimin-e-zonave-shqiptare\/","og_site_name":"Lajme nga Ulqini","article_published_time":"2012-12-23T22:21:17+00:00","article_modified_time":"2012-12-25T19:05:50+00:00","og_image":[{"url":"http:\/\/www.visit-ulcinj.com\/blog\/wp-content\/uploads\/2012\/12\/Fatmir-Gjeken-Partia-Demokratike-Mali-i-Zi.jpg"}],"twitter_misc":{"Written by":"ulqini","Est. reading time":"2 minutes"},"schema":{"@context":"https:\/\/schema.org","@graph":[{"@type":"WebSite","@id":"https:\/\/www.visit-ulcinj.com\/blog\/#website","url":"https:\/\/www.visit-ulcinj.com\/blog\/","name":"Lajme nga Ulqini","description":"Lajme,Vijesti,Ulqini,Ulqin,Crna Gora,Mali i Zi","potentialAction":[{"@type":"SearchAction","target":{"@type":"EntryPoint","urlTemplate":"https:\/\/www.visit-ulcinj.com\/blog\/?s={search_term_string}"},"query-input":"required name=search_term_string"}],"inLanguage":"en-US"},{"@type":"ImageObject","inLanguage":"en-US","@id":"https:\/\/www.visit-ulcinj.com\/blog\/2012\/12\/23\/gjeka-investimet-ndalojne-shpopullimin-e-zonave-shqiptare\/#primaryimage","url":"https:\/\/www.visit-ulcinj.com\/blog\/wp-content\/uploads\/2012\/12\/Fatmir-Gjeken-Partia-Demokratike-Mali-i-Zi.jpg","contentUrl":"https:\/\/www.visit-ulcinj.com\/blog\/wp-content\/uploads\/2012\/12\/Fatmir-Gjeken-Partia-Demokratike-Mali-i-Zi.jpg","width":800,"height":533},{"@type":"WebPage","@id":"https:\/\/www.visit-ulcinj.com\/blog\/2012\/12\/23\/gjeka-investimet-ndalojne-shpopullimin-e-zonave-shqiptare\/#webpage","url":"https:\/\/www.visit-ulcinj.com\/blog\/2012\/12\/23\/gjeka-investimet-ndalojne-shpopullimin-e-zonave-shqiptare\/","name":"1 vjetori - Gjeka: Investimet ndalojn\u00eb shpopullimin e zonave shqiptare - Lajme nga Ulqini","isPartOf":{"@id":"https:\/\/www.visit-ulcinj.com\/blog\/#website"},"primaryImageOfPage":{"@id":"https:\/\/www.visit-ulcinj.com\/blog\/2012\/12\/23\/gjeka-investimet-ndalojne-shpopullimin-e-zonave-shqiptare\/#primaryimage"},"datePublished":"2012-12-23T22:21:17+00:00","dateModified":"2012-12-25T19:05:50+00:00","author":{"@id":"https:\/\/www.visit-ulcinj.com\/blog\/#\/schema\/person\/dcab619c614d3038751c63bc2aadc06d"},"description":"! vjetori i themelimit t\u00eb Partis\u00eb Demokratike n\u00eb Ulqin Ulqin,23 dhjetor 2012 \u2013 Partia Demokratike,subjekti m\u00eb i ri n\u00eb sken\u00ebn politike shqiptare n\u00eb Malin e","breadcrumb":{"@id":"https:\/\/www.visit-ulcinj.com\/blog\/2012\/12\/23\/gjeka-investimet-ndalojne-shpopullimin-e-zonave-shqiptare\/#breadcrumb"},"inLanguage":"en-US","potentialAction":[{"@type":"ReadAction","target":["https:\/\/www.visit-ulcinj.com\/blog\/2012\/12\/23\/gjeka-investimet-ndalojne-shpopullimin-e-zonave-shqiptare\/"]}]},{"@type":"BreadcrumbList","@id":"https:\/\/www.visit-ulcinj.com\/blog\/2012\/12\/23\/gjeka-investimet-ndalojne-shpopullimin-e-zonave-shqiptare\/#breadcrumb","itemListElement":[{"@type":"ListItem","position":1,"name":"1 vjetori &#8211; Gjeka: Investimet ndalojn\u00eb shpopullimin e zonave shqiptare"}]},{"@type":"Person","@id":"https:\/\/www.visit-ulcinj.com\/blog\/#\/schema\/person\/dcab619c614d3038751c63bc2aadc06d","name":"ulqini","sameAs":["http:\/\/www.visit-ulcinj.com"],"url":"https:\/\/www.visit-ulcinj.com\/blog\/author\/admin\/"}]}},"jetpack_featured_media_url":"","jetpack_sharing_enabled":true,"jetpack_shortlink":"https:\/\/wp.me\/pe6lTn-hrq","_links":{"self":[{"href":"https:\/\/www.visit-ulcinj.com\/blog\/wp-json\/wp\/v2\/posts\/67048"}],"collection":[{"href":"https:\/\/www.visit-ulcinj.com\/blog\/wp-json\/wp\/v2\/posts"}],"about":[{"href":"https:\/\/www.visit-ulcinj.com\/blog\/wp-json\/wp\/v2\/types\/post"}],"author":[{"embeddable":true,"href":"https:\/\/www.visit-ulcinj.com\/blog\/wp-json\/wp\/v2\/users\/1"}],"replies":[{"embeddable":true,"href":"https:\/\/www.visit-ulcinj.com\/blog\/wp-json\/wp\/v2\/comments?post=67048"}],"version-history":[{"count":13,"href":"https:\/\/www.visit-ulcinj.com\/blog\/wp-json\/wp\/v2\/posts\/67048\/revisions"}],"predecessor-version":[{"id":67160,"href":"https:\/\/www.visit-ulcinj.com\/blog\/wp-json\/wp\/v2\/posts\/67048\/revisions\/67160"}],"wp:attachment":[{"href":"https:\/\/www.visit-ulcinj.com\/blog\/wp-json\/wp\/v2\/media?parent=67048"}],"wp:term":[{"taxonomy":"category","embeddable":true,"href":"https:\/\/www.visit-ulcinj.com\/blog\/wp-json\/wp\/v2\/categories?post=67048"},{"taxonomy":"post_tag","embeddable":true,"href":"https:\/\/www.visit-ulcinj.com\/blog\/wp-json\/wp\/v2\/tags?post=67048"}],"curies":[{"name":"wp","href":"https:\/\/api.w.org\/{rel}","templated":true}]}}