{"id":67092,"date":"2012-12-24T18:35:58","date_gmt":"2012-12-24T17:35:58","guid":{"rendered":"http:\/\/www.visit-ulcinj.com\/blog\/?p=67092"},"modified":"2012-12-24T20:35:02","modified_gmt":"2012-12-24T19:35:02","slug":"vasel-sinishtaj-nese-djukanovic-mashtron-do-te-braktisi-qeverine","status":"publish","type":"post","link":"https:\/\/www.visit-ulcinj.com\/blog\/2012\/12\/24\/vasel-sinishtaj-nese-djukanovic-mashtron-do-te-braktisi-qeverine\/","title":{"rendered":"Vasel Sinishtaj: N\u00ebse Djukanovic mashtron, do t\u00eb braktisi qeverin\u00eb"},"content":{"rendered":"<div id=\"attachment_67093\" style=\"width: 518px\" class=\"wp-caption alignleft\"><a href=\"http:\/\/www.visit-ulcinj.com\/blog\/wp-content\/uploads\/2012\/12\/Vasel-Sinishtaj.jpg\"><img aria-describedby=\"caption-attachment-67093\" loading=\"lazy\" class=\" wp-image-67093 \" alt=\"Foto: Vijesti\" src=\"http:\/\/www.visit-ulcinj.com\/blog\/wp-content\/uploads\/2012\/12\/Vasel-Sinishtaj.jpg\" width=\"508\" height=\"360\" \/><\/a><p id=\"caption-attachment-67093\" class=\"wp-caption-text\">Foto: Vijesti<\/p><\/div>\n<p>Funksionari i koalicionit \u201cForca p\u00ebr Bashkim\u201d dhe kryetari i Iniciaties Qytetare \u2013 Tuz, Vasel Sinishtaj tha se do t\u00eb largohet nga koalicioni qeveris\u00ebs n\u00ebse kryeministri Djukanovic nuk i respekton marr\u00ebveshjet e arritura me partit\u00eb e pakicave p\u00ebr formimin e shumic\u00ebs qeveritare, shkruan gazeta Vijesti.<\/p>\n<p>Sinishtaj n\u00eb seanc\u00ebn e kaluar t\u00eb Komun\u00ebs urbane t\u00eb Tuzit tha se nga Djukanovic para s\u00eb gjithash pritet p\u00ebrmbushja e premtimit p\u00ebr formimin e Komun\u00ebs s\u00eb plot\u00eb t\u00eb Tuzit.<\/p>\n<p>\u201cUn\u00eb besoj se kryeministri duhet t\u00eb b\u00ebj\u00eb gjith\u00e7ka \u00ebsht\u00eb e duhur p\u00ebr t\u00eb respektuar at\u00eb q\u00eb vet\u00eb ai ka n\u00ebnshkruar. N\u00ebse kjo nuk do t\u00eb respektohet, mendoj se kjo do t\u00eb jet\u00eb hera e fundit q\u00eb ne kemi n\u00ebnshkruar nj\u00eb marr\u00ebveshje me t\u00eb. Pjes\u00ebmarrjen time n\u00eb qeveri e lidhi p\u00ebr nj\u00eb periudh\u00eb t\u00eb caktuar kohore, dhe n\u00eb rast se p\u00ebr k\u00ebt\u00eb koh\u00eb nuk plot\u00ebsohet k\u00ebrkesat tona, un\u00eb publikisht ju them se nuk do t\u00eb jam m\u00eb pjes\u00eb e qeveris\u00eb- tha Sinishtaj i cili mbas 2 vjet do duhet t\u00eb kthehet n\u00eb vendin e deputetit, q\u00eb do t\u00eb z\u00ebvend\u00ebsoj partnerin e koalicionit, Genci Nimanbegun.<\/p>\n<p>Tem\u00eb debatesh ishte edhe buxheti i KU Tuz dhe referendumi konsultativ p\u00ebr formimin e Komun\u00ebs me kompetenca t\u00eb plota.<br \/>\nSinishtaj kritikoi letr\u00ebn e kryetarit t\u00eb komun\u00ebs s\u00eb Podgoric\u00ebs Miomir Mugosa drejtuar kryetarit t\u00eb KU Tuz Fran Lulgjuraj, n\u00eb t\u00eb cil\u00ebn vihet n\u00eb pyetje data e mbajtjes s\u00eb referendumit. Mugosa n\u00eb k\u00ebt\u00eb let\u00ebr, si\u00e7 shkruan Vijesti, kishte shprehur mosp\u00eblqim q\u00eb referendumi t\u00eb mbahet n\u00eb pranver\u00eb t\u00eb vitit 2013, nj\u00ebkoh\u00ebsisht me zgjedhjet presidenciale, ashtu si\u00e7 ishte planifikuar m\u00eb her\u00ebt.<\/p>\n<p>Tjet\u00ebr debat e ashp\u00ebr ishte ajo rreth buxhetit p\u00ebr KU Tuz. Sinishtaj tha se p\u00ebr vitin 2012 kryeqytetit (Podgoric\u00ebs) buxheti ju shkurtua p\u00ebr 14% kurse p\u00ebr KU Tuz 41% gj\u00eb q\u00eb bie n\u00eb sy si shp\u00eblarje parash. Nj\u00eb debat t\u00eb tensionuar pati edhe kolegu partiak i Sinishtajt, Smajl \u2013 Maliq \u00c7unmulaj me k\u00ebshilltarin e DPS-it Naser Kerkanovic. P\u00ebrplasja verbale n\u00eb mes t\u00eb \u00c7unmulajt dhe Krkanovic p\u00ebr pak kaloi n\u00eb nj\u00eb p\u00ebrplasje fizike t\u00eb cil\u00ebn e parandaluan koleg\u00ebt e tyre, shkruan Vijesti.<br \/>\nKrkanovic para disa muajve u p\u00ebrball fizikisht me nj\u00eb k\u00ebshilltar\u00eb tjet\u00ebr nga radh\u00ebt e SNP-s\u00eb, Zeljko Milic. \/Malesia.Org\/<\/p>\n","protected":false},"excerpt":{"rendered":"<p>Funksionari i koalicionit \u201cForca p\u00ebr Bashkim\u201d dhe kryetari i Iniciaties Qytetare \u2013 Tuz, Vasel Sinishtaj tha se do t\u00eb largohet nga koalicioni qeveris\u00ebs n\u00ebse kryeministri Djukanovic nuk i respekton marr\u00ebveshjet e arritura me partit\u00eb e pakicave p\u00ebr formimin e shumic\u00ebs qeveritare, shkruan gazeta Vijesti. Sinishtaj n\u00eb seanc\u00ebn e kaluar t\u00eb Komun\u00ebs urbane t\u00eb Tuzit tha [&hellip;]<\/p>\n","protected":false},"author":1,"featured_media":0,"comment_status":"open","ping_status":"closed","sticky":false,"template":"","format":"standard","meta":{"spay_email":"","jetpack_publicize_message":"","jetpack_is_tweetstorm":false,"jetpack_publicize_feature_enabled":true},"categories":[13],"tags":[348],"jetpack_publicize_connections":[],"yoast_head":"<!-- This site is optimized with the Yoast SEO plugin v19.1 - https:\/\/yoast.com\/wordpress\/plugins\/seo\/ -->\n<title>Vasel Sinishtaj: N\u00ebse Djukanovic mashtron, do t\u00eb braktisi qeverin\u00eb - Lajme nga Ulqini<\/title>\n<meta name=\"description\" content=\"Funksionari i koalicionit \u201cForca p\u00ebr Bashkim\u201d dhe kryetari i Iniciaties Qytetare \u2013 Tuz, Vasel Sinishtaj tha se do t\u00eb largohet nga koalicioni qeveris\u00ebs\" \/>\n<meta name=\"robots\" content=\"index, follow, max-snippet:-1, max-image-preview:large, max-video-preview:-1\" \/>\n<link rel=\"canonical\" href=\"https:\/\/www.visit-ulcinj.com\/blog\/2012\/12\/24\/vasel-sinishtaj-nese-djukanovic-mashtron-do-te-braktisi-qeverine\/\" \/>\n<meta property=\"og:locale\" content=\"en_US\" \/>\n<meta property=\"og:type\" content=\"article\" \/>\n<meta property=\"og:title\" content=\"Vasel Sinishtaj: N\u00ebse Djukanovic mashtron, do t\u00eb braktisi qeverin\u00eb - Lajme nga Ulqini\" \/>\n<meta property=\"og:description\" content=\"Funksionari i koalicionit \u201cForca p\u00ebr Bashkim\u201d dhe kryetari i Iniciaties Qytetare \u2013 Tuz, Vasel Sinishtaj tha se do t\u00eb largohet nga koalicioni qeveris\u00ebs\" \/>\n<meta property=\"og:url\" content=\"https:\/\/www.visit-ulcinj.com\/blog\/2012\/12\/24\/vasel-sinishtaj-nese-djukanovic-mashtron-do-te-braktisi-qeverine\/\" \/>\n<meta property=\"og:site_name\" content=\"Lajme nga Ulqini\" \/>\n<meta property=\"article:published_time\" content=\"2012-12-24T17:35:58+00:00\" \/>\n<meta property=\"article:modified_time\" content=\"2012-12-24T19:35:02+00:00\" \/>\n<meta property=\"og:image\" content=\"http:\/\/www.visit-ulcinj.com\/blog\/wp-content\/uploads\/2012\/12\/Vasel-Sinishtaj.jpg\" \/>\n<meta name=\"twitter:label1\" content=\"Written by\" \/>\n\t<meta name=\"twitter:data1\" content=\"ulqini\" \/>\n\t<meta name=\"twitter:label2\" content=\"Est. reading time\" \/>\n\t<meta name=\"twitter:data2\" content=\"2 minutes\" \/>\n<script type=\"application\/ld+json\" class=\"yoast-schema-graph\">{\"@context\":\"https:\/\/schema.org\",\"@graph\":[{\"@type\":\"WebSite\",\"@id\":\"https:\/\/www.visit-ulcinj.com\/blog\/#website\",\"url\":\"https:\/\/www.visit-ulcinj.com\/blog\/\",\"name\":\"Lajme nga Ulqini\",\"description\":\"Lajme,Vijesti,Ulqini,Ulqin,Crna Gora,Mali i Zi\",\"potentialAction\":[{\"@type\":\"SearchAction\",\"target\":{\"@type\":\"EntryPoint\",\"urlTemplate\":\"https:\/\/www.visit-ulcinj.com\/blog\/?s={search_term_string}\"},\"query-input\":\"required name=search_term_string\"}],\"inLanguage\":\"en-US\"},{\"@type\":\"ImageObject\",\"inLanguage\":\"en-US\",\"@id\":\"https:\/\/www.visit-ulcinj.com\/blog\/2012\/12\/24\/vasel-sinishtaj-nese-djukanovic-mashtron-do-te-braktisi-qeverine\/#primaryimage\",\"url\":\"https:\/\/www.visit-ulcinj.com\/blog\/wp-content\/uploads\/2012\/12\/Vasel-Sinishtaj.jpg\",\"contentUrl\":\"https:\/\/www.visit-ulcinj.com\/blog\/wp-content\/uploads\/2012\/12\/Vasel-Sinishtaj.jpg\",\"width\":1000,\"height\":645,\"caption\":\"Foto: Vijesti\"},{\"@type\":\"WebPage\",\"@id\":\"https:\/\/www.visit-ulcinj.com\/blog\/2012\/12\/24\/vasel-sinishtaj-nese-djukanovic-mashtron-do-te-braktisi-qeverine\/#webpage\",\"url\":\"https:\/\/www.visit-ulcinj.com\/blog\/2012\/12\/24\/vasel-sinishtaj-nese-djukanovic-mashtron-do-te-braktisi-qeverine\/\",\"name\":\"Vasel Sinishtaj: N\u00ebse Djukanovic mashtron, do t\u00eb braktisi qeverin\u00eb - Lajme nga Ulqini\",\"isPartOf\":{\"@id\":\"https:\/\/www.visit-ulcinj.com\/blog\/#website\"},\"primaryImageOfPage\":{\"@id\":\"https:\/\/www.visit-ulcinj.com\/blog\/2012\/12\/24\/vasel-sinishtaj-nese-djukanovic-mashtron-do-te-braktisi-qeverine\/#primaryimage\"},\"datePublished\":\"2012-12-24T17:35:58+00:00\",\"dateModified\":\"2012-12-24T19:35:02+00:00\",\"author\":{\"@id\":\"https:\/\/www.visit-ulcinj.com\/blog\/#\/schema\/person\/dcab619c614d3038751c63bc2aadc06d\"},\"description\":\"Funksionari i koalicionit \u201cForca p\u00ebr Bashkim\u201d dhe kryetari i Iniciaties Qytetare \u2013 Tuz, Vasel Sinishtaj tha se do t\u00eb largohet nga koalicioni qeveris\u00ebs\",\"breadcrumb\":{\"@id\":\"https:\/\/www.visit-ulcinj.com\/blog\/2012\/12\/24\/vasel-sinishtaj-nese-djukanovic-mashtron-do-te-braktisi-qeverine\/#breadcrumb\"},\"inLanguage\":\"en-US\",\"potentialAction\":[{\"@type\":\"ReadAction\",\"target\":[\"https:\/\/www.visit-ulcinj.com\/blog\/2012\/12\/24\/vasel-sinishtaj-nese-djukanovic-mashtron-do-te-braktisi-qeverine\/\"]}]},{\"@type\":\"BreadcrumbList\",\"@id\":\"https:\/\/www.visit-ulcinj.com\/blog\/2012\/12\/24\/vasel-sinishtaj-nese-djukanovic-mashtron-do-te-braktisi-qeverine\/#breadcrumb\",\"itemListElement\":[{\"@type\":\"ListItem\",\"position\":1,\"name\":\"Vasel Sinishtaj: N\u00ebse Djukanovic mashtron, do t\u00eb braktisi qeverin\u00eb\"}]},{\"@type\":\"Person\",\"@id\":\"https:\/\/www.visit-ulcinj.com\/blog\/#\/schema\/person\/dcab619c614d3038751c63bc2aadc06d\",\"name\":\"ulqini\",\"sameAs\":[\"http:\/\/www.visit-ulcinj.com\"],\"url\":\"https:\/\/www.visit-ulcinj.com\/blog\/author\/admin\/\"}]}<\/script>\n<!-- \/ Yoast SEO plugin. -->","yoast_head_json":{"title":"Vasel Sinishtaj: N\u00ebse Djukanovic mashtron, do t\u00eb braktisi qeverin\u00eb - Lajme nga Ulqini","description":"Funksionari i koalicionit \u201cForca p\u00ebr Bashkim\u201d dhe kryetari i Iniciaties Qytetare \u2013 Tuz, Vasel Sinishtaj tha se do t\u00eb largohet nga koalicioni qeveris\u00ebs","robots":{"index":"index","follow":"follow","max-snippet":"max-snippet:-1","max-image-preview":"max-image-preview:large","max-video-preview":"max-video-preview:-1"},"canonical":"https:\/\/www.visit-ulcinj.com\/blog\/2012\/12\/24\/vasel-sinishtaj-nese-djukanovic-mashtron-do-te-braktisi-qeverine\/","og_locale":"en_US","og_type":"article","og_title":"Vasel Sinishtaj: N\u00ebse Djukanovic mashtron, do t\u00eb braktisi qeverin\u00eb - Lajme nga Ulqini","og_description":"Funksionari i koalicionit \u201cForca p\u00ebr Bashkim\u201d dhe kryetari i Iniciaties Qytetare \u2013 Tuz, Vasel Sinishtaj tha se do t\u00eb largohet nga koalicioni qeveris\u00ebs","og_url":"https:\/\/www.visit-ulcinj.com\/blog\/2012\/12\/24\/vasel-sinishtaj-nese-djukanovic-mashtron-do-te-braktisi-qeverine\/","og_site_name":"Lajme nga Ulqini","article_published_time":"2012-12-24T17:35:58+00:00","article_modified_time":"2012-12-24T19:35:02+00:00","og_image":[{"url":"http:\/\/www.visit-ulcinj.com\/blog\/wp-content\/uploads\/2012\/12\/Vasel-Sinishtaj.jpg"}],"twitter_misc":{"Written by":"ulqini","Est. reading time":"2 minutes"},"schema":{"@context":"https:\/\/schema.org","@graph":[{"@type":"WebSite","@id":"https:\/\/www.visit-ulcinj.com\/blog\/#website","url":"https:\/\/www.visit-ulcinj.com\/blog\/","name":"Lajme nga Ulqini","description":"Lajme,Vijesti,Ulqini,Ulqin,Crna Gora,Mali i Zi","potentialAction":[{"@type":"SearchAction","target":{"@type":"EntryPoint","urlTemplate":"https:\/\/www.visit-ulcinj.com\/blog\/?s={search_term_string}"},"query-input":"required name=search_term_string"}],"inLanguage":"en-US"},{"@type":"ImageObject","inLanguage":"en-US","@id":"https:\/\/www.visit-ulcinj.com\/blog\/2012\/12\/24\/vasel-sinishtaj-nese-djukanovic-mashtron-do-te-braktisi-qeverine\/#primaryimage","url":"https:\/\/www.visit-ulcinj.com\/blog\/wp-content\/uploads\/2012\/12\/Vasel-Sinishtaj.jpg","contentUrl":"https:\/\/www.visit-ulcinj.com\/blog\/wp-content\/uploads\/2012\/12\/Vasel-Sinishtaj.jpg","width":1000,"height":645,"caption":"Foto: Vijesti"},{"@type":"WebPage","@id":"https:\/\/www.visit-ulcinj.com\/blog\/2012\/12\/24\/vasel-sinishtaj-nese-djukanovic-mashtron-do-te-braktisi-qeverine\/#webpage","url":"https:\/\/www.visit-ulcinj.com\/blog\/2012\/12\/24\/vasel-sinishtaj-nese-djukanovic-mashtron-do-te-braktisi-qeverine\/","name":"Vasel Sinishtaj: N\u00ebse Djukanovic mashtron, do t\u00eb braktisi qeverin\u00eb - Lajme nga Ulqini","isPartOf":{"@id":"https:\/\/www.visit-ulcinj.com\/blog\/#website"},"primaryImageOfPage":{"@id":"https:\/\/www.visit-ulcinj.com\/blog\/2012\/12\/24\/vasel-sinishtaj-nese-djukanovic-mashtron-do-te-braktisi-qeverine\/#primaryimage"},"datePublished":"2012-12-24T17:35:58+00:00","dateModified":"2012-12-24T19:35:02+00:00","author":{"@id":"https:\/\/www.visit-ulcinj.com\/blog\/#\/schema\/person\/dcab619c614d3038751c63bc2aadc06d"},"description":"Funksionari i koalicionit \u201cForca p\u00ebr Bashkim\u201d dhe kryetari i Iniciaties Qytetare \u2013 Tuz, Vasel Sinishtaj tha se do t\u00eb largohet nga koalicioni qeveris\u00ebs","breadcrumb":{"@id":"https:\/\/www.visit-ulcinj.com\/blog\/2012\/12\/24\/vasel-sinishtaj-nese-djukanovic-mashtron-do-te-braktisi-qeverine\/#breadcrumb"},"inLanguage":"en-US","potentialAction":[{"@type":"ReadAction","target":["https:\/\/www.visit-ulcinj.com\/blog\/2012\/12\/24\/vasel-sinishtaj-nese-djukanovic-mashtron-do-te-braktisi-qeverine\/"]}]},{"@type":"BreadcrumbList","@id":"https:\/\/www.visit-ulcinj.com\/blog\/2012\/12\/24\/vasel-sinishtaj-nese-djukanovic-mashtron-do-te-braktisi-qeverine\/#breadcrumb","itemListElement":[{"@type":"ListItem","position":1,"name":"Vasel Sinishtaj: N\u00ebse Djukanovic mashtron, do t\u00eb braktisi qeverin\u00eb"}]},{"@type":"Person","@id":"https:\/\/www.visit-ulcinj.com\/blog\/#\/schema\/person\/dcab619c614d3038751c63bc2aadc06d","name":"ulqini","sameAs":["http:\/\/www.visit-ulcinj.com"],"url":"https:\/\/www.visit-ulcinj.com\/blog\/author\/admin\/"}]}},"jetpack_featured_media_url":"","jetpack_sharing_enabled":true,"jetpack_shortlink":"https:\/\/wp.me\/pe6lTn-hs8","_links":{"self":[{"href":"https:\/\/www.visit-ulcinj.com\/blog\/wp-json\/wp\/v2\/posts\/67092"}],"collection":[{"href":"https:\/\/www.visit-ulcinj.com\/blog\/wp-json\/wp\/v2\/posts"}],"about":[{"href":"https:\/\/www.visit-ulcinj.com\/blog\/wp-json\/wp\/v2\/types\/post"}],"author":[{"embeddable":true,"href":"https:\/\/www.visit-ulcinj.com\/blog\/wp-json\/wp\/v2\/users\/1"}],"replies":[{"embeddable":true,"href":"https:\/\/www.visit-ulcinj.com\/blog\/wp-json\/wp\/v2\/comments?post=67092"}],"version-history":[{"count":2,"href":"https:\/\/www.visit-ulcinj.com\/blog\/wp-json\/wp\/v2\/posts\/67092\/revisions"}],"predecessor-version":[{"id":67112,"href":"https:\/\/www.visit-ulcinj.com\/blog\/wp-json\/wp\/v2\/posts\/67092\/revisions\/67112"}],"wp:attachment":[{"href":"https:\/\/www.visit-ulcinj.com\/blog\/wp-json\/wp\/v2\/media?parent=67092"}],"wp:term":[{"taxonomy":"category","embeddable":true,"href":"https:\/\/www.visit-ulcinj.com\/blog\/wp-json\/wp\/v2\/categories?post=67092"},{"taxonomy":"post_tag","embeddable":true,"href":"https:\/\/www.visit-ulcinj.com\/blog\/wp-json\/wp\/v2\/tags?post=67092"}],"curies":[{"name":"wp","href":"https:\/\/api.w.org\/{rel}","templated":true}]}}